{"id":142928,"date":"2023-04-05T12:18:41","date_gmt":"2023-04-05T16:18:41","guid":{"rendered":"https:\/\/news.canadamotorjobs.com\/?p=142928"},"modified":"2023-04-05T12:29:28","modified_gmt":"2023-04-05T16:29:28","slug":"une-2e-generation-de-hyundai-kona-pour-2024","status":"publish","type":"post","link":"https:\/\/news.canadamotorjobs.com\/fr\/une-2e-generation-de-hyundai-kona-pour-2024\/","title":{"rendered":"Une 2e g\u00e9n\u00e9ration de Hyundai Kona pour 2024"},"content":{"rendered":"<\/p>\n<p>La deuxi\u00e8me g\u00e9n\u00e9ration du Hyundai Kona a \u00e9t\u00e9 pr\u00e9sent\u00e9e en premi\u00e8re Nord-Am\u00e9ricaine au Salon de l\u2019auto de New York. Contrairement \u00e0 la premi\u00e8re g\u00e9n\u00e9ration du mod\u00e8le qui adaptait une plateforme de mod\u00e8le \u00e0 essence pour la version \u00e9lectrique, la 2<sup>e<\/sup> g\u00e9n\u00e9ration est partie d\u2019une version \u00e9lectrique pour l\u2019adapter \u00e0 la version \u00e0 essence.<\/p>\n<h3>Plus grand qu\u2019avant<\/h3>\n<p>\nLa variante z\u00e9ro \u00e9mission du nouveau Hyundai Kona a fait ses d\u00e9buts sur son march\u00e9 d&#8217;origine en Cor\u00e9e du Sud le mois dernier, avec les m\u00eames sp\u00e9cifications que le mod\u00e8le nord-am\u00e9ricain, \u00e0 l&#8217;exception des estimations d&#8217;autonomie dues aux diff\u00e9rents protocoles. Plus pr\u00e9cis\u00e9ment, le Kona \u00c9lectrique vendu au Canada va offrir une batterie plus importante de 64,8 kWh avec le m\u00eame moteur de 201 chevaux. L\u2019autonomie est annonc\u00e9e \u00e0 418 km. Cette derni\u00e8re pourra se recharger de 10 \u00e0 80\u00a0% en 43 minutes gr\u00e2ce \u00e0 la technologie de charge rapide de 400 V.<\/p>\n<h3>Un style \u00e9volutif<\/h3>\n<p>\nEntre le nez a\u00e9rodynamique et le hayon arri\u00e8re, le blindage sculpt\u00e9 des passages de roue et les surfaces param\u00e9triques ajoutent du caract\u00e8re au volume pur, avec des lignes chrom\u00e9es dynamiques reliant la ligne de ceinture au becquet arri\u00e8re et au feu d\u2019arr\u00eat central int\u00e9gr\u00e9 sur\u00e9lev\u00e9. Sur la version \u00e9lectrique, un feu horizontal sans couture et des graphismes Pixel ajoutent une touche unique. En outre, les couleurs ext\u00e9rieures vives disponibles soulignent encore davantage le design embl\u00e9matique du Kona, en s&#8217;inspirant des diff\u00e9rents styles de vie d&#8217;un large \u00e9ventail de clients. Le Kona Electric pr\u00e9sente des prises d&#8217;air plus petites et un port de chargement \u00e0 l&#8217;avant.<\/p>\n<h3>Mise \u00e0 jour int\u00e9rieure<\/h3>\n<p>\n\u00c0 l&#8217;int\u00e9rieur, le Kona Electric est \u00e9quip\u00e9 de deux \u00e9crans de 12,3 pouces pour l&#8217;instrumentation num\u00e9rique et l&#8217;infodivertissement compatible avec les mises \u00e0 jour en direct, d&#8217;un \u00e9clairage d&#8217;ambiance optionnel correspondant aux diff\u00e9rents modes de conduite, ainsi que d&#8217;un nouveau s\u00e9lecteur de vitesse \u00e0 commande \u00e9lectrique derri\u00e8re le volant. L&#8217;habitacle est plus spacieux que celui de son pr\u00e9d\u00e9cesseur gr\u00e2ce \u00e0 l&#8217;am\u00e9lioration de l&#8217;emballage, aux si\u00e8ges avant plus fins et \u00e0 la banquette arri\u00e8re inclinable \u00e0 deux niveaux.\u00a0 Cette impression est encore renforc\u00e9e par le d\u00e9placement des commandes du conducteur autour du volant, ce qui permet de disposer d&#8217;un espace de rangement polyvalent sur la console centrale, avec un porte-gobelet rotatif. Des options d&#8217;\u00e9clairage int\u00e9rieur d&#8217;ambiance sont \u00e9galement disponibles en fonction des modes de conduite, de l&#8217;acc\u00e9l\u00e9ration ou de l&#8217;humeur du conducteur. Les si\u00e8ges avant sont 30\u00a0% plus minces pour maximiser l&#8217;espace pour les jambes des passagers arri\u00e8re et la banquette sans courbure de la deuxi\u00e8me rang\u00e9e am\u00e9liore \u00e9galement l&#8217;espace disponible. De plus, un syst\u00e8me de verrouillage \u00e0 deux niveaux permet d&#8217;incliner les si\u00e8ges arri\u00e8re.<\/p>\n<h3>Les m\u00eames moteurs pour les versions \u00e0 essence<\/h3>\n<p>\nPas de changement pour les mod\u00e8les \u00e0 essence. Un moteur Atkinson 4 cylindres de 2,0 litres d\u00e9veloppe une puissance estim\u00e9e \u00e0 147 chevaux \u00e0 6 200\u00a0tr\/min et un couple de 132\u00a0lb-pi \u00e0 4 500\u00a0tr\/min, associ\u00e9s \u00e0 une transmission CVT. La version N Line est \u00e9quip\u00e9e d&#8217;un moteur 4 cylindres de 1,6 litre turbo de 190 chevaux et 195\u00a0lb-pi de couple. Il est coupl\u00e9 \u00e0 une nouvelle transmission automatique \u00e0 huit rapports.<\/p>\n<p>\u00a0<\/p>\n<p>Source Hyundai<\/p>\n<p>\u00a0<\/p>\n<p>Le texte <a rel=\"nofollow\" href=\"https:\/\/annuelauto.ca\/une-2e-generation-de-hyundai-kona-pour-2024\/\">Une 2e g\u00e9n\u00e9ration de Hyundai Kona pour 2024<\/a> provient de <a rel=\"nofollow\" href=\"https:\/\/annuelauto.ca\">L&#8217;annuel de l&#8217;automobile &#8211; Actualit\u00e9 automobile<\/a><\/p>\n<p><\/p>\n","protected":false},"excerpt":{"rendered":"<p>La deuxi\u00e8me g\u00e9n\u00e9ration du Hyundai Kona a \u00e9t\u00e9 pr\u00e9sent\u00e9e en premi\u00e8re Nord-Am\u00e9ricaine au Salon de l\u2019auto de New York. Contrairement \u00e0 la premi\u00e8re g\u00e9n\u00e9ration du mod\u00e8le qui adaptait une plateforme de mod\u00e8le \u00e0 essence pour la version \u00e9lectrique, la 2e g\u00e9n\u00e9ration est partie d\u2019une version \u00e9lectrique pour l\u2019adapter \u00e0 la version \u00e0 essence. Plus grand [&hellip;]<\/p>\n","protected":false},"author":8,"featured_media":142930,"comment_status":"close","ping_status":"closed","sticky":false,"template":"","format":"standard","meta":{"_monsterinsights_skip_tracking":false,"_monsterinsights_sitenote_active":false,"_monsterinsights_sitenote_note":"","_monsterinsights_sitenote_category":0,"footnotes":""},"categories":[101],"tags":[],"yoast_head":"<!-- This site is optimized with the Yoast SEO plugin v23.2 - https:\/\/yoast.com\/wordpress\/plugins\/seo\/ -->\n<title>Une 2e g\u00e9n\u00e9ration de Hyundai Kona pour 2024 - CanadaMotorJobs.com<\/title>\n<meta name=\"description\" content=\"Une 2e g\u00e9n\u00e9ration de Hyundai Kona pour 2024 - Benoit Charette - Annuel automobile - CanadaMotorJobs.com.\" \/>\n<meta name=\"robots\" content=\"index, follow, max-snippet:-1, max-image-preview:large, max-video-preview:-1\" \/>\n<meta property=\"og:locale\" content=\"fr_CA\" \/>\n<meta property=\"og:type\" content=\"article\" \/>\n<meta property=\"og:title\" content=\"Une 2e g\u00e9n\u00e9ration de Hyundai Kona pour 2024 - CanadaMotorJobs.com\" \/>\n<meta property=\"og:description\" content=\"Une 2e g\u00e9n\u00e9ration de Hyundai Kona pour 2024 - Benoit Charette - Annuel automobile - CanadaMotorJobs.com.\" \/>\n<meta property=\"og:url\" content=\"https:\/\/news.canadamotorjobs.com\/fr\/une-2e-generation-de-hyundai-kona-pour-2024\/\" \/>\n<meta property=\"og:site_name\" content=\"CanadaMotorJobs.com\" \/>\n<meta property=\"article:publisher\" content=\"https:\/\/www.facebook.com\/canadamotorjobs\/\" \/>\n<meta property=\"article:published_time\" content=\"2023-04-05T16:18:41+00:00\" \/>\n<meta property=\"article:modified_time\" content=\"2023-04-05T16:29:28+00:00\" \/>\n<meta property=\"og:image\" content=\"https:\/\/news.canadamotorjobs.com\/wp-content\/uploads\/2023\/04\/IMG_6379.jpg\" \/>\n\t<meta property=\"og:image:width\" content=\"1067\" \/>\n\t<meta property=\"og:image:height\" content=\"800\" \/>\n\t<meta property=\"og:image:type\" content=\"image\/jpeg\" \/>\n<meta name=\"author\" content=\"Benoit Charette\" \/>\n<meta name=\"twitter:card\" content=\"summary_large_image\" \/>\n<meta name=\"twitter:creator\" content=\"@canadamotorjobs\" \/>\n<meta name=\"twitter:site\" content=\"@canadamotorjobs\" \/>\n<meta name=\"twitter:label1\" content=\"\u00c9crit par\" \/>\n\t<meta name=\"twitter:data1\" content=\"Benoit Charette\" \/>\n\t<meta name=\"twitter:label2\" content=\"Estimation du temps de lecture\" \/>\n\t<meta name=\"twitter:data2\" content=\"3 minutes\" \/>\n<!-- \/ Yoast SEO plugin. -->","yoast_head_json":{"title":"Une 2e g\u00e9n\u00e9ration de Hyundai Kona pour 2024 - CanadaMotorJobs.com","description":"Une 2e g\u00e9n\u00e9ration de Hyundai Kona pour 2024 - Benoit Charette - Annuel automobile - CanadaMotorJobs.com.","robots":{"index":"index","follow":"follow","max-snippet":"max-snippet:-1","max-image-preview":"max-image-preview:large","max-video-preview":"max-video-preview:-1"},"og_locale":"fr_CA","og_type":"article","og_title":"Une 2e g\u00e9n\u00e9ration de Hyundai Kona pour 2024 - CanadaMotorJobs.com","og_description":"Une 2e g\u00e9n\u00e9ration de Hyundai Kona pour 2024 - Benoit Charette - Annuel automobile - CanadaMotorJobs.com.","og_url":"https:\/\/news.canadamotorjobs.com\/fr\/une-2e-generation-de-hyundai-kona-pour-2024\/","og_site_name":"CanadaMotorJobs.com","article_publisher":"https:\/\/www.facebook.com\/canadamotorjobs\/","article_published_time":"2023-04-05T16:18:41+00:00","article_modified_time":"2023-04-05T16:29:28+00:00","og_image":[{"width":1067,"height":800,"url":"https:\/\/news.canadamotorjobs.com\/wp-content\/uploads\/2023\/04\/IMG_6379.jpg","type":"image\/jpeg"}],"author":"Benoit Charette","twitter_card":"summary_large_image","twitter_creator":"@canadamotorjobs","twitter_site":"@canadamotorjobs","twitter_misc":{"\u00c9crit par":"Benoit Charette","Estimation du temps de lecture":"3 minutes"},"schema":{"@context":"https:\/\/schema.org","@graph":[{"@type":"Article","@id":"https:\/\/news.canadamotorjobs.com\/fr\/une-2e-generation-de-hyundai-kona-pour-2024\/#article","isPartOf":{"@id":"https:\/\/news.canadamotorjobs.com\/fr\/une-2e-generation-de-hyundai-kona-pour-2024\/"},"author":{"name":"Benoit Charette","@id":"https:\/\/news.canadamotorjobs.com\/#\/schema\/person\/51793d1f87d44011d7bcc2ed99269a90"},"headline":"Une 2e g\u00e9n\u00e9ration de Hyundai Kona pour 2024","datePublished":"2023-04-05T16:18:41+00:00","dateModified":"2023-04-05T16:29:28+00:00","mainEntityOfPage":{"@id":"https:\/\/news.canadamotorjobs.com\/fr\/une-2e-generation-de-hyundai-kona-pour-2024\/"},"wordCount":608,"publisher":{"@id":"https:\/\/news.canadamotorjobs.com\/#organization"},"image":{"@id":"https:\/\/news.canadamotorjobs.com\/fr\/une-2e-generation-de-hyundai-kona-pour-2024\/#primaryimage"},"thumbnailUrl":"https:\/\/news.canadamotorjobs.com\/wp-content\/uploads\/2023\/04\/IMG_6379.jpg","articleSection":["Annuel automobile"],"inLanguage":"fr-CA"},{"@type":"WebPage","@id":"https:\/\/news.canadamotorjobs.com\/fr\/une-2e-generation-de-hyundai-kona-pour-2024\/","url":"https:\/\/news.canadamotorjobs.com\/fr\/une-2e-generation-de-hyundai-kona-pour-2024\/","name":"Une 2e g\u00e9n\u00e9ration de Hyundai Kona pour 2024 - CanadaMotorJobs.com","isPartOf":{"@id":"https:\/\/news.canadamotorjobs.com\/#website"},"primaryImageOfPage":{"@id":"https:\/\/news.canadamotorjobs.com\/fr\/une-2e-generation-de-hyundai-kona-pour-2024\/#primaryimage"},"image":{"@id":"https:\/\/news.canadamotorjobs.com\/fr\/une-2e-generation-de-hyundai-kona-pour-2024\/#primaryimage"},"thumbnailUrl":"https:\/\/news.canadamotorjobs.com\/wp-content\/uploads\/2023\/04\/IMG_6379.jpg","datePublished":"2023-04-05T16:18:41+00:00","dateModified":"2023-04-05T16:29:28+00:00","description":"Une 2e g\u00e9n\u00e9ration de Hyundai Kona pour 2024 - Benoit Charette - Annuel automobile - CanadaMotorJobs.com.","breadcrumb":{"@id":"https:\/\/news.canadamotorjobs.com\/fr\/une-2e-generation-de-hyundai-kona-pour-2024\/#breadcrumb"},"inLanguage":"fr-CA","potentialAction":[{"@type":"ReadAction","target":["https:\/\/news.canadamotorjobs.com\/fr\/une-2e-generation-de-hyundai-kona-pour-2024\/"]}]},{"@type":"ImageObject","inLanguage":"fr-CA","@id":"https:\/\/news.canadamotorjobs.com\/fr\/une-2e-generation-de-hyundai-kona-pour-2024\/#primaryimage","url":"https:\/\/news.canadamotorjobs.com\/wp-content\/uploads\/2023\/04\/IMG_6379.jpg","contentUrl":"https:\/\/news.canadamotorjobs.com\/wp-content\/uploads\/2023\/04\/IMG_6379.jpg","width":1067,"height":800},{"@type":"BreadcrumbList","@id":"https:\/\/news.canadamotorjobs.com\/fr\/une-2e-generation-de-hyundai-kona-pour-2024\/#breadcrumb","itemListElement":[{"@type":"ListItem","position":1,"name":"Home","item":"https:\/\/news.canadamotorjobs.com\/fr\/blog\/"},{"@type":"ListItem","position":2,"name":"Une 2e g\u00e9n\u00e9ration de Hyundai Kona pour 2024"}]},{"@type":"WebSite","@id":"https:\/\/news.canadamotorjobs.com\/#website","url":"https:\/\/news.canadamotorjobs.com\/","name":"CanadaMotorJobs.com","description":"Automotive Jobs","publisher":{"@id":"https:\/\/news.canadamotorjobs.com\/#organization"},"potentialAction":[{"@type":"SearchAction","target":{"@type":"EntryPoint","urlTemplate":"https:\/\/news.canadamotorjobs.com\/?s={search_term_string}"},"query-input":"required name=search_term_string"}],"inLanguage":"fr-CA"},{"@type":"Organization","@id":"https:\/\/news.canadamotorjobs.com\/#organization","name":"Canada Motor Jobs","url":"https:\/\/news.canadamotorjobs.com\/","logo":{"@type":"ImageObject","inLanguage":"fr-CA","@id":"https:\/\/news.canadamotorjobs.com\/#\/schema\/logo\/image\/","url":"https:\/\/news.canadamotorjobs.com\/wp-content\/uploads\/2022\/10\/logo-canada-motor-jobs-1.png","contentUrl":"https:\/\/news.canadamotorjobs.com\/wp-content\/uploads\/2022\/10\/logo-canada-motor-jobs-1.png","width":800,"height":400,"caption":"Canada Motor Jobs"},"image":{"@id":"https:\/\/news.canadamotorjobs.com\/#\/schema\/logo\/image\/"},"sameAs":["https:\/\/www.facebook.com\/canadamotorjobs\/","https:\/\/x.com\/canadamotorjobs","https:\/\/www.instagram.com\/canadamotorjobs\/","https:\/\/www.linkedin.com\/company\/canadamotorjobs"]},{"@type":"Person","@id":"https:\/\/news.canadamotorjobs.com\/#\/schema\/person\/51793d1f87d44011d7bcc2ed99269a90","name":"Benoit Charette","image":{"@type":"ImageObject","inLanguage":"fr-CA","@id":"https:\/\/news.canadamotorjobs.com\/#\/schema\/person\/image\/","url":"https:\/\/secure.gravatar.com\/avatar\/45f3d2eebcccd909668d7ce7ea7267b6?s=96&d=mm&r=g","contentUrl":"https:\/\/secure.gravatar.com\/avatar\/45f3d2eebcccd909668d7ce7ea7267b6?s=96&d=mm&r=g","caption":"Benoit Charette"},"description":"Benoit Charette \/ Propri\u00e9taire et r\u00e9dacteur en chef Benoit Charette pratique le journalisme automobile depuis bient\u00f4t 30 ans. Il a fait ses classes au c\u00f4t\u00e9 de Daniel H\u00e9raud et au Carnet de route de 1992 \u00e0 2001. Il est fondateur, copropri\u00e9taire et r\u00e9dacteur en chef de L\u2019Annuel de l\u2019automobile, qu\u2019il publie depuis 2001. Il a anim\u00e9 les \u00e9missions RPM et RPM+ sur V et les L\u00e9gendes de la route sur Historia. \u00c0 la radio depuis 1986, il reprend l\u2019antenne cette ann\u00e9e sur les ondes de Cogeco et participe pour la deuxi\u00e8me ann\u00e9e \u00e0 l\u2019\u00e9mission Passion Auto sur RDS en plus de mettre en ligne le site Web officiel de L\u2019Annuel de l\u2019automobile sur annuelauto.ca.","sameAs":["https:\/\/annuelauto.ca\/"],"url":"https:\/\/news.canadamotorjobs.com\/fr\/author\/benoit-charette\/"}]}},"_links":{"self":[{"href":"https:\/\/news.canadamotorjobs.com\/fr\/wp-json\/wp\/v2\/posts\/142928"}],"collection":[{"href":"https:\/\/news.canadamotorjobs.com\/fr\/wp-json\/wp\/v2\/posts"}],"about":[{"href":"https:\/\/news.canadamotorjobs.com\/fr\/wp-json\/wp\/v2\/types\/post"}],"author":[{"embeddable":true,"href":"https:\/\/news.canadamotorjobs.com\/fr\/wp-json\/wp\/v2\/users\/8"}],"replies":[{"embeddable":true,"href":"https:\/\/news.canadamotorjobs.com\/fr\/wp-json\/wp\/v2\/comments?post=142928"}],"version-history":[{"count":2,"href":"https:\/\/news.canadamotorjobs.com\/fr\/wp-json\/wp\/v2\/posts\/142928\/revisions"}],"predecessor-version":[{"id":142932,"href":"https:\/\/news.canadamotorjobs.com\/fr\/wp-json\/wp\/v2\/posts\/142928\/revisions\/142932"}],"wp:featuredmedia":[{"embeddable":true,"href":"https:\/\/news.canadamotorjobs.com\/fr\/wp-json\/wp\/v2\/media\/142930"}],"wp:attachment":[{"href":"https:\/\/news.canadamotorjobs.com\/fr\/wp-json\/wp\/v2\/media?parent=142928"}],"wp:term":[{"taxonomy":"category","embeddable":true,"href":"https:\/\/news.canadamotorjobs.com\/fr\/wp-json\/wp\/v2\/categories?post=142928"},{"taxonomy":"post_tag","embeddable":true,"href":"https:\/\/news.canadamotorjobs.com\/fr\/wp-json\/wp\/v2\/tags?post=142928"}],"curies":[{"name":"wp","href":"https:\/\/api.w.org\/{rel}","templated":true}]}}