{"id":142881,"date":"2023-04-05T08:21:04","date_gmt":"2023-04-05T12:21:04","guid":{"rendered":"https:\/\/news.canadamotorjobs.com\/?p=142881"},"modified":"2023-04-05T16:27:35","modified_gmt":"2023-04-05T20:27:35","slug":"les-ventes-automobiles-au-canada-augmentent-de-5-au-premier-trimestre","status":"publish","type":"post","link":"https:\/\/news.canadamotorjobs.com\/fr\/les-ventes-automobiles-au-canada-augmentent-de-5-au-premier-trimestre\/","title":{"rendered":"Les ventes automobiles au Canada augmentent de 5\u00a0% au premier trimestre"},"content":{"rendered":"<p>Des chiffres encourageants, mais les analystes avertissent qu&#8217;il pourrait y avoir encore des obstacles \u00e0 franchir au moment o\u00f9 les constructeurs automobiles commencent \u00e0 r\u00e9duire leur production.<\/p>\n<h3>On retrouve un rythme de croisi\u00e8re<\/h3>\n<p>C\u2019est avec un optimiste prudent que DesRosiers Automotive Consultants (DAC) confirme que les constructeurs automobiles ont vendu environ 348 000 v\u00e9hicules au cours des trois premiers mois de 2023 a Canada, soit une hausse de 5,2&nbsp;% par rapport \u00e0 la m\u00eame p\u00e9riode de l&#8217;ann\u00e9e pr\u00e9c\u00e9dente. Il faut exclure Porsche de l\u2019\u00e9quation qui va communiquer ses chiffres au milieu du mois.<\/p>\n<h3>GM en t\u00eate<\/h3>\n<p>General Motors a r\u00e9alis\u00e9 la meilleure performance parmi au cours du premier trimestre. Les ventes ont augment\u00e9 de 28,1&nbsp;% pour atteindre 61 093 unit\u00e9s. Les ventes de Buick ont augment\u00e9 de 143&nbsp;%, ce qui les place en t\u00eate de toutes les marques de GM. Les ventes de Chevrolet ont augment\u00e9 de 27,5&nbsp;%, celles de Cadillac de 24,8&nbsp;% et celles de GMC de 20,3&nbsp;%.<\/p>\n<h3>REPRISE DE L&#8217;\u00c9CONOMIE<\/h3>\n<p>Deux nouvelles enqu\u00eates de la Banque du Canada, publi\u00e9es en avril, ont r\u00e9v\u00e9l\u00e9 que les consommateurs s&#8217;attendent \u00e0 ralentir leurs d\u00e9penses, tandis que les entreprises ont des perspectives de ventes mod\u00e9r\u00e9es. Toutefois, les r\u00e9pondants \u00e0 l&#8217;une des enqu\u00eates &#8211; l&#8217;Enqu\u00eate canadienne sur les perspectives de consommation &#8211; s&#8217;attendent \u00e0 un ralentissement de l&#8217;inflation pour les biens tels que l&#8217;essence et les v\u00e9hicules.<\/p>\n<h3>Compar\u00e9 des pommes avec des oranges<\/h3>\n<p>Certains avertissent que si les chiffres totaux semblent bons, ils sont compar\u00e9s \u00e0 une p\u00e9riode entach\u00e9e par les blocages COVID-19, une p\u00e9nurie mondiale de puces et un resserrement des stocks. Par ailleurs, d&#8217;autres avertissent que de nouveaux obstacles se dressent sur la route d&#8217;une reprise compl\u00e8te. Les variations des ventes parmi les marques \u00e0 plus fort volume pour le trimestre varient de 38,1&nbsp;% pour Kia \u00e0 25,8&nbsp;% pour Honda, en fonction de &#8220;la mesure dans laquelle les diff\u00e9rents constructeurs automobiles ont \u00e9t\u00e9 en mesure d&#8217;obtenir des stocks a vari\u00e9 consid\u00e9rablement d&#8217;un acteur \u00e0 l&#8217;autre&#8221;, a d\u00e9clar\u00e9 la DAC.<\/p>\n<h3>DE NOUVEAUX D\u00c9FIS \u00c0 RELEVER<\/h3>\n<p>Le virage vers le tout \u00e9lectrique pose de nouveaux d\u00e9fis. Les p\u00e9nuries et les probl\u00e8mes de la cha\u00eene d&#8217;approvisionnement risquent de se multiplier \u00e0 mesure que l&#8217;industrie s&#8217;orientera vers l&#8217;\u00e9lectrification, ce qui stimulera la demande de minerais essentiels. Plusieurs commencent \u00e0 croire que l\u2019industrie automobile va manquer de temps pour atteindre les objectifs de 2035.<\/p>\n<p>Avec des renseignements d&#8217;Automotive News Canada<\/p>\n<p>Le texte <a rel=\"nofollow\" href=\"https:\/\/annuelauto.ca\/les-ventes-automobiles-au-canada-augmentent-de-5-au-premier-trimestre\/\">Les ventes automobiles au Canada augmentent de 5&nbsp;% au premier trimestre<\/a> provient de <a rel=\"nofollow\" href=\"https:\/\/annuelauto.ca\">L&#8217;annuel de l&#8217;automobile &#8211; Actualit\u00e9 automobile<\/a><\/p>\n","protected":false},"excerpt":{"rendered":"<p>Des chiffres encourageants, mais les analystes avertissent qu&#8217;il pourrait y avoir encore des obstacles \u00e0 franchir au moment o\u00f9 les constructeurs automobiles commencent \u00e0 r\u00e9duire leur production. On retrouve un rythme de croisi\u00e8re C\u2019est avec un optimiste prudent que DesRosiers Automotive Consultants (DAC) confirme que les constructeurs automobiles ont vendu environ 348 000 v\u00e9hicules au [&hellip;]<\/p>\n","protected":false},"author":8,"featured_media":142883,"comment_status":"closed","ping_status":"closed","sticky":false,"template":"","format":"standard","meta":{"_monsterinsights_skip_tracking":false,"_monsterinsights_sitenote_active":false,"_monsterinsights_sitenote_note":"","_monsterinsights_sitenote_category":0,"footnotes":""},"categories":[101],"tags":[131],"yoast_head":"<!-- This site is optimized with the Yoast SEO plugin v23.2 - https:\/\/yoast.com\/wordpress\/plugins\/seo\/ -->\n<title>Les ventes automobiles au Canada augmentent de 5\u00a0% au premier trimestre - CanadaMotorJobs.com<\/title>\n<meta name=\"description\" content=\"Les ventes automobiles au Canada augmentent de 5\u00a0% au premier trimestre - Benoit Charette - Annuel automobile - CanadaMotorJobs.com.\" \/>\n<meta name=\"robots\" content=\"index, follow, max-snippet:-1, max-image-preview:large, max-video-preview:-1\" \/>\n<meta property=\"og:locale\" content=\"fr_CA\" \/>\n<meta property=\"og:type\" content=\"article\" \/>\n<meta property=\"og:title\" content=\"Les ventes automobiles au Canada augmentent de 5\u00a0% au premier trimestre - CanadaMotorJobs.com\" \/>\n<meta property=\"og:description\" content=\"Les ventes automobiles au Canada augmentent de 5\u00a0% au premier trimestre - Benoit Charette - Annuel automobile - CanadaMotorJobs.com.\" \/>\n<meta property=\"og:url\" content=\"https:\/\/news.canadamotorjobs.com\/fr\/les-ventes-automobiles-au-canada-augmentent-de-5-au-premier-trimestre\/\" \/>\n<meta property=\"og:site_name\" content=\"CanadaMotorJobs.com\" \/>\n<meta property=\"article:publisher\" content=\"https:\/\/www.facebook.com\/canadamotorjobs\/\" \/>\n<meta property=\"article:published_time\" content=\"2023-04-05T12:21:04+00:00\" \/>\n<meta property=\"article:modified_time\" content=\"2023-04-05T20:27:35+00:00\" \/>\n<meta property=\"og:image\" content=\"https:\/\/news.canadamotorjobs.com\/wp-content\/uploads\/2023\/04\/https-__cdn.cnn_.com_cnnnext_dam_assets_200430170303-general-motors-flint-assembly-plant-0323-restricted.jpg\" \/>\n\t<meta property=\"og:image:width\" content=\"1200\" \/>\n\t<meta property=\"og:image:height\" content=\"675\" \/>\n\t<meta property=\"og:image:type\" content=\"image\/jpeg\" \/>\n<meta name=\"author\" content=\"Benoit Charette\" \/>\n<meta name=\"twitter:card\" content=\"summary_large_image\" \/>\n<meta name=\"twitter:creator\" content=\"@canadamotorjobs\" \/>\n<meta name=\"twitter:site\" content=\"@canadamotorjobs\" \/>\n<meta name=\"twitter:label1\" content=\"\u00c9crit par\" \/>\n\t<meta name=\"twitter:data1\" content=\"Benoit Charette\" \/>\n\t<meta name=\"twitter:label2\" content=\"Estimation du temps de lecture\" \/>\n\t<meta name=\"twitter:data2\" content=\"2 minutes\" \/>\n<!-- \/ Yoast SEO plugin. -->","yoast_head_json":{"title":"Les ventes automobiles au Canada augmentent de 5\u00a0% au premier trimestre - CanadaMotorJobs.com","description":"Les ventes automobiles au Canada augmentent de 5\u00a0% au premier trimestre - Benoit Charette - Annuel automobile - CanadaMotorJobs.com.","robots":{"index":"index","follow":"follow","max-snippet":"max-snippet:-1","max-image-preview":"max-image-preview:large","max-video-preview":"max-video-preview:-1"},"og_locale":"fr_CA","og_type":"article","og_title":"Les ventes automobiles au Canada augmentent de 5\u00a0% au premier trimestre - CanadaMotorJobs.com","og_description":"Les ventes automobiles au Canada augmentent de 5\u00a0% au premier trimestre - Benoit Charette - Annuel automobile - CanadaMotorJobs.com.","og_url":"https:\/\/news.canadamotorjobs.com\/fr\/les-ventes-automobiles-au-canada-augmentent-de-5-au-premier-trimestre\/","og_site_name":"CanadaMotorJobs.com","article_publisher":"https:\/\/www.facebook.com\/canadamotorjobs\/","article_published_time":"2023-04-05T12:21:04+00:00","article_modified_time":"2023-04-05T20:27:35+00:00","og_image":[{"width":1200,"height":675,"url":"https:\/\/news.canadamotorjobs.com\/wp-content\/uploads\/2023\/04\/https-__cdn.cnn_.com_cnnnext_dam_assets_200430170303-general-motors-flint-assembly-plant-0323-restricted.jpg","type":"image\/jpeg"}],"author":"Benoit Charette","twitter_card":"summary_large_image","twitter_creator":"@canadamotorjobs","twitter_site":"@canadamotorjobs","twitter_misc":{"\u00c9crit par":"Benoit Charette","Estimation du temps de lecture":"2 minutes"},"schema":{"@context":"https:\/\/schema.org","@graph":[{"@type":"Article","@id":"https:\/\/news.canadamotorjobs.com\/fr\/les-ventes-automobiles-au-canada-augmentent-de-5-au-premier-trimestre\/#article","isPartOf":{"@id":"https:\/\/news.canadamotorjobs.com\/fr\/les-ventes-automobiles-au-canada-augmentent-de-5-au-premier-trimestre\/"},"author":{"name":"Benoit Charette","@id":"https:\/\/news.canadamotorjobs.com\/#\/schema\/person\/51793d1f87d44011d7bcc2ed99269a90"},"headline":"Les ventes automobiles au Canada augmentent de 5\u00a0% au premier trimestre","datePublished":"2023-04-05T12:21:04+00:00","dateModified":"2023-04-05T20:27:35+00:00","mainEntityOfPage":{"@id":"https:\/\/news.canadamotorjobs.com\/fr\/les-ventes-automobiles-au-canada-augmentent-de-5-au-premier-trimestre\/"},"wordCount":466,"publisher":{"@id":"https:\/\/news.canadamotorjobs.com\/#organization"},"image":{"@id":"https:\/\/news.canadamotorjobs.com\/fr\/les-ventes-automobiles-au-canada-augmentent-de-5-au-premier-trimestre\/#primaryimage"},"thumbnailUrl":"https:\/\/news.canadamotorjobs.com\/wp-content\/uploads\/2023\/04\/https-__cdn.cnn_.com_cnnnext_dam_assets_200430170303-general-motors-flint-assembly-plant-0323-restricted.jpg","keywords":["Newsletter"],"articleSection":["Annuel automobile"],"inLanguage":"fr-CA"},{"@type":"WebPage","@id":"https:\/\/news.canadamotorjobs.com\/fr\/les-ventes-automobiles-au-canada-augmentent-de-5-au-premier-trimestre\/","url":"https:\/\/news.canadamotorjobs.com\/fr\/les-ventes-automobiles-au-canada-augmentent-de-5-au-premier-trimestre\/","name":"Les ventes automobiles au Canada augmentent de 5\u00a0% au premier trimestre - CanadaMotorJobs.com","isPartOf":{"@id":"https:\/\/news.canadamotorjobs.com\/#website"},"primaryImageOfPage":{"@id":"https:\/\/news.canadamotorjobs.com\/fr\/les-ventes-automobiles-au-canada-augmentent-de-5-au-premier-trimestre\/#primaryimage"},"image":{"@id":"https:\/\/news.canadamotorjobs.com\/fr\/les-ventes-automobiles-au-canada-augmentent-de-5-au-premier-trimestre\/#primaryimage"},"thumbnailUrl":"https:\/\/news.canadamotorjobs.com\/wp-content\/uploads\/2023\/04\/https-__cdn.cnn_.com_cnnnext_dam_assets_200430170303-general-motors-flint-assembly-plant-0323-restricted.jpg","datePublished":"2023-04-05T12:21:04+00:00","dateModified":"2023-04-05T20:27:35+00:00","description":"Les ventes automobiles au Canada augmentent de 5\u00a0% au premier trimestre - Benoit Charette - Annuel automobile - CanadaMotorJobs.com.","breadcrumb":{"@id":"https:\/\/news.canadamotorjobs.com\/fr\/les-ventes-automobiles-au-canada-augmentent-de-5-au-premier-trimestre\/#breadcrumb"},"inLanguage":"fr-CA","potentialAction":[{"@type":"ReadAction","target":["https:\/\/news.canadamotorjobs.com\/fr\/les-ventes-automobiles-au-canada-augmentent-de-5-au-premier-trimestre\/"]}]},{"@type":"ImageObject","inLanguage":"fr-CA","@id":"https:\/\/news.canadamotorjobs.com\/fr\/les-ventes-automobiles-au-canada-augmentent-de-5-au-premier-trimestre\/#primaryimage","url":"https:\/\/news.canadamotorjobs.com\/wp-content\/uploads\/2023\/04\/https-__cdn.cnn_.com_cnnnext_dam_assets_200430170303-general-motors-flint-assembly-plant-0323-restricted.jpg","contentUrl":"https:\/\/news.canadamotorjobs.com\/wp-content\/uploads\/2023\/04\/https-__cdn.cnn_.com_cnnnext_dam_assets_200430170303-general-motors-flint-assembly-plant-0323-restricted.jpg","width":1200,"height":675},{"@type":"BreadcrumbList","@id":"https:\/\/news.canadamotorjobs.com\/fr\/les-ventes-automobiles-au-canada-augmentent-de-5-au-premier-trimestre\/#breadcrumb","itemListElement":[{"@type":"ListItem","position":1,"name":"Home","item":"https:\/\/news.canadamotorjobs.com\/fr\/blog\/"},{"@type":"ListItem","position":2,"name":"Les ventes automobiles au Canada augmentent de 5\u00a0% au premier trimestre"}]},{"@type":"WebSite","@id":"https:\/\/news.canadamotorjobs.com\/#website","url":"https:\/\/news.canadamotorjobs.com\/","name":"CanadaMotorJobs.com","description":"Automotive Jobs","publisher":{"@id":"https:\/\/news.canadamotorjobs.com\/#organization"},"potentialAction":[{"@type":"SearchAction","target":{"@type":"EntryPoint","urlTemplate":"https:\/\/news.canadamotorjobs.com\/?s={search_term_string}"},"query-input":"required name=search_term_string"}],"inLanguage":"fr-CA"},{"@type":"Organization","@id":"https:\/\/news.canadamotorjobs.com\/#organization","name":"Canada Motor Jobs","url":"https:\/\/news.canadamotorjobs.com\/","logo":{"@type":"ImageObject","inLanguage":"fr-CA","@id":"https:\/\/news.canadamotorjobs.com\/#\/schema\/logo\/image\/","url":"https:\/\/news.canadamotorjobs.com\/wp-content\/uploads\/2022\/10\/logo-canada-motor-jobs-1.png","contentUrl":"https:\/\/news.canadamotorjobs.com\/wp-content\/uploads\/2022\/10\/logo-canada-motor-jobs-1.png","width":800,"height":400,"caption":"Canada Motor Jobs"},"image":{"@id":"https:\/\/news.canadamotorjobs.com\/#\/schema\/logo\/image\/"},"sameAs":["https:\/\/www.facebook.com\/canadamotorjobs\/","https:\/\/x.com\/canadamotorjobs","https:\/\/www.instagram.com\/canadamotorjobs\/","https:\/\/www.linkedin.com\/company\/canadamotorjobs"]},{"@type":"Person","@id":"https:\/\/news.canadamotorjobs.com\/#\/schema\/person\/51793d1f87d44011d7bcc2ed99269a90","name":"Benoit Charette","image":{"@type":"ImageObject","inLanguage":"fr-CA","@id":"https:\/\/news.canadamotorjobs.com\/#\/schema\/person\/image\/","url":"https:\/\/secure.gravatar.com\/avatar\/45f3d2eebcccd909668d7ce7ea7267b6?s=96&d=mm&r=g","contentUrl":"https:\/\/secure.gravatar.com\/avatar\/45f3d2eebcccd909668d7ce7ea7267b6?s=96&d=mm&r=g","caption":"Benoit Charette"},"description":"Benoit Charette \/ Propri\u00e9taire et r\u00e9dacteur en chef Benoit Charette pratique le journalisme automobile depuis bient\u00f4t 30 ans. Il a fait ses classes au c\u00f4t\u00e9 de Daniel H\u00e9raud et au Carnet de route de 1992 \u00e0 2001. Il est fondateur, copropri\u00e9taire et r\u00e9dacteur en chef de L\u2019Annuel de l\u2019automobile, qu\u2019il publie depuis 2001. Il a anim\u00e9 les \u00e9missions RPM et RPM+ sur V et les L\u00e9gendes de la route sur Historia. \u00c0 la radio depuis 1986, il reprend l\u2019antenne cette ann\u00e9e sur les ondes de Cogeco et participe pour la deuxi\u00e8me ann\u00e9e \u00e0 l\u2019\u00e9mission Passion Auto sur RDS en plus de mettre en ligne le site Web officiel de L\u2019Annuel de l\u2019automobile sur annuelauto.ca.","sameAs":["https:\/\/annuelauto.ca\/"],"url":"https:\/\/news.canadamotorjobs.com\/fr\/author\/benoit-charette\/"}]}},"_links":{"self":[{"href":"https:\/\/news.canadamotorjobs.com\/fr\/wp-json\/wp\/v2\/posts\/142881"}],"collection":[{"href":"https:\/\/news.canadamotorjobs.com\/fr\/wp-json\/wp\/v2\/posts"}],"about":[{"href":"https:\/\/news.canadamotorjobs.com\/fr\/wp-json\/wp\/v2\/types\/post"}],"author":[{"embeddable":true,"href":"https:\/\/news.canadamotorjobs.com\/fr\/wp-json\/wp\/v2\/users\/8"}],"replies":[{"embeddable":true,"href":"https:\/\/news.canadamotorjobs.com\/fr\/wp-json\/wp\/v2\/comments?post=142881"}],"version-history":[{"count":3,"href":"https:\/\/news.canadamotorjobs.com\/fr\/wp-json\/wp\/v2\/posts\/142881\/revisions"}],"predecessor-version":[{"id":142951,"href":"https:\/\/news.canadamotorjobs.com\/fr\/wp-json\/wp\/v2\/posts\/142881\/revisions\/142951"}],"wp:featuredmedia":[{"embeddable":true,"href":"https:\/\/news.canadamotorjobs.com\/fr\/wp-json\/wp\/v2\/media\/142883"}],"wp:attachment":[{"href":"https:\/\/news.canadamotorjobs.com\/fr\/wp-json\/wp\/v2\/media?parent=142881"}],"wp:term":[{"taxonomy":"category","embeddable":true,"href":"https:\/\/news.canadamotorjobs.com\/fr\/wp-json\/wp\/v2\/categories?post=142881"},{"taxonomy":"post_tag","embeddable":true,"href":"https:\/\/news.canadamotorjobs.com\/fr\/wp-json\/wp\/v2\/tags?post=142881"}],"curies":[{"name":"wp","href":"https:\/\/api.w.org\/{rel}","templated":true}]}}