{"id":142822,"date":"2023-04-04T07:42:40","date_gmt":"2023-04-04T11:42:40","guid":{"rendered":"https:\/\/news.canadamotorjobs.com\/?p=142822"},"modified":"2023-04-04T07:48:10","modified_gmt":"2023-04-04T11:48:10","slug":"un-concept-de-vus-de-performance-chez-genesis","status":"publish","type":"post","link":"https:\/\/news.canadamotorjobs.com\/fr\/un-concept-de-vus-de-performance-chez-genesis\/","title":{"rendered":"Un concept de VUS de performance chez Genesis"},"content":{"rendered":"<\/p>\n<ul><\/p>\n<li>\n<h3>Le Genesis GV80 Coupe Concept a \u00e9t\u00e9 pr\u00e9sent\u00e9 hier soir en ouverture du Salon de l\u2019auto de New York.<\/h3>\n<p>\n<\/li>\n<p><\/p>\n<li>\n<h3>Ce mod\u00e8le pr\u00e9figure de possibles futurs mod\u00e8les Genesis orient\u00e9s vers la performance<\/h3>\n<p>\n<\/li>\n<p><\/p>\n<li>\n<h3>Pour l&#8217;instant, rien n&#8217;est dit sur les projets de production.<\/h3>\n<p>\n<\/li>\n<p>\n<\/ul>\n<p><\/p>\n<h3>Au tour de Genesis de marier VUS et performance<\/h3>\n<p>\nLe concept Genesis GV80 pourrait bien \u00eatre la r\u00e9ponse de Genesis au BMW X6 ou au Mercedes-Benz GLE coup\u00e9, m\u00eame si pour l&#8217;instant, le constructeur de luxe cor\u00e9en n&#8217;en dit pas plus sur le potentiel de production du mod\u00e8le.<\/p>\n<h3>Un regard vers de futurs mod\u00e8les<\/h3>\n<p>\nGenesis d\u00e9crit le GV80 Coupe Concept comme un &#8220;aper\u00e7u des futurs programmes de Genesis et une rampe de lancement pour les prochains mod\u00e8les orient\u00e9s vers la performance. En ce qui concerne les concepts, celui-ci n&#8217;est pas si farfelu que cela. Bien au contraire, le au contraire, le GV80 Coupe Concept pourrait probablement \u00eatre commercialis\u00e9 demain avec modifications minimes.<\/p>\n<h3>Un\u00a0 caract\u00e8re plus affirm\u00e9<\/h3>\n<p>\nLa calandre massive que Genesis appelle Double G-Matrix Crest Grille est plus large est noircie et compl\u00e9t\u00e9e par des prises d&#8217;air lat\u00e9rales tout aussi grandes, \u00e9galement noircies. Les jantes sombres sont \u00e9normes, mais pas au point d&#8217;\u00eatre irr\u00e9alisables en production finale. L&#8217;arri\u00e8re, quant \u00e0 lui, arbore une aile int\u00e9gr\u00e9e qui vient compl\u00e9ter une lunette arri\u00e8re tr\u00e8s inclin\u00e9e, ce qui conf\u00e8re un style d&#8217;Aston Martin DBX. La peinture ext\u00e9rieure orange vif appel\u00e9e Magma renforce l&#8217;id\u00e9e que le concept GV80 Coupe est ax\u00e9 sur la performance, tout comme le toit en fibre de carbone.<\/p>\n<h3>Des si\u00e8ges de course<\/h3>\n<p>\n\u00c0 l&#8217;int\u00e9rieur, le GV80 Coup\u00e9 Concept est \u00e9quip\u00e9 de quatre si\u00e8ges pr\u00eats pour la piste de course, ainsi qu&#8217;un volant \u00e0 trois branches. Aucun mot sur les groupes motopropulseurs, \u00e9lectriques ou non. Une puissance et un couple importants seraient n\u00e9cessaires pour justifier ce niveau de rigidit\u00e9 suppl\u00e9mentaire.<\/p>\n<h3>L\u2019avenir nous le dira<\/h3>\n<p>\nInspir\u00e9 par le X Speedium Coupe Concept pr\u00e9sent\u00e9 au Salon international de l&#8217;automobile de New York l&#8217;ann\u00e9e derni\u00e8re, le GV80 Coup\u00e9 Concept est un mod\u00e8le de sportivit\u00e9. Son style tr\u00e8s proche d\u2019un mod\u00e8le de production laisse pr\u00e9sager que la commercialisation (\u00e0 petite \u00e9chelle) est possible. Il conserve l&#8217;\u00e9l\u00e9gance traditionnelle de la Genesis, mais avec beaucoup plus d&#8217;agressivit\u00e9 et de sportivit\u00e9. Si la marque devait lancer un mod\u00e8le de s\u00e9rie qui ressemblerait \u00e0 ce concept, elle aurait un succ\u00e8s commercial \u00e0 la cl\u00e9, \u00e0 n&#8217;en pas douter.<\/p>\n<p>\u00a0<\/p>\n<p>\u00a0<\/p>\n<p>\u00a0<\/p>\n<p>\u00a0<\/p>\n<p>Le texte <a rel=\"nofollow\" href=\"https:\/\/annuelauto.ca\/un-concept-de-vus-de-performance-chez-genesis\/\">Un concept de VUS de performance chez Genesis<\/a> provient de <a rel=\"nofollow\" href=\"https:\/\/annuelauto.ca\">L&#8217;annuel de l&#8217;automobile &#8211; Actualit\u00e9 automobile<\/a><\/p>\n<p><\/p>\n","protected":false},"excerpt":{"rendered":"<p>Le Genesis GV80 Coupe Concept a \u00e9t\u00e9 pr\u00e9sent\u00e9 hier soir en ouverture du Salon de l\u2019auto de New York. Ce mod\u00e8le pr\u00e9figure de possibles futurs mod\u00e8les Genesis orient\u00e9s vers la performance Pour l&#8217;instant, rien n&#8217;est dit sur les projets de production. Au tour de Genesis de marier VUS et performance Le concept Genesis GV80 pourrait [&hellip;]<\/p>\n","protected":false},"author":8,"featured_media":142824,"comment_status":"close","ping_status":"closed","sticky":false,"template":"","format":"standard","meta":{"_monsterinsights_skip_tracking":false,"_monsterinsights_sitenote_active":false,"_monsterinsights_sitenote_note":"","_monsterinsights_sitenote_category":0,"footnotes":""},"categories":[101],"tags":[],"yoast_head":"<!-- This site is optimized with the Yoast SEO plugin v23.2 - https:\/\/yoast.com\/wordpress\/plugins\/seo\/ -->\n<title>Un concept de VUS de performance chez Genesis - CanadaMotorJobs.com<\/title>\n<meta name=\"description\" content=\"Un concept de VUS de performance chez Genesis - Benoit Charette - Annuel automobile - CanadaMotorJobs.com.\" \/>\n<meta name=\"robots\" content=\"index, follow, max-snippet:-1, max-image-preview:large, max-video-preview:-1\" \/>\n<meta property=\"og:locale\" content=\"fr_CA\" \/>\n<meta property=\"og:type\" content=\"article\" \/>\n<meta property=\"og:title\" content=\"Un concept de VUS de performance chez Genesis - CanadaMotorJobs.com\" \/>\n<meta property=\"og:description\" content=\"Un concept de VUS de performance chez Genesis - Benoit Charette - Annuel automobile - CanadaMotorJobs.com.\" \/>\n<meta property=\"og:url\" content=\"https:\/\/news.canadamotorjobs.com\/fr\/un-concept-de-vus-de-performance-chez-genesis\/\" \/>\n<meta property=\"og:site_name\" content=\"CanadaMotorJobs.com\" \/>\n<meta property=\"article:publisher\" content=\"https:\/\/www.facebook.com\/canadamotorjobs\/\" \/>\n<meta property=\"article:published_time\" content=\"2023-04-04T11:42:40+00:00\" \/>\n<meta property=\"article:modified_time\" content=\"2023-04-04T11:48:10+00:00\" \/>\n<meta property=\"og:image\" content=\"https:\/\/news.canadamotorjobs.com\/wp-content\/uploads\/2023\/04\/1_GV80-Coupe-Concept_Rendering-Hero.jpg\" \/>\n\t<meta property=\"og:image:width\" content=\"1432\" \/>\n\t<meta property=\"og:image:height\" content=\"805\" \/>\n\t<meta property=\"og:image:type\" content=\"image\/jpeg\" \/>\n<meta name=\"author\" content=\"Benoit Charette\" \/>\n<meta name=\"twitter:card\" content=\"summary_large_image\" \/>\n<meta name=\"twitter:creator\" content=\"@canadamotorjobs\" \/>\n<meta name=\"twitter:site\" content=\"@canadamotorjobs\" \/>\n<meta name=\"twitter:label1\" content=\"\u00c9crit par\" \/>\n\t<meta name=\"twitter:data1\" content=\"Benoit Charette\" \/>\n\t<meta name=\"twitter:label2\" content=\"Estimation du temps de lecture\" \/>\n\t<meta name=\"twitter:data2\" content=\"2 minutes\" \/>\n<!-- \/ Yoast SEO plugin. -->","yoast_head_json":{"title":"Un concept de VUS de performance chez Genesis - CanadaMotorJobs.com","description":"Un concept de VUS de performance chez Genesis - Benoit Charette - Annuel automobile - CanadaMotorJobs.com.","robots":{"index":"index","follow":"follow","max-snippet":"max-snippet:-1","max-image-preview":"max-image-preview:large","max-video-preview":"max-video-preview:-1"},"og_locale":"fr_CA","og_type":"article","og_title":"Un concept de VUS de performance chez Genesis - CanadaMotorJobs.com","og_description":"Un concept de VUS de performance chez Genesis - Benoit Charette - Annuel automobile - CanadaMotorJobs.com.","og_url":"https:\/\/news.canadamotorjobs.com\/fr\/un-concept-de-vus-de-performance-chez-genesis\/","og_site_name":"CanadaMotorJobs.com","article_publisher":"https:\/\/www.facebook.com\/canadamotorjobs\/","article_published_time":"2023-04-04T11:42:40+00:00","article_modified_time":"2023-04-04T11:48:10+00:00","og_image":[{"width":1432,"height":805,"url":"https:\/\/news.canadamotorjobs.com\/wp-content\/uploads\/2023\/04\/1_GV80-Coupe-Concept_Rendering-Hero.jpg","type":"image\/jpeg"}],"author":"Benoit Charette","twitter_card":"summary_large_image","twitter_creator":"@canadamotorjobs","twitter_site":"@canadamotorjobs","twitter_misc":{"\u00c9crit par":"Benoit Charette","Estimation du temps de lecture":"2 minutes"},"schema":{"@context":"https:\/\/schema.org","@graph":[{"@type":"Article","@id":"https:\/\/news.canadamotorjobs.com\/fr\/un-concept-de-vus-de-performance-chez-genesis\/#article","isPartOf":{"@id":"https:\/\/news.canadamotorjobs.com\/fr\/un-concept-de-vus-de-performance-chez-genesis\/"},"author":{"name":"Benoit Charette","@id":"https:\/\/news.canadamotorjobs.com\/#\/schema\/person\/51793d1f87d44011d7bcc2ed99269a90"},"headline":"Un concept de VUS de performance chez Genesis","datePublished":"2023-04-04T11:42:40+00:00","dateModified":"2023-04-04T11:48:10+00:00","mainEntityOfPage":{"@id":"https:\/\/news.canadamotorjobs.com\/fr\/un-concept-de-vus-de-performance-chez-genesis\/"},"wordCount":478,"publisher":{"@id":"https:\/\/news.canadamotorjobs.com\/#organization"},"image":{"@id":"https:\/\/news.canadamotorjobs.com\/fr\/un-concept-de-vus-de-performance-chez-genesis\/#primaryimage"},"thumbnailUrl":"https:\/\/news.canadamotorjobs.com\/wp-content\/uploads\/2023\/04\/1_GV80-Coupe-Concept_Rendering-Hero.jpg","articleSection":["Annuel automobile"],"inLanguage":"fr-CA"},{"@type":"WebPage","@id":"https:\/\/news.canadamotorjobs.com\/fr\/un-concept-de-vus-de-performance-chez-genesis\/","url":"https:\/\/news.canadamotorjobs.com\/fr\/un-concept-de-vus-de-performance-chez-genesis\/","name":"Un concept de VUS de performance chez Genesis - CanadaMotorJobs.com","isPartOf":{"@id":"https:\/\/news.canadamotorjobs.com\/#website"},"primaryImageOfPage":{"@id":"https:\/\/news.canadamotorjobs.com\/fr\/un-concept-de-vus-de-performance-chez-genesis\/#primaryimage"},"image":{"@id":"https:\/\/news.canadamotorjobs.com\/fr\/un-concept-de-vus-de-performance-chez-genesis\/#primaryimage"},"thumbnailUrl":"https:\/\/news.canadamotorjobs.com\/wp-content\/uploads\/2023\/04\/1_GV80-Coupe-Concept_Rendering-Hero.jpg","datePublished":"2023-04-04T11:42:40+00:00","dateModified":"2023-04-04T11:48:10+00:00","description":"Un concept de VUS de performance chez Genesis - Benoit Charette - Annuel automobile - CanadaMotorJobs.com.","breadcrumb":{"@id":"https:\/\/news.canadamotorjobs.com\/fr\/un-concept-de-vus-de-performance-chez-genesis\/#breadcrumb"},"inLanguage":"fr-CA","potentialAction":[{"@type":"ReadAction","target":["https:\/\/news.canadamotorjobs.com\/fr\/un-concept-de-vus-de-performance-chez-genesis\/"]}]},{"@type":"ImageObject","inLanguage":"fr-CA","@id":"https:\/\/news.canadamotorjobs.com\/fr\/un-concept-de-vus-de-performance-chez-genesis\/#primaryimage","url":"https:\/\/news.canadamotorjobs.com\/wp-content\/uploads\/2023\/04\/1_GV80-Coupe-Concept_Rendering-Hero.jpg","contentUrl":"https:\/\/news.canadamotorjobs.com\/wp-content\/uploads\/2023\/04\/1_GV80-Coupe-Concept_Rendering-Hero.jpg","width":1432,"height":805},{"@type":"BreadcrumbList","@id":"https:\/\/news.canadamotorjobs.com\/fr\/un-concept-de-vus-de-performance-chez-genesis\/#breadcrumb","itemListElement":[{"@type":"ListItem","position":1,"name":"Home","item":"https:\/\/news.canadamotorjobs.com\/fr\/blog\/"},{"@type":"ListItem","position":2,"name":"Un concept de VUS de performance chez Genesis"}]},{"@type":"WebSite","@id":"https:\/\/news.canadamotorjobs.com\/#website","url":"https:\/\/news.canadamotorjobs.com\/","name":"CanadaMotorJobs.com","description":"Automotive Jobs","publisher":{"@id":"https:\/\/news.canadamotorjobs.com\/#organization"},"potentialAction":[{"@type":"SearchAction","target":{"@type":"EntryPoint","urlTemplate":"https:\/\/news.canadamotorjobs.com\/?s={search_term_string}"},"query-input":"required name=search_term_string"}],"inLanguage":"fr-CA"},{"@type":"Organization","@id":"https:\/\/news.canadamotorjobs.com\/#organization","name":"Canada Motor Jobs","url":"https:\/\/news.canadamotorjobs.com\/","logo":{"@type":"ImageObject","inLanguage":"fr-CA","@id":"https:\/\/news.canadamotorjobs.com\/#\/schema\/logo\/image\/","url":"https:\/\/news.canadamotorjobs.com\/wp-content\/uploads\/2022\/10\/logo-canada-motor-jobs-1.png","contentUrl":"https:\/\/news.canadamotorjobs.com\/wp-content\/uploads\/2022\/10\/logo-canada-motor-jobs-1.png","width":800,"height":400,"caption":"Canada Motor Jobs"},"image":{"@id":"https:\/\/news.canadamotorjobs.com\/#\/schema\/logo\/image\/"},"sameAs":["https:\/\/www.facebook.com\/canadamotorjobs\/","https:\/\/x.com\/canadamotorjobs","https:\/\/www.instagram.com\/canadamotorjobs\/","https:\/\/www.linkedin.com\/company\/canadamotorjobs"]},{"@type":"Person","@id":"https:\/\/news.canadamotorjobs.com\/#\/schema\/person\/51793d1f87d44011d7bcc2ed99269a90","name":"Benoit Charette","image":{"@type":"ImageObject","inLanguage":"fr-CA","@id":"https:\/\/news.canadamotorjobs.com\/#\/schema\/person\/image\/","url":"https:\/\/secure.gravatar.com\/avatar\/45f3d2eebcccd909668d7ce7ea7267b6?s=96&d=mm&r=g","contentUrl":"https:\/\/secure.gravatar.com\/avatar\/45f3d2eebcccd909668d7ce7ea7267b6?s=96&d=mm&r=g","caption":"Benoit Charette"},"description":"Benoit Charette \/ Propri\u00e9taire et r\u00e9dacteur en chef Benoit Charette pratique le journalisme automobile depuis bient\u00f4t 30 ans. Il a fait ses classes au c\u00f4t\u00e9 de Daniel H\u00e9raud et au Carnet de route de 1992 \u00e0 2001. Il est fondateur, copropri\u00e9taire et r\u00e9dacteur en chef de L\u2019Annuel de l\u2019automobile, qu\u2019il publie depuis 2001. Il a anim\u00e9 les \u00e9missions RPM et RPM+ sur V et les L\u00e9gendes de la route sur Historia. \u00c0 la radio depuis 1986, il reprend l\u2019antenne cette ann\u00e9e sur les ondes de Cogeco et participe pour la deuxi\u00e8me ann\u00e9e \u00e0 l\u2019\u00e9mission Passion Auto sur RDS en plus de mettre en ligne le site Web officiel de L\u2019Annuel de l\u2019automobile sur annuelauto.ca.","sameAs":["https:\/\/annuelauto.ca\/"],"url":"https:\/\/news.canadamotorjobs.com\/fr\/author\/benoit-charette\/"}]}},"_links":{"self":[{"href":"https:\/\/news.canadamotorjobs.com\/fr\/wp-json\/wp\/v2\/posts\/142822"}],"collection":[{"href":"https:\/\/news.canadamotorjobs.com\/fr\/wp-json\/wp\/v2\/posts"}],"about":[{"href":"https:\/\/news.canadamotorjobs.com\/fr\/wp-json\/wp\/v2\/types\/post"}],"author":[{"embeddable":true,"href":"https:\/\/news.canadamotorjobs.com\/fr\/wp-json\/wp\/v2\/users\/8"}],"replies":[{"embeddable":true,"href":"https:\/\/news.canadamotorjobs.com\/fr\/wp-json\/wp\/v2\/comments?post=142822"}],"version-history":[{"count":2,"href":"https:\/\/news.canadamotorjobs.com\/fr\/wp-json\/wp\/v2\/posts\/142822\/revisions"}],"predecessor-version":[{"id":142826,"href":"https:\/\/news.canadamotorjobs.com\/fr\/wp-json\/wp\/v2\/posts\/142822\/revisions\/142826"}],"wp:featuredmedia":[{"embeddable":true,"href":"https:\/\/news.canadamotorjobs.com\/fr\/wp-json\/wp\/v2\/media\/142824"}],"wp:attachment":[{"href":"https:\/\/news.canadamotorjobs.com\/fr\/wp-json\/wp\/v2\/media?parent=142822"}],"wp:term":[{"taxonomy":"category","embeddable":true,"href":"https:\/\/news.canadamotorjobs.com\/fr\/wp-json\/wp\/v2\/categories?post=142822"},{"taxonomy":"post_tag","embeddable":true,"href":"https:\/\/news.canadamotorjobs.com\/fr\/wp-json\/wp\/v2\/tags?post=142822"}],"curies":[{"name":"wp","href":"https:\/\/api.w.org\/{rel}","templated":true}]}}