{"id":142799,"date":"2023-04-03T21:04:32","date_gmt":"2023-04-04T01:04:32","guid":{"rendered":"https:\/\/news.canadamotorjobs.com\/?p=142799"},"modified":"2023-04-05T16:28:46","modified_gmt":"2023-04-05T20:28:46","slug":"venturi-se-prepare-a-aller-sur-la-lune-avec-le-flex","status":"publish","type":"post","link":"https:\/\/news.canadamotorjobs.com\/fr\/venturi-se-prepare-a-aller-sur-la-lune-avec-le-flex\/","title":{"rendered":"Venturi se pr\u00e9pare \u00e0 aller sur la Lune avec le Flex"},"content":{"rendered":"<\/p>\n<p>Apr\u00e8s avoir construit des bolides pour battre des records de vitesse absolue, des motos de haute performance et m\u00eame un fourgon d\u2019exploration polaire, tous anim\u00e9s par des motorisations \u00e9lectriques, <a href=\"https:\/\/annuelauto.ca\/la-chenillette-venturi-antarctica-est-le-premier-vehicule-electrique-utilise-pres-du-pole-sud\/\" target=\"_blank\" rel=\"noopener noreferrer\">Venturi<\/a> se pr\u00e9pare aujourd\u2019hui \u00e0 aller sur la <a href=\"https:\/\/annuelauto.ca\/goodyear-va-developper-des-pneus-pour-des-vehicules-lunaires-de-la-mission-artemis-de-la-nasa\/\" target=\"_blank\" rel=\"noopener noreferrer\">Lune<\/a>. Cette entreprise mon\u00e9gasque sp\u00e9cialis\u00e9e dans le d\u00e9veloppement de V\u00c9 novateurs s\u2019affaire \u00e0 la pr\u00e9paration d\u2019un tout-terrain lunaire appel\u00e9 Flex.<\/p>\n<p>En 2026, le Flex (ou <em>Flexible logistics and exploration<\/em>) prendra la direction de l\u2019astre c\u00e9leste \u00e0 bord d\u2019une fus\u00e9e Starship de l&#8217;entreprise \u00e9tatsunienne SpaceX. Une fois d\u00e9pos\u00e9 \u00e0 la surface lunaire, il servira \u00e0 des exp\u00e9riences scientifiques et des activit\u00e9s commerciales.<\/p>\n<h3><strong>Les d\u00e9fis de l\u2019environnement lunaire<\/strong><\/h3>\n<p>\nLa surface lunaire impose une multitude de d\u00e9fis \u00e0 la conception de ce V\u00c9. Par exemple, le Flex devra \u00eatre fiable \u00e0 tr\u00e8s long terme, supporter des temp\u00e9ratures variant de -90\u00b0C \u00e0 -230\u00b0C, r\u00e9sister aux radiations et m\u00eame pouvoir op\u00e9rer pendant quinze jours dans l\u2019obscurit\u00e9 du p\u00f4le Sud de la lune.<\/p>\n<p>Il y a aussi des contraintes li\u00e9es aux diff\u00e9rentes fa\u00e7ons de l\u2019utiliser. En effet, ce tout-terrain devra tout aussi bien pouvoir \u00eatre conduit de mani\u00e8re semi-autonome par les astronautes pr\u00e9sents sur la Lune ou encore \u00eatre command\u00e9, soit depuis la future station spatiale plac\u00e9e en orbite autour de l\u2019astre, soit depuis la Terre.<\/p>\n<h3><strong>Fruit d\u2019un partenariat<\/strong><\/h3>\n<p>\nC\u2019est en 2019 que le programme de tout-terrain lunaire <a href=\"https:\/\/annuelauto.ca\/le-salon-du-vehicule-electrique-de-montreal-approche-a-grand-pas\/\" target=\"_blank\" rel=\"noopener noreferrer\">\u00e9lectrique<\/a> a \u00e9t\u00e9 imagin\u00e9 puis mis en place \u00e0 l\u2019initiative de Gildo Pastor, le pr\u00e9sident du Groupe Venturi. Depuis, diverses entit\u00e9s du groupe se sont mises \u00e0 contribution pour le d\u00e9velopper.<\/p>\n<p>Venturi Lab, une filiale suisse, a \u00e9t\u00e9 fond\u00e9e deux ans plus tard pour mettre au point des mat\u00e9riaux r\u00e9sistants aux conditions extr\u00eames (basses temp\u00e9ratures et radiations), des panneaux solaires hautes performances, des roues d\u00e9formables et des syst\u00e8mes de contr\u00f4le \u00e9lectrique.<\/p>\n<p>Par ailleurs, Astrolab Venturi, la filiale californienne du groupe (qui a r\u00e9alis\u00e9 la vid\u00e9o ci-dessus), con\u00e7oit l\u2019architecture du v\u00e9hicule, sa structure primaire et ses m\u00e9canismes, en plus de d\u00e9velopper son logiciel et son avionique, de l\u2019assembler et d\u2019effectuer les tests de validation.<\/p>\n<p>Enfin, le Groupe Venturi \u00e0 Monaco se consacre aux batteries de haute performance en partenariat avec Venturi North America, sa filiale \u00e9tatsunienne bas\u00e9e en Ohio.<\/p>\n<p>\u00c0 l\u2019issue de cette mission, ce tout-terrain sera le plus gros et le plus performant jamais envoy\u00e9 sur la Lune, affirme Gildo Pastor, dans un communiqu\u00e9 publi\u00e9 par Venturi le 31 mars dernier.<\/p>\n<p><em>Photos : Astrolab Venturi<\/em><\/p>\n<p>Le texte <a rel=\"nofollow\" href=\"https:\/\/annuelauto.ca\/venturi-se-prepare-a-aller-sur-la-lune-avec-le-flex\/\">Venturi se pr\u00e9pare \u00e0 aller sur la Lune avec le Flex<\/a> provient de <a rel=\"nofollow\" href=\"https:\/\/annuelauto.ca\">L&#8217;annuel de l&#8217;automobile &#8211; Actualit\u00e9 automobile<\/a><\/p>\n<p><\/p>\n","protected":false},"excerpt":{"rendered":"<p>Apr\u00e8s avoir construit des bolides pour battre des records de vitesse absolue, des motos de haute performance et m\u00eame un fourgon d\u2019exploration polaire, tous anim\u00e9s par des motorisations \u00e9lectriques, Venturi se pr\u00e9pare aujourd\u2019hui \u00e0 aller sur la Lune. Cette entreprise mon\u00e9gasque sp\u00e9cialis\u00e9e dans le d\u00e9veloppement de V\u00c9 novateurs s\u2019affaire \u00e0 la pr\u00e9paration d\u2019un tout-terrain lunaire [&hellip;]<\/p>\n","protected":false},"author":8,"featured_media":142801,"comment_status":"closed","ping_status":"closed","sticky":false,"template":"","format":"standard","meta":{"_monsterinsights_skip_tracking":false,"_monsterinsights_sitenote_active":false,"_monsterinsights_sitenote_note":"","_monsterinsights_sitenote_category":0,"footnotes":""},"categories":[101],"tags":[131],"yoast_head":"<!-- This site is optimized with the Yoast SEO plugin v23.2 - https:\/\/yoast.com\/wordpress\/plugins\/seo\/ -->\n<title>Venturi se pr\u00e9pare \u00e0 aller sur la Lune avec le Flex - CanadaMotorJobs.com<\/title>\n<meta name=\"description\" content=\"Venturi se pr\u00e9pare \u00e0 aller sur la Lune avec le Flex - Benoit Charette - Annuel automobile - CanadaMotorJobs.com.\" \/>\n<meta name=\"robots\" content=\"index, follow, max-snippet:-1, max-image-preview:large, max-video-preview:-1\" \/>\n<meta property=\"og:locale\" content=\"fr_CA\" \/>\n<meta property=\"og:type\" content=\"article\" \/>\n<meta property=\"og:title\" content=\"Venturi se pr\u00e9pare \u00e0 aller sur la Lune avec le Flex - CanadaMotorJobs.com\" \/>\n<meta property=\"og:description\" content=\"Venturi se pr\u00e9pare \u00e0 aller sur la Lune avec le Flex - Benoit Charette - Annuel automobile - CanadaMotorJobs.com.\" \/>\n<meta property=\"og:url\" content=\"https:\/\/news.canadamotorjobs.com\/fr\/venturi-se-prepare-a-aller-sur-la-lune-avec-le-flex\/\" \/>\n<meta property=\"og:site_name\" content=\"CanadaMotorJobs.com\" \/>\n<meta property=\"article:publisher\" content=\"https:\/\/www.facebook.com\/canadamotorjobs\/\" \/>\n<meta property=\"article:published_time\" content=\"2023-04-04T01:04:32+00:00\" \/>\n<meta property=\"article:modified_time\" content=\"2023-04-05T20:28:46+00:00\" \/>\n<meta property=\"og:image\" content=\"https:\/\/news.canadamotorjobs.com\/wp-content\/uploads\/2023\/04\/Venturi-Astrolab-Flex-2026-7.jpg\" \/>\n\t<meta property=\"og:image:width\" content=\"1500\" \/>\n\t<meta property=\"og:image:height\" content=\"1000\" \/>\n\t<meta property=\"og:image:type\" content=\"image\/jpeg\" \/>\n<meta name=\"author\" content=\"Benoit Charette\" \/>\n<meta name=\"twitter:card\" content=\"summary_large_image\" \/>\n<meta name=\"twitter:creator\" content=\"@canadamotorjobs\" \/>\n<meta name=\"twitter:site\" content=\"@canadamotorjobs\" \/>\n<meta name=\"twitter:label1\" content=\"\u00c9crit par\" \/>\n\t<meta name=\"twitter:data1\" content=\"Benoit Charette\" \/>\n\t<meta name=\"twitter:label2\" content=\"Estimation du temps de lecture\" \/>\n\t<meta name=\"twitter:data2\" content=\"2 minutes\" \/>\n<!-- \/ Yoast SEO plugin. -->","yoast_head_json":{"title":"Venturi se pr\u00e9pare \u00e0 aller sur la Lune avec le Flex - CanadaMotorJobs.com","description":"Venturi se pr\u00e9pare \u00e0 aller sur la Lune avec le Flex - Benoit Charette - Annuel automobile - CanadaMotorJobs.com.","robots":{"index":"index","follow":"follow","max-snippet":"max-snippet:-1","max-image-preview":"max-image-preview:large","max-video-preview":"max-video-preview:-1"},"og_locale":"fr_CA","og_type":"article","og_title":"Venturi se pr\u00e9pare \u00e0 aller sur la Lune avec le Flex - CanadaMotorJobs.com","og_description":"Venturi se pr\u00e9pare \u00e0 aller sur la Lune avec le Flex - Benoit Charette - Annuel automobile - CanadaMotorJobs.com.","og_url":"https:\/\/news.canadamotorjobs.com\/fr\/venturi-se-prepare-a-aller-sur-la-lune-avec-le-flex\/","og_site_name":"CanadaMotorJobs.com","article_publisher":"https:\/\/www.facebook.com\/canadamotorjobs\/","article_published_time":"2023-04-04T01:04:32+00:00","article_modified_time":"2023-04-05T20:28:46+00:00","og_image":[{"width":1500,"height":1000,"url":"https:\/\/news.canadamotorjobs.com\/wp-content\/uploads\/2023\/04\/Venturi-Astrolab-Flex-2026-7.jpg","type":"image\/jpeg"}],"author":"Benoit Charette","twitter_card":"summary_large_image","twitter_creator":"@canadamotorjobs","twitter_site":"@canadamotorjobs","twitter_misc":{"\u00c9crit par":"Benoit Charette","Estimation du temps de lecture":"2 minutes"},"schema":{"@context":"https:\/\/schema.org","@graph":[{"@type":"Article","@id":"https:\/\/news.canadamotorjobs.com\/fr\/venturi-se-prepare-a-aller-sur-la-lune-avec-le-flex\/#article","isPartOf":{"@id":"https:\/\/news.canadamotorjobs.com\/fr\/venturi-se-prepare-a-aller-sur-la-lune-avec-le-flex\/"},"author":{"name":"Benoit Charette","@id":"https:\/\/news.canadamotorjobs.com\/#\/schema\/person\/51793d1f87d44011d7bcc2ed99269a90"},"headline":"Venturi se pr\u00e9pare \u00e0 aller sur la Lune avec le Flex","datePublished":"2023-04-04T01:04:32+00:00","dateModified":"2023-04-05T20:28:46+00:00","mainEntityOfPage":{"@id":"https:\/\/news.canadamotorjobs.com\/fr\/venturi-se-prepare-a-aller-sur-la-lune-avec-le-flex\/"},"wordCount":478,"publisher":{"@id":"https:\/\/news.canadamotorjobs.com\/#organization"},"image":{"@id":"https:\/\/news.canadamotorjobs.com\/fr\/venturi-se-prepare-a-aller-sur-la-lune-avec-le-flex\/#primaryimage"},"thumbnailUrl":"https:\/\/news.canadamotorjobs.com\/wp-content\/uploads\/2023\/04\/Venturi-Astrolab-Flex-2026-7.jpg","keywords":["Newsletter"],"articleSection":["Annuel automobile"],"inLanguage":"fr-CA"},{"@type":"WebPage","@id":"https:\/\/news.canadamotorjobs.com\/fr\/venturi-se-prepare-a-aller-sur-la-lune-avec-le-flex\/","url":"https:\/\/news.canadamotorjobs.com\/fr\/venturi-se-prepare-a-aller-sur-la-lune-avec-le-flex\/","name":"Venturi se pr\u00e9pare \u00e0 aller sur la Lune avec le Flex - CanadaMotorJobs.com","isPartOf":{"@id":"https:\/\/news.canadamotorjobs.com\/#website"},"primaryImageOfPage":{"@id":"https:\/\/news.canadamotorjobs.com\/fr\/venturi-se-prepare-a-aller-sur-la-lune-avec-le-flex\/#primaryimage"},"image":{"@id":"https:\/\/news.canadamotorjobs.com\/fr\/venturi-se-prepare-a-aller-sur-la-lune-avec-le-flex\/#primaryimage"},"thumbnailUrl":"https:\/\/news.canadamotorjobs.com\/wp-content\/uploads\/2023\/04\/Venturi-Astrolab-Flex-2026-7.jpg","datePublished":"2023-04-04T01:04:32+00:00","dateModified":"2023-04-05T20:28:46+00:00","description":"Venturi se pr\u00e9pare \u00e0 aller sur la Lune avec le Flex - Benoit Charette - Annuel automobile - CanadaMotorJobs.com.","breadcrumb":{"@id":"https:\/\/news.canadamotorjobs.com\/fr\/venturi-se-prepare-a-aller-sur-la-lune-avec-le-flex\/#breadcrumb"},"inLanguage":"fr-CA","potentialAction":[{"@type":"ReadAction","target":["https:\/\/news.canadamotorjobs.com\/fr\/venturi-se-prepare-a-aller-sur-la-lune-avec-le-flex\/"]}]},{"@type":"ImageObject","inLanguage":"fr-CA","@id":"https:\/\/news.canadamotorjobs.com\/fr\/venturi-se-prepare-a-aller-sur-la-lune-avec-le-flex\/#primaryimage","url":"https:\/\/news.canadamotorjobs.com\/wp-content\/uploads\/2023\/04\/Venturi-Astrolab-Flex-2026-7.jpg","contentUrl":"https:\/\/news.canadamotorjobs.com\/wp-content\/uploads\/2023\/04\/Venturi-Astrolab-Flex-2026-7.jpg","width":1500,"height":1000},{"@type":"BreadcrumbList","@id":"https:\/\/news.canadamotorjobs.com\/fr\/venturi-se-prepare-a-aller-sur-la-lune-avec-le-flex\/#breadcrumb","itemListElement":[{"@type":"ListItem","position":1,"name":"Home","item":"https:\/\/news.canadamotorjobs.com\/fr\/blog\/"},{"@type":"ListItem","position":2,"name":"Venturi se pr\u00e9pare \u00e0 aller sur la Lune avec le Flex"}]},{"@type":"WebSite","@id":"https:\/\/news.canadamotorjobs.com\/#website","url":"https:\/\/news.canadamotorjobs.com\/","name":"CanadaMotorJobs.com","description":"Automotive Jobs","publisher":{"@id":"https:\/\/news.canadamotorjobs.com\/#organization"},"potentialAction":[{"@type":"SearchAction","target":{"@type":"EntryPoint","urlTemplate":"https:\/\/news.canadamotorjobs.com\/?s={search_term_string}"},"query-input":"required name=search_term_string"}],"inLanguage":"fr-CA"},{"@type":"Organization","@id":"https:\/\/news.canadamotorjobs.com\/#organization","name":"Canada Motor Jobs","url":"https:\/\/news.canadamotorjobs.com\/","logo":{"@type":"ImageObject","inLanguage":"fr-CA","@id":"https:\/\/news.canadamotorjobs.com\/#\/schema\/logo\/image\/","url":"https:\/\/news.canadamotorjobs.com\/wp-content\/uploads\/2022\/10\/logo-canada-motor-jobs-1.png","contentUrl":"https:\/\/news.canadamotorjobs.com\/wp-content\/uploads\/2022\/10\/logo-canada-motor-jobs-1.png","width":800,"height":400,"caption":"Canada Motor Jobs"},"image":{"@id":"https:\/\/news.canadamotorjobs.com\/#\/schema\/logo\/image\/"},"sameAs":["https:\/\/www.facebook.com\/canadamotorjobs\/","https:\/\/x.com\/canadamotorjobs","https:\/\/www.instagram.com\/canadamotorjobs\/","https:\/\/www.linkedin.com\/company\/canadamotorjobs"]},{"@type":"Person","@id":"https:\/\/news.canadamotorjobs.com\/#\/schema\/person\/51793d1f87d44011d7bcc2ed99269a90","name":"Benoit Charette","image":{"@type":"ImageObject","inLanguage":"fr-CA","@id":"https:\/\/news.canadamotorjobs.com\/#\/schema\/person\/image\/","url":"https:\/\/secure.gravatar.com\/avatar\/45f3d2eebcccd909668d7ce7ea7267b6?s=96&d=mm&r=g","contentUrl":"https:\/\/secure.gravatar.com\/avatar\/45f3d2eebcccd909668d7ce7ea7267b6?s=96&d=mm&r=g","caption":"Benoit Charette"},"description":"Benoit Charette \/ Propri\u00e9taire et r\u00e9dacteur en chef Benoit Charette pratique le journalisme automobile depuis bient\u00f4t 30 ans. Il a fait ses classes au c\u00f4t\u00e9 de Daniel H\u00e9raud et au Carnet de route de 1992 \u00e0 2001. Il est fondateur, copropri\u00e9taire et r\u00e9dacteur en chef de L\u2019Annuel de l\u2019automobile, qu\u2019il publie depuis 2001. Il a anim\u00e9 les \u00e9missions RPM et RPM+ sur V et les L\u00e9gendes de la route sur Historia. \u00c0 la radio depuis 1986, il reprend l\u2019antenne cette ann\u00e9e sur les ondes de Cogeco et participe pour la deuxi\u00e8me ann\u00e9e \u00e0 l\u2019\u00e9mission Passion Auto sur RDS en plus de mettre en ligne le site Web officiel de L\u2019Annuel de l\u2019automobile sur annuelauto.ca.","sameAs":["https:\/\/annuelauto.ca\/"],"url":"https:\/\/news.canadamotorjobs.com\/fr\/author\/benoit-charette\/"}]}},"_links":{"self":[{"href":"https:\/\/news.canadamotorjobs.com\/fr\/wp-json\/wp\/v2\/posts\/142799"}],"collection":[{"href":"https:\/\/news.canadamotorjobs.com\/fr\/wp-json\/wp\/v2\/posts"}],"about":[{"href":"https:\/\/news.canadamotorjobs.com\/fr\/wp-json\/wp\/v2\/types\/post"}],"author":[{"embeddable":true,"href":"https:\/\/news.canadamotorjobs.com\/fr\/wp-json\/wp\/v2\/users\/8"}],"replies":[{"embeddable":true,"href":"https:\/\/news.canadamotorjobs.com\/fr\/wp-json\/wp\/v2\/comments?post=142799"}],"version-history":[{"count":2,"href":"https:\/\/news.canadamotorjobs.com\/fr\/wp-json\/wp\/v2\/posts\/142799\/revisions"}],"predecessor-version":[{"id":142803,"href":"https:\/\/news.canadamotorjobs.com\/fr\/wp-json\/wp\/v2\/posts\/142799\/revisions\/142803"}],"wp:featuredmedia":[{"embeddable":true,"href":"https:\/\/news.canadamotorjobs.com\/fr\/wp-json\/wp\/v2\/media\/142801"}],"wp:attachment":[{"href":"https:\/\/news.canadamotorjobs.com\/fr\/wp-json\/wp\/v2\/media?parent=142799"}],"wp:term":[{"taxonomy":"category","embeddable":true,"href":"https:\/\/news.canadamotorjobs.com\/fr\/wp-json\/wp\/v2\/categories?post=142799"},{"taxonomy":"post_tag","embeddable":true,"href":"https:\/\/news.canadamotorjobs.com\/fr\/wp-json\/wp\/v2\/tags?post=142799"}],"curies":[{"name":"wp","href":"https:\/\/api.w.org\/{rel}","templated":true}]}}