{"id":142766,"date":"2023-04-03T16:39:52","date_gmt":"2023-04-03T20:39:52","guid":{"rendered":"https:\/\/news.canadamotorjobs.com\/?p=142766"},"modified":"2023-04-03T16:44:09","modified_gmt":"2023-04-03T20:44:09","slug":"le-salon-du-vehicule-electrique-de-montreal-approche-a-grand-pas","status":"publish","type":"post","link":"https:\/\/news.canadamotorjobs.com\/fr\/le-salon-du-vehicule-electrique-de-montreal-approche-a-grand-pas\/","title":{"rendered":"Le Salon du v\u00e9hicule \u00e9lectrique de Montr\u00e9al approche \u00e0 grand pas"},"content":{"rendered":"<\/p>\n<p>La 6e \u00e9dition du Salon du v\u00e9hicule \u00e9lectrique de Montr\u00e9al (SVEM) se d\u00e9roulera au Stade olympique du 21 au 23 avril. Cet \u00e9v\u00e9nement consacr\u00e9 aux v\u00e9hicules \u00e9lectriques et hybrides rechargeables est devenu le plus important en Am\u00e9rique du Nord.<\/p>\n<h3>Une centaine d\u2019exposants<\/h3>\n<p>\nLes visiteurs auront acc\u00e8s \u00e0 plus de 100 exposants, 50 mod\u00e8les, 20 marques automobiles, 60 v\u00e9hicules en essai essai routier y compris la nouvelle Hyundai Ioniq 6 qui sera en plus \u00e0 l&#8217;essai pour les visiteurs.Parmi les autres attractions, vous pourrez voir la nouvelle Corvette E-Ray, un mod\u00e8le Rivian qui sera au kiosque Point-S, une McLaren PHEV chez Protex, un Volkswagen I.D. Buzz, une Polestar 6, un Chevrolet Silverado \u00e9lectrique et plus encore. Plus de 22 marques seront pr\u00e9sentes sur place. En plus de la pr\u00e9sence de grands fabricants automobiles, le Salon est une destination pris\u00e9e pour magasiner parmi une s\u00e9lection de scooters, v\u00e9los, trottinettes, gyropod et autres petits v\u00e9hicules \u00e9lectriques.<\/p>\n<h3>Journ\u00e9e de l\u2019industrie<\/h3>\n<p>\nL a <em>Journ\u00e9e de l\u2019industrie <\/em>sera l\u2019occasion de connecter les intervenants des secteurs priv\u00e9 et public, actifs dans l\u2019\u00e9lectrification des transports. Elle accueillera entre autres des fabricants de v\u00e9hicules, de batteries et de composantes, des fournisseurs d\u2019\u00e9lectricit\u00e9 et des d\u00e9veloppeurs d\u2019infrastructures et de bornes. \u00c9galement, des installateurs, des entrepreneurs, des propri\u00e9taires de flottes et des participants du grand public souhaitant approfondir leur exp\u00e9rience. \u00ab Nous encourageons l\u2019essor de la fili\u00e8re qu\u00e9b\u00e9coise des v\u00e9hicules \u00e9lectriques et des \u00e9nergies propres, explique Luc Saumure. Le Qu\u00e9bec est un formidable espace pour les entrepreneurs et les investisseurs en qu\u00eate d\u2019expertise, de centres de recherche, de ressources et de tarifs avantageux pour d\u00e9velopper ce levier porteur d\u2019emplois. \u00bb<\/p>\n<h3>Le Festival des technologies vertes revient au Salon!<\/h3>\n<p>\nEn compl\u00e9ment de la programmation du SVEM, les visiteurs pourront participer encore une fois cette ann\u00e9e aux nombreuses activit\u00e9s du Festival des technologies vertes de la Foire \u00c9cosph\u00e8re, pr\u00e9sent\u00e9 \u00e0 m\u00eame l\u2019espace du Salon. Ce Festival propose plusieurs panels et conf\u00e9rences sur les sujets de la mobilit\u00e9 durable, des mat\u00e9riaux verts, des \u00e9nergies renouvelables et de l\u2019\u00e9co-conception, dont des discussions anim\u00e9es par le ministre de l\u2019\u00c9conomie, de l\u2019Innovation et de l\u2019\u00c9nergie, Pierre Fitzgibbon, et les professeurs sp\u00e9cialis\u00e9s en efficacit\u00e9 \u00e9nerg\u00e9tique, Pierre-Olivier Pineau et Normand Mousseau.<\/p>\n<h3>Horaire, billets et stationnement<\/h3>\n<p>\nVendredi 21 avril : de 9:30 \u00e0 21:00 h, <em>Journ\u00e9e de l\u2019industrie<\/em>. Ouverture officielle au public : 13 h \u00e0 21 h. Samedi 22 avril : 10 h \u00e0 18 h. Dimanche 23 avril : 10 h \u00e0 17 h. Admission g\u00e9n\u00e9rale 15 $, membres CAA \u00e0 la billetterie 12 $, r\u00e9servations en ligne 13 $, gratuit pour les moins de 12 ans. Stationnement au Stade olympique, acc\u00e8s en m\u00e9tro par les stations Pie IX et Viau.<\/p>\n<p>\u00a0<\/p>\n<p>\u00a0<\/p>\n<p>Le texte <a rel=\"nofollow\" href=\"https:\/\/annuelauto.ca\/le-salon-du-vehicule-electrique-de-montreal-approche-a-grand-pas\/\">Le Salon du v\u00e9hicule \u00e9lectrique de Montr\u00e9al approche \u00e0 grand pas<\/a> provient de <a rel=\"nofollow\" href=\"https:\/\/annuelauto.ca\">L&#8217;annuel de l&#8217;automobile &#8211; Actualit\u00e9 automobile<\/a><\/p>\n<p><\/p>\n","protected":false},"excerpt":{"rendered":"<p>La 6e \u00e9dition du Salon du v\u00e9hicule \u00e9lectrique de Montr\u00e9al (SVEM) se d\u00e9roulera au Stade olympique du 21 au 23 avril. Cet \u00e9v\u00e9nement consacr\u00e9 aux v\u00e9hicules \u00e9lectriques et hybrides rechargeables est devenu le plus important en Am\u00e9rique du Nord. Une centaine d\u2019exposants Les visiteurs auront acc\u00e8s \u00e0 plus de 100 exposants, 50 mod\u00e8les, 20 marques [&hellip;]<\/p>\n","protected":false},"author":8,"featured_media":142768,"comment_status":"close","ping_status":"closed","sticky":false,"template":"","format":"standard","meta":{"_monsterinsights_skip_tracking":false,"_monsterinsights_sitenote_active":false,"_monsterinsights_sitenote_note":"","_monsterinsights_sitenote_category":0,"footnotes":""},"categories":[101],"tags":[],"yoast_head":"<!-- This site is optimized with the Yoast SEO plugin v23.2 - https:\/\/yoast.com\/wordpress\/plugins\/seo\/ -->\n<title>Le Salon du v\u00e9hicule \u00e9lectrique de Montr\u00e9al approche \u00e0 grand pas - CanadaMotorJobs.com<\/title>\n<meta name=\"description\" content=\"Le Salon du v\u00e9hicule \u00e9lectrique de Montr\u00e9al approche \u00e0 grand pas - Benoit Charette - Annuel automobile - CanadaMotorJobs.com.\" \/>\n<meta name=\"robots\" content=\"index, follow, max-snippet:-1, max-image-preview:large, max-video-preview:-1\" \/>\n<meta property=\"og:locale\" content=\"fr_CA\" \/>\n<meta property=\"og:type\" content=\"article\" \/>\n<meta property=\"og:title\" content=\"Le Salon du v\u00e9hicule \u00e9lectrique de Montr\u00e9al approche \u00e0 grand pas - CanadaMotorJobs.com\" \/>\n<meta property=\"og:description\" content=\"Le Salon du v\u00e9hicule \u00e9lectrique de Montr\u00e9al approche \u00e0 grand pas - Benoit Charette - Annuel automobile - CanadaMotorJobs.com.\" \/>\n<meta property=\"og:url\" content=\"https:\/\/news.canadamotorjobs.com\/fr\/le-salon-du-vehicule-electrique-de-montreal-approche-a-grand-pas\/\" \/>\n<meta property=\"og:site_name\" content=\"CanadaMotorJobs.com\" \/>\n<meta property=\"article:publisher\" content=\"https:\/\/www.facebook.com\/canadamotorjobs\/\" \/>\n<meta property=\"article:published_time\" content=\"2023-04-03T20:39:52+00:00\" \/>\n<meta property=\"article:modified_time\" content=\"2023-04-03T20:44:09+00:00\" \/>\n<meta property=\"og:image\" content=\"https:\/\/news.canadamotorjobs.com\/wp-content\/uploads\/2023\/04\/20220422SVEM0236.jpg\" \/>\n\t<meta property=\"og:image:width\" content=\"2400\" \/>\n\t<meta property=\"og:image:height\" content=\"1603\" \/>\n\t<meta property=\"og:image:type\" content=\"image\/jpeg\" \/>\n<meta name=\"author\" content=\"Benoit Charette\" \/>\n<meta name=\"twitter:card\" content=\"summary_large_image\" \/>\n<meta name=\"twitter:creator\" content=\"@canadamotorjobs\" \/>\n<meta name=\"twitter:site\" content=\"@canadamotorjobs\" \/>\n<meta name=\"twitter:label1\" content=\"\u00c9crit par\" \/>\n\t<meta name=\"twitter:data1\" content=\"Benoit Charette\" \/>\n\t<meta name=\"twitter:label2\" content=\"Estimation du temps de lecture\" \/>\n\t<meta name=\"twitter:data2\" content=\"2 minutes\" \/>\n<!-- \/ Yoast SEO plugin. -->","yoast_head_json":{"title":"Le Salon du v\u00e9hicule \u00e9lectrique de Montr\u00e9al approche \u00e0 grand pas - CanadaMotorJobs.com","description":"Le Salon du v\u00e9hicule \u00e9lectrique de Montr\u00e9al approche \u00e0 grand pas - Benoit Charette - Annuel automobile - CanadaMotorJobs.com.","robots":{"index":"index","follow":"follow","max-snippet":"max-snippet:-1","max-image-preview":"max-image-preview:large","max-video-preview":"max-video-preview:-1"},"og_locale":"fr_CA","og_type":"article","og_title":"Le Salon du v\u00e9hicule \u00e9lectrique de Montr\u00e9al approche \u00e0 grand pas - CanadaMotorJobs.com","og_description":"Le Salon du v\u00e9hicule \u00e9lectrique de Montr\u00e9al approche \u00e0 grand pas - Benoit Charette - Annuel automobile - CanadaMotorJobs.com.","og_url":"https:\/\/news.canadamotorjobs.com\/fr\/le-salon-du-vehicule-electrique-de-montreal-approche-a-grand-pas\/","og_site_name":"CanadaMotorJobs.com","article_publisher":"https:\/\/www.facebook.com\/canadamotorjobs\/","article_published_time":"2023-04-03T20:39:52+00:00","article_modified_time":"2023-04-03T20:44:09+00:00","og_image":[{"width":2400,"height":1603,"url":"https:\/\/news.canadamotorjobs.com\/wp-content\/uploads\/2023\/04\/20220422SVEM0236.jpg","type":"image\/jpeg"}],"author":"Benoit Charette","twitter_card":"summary_large_image","twitter_creator":"@canadamotorjobs","twitter_site":"@canadamotorjobs","twitter_misc":{"\u00c9crit par":"Benoit Charette","Estimation du temps de lecture":"2 minutes"},"schema":{"@context":"https:\/\/schema.org","@graph":[{"@type":"Article","@id":"https:\/\/news.canadamotorjobs.com\/fr\/le-salon-du-vehicule-electrique-de-montreal-approche-a-grand-pas\/#article","isPartOf":{"@id":"https:\/\/news.canadamotorjobs.com\/fr\/le-salon-du-vehicule-electrique-de-montreal-approche-a-grand-pas\/"},"author":{"name":"Benoit Charette","@id":"https:\/\/news.canadamotorjobs.com\/#\/schema\/person\/51793d1f87d44011d7bcc2ed99269a90"},"headline":"Le Salon du v\u00e9hicule \u00e9lectrique de Montr\u00e9al approche \u00e0 grand pas","datePublished":"2023-04-03T20:39:52+00:00","dateModified":"2023-04-03T20:44:09+00:00","mainEntityOfPage":{"@id":"https:\/\/news.canadamotorjobs.com\/fr\/le-salon-du-vehicule-electrique-de-montreal-approche-a-grand-pas\/"},"wordCount":504,"publisher":{"@id":"https:\/\/news.canadamotorjobs.com\/#organization"},"image":{"@id":"https:\/\/news.canadamotorjobs.com\/fr\/le-salon-du-vehicule-electrique-de-montreal-approche-a-grand-pas\/#primaryimage"},"thumbnailUrl":"https:\/\/news.canadamotorjobs.com\/wp-content\/uploads\/2023\/04\/20220422SVEM0236.jpg","articleSection":["Annuel automobile"],"inLanguage":"fr-CA"},{"@type":"WebPage","@id":"https:\/\/news.canadamotorjobs.com\/fr\/le-salon-du-vehicule-electrique-de-montreal-approche-a-grand-pas\/","url":"https:\/\/news.canadamotorjobs.com\/fr\/le-salon-du-vehicule-electrique-de-montreal-approche-a-grand-pas\/","name":"Le Salon du v\u00e9hicule \u00e9lectrique de Montr\u00e9al approche \u00e0 grand pas - CanadaMotorJobs.com","isPartOf":{"@id":"https:\/\/news.canadamotorjobs.com\/#website"},"primaryImageOfPage":{"@id":"https:\/\/news.canadamotorjobs.com\/fr\/le-salon-du-vehicule-electrique-de-montreal-approche-a-grand-pas\/#primaryimage"},"image":{"@id":"https:\/\/news.canadamotorjobs.com\/fr\/le-salon-du-vehicule-electrique-de-montreal-approche-a-grand-pas\/#primaryimage"},"thumbnailUrl":"https:\/\/news.canadamotorjobs.com\/wp-content\/uploads\/2023\/04\/20220422SVEM0236.jpg","datePublished":"2023-04-03T20:39:52+00:00","dateModified":"2023-04-03T20:44:09+00:00","description":"Le Salon du v\u00e9hicule \u00e9lectrique de Montr\u00e9al approche \u00e0 grand pas - Benoit Charette - Annuel automobile - CanadaMotorJobs.com.","breadcrumb":{"@id":"https:\/\/news.canadamotorjobs.com\/fr\/le-salon-du-vehicule-electrique-de-montreal-approche-a-grand-pas\/#breadcrumb"},"inLanguage":"fr-CA","potentialAction":[{"@type":"ReadAction","target":["https:\/\/news.canadamotorjobs.com\/fr\/le-salon-du-vehicule-electrique-de-montreal-approche-a-grand-pas\/"]}]},{"@type":"ImageObject","inLanguage":"fr-CA","@id":"https:\/\/news.canadamotorjobs.com\/fr\/le-salon-du-vehicule-electrique-de-montreal-approche-a-grand-pas\/#primaryimage","url":"https:\/\/news.canadamotorjobs.com\/wp-content\/uploads\/2023\/04\/20220422SVEM0236.jpg","contentUrl":"https:\/\/news.canadamotorjobs.com\/wp-content\/uploads\/2023\/04\/20220422SVEM0236.jpg","width":2400,"height":1603},{"@type":"BreadcrumbList","@id":"https:\/\/news.canadamotorjobs.com\/fr\/le-salon-du-vehicule-electrique-de-montreal-approche-a-grand-pas\/#breadcrumb","itemListElement":[{"@type":"ListItem","position":1,"name":"Home","item":"https:\/\/news.canadamotorjobs.com\/fr\/blog\/"},{"@type":"ListItem","position":2,"name":"Le Salon du v\u00e9hicule \u00e9lectrique de Montr\u00e9al approche \u00e0 grand pas"}]},{"@type":"WebSite","@id":"https:\/\/news.canadamotorjobs.com\/#website","url":"https:\/\/news.canadamotorjobs.com\/","name":"CanadaMotorJobs.com","description":"Automotive Jobs","publisher":{"@id":"https:\/\/news.canadamotorjobs.com\/#organization"},"potentialAction":[{"@type":"SearchAction","target":{"@type":"EntryPoint","urlTemplate":"https:\/\/news.canadamotorjobs.com\/?s={search_term_string}"},"query-input":"required name=search_term_string"}],"inLanguage":"fr-CA"},{"@type":"Organization","@id":"https:\/\/news.canadamotorjobs.com\/#organization","name":"Canada Motor Jobs","url":"https:\/\/news.canadamotorjobs.com\/","logo":{"@type":"ImageObject","inLanguage":"fr-CA","@id":"https:\/\/news.canadamotorjobs.com\/#\/schema\/logo\/image\/","url":"https:\/\/news.canadamotorjobs.com\/wp-content\/uploads\/2022\/10\/logo-canada-motor-jobs-1.png","contentUrl":"https:\/\/news.canadamotorjobs.com\/wp-content\/uploads\/2022\/10\/logo-canada-motor-jobs-1.png","width":800,"height":400,"caption":"Canada Motor Jobs"},"image":{"@id":"https:\/\/news.canadamotorjobs.com\/#\/schema\/logo\/image\/"},"sameAs":["https:\/\/www.facebook.com\/canadamotorjobs\/","https:\/\/x.com\/canadamotorjobs","https:\/\/www.instagram.com\/canadamotorjobs\/","https:\/\/www.linkedin.com\/company\/canadamotorjobs"]},{"@type":"Person","@id":"https:\/\/news.canadamotorjobs.com\/#\/schema\/person\/51793d1f87d44011d7bcc2ed99269a90","name":"Benoit Charette","image":{"@type":"ImageObject","inLanguage":"fr-CA","@id":"https:\/\/news.canadamotorjobs.com\/#\/schema\/person\/image\/","url":"https:\/\/secure.gravatar.com\/avatar\/45f3d2eebcccd909668d7ce7ea7267b6?s=96&d=mm&r=g","contentUrl":"https:\/\/secure.gravatar.com\/avatar\/45f3d2eebcccd909668d7ce7ea7267b6?s=96&d=mm&r=g","caption":"Benoit Charette"},"description":"Benoit Charette \/ Propri\u00e9taire et r\u00e9dacteur en chef Benoit Charette pratique le journalisme automobile depuis bient\u00f4t 30 ans. Il a fait ses classes au c\u00f4t\u00e9 de Daniel H\u00e9raud et au Carnet de route de 1992 \u00e0 2001. Il est fondateur, copropri\u00e9taire et r\u00e9dacteur en chef de L\u2019Annuel de l\u2019automobile, qu\u2019il publie depuis 2001. Il a anim\u00e9 les \u00e9missions RPM et RPM+ sur V et les L\u00e9gendes de la route sur Historia. \u00c0 la radio depuis 1986, il reprend l\u2019antenne cette ann\u00e9e sur les ondes de Cogeco et participe pour la deuxi\u00e8me ann\u00e9e \u00e0 l\u2019\u00e9mission Passion Auto sur RDS en plus de mettre en ligne le site Web officiel de L\u2019Annuel de l\u2019automobile sur annuelauto.ca.","sameAs":["https:\/\/annuelauto.ca\/"],"url":"https:\/\/news.canadamotorjobs.com\/fr\/author\/benoit-charette\/"}]}},"_links":{"self":[{"href":"https:\/\/news.canadamotorjobs.com\/fr\/wp-json\/wp\/v2\/posts\/142766"}],"collection":[{"href":"https:\/\/news.canadamotorjobs.com\/fr\/wp-json\/wp\/v2\/posts"}],"about":[{"href":"https:\/\/news.canadamotorjobs.com\/fr\/wp-json\/wp\/v2\/types\/post"}],"author":[{"embeddable":true,"href":"https:\/\/news.canadamotorjobs.com\/fr\/wp-json\/wp\/v2\/users\/8"}],"replies":[{"embeddable":true,"href":"https:\/\/news.canadamotorjobs.com\/fr\/wp-json\/wp\/v2\/comments?post=142766"}],"version-history":[{"count":2,"href":"https:\/\/news.canadamotorjobs.com\/fr\/wp-json\/wp\/v2\/posts\/142766\/revisions"}],"predecessor-version":[{"id":142770,"href":"https:\/\/news.canadamotorjobs.com\/fr\/wp-json\/wp\/v2\/posts\/142766\/revisions\/142770"}],"wp:featuredmedia":[{"embeddable":true,"href":"https:\/\/news.canadamotorjobs.com\/fr\/wp-json\/wp\/v2\/media\/142768"}],"wp:attachment":[{"href":"https:\/\/news.canadamotorjobs.com\/fr\/wp-json\/wp\/v2\/media?parent=142766"}],"wp:term":[{"taxonomy":"category","embeddable":true,"href":"https:\/\/news.canadamotorjobs.com\/fr\/wp-json\/wp\/v2\/categories?post=142766"},{"taxonomy":"post_tag","embeddable":true,"href":"https:\/\/news.canadamotorjobs.com\/fr\/wp-json\/wp\/v2\/tags?post=142766"}],"curies":[{"name":"wp","href":"https:\/\/api.w.org\/{rel}","templated":true}]}}