{"id":142742,"date":"2023-04-03T09:23:13","date_gmt":"2023-04-03T13:23:13","guid":{"rendered":"https:\/\/news.canadamotorjobs.com\/?p=142742"},"modified":"2023-04-03T09:44:51","modified_gmt":"2023-04-03T13:44:51","slug":"la-coreenne-ssangyong-motor-company-se-nomme-desormais-kg-mobility","status":"publish","type":"post","link":"https:\/\/news.canadamotorjobs.com\/fr\/la-coreenne-ssangyong-motor-company-se-nomme-desormais-kg-mobility\/","title":{"rendered":"La cor\u00e9enne SsangYong Motor Company se nomme d\u00e9sormais KG Mobility"},"content":{"rendered":"<\/p>\n<p>Le 22 mars dernier, sept mois apr\u00e8s son acquisition par le Groupe KG, un important conglom\u00e9rat sud-cor\u00e9en, la <a href=\"https:\/\/annuelauto.ca\/ssangyong-ou-les-deux-dragons-en-quete-de-stabilite\/\" target=\"_blank\" rel=\"noopener noreferrer\">SsangYong<\/a> Motor Company est devenue KG Mobility. Pour confirmer la relance de la marque, au Salon de <a href=\"https:\/\/annuelauto.ca\/hyundai-presente-son-robot-chargeur-automatique-pour-ve\/\" target=\"_blank\" rel=\"noopener noreferrer\">S\u00e9oul<\/a>, on a d\u00e9voil\u00e9 pas moins de quatre prototypes pr\u00e9figurant de futures nouveaut\u00e9s \u00e9lectriques.<\/p>\n<p>KG Mobility s\u2019int\u00e9grera donc parmi la vingtaine de filiales que compte le Groupe\u00a0KG, un conglom\u00e9rat sud-cor\u00e9en pr\u00e9sent dans une multitude de secteurs d\u2019activit\u00e9s allant de la chimie \u00e0 l\u2019\u00e9nergie verte, en passant par la sid\u00e9rurgie, les technologies de l&#8217;information, les m\u00e9dias et m\u00eame la formation.<\/p>\n<p>Dans cet ensemble, KG\u00a0Mobility deviendra l\u2019acteur d\u2019une mobilit\u00e9 durable tourn\u00e9 vers l&#8217;avenir et d&#8217;envergure mondiale, explique la direction du groupe dans un communiqu\u00e9. Le constructeur n\u2019a d\u2019ailleurs pas tard\u00e9 \u00e0 le d\u00e9montrer.<\/p>\n<p>Sous le th\u00e8me \u00ab\u00a0Go.\u00a0Different. KG\u00a0Mobility\u00a0\u00bb, KG a pr\u00e9sent\u00e9 un impressionnant \u00e9talage de nouveaut\u00e9s dans le cadre du Salon de l\u2019auto de S\u00e9oul, une biennale connue sous le nom de Seoul Motor Show qui a \u00e9t\u00e9 rebaptis\u00e9e Seoul Mobility Show en 2021. La vedette \u00e9tait l\u2019utilitaire Torres\u00a0EVX, qui a \u00e9t\u00e9 pr\u00e9sent\u00e9 en premi\u00e8re mondiale. Ce nouveau mod\u00e8le de s\u00e9rie \u00e0 motorisation \u00e9lectrique offrira une autonomie de 500\u00a0km et sera commercialis\u00e9 \u00e0 partir du second semestre de 2023.<\/p>\n<p>\u00c0 ses c\u00f4t\u00e9s, le constructeur pr\u00e9sentait un \u00e9ventail de prototypes, \u00e0 commencer par une nouvelle plateforme bimoteur \u00e0 quatre roues motrices r\u00e9actives qu\u2019il destine \u00e0 de futurs mod\u00e8les \u00e9lectriques. \u00c0 cela s\u2019ajoutaient trois v\u00e9hicules-concepts\u00a0: l\u2019O100, une camionnette de taille moyenne, le F100, un utilitaire de grand format, et le KR10, un baroudeur compact d\u2019allure r\u00e9tro. Selon le constructeur, ces trois concepts pr\u00e9figurent des mod\u00e8les de s\u00e9rie qui seront en production d\u2019ici deux ans.<\/p>\n<p>Par ailleurs, une partie du kiosque de la marque, qui \u00e9tait pr\u00e9sent\u00e9e en collaboration avec d&#8217;autres acteurs du secteur des technologies de l&#8217;information et des logiciels au sein du groupe\u00a0KG, \u00e9tait consacr\u00e9e \u00e0 la conduite autonome et \u00e0 la connectivit\u00e9.<\/p>\n<p>Rappelons que la SsangYong Motor est issue de la Ha Dong-Hwan Motor Workshop, une entreprise fond\u00e9e en janvier 1954 qui avait chang\u00e9 son nom pour Dong-A Motor Co. en 1977, puis SsangYong Motor en 1988.<\/p>\n<p>En 2011, SsangYong \u00e9tait pass\u00e9 sous le contr\u00f4le du constructeur indien Mahindra &amp; Mahindra (l&#8217;actuel propri\u00e9taire de <a href=\"https:\/\/annuelauto.ca\/la-soufflerie-de-pininfarina-celebre-ses-50-ans\/\" target=\"_blank\" rel=\"noopener noreferrer\">Pininfarina<\/a>), qui n\u2019a jamais r\u00e9ussi \u00e0 en faire une entit\u00e9 profitable. Puis, en septembre dernier, le Groupe KG en annon\u00e7ait officiellement la reprise.<\/p>\n<p>Aujourd\u2019hui, sa gamme de v\u00e9hicules est commercialis\u00e9e dans 126 pays, notamment en Europe de l\u2019Ouest, mais pas en Am\u00e9rique du Nord ni au Japon. Elle est compos\u00e9e uniquement d\u2019utilitaires\u00a0: les Torres, Tivoli, Korando, Rexton et Rexton Sports.<\/p>\n<p>Et qui sait, son acquisition par le Groupe\u00a0KG ouvre peut-\u00eatre (enfin) la porte \u00e0 une pr\u00e9sence future de ses produits sur les march\u00e9s nord-am\u00e9ricains\u00a0?<\/p>\n<p><em>Photos : KG Mobility et Salon de S\u00e9oul<\/em><\/p>\n<p>Le texte <a rel=\"nofollow\" href=\"https:\/\/annuelauto.ca\/la-coreenne-ssangyong-motor-company-se-nomme-desormais-kg-mobility\/\">La cor\u00e9enne SsangYong Motor Company se nomme d\u00e9sormais KG Mobility<\/a> provient de <a rel=\"nofollow\" href=\"https:\/\/annuelauto.ca\">L&#8217;annuel de l&#8217;automobile &#8211; Actualit\u00e9 automobile<\/a><\/p>\n<p><\/p>\n","protected":false},"excerpt":{"rendered":"<p>Le 22 mars dernier, sept mois apr\u00e8s son acquisition par le Groupe KG, un important conglom\u00e9rat sud-cor\u00e9en, la SsangYong Motor Company est devenue KG Mobility. Pour confirmer la relance de la marque, au Salon de S\u00e9oul, on a d\u00e9voil\u00e9 pas moins de quatre prototypes pr\u00e9figurant de futures nouveaut\u00e9s \u00e9lectriques. KG Mobility s\u2019int\u00e9grera donc parmi la [&hellip;]<\/p>\n","protected":false},"author":8,"featured_media":142744,"comment_status":"close","ping_status":"closed","sticky":false,"template":"","format":"standard","meta":{"_monsterinsights_skip_tracking":false,"_monsterinsights_sitenote_active":false,"_monsterinsights_sitenote_note":"","_monsterinsights_sitenote_category":0,"footnotes":""},"categories":[101],"tags":[],"yoast_head":"<!-- This site is optimized with the Yoast SEO plugin v23.2 - https:\/\/yoast.com\/wordpress\/plugins\/seo\/ -->\n<title>La cor\u00e9enne SsangYong Motor Company se nomme d\u00e9sormais KG Mobility - CanadaMotorJobs.com<\/title>\n<meta name=\"description\" content=\"La cor\u00e9enne SsangYong Motor Company se nomme d\u00e9sormais KG Mobility - Benoit Charette - Annuel automobile - CanadaMotorJobs.com.\" \/>\n<meta name=\"robots\" content=\"index, follow, max-snippet:-1, max-image-preview:large, max-video-preview:-1\" \/>\n<meta property=\"og:locale\" content=\"fr_CA\" \/>\n<meta property=\"og:type\" content=\"article\" \/>\n<meta property=\"og:title\" content=\"La cor\u00e9enne SsangYong Motor Company se nomme d\u00e9sormais KG Mobility - CanadaMotorJobs.com\" \/>\n<meta property=\"og:description\" content=\"La cor\u00e9enne SsangYong Motor Company se nomme d\u00e9sormais KG Mobility - Benoit Charette - Annuel automobile - CanadaMotorJobs.com.\" \/>\n<meta property=\"og:url\" content=\"https:\/\/news.canadamotorjobs.com\/fr\/la-coreenne-ssangyong-motor-company-se-nomme-desormais-kg-mobility\/\" \/>\n<meta property=\"og:site_name\" content=\"CanadaMotorJobs.com\" \/>\n<meta property=\"article:publisher\" content=\"https:\/\/www.facebook.com\/canadamotorjobs\/\" \/>\n<meta property=\"article:published_time\" content=\"2023-04-03T13:23:13+00:00\" \/>\n<meta property=\"article:modified_time\" content=\"2023-04-03T13:44:51+00:00\" \/>\n<meta property=\"og:image\" content=\"https:\/\/news.canadamotorjobs.com\/wp-content\/uploads\/2023\/04\/KG-Mobility-Torres-EVX-2023-2.jpg\" \/>\n\t<meta property=\"og:image:width\" content=\"1500\" \/>\n\t<meta property=\"og:image:height\" content=\"1000\" \/>\n\t<meta property=\"og:image:type\" content=\"image\/jpeg\" \/>\n<meta name=\"author\" content=\"Benoit Charette\" \/>\n<meta name=\"twitter:card\" content=\"summary_large_image\" \/>\n<meta name=\"twitter:creator\" content=\"@canadamotorjobs\" \/>\n<meta name=\"twitter:site\" content=\"@canadamotorjobs\" \/>\n<meta name=\"twitter:label1\" content=\"\u00c9crit par\" \/>\n\t<meta name=\"twitter:data1\" content=\"Benoit Charette\" \/>\n\t<meta name=\"twitter:label2\" content=\"Estimation du temps de lecture\" \/>\n\t<meta name=\"twitter:data2\" content=\"3 minutes\" \/>\n<!-- \/ Yoast SEO plugin. -->","yoast_head_json":{"title":"La cor\u00e9enne SsangYong Motor Company se nomme d\u00e9sormais KG Mobility - CanadaMotorJobs.com","description":"La cor\u00e9enne SsangYong Motor Company se nomme d\u00e9sormais KG Mobility - Benoit Charette - Annuel automobile - CanadaMotorJobs.com.","robots":{"index":"index","follow":"follow","max-snippet":"max-snippet:-1","max-image-preview":"max-image-preview:large","max-video-preview":"max-video-preview:-1"},"og_locale":"fr_CA","og_type":"article","og_title":"La cor\u00e9enne SsangYong Motor Company se nomme d\u00e9sormais KG Mobility - CanadaMotorJobs.com","og_description":"La cor\u00e9enne SsangYong Motor Company se nomme d\u00e9sormais KG Mobility - Benoit Charette - Annuel automobile - CanadaMotorJobs.com.","og_url":"https:\/\/news.canadamotorjobs.com\/fr\/la-coreenne-ssangyong-motor-company-se-nomme-desormais-kg-mobility\/","og_site_name":"CanadaMotorJobs.com","article_publisher":"https:\/\/www.facebook.com\/canadamotorjobs\/","article_published_time":"2023-04-03T13:23:13+00:00","article_modified_time":"2023-04-03T13:44:51+00:00","og_image":[{"width":1500,"height":1000,"url":"https:\/\/news.canadamotorjobs.com\/wp-content\/uploads\/2023\/04\/KG-Mobility-Torres-EVX-2023-2.jpg","type":"image\/jpeg"}],"author":"Benoit Charette","twitter_card":"summary_large_image","twitter_creator":"@canadamotorjobs","twitter_site":"@canadamotorjobs","twitter_misc":{"\u00c9crit par":"Benoit Charette","Estimation du temps de lecture":"3 minutes"},"schema":{"@context":"https:\/\/schema.org","@graph":[{"@type":"Article","@id":"https:\/\/news.canadamotorjobs.com\/fr\/la-coreenne-ssangyong-motor-company-se-nomme-desormais-kg-mobility\/#article","isPartOf":{"@id":"https:\/\/news.canadamotorjobs.com\/fr\/la-coreenne-ssangyong-motor-company-se-nomme-desormais-kg-mobility\/"},"author":{"name":"Benoit Charette","@id":"https:\/\/news.canadamotorjobs.com\/#\/schema\/person\/51793d1f87d44011d7bcc2ed99269a90"},"headline":"La cor\u00e9enne SsangYong Motor Company se nomme d\u00e9sormais KG Mobility","datePublished":"2023-04-03T13:23:13+00:00","dateModified":"2023-04-03T13:44:51+00:00","mainEntityOfPage":{"@id":"https:\/\/news.canadamotorjobs.com\/fr\/la-coreenne-ssangyong-motor-company-se-nomme-desormais-kg-mobility\/"},"wordCount":556,"publisher":{"@id":"https:\/\/news.canadamotorjobs.com\/#organization"},"image":{"@id":"https:\/\/news.canadamotorjobs.com\/fr\/la-coreenne-ssangyong-motor-company-se-nomme-desormais-kg-mobility\/#primaryimage"},"thumbnailUrl":"https:\/\/news.canadamotorjobs.com\/wp-content\/uploads\/2023\/04\/KG-Mobility-Torres-EVX-2023-2.jpg","articleSection":["Annuel automobile"],"inLanguage":"fr-CA"},{"@type":"WebPage","@id":"https:\/\/news.canadamotorjobs.com\/fr\/la-coreenne-ssangyong-motor-company-se-nomme-desormais-kg-mobility\/","url":"https:\/\/news.canadamotorjobs.com\/fr\/la-coreenne-ssangyong-motor-company-se-nomme-desormais-kg-mobility\/","name":"La cor\u00e9enne SsangYong Motor Company se nomme d\u00e9sormais KG Mobility - CanadaMotorJobs.com","isPartOf":{"@id":"https:\/\/news.canadamotorjobs.com\/#website"},"primaryImageOfPage":{"@id":"https:\/\/news.canadamotorjobs.com\/fr\/la-coreenne-ssangyong-motor-company-se-nomme-desormais-kg-mobility\/#primaryimage"},"image":{"@id":"https:\/\/news.canadamotorjobs.com\/fr\/la-coreenne-ssangyong-motor-company-se-nomme-desormais-kg-mobility\/#primaryimage"},"thumbnailUrl":"https:\/\/news.canadamotorjobs.com\/wp-content\/uploads\/2023\/04\/KG-Mobility-Torres-EVX-2023-2.jpg","datePublished":"2023-04-03T13:23:13+00:00","dateModified":"2023-04-03T13:44:51+00:00","description":"La cor\u00e9enne SsangYong Motor Company se nomme d\u00e9sormais KG Mobility - Benoit Charette - Annuel automobile - CanadaMotorJobs.com.","breadcrumb":{"@id":"https:\/\/news.canadamotorjobs.com\/fr\/la-coreenne-ssangyong-motor-company-se-nomme-desormais-kg-mobility\/#breadcrumb"},"inLanguage":"fr-CA","potentialAction":[{"@type":"ReadAction","target":["https:\/\/news.canadamotorjobs.com\/fr\/la-coreenne-ssangyong-motor-company-se-nomme-desormais-kg-mobility\/"]}]},{"@type":"ImageObject","inLanguage":"fr-CA","@id":"https:\/\/news.canadamotorjobs.com\/fr\/la-coreenne-ssangyong-motor-company-se-nomme-desormais-kg-mobility\/#primaryimage","url":"https:\/\/news.canadamotorjobs.com\/wp-content\/uploads\/2023\/04\/KG-Mobility-Torres-EVX-2023-2.jpg","contentUrl":"https:\/\/news.canadamotorjobs.com\/wp-content\/uploads\/2023\/04\/KG-Mobility-Torres-EVX-2023-2.jpg","width":1500,"height":1000},{"@type":"BreadcrumbList","@id":"https:\/\/news.canadamotorjobs.com\/fr\/la-coreenne-ssangyong-motor-company-se-nomme-desormais-kg-mobility\/#breadcrumb","itemListElement":[{"@type":"ListItem","position":1,"name":"Home","item":"https:\/\/news.canadamotorjobs.com\/fr\/blog\/"},{"@type":"ListItem","position":2,"name":"La cor\u00e9enne SsangYong Motor Company se nomme d\u00e9sormais KG Mobility"}]},{"@type":"WebSite","@id":"https:\/\/news.canadamotorjobs.com\/#website","url":"https:\/\/news.canadamotorjobs.com\/","name":"CanadaMotorJobs.com","description":"Automotive Jobs","publisher":{"@id":"https:\/\/news.canadamotorjobs.com\/#organization"},"potentialAction":[{"@type":"SearchAction","target":{"@type":"EntryPoint","urlTemplate":"https:\/\/news.canadamotorjobs.com\/?s={search_term_string}"},"query-input":"required name=search_term_string"}],"inLanguage":"fr-CA"},{"@type":"Organization","@id":"https:\/\/news.canadamotorjobs.com\/#organization","name":"Canada Motor Jobs","url":"https:\/\/news.canadamotorjobs.com\/","logo":{"@type":"ImageObject","inLanguage":"fr-CA","@id":"https:\/\/news.canadamotorjobs.com\/#\/schema\/logo\/image\/","url":"https:\/\/news.canadamotorjobs.com\/wp-content\/uploads\/2022\/10\/logo-canada-motor-jobs-1.png","contentUrl":"https:\/\/news.canadamotorjobs.com\/wp-content\/uploads\/2022\/10\/logo-canada-motor-jobs-1.png","width":800,"height":400,"caption":"Canada Motor Jobs"},"image":{"@id":"https:\/\/news.canadamotorjobs.com\/#\/schema\/logo\/image\/"},"sameAs":["https:\/\/www.facebook.com\/canadamotorjobs\/","https:\/\/x.com\/canadamotorjobs","https:\/\/www.instagram.com\/canadamotorjobs\/","https:\/\/www.linkedin.com\/company\/canadamotorjobs"]},{"@type":"Person","@id":"https:\/\/news.canadamotorjobs.com\/#\/schema\/person\/51793d1f87d44011d7bcc2ed99269a90","name":"Benoit Charette","image":{"@type":"ImageObject","inLanguage":"fr-CA","@id":"https:\/\/news.canadamotorjobs.com\/#\/schema\/person\/image\/","url":"https:\/\/secure.gravatar.com\/avatar\/45f3d2eebcccd909668d7ce7ea7267b6?s=96&d=mm&r=g","contentUrl":"https:\/\/secure.gravatar.com\/avatar\/45f3d2eebcccd909668d7ce7ea7267b6?s=96&d=mm&r=g","caption":"Benoit Charette"},"description":"Benoit Charette \/ Propri\u00e9taire et r\u00e9dacteur en chef Benoit Charette pratique le journalisme automobile depuis bient\u00f4t 30 ans. Il a fait ses classes au c\u00f4t\u00e9 de Daniel H\u00e9raud et au Carnet de route de 1992 \u00e0 2001. Il est fondateur, copropri\u00e9taire et r\u00e9dacteur en chef de L\u2019Annuel de l\u2019automobile, qu\u2019il publie depuis 2001. Il a anim\u00e9 les \u00e9missions RPM et RPM+ sur V et les L\u00e9gendes de la route sur Historia. \u00c0 la radio depuis 1986, il reprend l\u2019antenne cette ann\u00e9e sur les ondes de Cogeco et participe pour la deuxi\u00e8me ann\u00e9e \u00e0 l\u2019\u00e9mission Passion Auto sur RDS en plus de mettre en ligne le site Web officiel de L\u2019Annuel de l\u2019automobile sur annuelauto.ca.","sameAs":["https:\/\/annuelauto.ca\/"],"url":"https:\/\/news.canadamotorjobs.com\/fr\/author\/benoit-charette\/"}]}},"_links":{"self":[{"href":"https:\/\/news.canadamotorjobs.com\/fr\/wp-json\/wp\/v2\/posts\/142742"}],"collection":[{"href":"https:\/\/news.canadamotorjobs.com\/fr\/wp-json\/wp\/v2\/posts"}],"about":[{"href":"https:\/\/news.canadamotorjobs.com\/fr\/wp-json\/wp\/v2\/types\/post"}],"author":[{"embeddable":true,"href":"https:\/\/news.canadamotorjobs.com\/fr\/wp-json\/wp\/v2\/users\/8"}],"replies":[{"embeddable":true,"href":"https:\/\/news.canadamotorjobs.com\/fr\/wp-json\/wp\/v2\/comments?post=142742"}],"version-history":[{"count":2,"href":"https:\/\/news.canadamotorjobs.com\/fr\/wp-json\/wp\/v2\/posts\/142742\/revisions"}],"predecessor-version":[{"id":142746,"href":"https:\/\/news.canadamotorjobs.com\/fr\/wp-json\/wp\/v2\/posts\/142742\/revisions\/142746"}],"wp:featuredmedia":[{"embeddable":true,"href":"https:\/\/news.canadamotorjobs.com\/fr\/wp-json\/wp\/v2\/media\/142744"}],"wp:attachment":[{"href":"https:\/\/news.canadamotorjobs.com\/fr\/wp-json\/wp\/v2\/media?parent=142742"}],"wp:term":[{"taxonomy":"category","embeddable":true,"href":"https:\/\/news.canadamotorjobs.com\/fr\/wp-json\/wp\/v2\/categories?post=142742"},{"taxonomy":"post_tag","embeddable":true,"href":"https:\/\/news.canadamotorjobs.com\/fr\/wp-json\/wp\/v2\/tags?post=142742"}],"curies":[{"name":"wp","href":"https:\/\/api.w.org\/{rel}","templated":true}]}}