{"id":142673,"date":"2023-04-01T10:54:33","date_gmt":"2023-04-01T14:54:33","guid":{"rendered":"https:\/\/news.canadamotorjobs.com\/?p=142673"},"modified":"2023-04-01T10:58:52","modified_gmt":"2023-04-01T14:58:52","slug":"honda-ordonne-larret-de-la-vente-de-la-civic-type-r-2023","status":"publish","type":"post","link":"https:\/\/news.canadamotorjobs.com\/fr\/honda-ordonne-larret-de-la-vente-de-la-civic-type-r-2023\/","title":{"rendered":"Honda ordonne l\u2019arr\u00eat de la vente de la Civic Type R 2023"},"content":{"rendered":"<\/p>\n<ul><\/p>\n<li>\n<h3>Le probl\u00e8me est un coussin d\u00e9fectueux dans le si\u00e8ge du conducteur.<\/h3>\n<p>\n<\/li>\n<p>\n<\/ul>\n<p>\nHonda a \u00e9mis un ordre d&#8217;arr\u00eat des ventes jusqu&#8217;\u00e0 nouvel ordre et un rappel pour certains exemplaires de la Civic Type R 2023 \u00e0 hayon, en raison d&#8217;un assemblage du cadre du coussin du si\u00e8ge du conducteur qui pourrait pr\u00e9senter des soudures d\u00e9fectueuses. Voici les informations donn\u00e9es par le bulletin de service chez Honda\u00a0:<\/p>\n<p>&#8220;En raison d&#8217;une mauvaise fabrication, l&#8217;assemblage du cadre du coussin du si\u00e8ge du conducteur peut pr\u00e9senter des soudures d\u00e9fectueuses qui peuvent entra\u00eener des grincements, des bruits de cliquetis ou la rupture de la soudure du cadre du si\u00e8ge. Lors d&#8217;un accident, la rupture d&#8217;une soudure de l&#8217;assise du si\u00e8ge peut potentiellement affecter la fonction de protection de la ceinture de s\u00e9curit\u00e9 et augmenter le risque de blessure d&#8217;un occupant du si\u00e8ge&#8221;.<\/p>\n<h3>Un rappel \u00e0 venir<\/h3>\n<p>\nHonda a inform\u00e9 la National Highway Transportation Safety Administration (NHTSA) du probl\u00e8me. Le rappel sera publi\u00e9 sous peu pour les mod\u00e8les Civic R 2023. \u00a0Le si\u00e8ge lui-m\u00eame est un mod\u00e8le \u00e0 r\u00e9glage manuel.<\/p>\n<p>\u00a0<\/p>\n<p>Avec des renseignements de Carbuzz<\/p>\n<p>Le texte <a rel=\"nofollow\" href=\"https:\/\/annuelauto.ca\/honda-ordonne-larret-de-la-vente-de-la-civic-type-r-2023\/\">Honda ordonne l\u2019arr\u00eat de la vente de la Civic Type R 2023<\/a> provient de <a rel=\"nofollow\" href=\"https:\/\/annuelauto.ca\">L&#8217;annuel de l&#8217;automobile &#8211; Actualit\u00e9 automobile<\/a><\/p>\n<p><\/p>\n","protected":false},"excerpt":{"rendered":"<p>Le probl\u00e8me est un coussin d\u00e9fectueux dans le si\u00e8ge du conducteur. Honda a \u00e9mis un ordre d&#8217;arr\u00eat des ventes jusqu&#8217;\u00e0 nouvel ordre et un rappel pour certains exemplaires de la Civic Type R 2023 \u00e0 hayon, en raison d&#8217;un assemblage du cadre du coussin du si\u00e8ge du conducteur qui pourrait pr\u00e9senter des soudures d\u00e9fectueuses. Voici [&hellip;]<\/p>\n","protected":false},"author":8,"featured_media":142675,"comment_status":"close","ping_status":"closed","sticky":false,"template":"","format":"standard","meta":{"_monsterinsights_skip_tracking":false,"_monsterinsights_sitenote_active":false,"_monsterinsights_sitenote_note":"","_monsterinsights_sitenote_category":0,"footnotes":""},"categories":[101],"tags":[],"yoast_head":"<!-- This site is optimized with the Yoast SEO plugin v23.2 - https:\/\/yoast.com\/wordpress\/plugins\/seo\/ -->\n<title>Honda ordonne l\u2019arr\u00eat de la vente de la Civic Type R 2023 - CanadaMotorJobs.com<\/title>\n<meta name=\"description\" content=\"Honda ordonne l\u2019arr\u00eat de la vente de la Civic Type R 2023 - Benoit Charette - Annuel automobile - CanadaMotorJobs.com.\" \/>\n<meta name=\"robots\" content=\"index, follow, max-snippet:-1, max-image-preview:large, max-video-preview:-1\" \/>\n<meta property=\"og:locale\" content=\"fr_CA\" \/>\n<meta property=\"og:type\" content=\"article\" \/>\n<meta property=\"og:title\" content=\"Honda ordonne l\u2019arr\u00eat de la vente de la Civic Type R 2023 - CanadaMotorJobs.com\" \/>\n<meta property=\"og:description\" content=\"Honda ordonne l\u2019arr\u00eat de la vente de la Civic Type R 2023 - Benoit Charette - Annuel automobile - CanadaMotorJobs.com.\" \/>\n<meta property=\"og:url\" content=\"https:\/\/news.canadamotorjobs.com\/fr\/honda-ordonne-larret-de-la-vente-de-la-civic-type-r-2023\/\" \/>\n<meta property=\"og:site_name\" content=\"CanadaMotorJobs.com\" \/>\n<meta property=\"article:publisher\" content=\"https:\/\/www.facebook.com\/canadamotorjobs\/\" \/>\n<meta property=\"article:published_time\" content=\"2023-04-01T14:54:33+00:00\" \/>\n<meta property=\"article:modified_time\" content=\"2023-04-01T14:58:52+00:00\" \/>\n<meta property=\"og:image\" content=\"https:\/\/news.canadamotorjobs.com\/wp-content\/uploads\/2023\/04\/2023-honda-civic-type-r-us-spec-139-1661956666.jpg\" \/>\n\t<meta property=\"og:image:width\" content=\"1200\" \/>\n\t<meta property=\"og:image:height\" content=\"600\" \/>\n\t<meta property=\"og:image:type\" content=\"image\/jpeg\" \/>\n<meta name=\"author\" content=\"Benoit Charette\" \/>\n<meta name=\"twitter:card\" content=\"summary_large_image\" \/>\n<meta name=\"twitter:creator\" content=\"@canadamotorjobs\" \/>\n<meta name=\"twitter:site\" content=\"@canadamotorjobs\" \/>\n<meta name=\"twitter:label1\" content=\"\u00c9crit par\" \/>\n\t<meta name=\"twitter:data1\" content=\"Benoit Charette\" \/>\n\t<meta name=\"twitter:label2\" content=\"Estimation du temps de lecture\" \/>\n\t<meta name=\"twitter:data2\" content=\"1 minute\" \/>\n<!-- \/ Yoast SEO plugin. -->","yoast_head_json":{"title":"Honda ordonne l\u2019arr\u00eat de la vente de la Civic Type R 2023 - CanadaMotorJobs.com","description":"Honda ordonne l\u2019arr\u00eat de la vente de la Civic Type R 2023 - Benoit Charette - Annuel automobile - CanadaMotorJobs.com.","robots":{"index":"index","follow":"follow","max-snippet":"max-snippet:-1","max-image-preview":"max-image-preview:large","max-video-preview":"max-video-preview:-1"},"og_locale":"fr_CA","og_type":"article","og_title":"Honda ordonne l\u2019arr\u00eat de la vente de la Civic Type R 2023 - CanadaMotorJobs.com","og_description":"Honda ordonne l\u2019arr\u00eat de la vente de la Civic Type R 2023 - Benoit Charette - Annuel automobile - CanadaMotorJobs.com.","og_url":"https:\/\/news.canadamotorjobs.com\/fr\/honda-ordonne-larret-de-la-vente-de-la-civic-type-r-2023\/","og_site_name":"CanadaMotorJobs.com","article_publisher":"https:\/\/www.facebook.com\/canadamotorjobs\/","article_published_time":"2023-04-01T14:54:33+00:00","article_modified_time":"2023-04-01T14:58:52+00:00","og_image":[{"width":1200,"height":600,"url":"https:\/\/news.canadamotorjobs.com\/wp-content\/uploads\/2023\/04\/2023-honda-civic-type-r-us-spec-139-1661956666.jpg","type":"image\/jpeg"}],"author":"Benoit Charette","twitter_card":"summary_large_image","twitter_creator":"@canadamotorjobs","twitter_site":"@canadamotorjobs","twitter_misc":{"\u00c9crit par":"Benoit Charette","Estimation du temps de lecture":"1 minute"},"schema":{"@context":"https:\/\/schema.org","@graph":[{"@type":"Article","@id":"https:\/\/news.canadamotorjobs.com\/fr\/honda-ordonne-larret-de-la-vente-de-la-civic-type-r-2023\/#article","isPartOf":{"@id":"https:\/\/news.canadamotorjobs.com\/fr\/honda-ordonne-larret-de-la-vente-de-la-civic-type-r-2023\/"},"author":{"name":"Benoit Charette","@id":"https:\/\/news.canadamotorjobs.com\/#\/schema\/person\/51793d1f87d44011d7bcc2ed99269a90"},"headline":"Honda ordonne l\u2019arr\u00eat de la vente de la Civic Type R 2023","datePublished":"2023-04-01T14:54:33+00:00","dateModified":"2023-04-01T14:58:52+00:00","mainEntityOfPage":{"@id":"https:\/\/news.canadamotorjobs.com\/fr\/honda-ordonne-larret-de-la-vente-de-la-civic-type-r-2023\/"},"wordCount":240,"publisher":{"@id":"https:\/\/news.canadamotorjobs.com\/#organization"},"image":{"@id":"https:\/\/news.canadamotorjobs.com\/fr\/honda-ordonne-larret-de-la-vente-de-la-civic-type-r-2023\/#primaryimage"},"thumbnailUrl":"https:\/\/news.canadamotorjobs.com\/wp-content\/uploads\/2023\/04\/2023-honda-civic-type-r-us-spec-139-1661956666.jpg","articleSection":["Annuel automobile"],"inLanguage":"fr-CA"},{"@type":"WebPage","@id":"https:\/\/news.canadamotorjobs.com\/fr\/honda-ordonne-larret-de-la-vente-de-la-civic-type-r-2023\/","url":"https:\/\/news.canadamotorjobs.com\/fr\/honda-ordonne-larret-de-la-vente-de-la-civic-type-r-2023\/","name":"Honda ordonne l\u2019arr\u00eat de la vente de la Civic Type R 2023 - CanadaMotorJobs.com","isPartOf":{"@id":"https:\/\/news.canadamotorjobs.com\/#website"},"primaryImageOfPage":{"@id":"https:\/\/news.canadamotorjobs.com\/fr\/honda-ordonne-larret-de-la-vente-de-la-civic-type-r-2023\/#primaryimage"},"image":{"@id":"https:\/\/news.canadamotorjobs.com\/fr\/honda-ordonne-larret-de-la-vente-de-la-civic-type-r-2023\/#primaryimage"},"thumbnailUrl":"https:\/\/news.canadamotorjobs.com\/wp-content\/uploads\/2023\/04\/2023-honda-civic-type-r-us-spec-139-1661956666.jpg","datePublished":"2023-04-01T14:54:33+00:00","dateModified":"2023-04-01T14:58:52+00:00","description":"Honda ordonne l\u2019arr\u00eat de la vente de la Civic Type R 2023 - Benoit Charette - Annuel automobile - CanadaMotorJobs.com.","breadcrumb":{"@id":"https:\/\/news.canadamotorjobs.com\/fr\/honda-ordonne-larret-de-la-vente-de-la-civic-type-r-2023\/#breadcrumb"},"inLanguage":"fr-CA","potentialAction":[{"@type":"ReadAction","target":["https:\/\/news.canadamotorjobs.com\/fr\/honda-ordonne-larret-de-la-vente-de-la-civic-type-r-2023\/"]}]},{"@type":"ImageObject","inLanguage":"fr-CA","@id":"https:\/\/news.canadamotorjobs.com\/fr\/honda-ordonne-larret-de-la-vente-de-la-civic-type-r-2023\/#primaryimage","url":"https:\/\/news.canadamotorjobs.com\/wp-content\/uploads\/2023\/04\/2023-honda-civic-type-r-us-spec-139-1661956666.jpg","contentUrl":"https:\/\/news.canadamotorjobs.com\/wp-content\/uploads\/2023\/04\/2023-honda-civic-type-r-us-spec-139-1661956666.jpg","width":1200,"height":600},{"@type":"BreadcrumbList","@id":"https:\/\/news.canadamotorjobs.com\/fr\/honda-ordonne-larret-de-la-vente-de-la-civic-type-r-2023\/#breadcrumb","itemListElement":[{"@type":"ListItem","position":1,"name":"Home","item":"https:\/\/news.canadamotorjobs.com\/fr\/blog\/"},{"@type":"ListItem","position":2,"name":"Honda ordonne l\u2019arr\u00eat de la vente de la Civic Type R 2023"}]},{"@type":"WebSite","@id":"https:\/\/news.canadamotorjobs.com\/#website","url":"https:\/\/news.canadamotorjobs.com\/","name":"CanadaMotorJobs.com","description":"Automotive Jobs","publisher":{"@id":"https:\/\/news.canadamotorjobs.com\/#organization"},"potentialAction":[{"@type":"SearchAction","target":{"@type":"EntryPoint","urlTemplate":"https:\/\/news.canadamotorjobs.com\/?s={search_term_string}"},"query-input":"required name=search_term_string"}],"inLanguage":"fr-CA"},{"@type":"Organization","@id":"https:\/\/news.canadamotorjobs.com\/#organization","name":"Canada Motor Jobs","url":"https:\/\/news.canadamotorjobs.com\/","logo":{"@type":"ImageObject","inLanguage":"fr-CA","@id":"https:\/\/news.canadamotorjobs.com\/#\/schema\/logo\/image\/","url":"https:\/\/news.canadamotorjobs.com\/wp-content\/uploads\/2022\/10\/logo-canada-motor-jobs-1.png","contentUrl":"https:\/\/news.canadamotorjobs.com\/wp-content\/uploads\/2022\/10\/logo-canada-motor-jobs-1.png","width":800,"height":400,"caption":"Canada Motor Jobs"},"image":{"@id":"https:\/\/news.canadamotorjobs.com\/#\/schema\/logo\/image\/"},"sameAs":["https:\/\/www.facebook.com\/canadamotorjobs\/","https:\/\/x.com\/canadamotorjobs","https:\/\/www.instagram.com\/canadamotorjobs\/","https:\/\/www.linkedin.com\/company\/canadamotorjobs"]},{"@type":"Person","@id":"https:\/\/news.canadamotorjobs.com\/#\/schema\/person\/51793d1f87d44011d7bcc2ed99269a90","name":"Benoit Charette","image":{"@type":"ImageObject","inLanguage":"fr-CA","@id":"https:\/\/news.canadamotorjobs.com\/#\/schema\/person\/image\/","url":"https:\/\/secure.gravatar.com\/avatar\/45f3d2eebcccd909668d7ce7ea7267b6?s=96&d=mm&r=g","contentUrl":"https:\/\/secure.gravatar.com\/avatar\/45f3d2eebcccd909668d7ce7ea7267b6?s=96&d=mm&r=g","caption":"Benoit Charette"},"description":"Benoit Charette \/ Propri\u00e9taire et r\u00e9dacteur en chef Benoit Charette pratique le journalisme automobile depuis bient\u00f4t 30 ans. Il a fait ses classes au c\u00f4t\u00e9 de Daniel H\u00e9raud et au Carnet de route de 1992 \u00e0 2001. Il est fondateur, copropri\u00e9taire et r\u00e9dacteur en chef de L\u2019Annuel de l\u2019automobile, qu\u2019il publie depuis 2001. Il a anim\u00e9 les \u00e9missions RPM et RPM+ sur V et les L\u00e9gendes de la route sur Historia. \u00c0 la radio depuis 1986, il reprend l\u2019antenne cette ann\u00e9e sur les ondes de Cogeco et participe pour la deuxi\u00e8me ann\u00e9e \u00e0 l\u2019\u00e9mission Passion Auto sur RDS en plus de mettre en ligne le site Web officiel de L\u2019Annuel de l\u2019automobile sur annuelauto.ca.","sameAs":["https:\/\/annuelauto.ca\/"],"url":"https:\/\/news.canadamotorjobs.com\/fr\/author\/benoit-charette\/"}]}},"_links":{"self":[{"href":"https:\/\/news.canadamotorjobs.com\/fr\/wp-json\/wp\/v2\/posts\/142673"}],"collection":[{"href":"https:\/\/news.canadamotorjobs.com\/fr\/wp-json\/wp\/v2\/posts"}],"about":[{"href":"https:\/\/news.canadamotorjobs.com\/fr\/wp-json\/wp\/v2\/types\/post"}],"author":[{"embeddable":true,"href":"https:\/\/news.canadamotorjobs.com\/fr\/wp-json\/wp\/v2\/users\/8"}],"replies":[{"embeddable":true,"href":"https:\/\/news.canadamotorjobs.com\/fr\/wp-json\/wp\/v2\/comments?post=142673"}],"version-history":[{"count":2,"href":"https:\/\/news.canadamotorjobs.com\/fr\/wp-json\/wp\/v2\/posts\/142673\/revisions"}],"predecessor-version":[{"id":142677,"href":"https:\/\/news.canadamotorjobs.com\/fr\/wp-json\/wp\/v2\/posts\/142673\/revisions\/142677"}],"wp:featuredmedia":[{"embeddable":true,"href":"https:\/\/news.canadamotorjobs.com\/fr\/wp-json\/wp\/v2\/media\/142675"}],"wp:attachment":[{"href":"https:\/\/news.canadamotorjobs.com\/fr\/wp-json\/wp\/v2\/media?parent=142673"}],"wp:term":[{"taxonomy":"category","embeddable":true,"href":"https:\/\/news.canadamotorjobs.com\/fr\/wp-json\/wp\/v2\/categories?post=142673"},{"taxonomy":"post_tag","embeddable":true,"href":"https:\/\/news.canadamotorjobs.com\/fr\/wp-json\/wp\/v2\/tags?post=142673"}],"curies":[{"name":"wp","href":"https:\/\/api.w.org\/{rel}","templated":true}]}}