{"id":142623,"date":"2023-03-31T10:06:39","date_gmt":"2023-03-31T14:06:39","guid":{"rendered":"https:\/\/news.canadamotorjobs.com\/?p=142623"},"modified":"2023-03-31T10:18:08","modified_gmt":"2023-03-31T14:18:08","slug":"dodge-fixe-le-prix-du-demon-170-a-130-890","status":"publish","type":"post","link":"https:\/\/news.canadamotorjobs.com\/fr\/dodge-fixe-le-prix-du-demon-170-a-130-890\/","title":{"rendered":"Dodge fixe le prix du Demon 170 \u00e0 130\u00a0890 $"},"content":{"rendered":"<\/p>\n<ul><\/p>\n<li>Seulement 300 mod\u00e8les seront livr\u00e9s au Canada<\/li>\n<p><\/p>\n<li>1 025 chevaux, 945 Ib.-ft. de couple,<\/li>\n<p><\/p>\n<li>8,91 secondes \u00bc mile \u00e0 243,28 km\/h certifi\u00e9es par la NHRA.<\/li>\n<p>\n<\/ul>\n<p>\nDodge ne construira que 3 300 unit\u00e9s au total, dont 3 000 pour les \u00c9tats-Unis et les 300 restants pour les chanceux amateurs canadiens de voitures muscl\u00e9es. La nouvelle Dodge Challenger SRT Demon 170 est un adieu appropri\u00e9 aux voit\u00ab muscles cars\u00a0 am\u00e9ricain.<\/p>\n<h3>Une aubaine \u00e0 130 000 $<\/h3>\n<p>\nSi vous faites le calcul du prix par cheval-vapeur, cette Challenger est une aubaine. Chez nos voisins du sud, beaucoup de concessionnaires demandent d\u00e9j\u00e0 plus de 100\u00a0000 de plus que le prix de d\u00e9tail sugg\u00e9r\u00e9. Cette voiture va sans l\u2019ombre d\u2019un doute \u00eatre une voiture de collection et sa valeur va augmenter.<\/p>\n<h3>Il faut agir vite<\/h3>\n<p>\nAvec la Dodge Challenger SRT Demon 170 de 2023, les acheteurs n&#8217;obtiendront pas seulement le muscle car le plus rapide du monde, mais aussi la voiture la plus puissante du monde. Il n\u2019y a jamais de v\u00e9ritables investissements s\u00fbrs dans la vie. Si vous \u00eates d\u00e9j\u00e0 un propri\u00e9taire de Demon 2018, vous aurez en plus la possibilit\u00e9 de faire correspondre le num\u00e9ro d&#8217;identification du v\u00e9hicule (VIN) aux cinq derniers chiffres du num\u00e9ro de s\u00e9rie.<\/p>\n<p>\u00a0<\/p>\n<p>Mais faites vite, les 300 unit\u00e9s vont dispara\u00eetre rapidement<\/p>\n<p>\u00a0<\/p>\n<p>Avec des renseignements de Motor Illustrated<\/p>\n<p>\u00a0<\/p>\n<p>\u00a0<\/p>\n<p>\u00a0<\/p>\n<p>\u00a0<\/p>\n<p>\u00a0<\/p>\n<p>\u00a0<\/p>\n<p>\u00a0<\/p>\n<p>Le texte <a rel=\"nofollow\" href=\"https:\/\/annuelauto.ca\/dodge-fixe-le-prix-du-demon-170-a-130-890\/\">Dodge fixe le prix du Demon 170 \u00e0 130\u00a0890 $<\/a> provient de <a rel=\"nofollow\" href=\"https:\/\/annuelauto.ca\">L&#8217;annuel de l&#8217;automobile &#8211; Actualit\u00e9 automobile<\/a><\/p>\n<p><\/p>\n","protected":false},"excerpt":{"rendered":"<p>Seulement 300 mod\u00e8les seront livr\u00e9s au Canada 1 025 chevaux, 945 Ib.-ft. de couple, 8,91 secondes \u00bc mile \u00e0 243,28 km\/h certifi\u00e9es par la NHRA. Dodge ne construira que 3 300 unit\u00e9s au total, dont 3 000 pour les \u00c9tats-Unis et les 300 restants pour les chanceux amateurs canadiens de voitures muscl\u00e9es. La nouvelle Dodge [&hellip;]<\/p>\n","protected":false},"author":8,"featured_media":142625,"comment_status":"close","ping_status":"closed","sticky":false,"template":"","format":"standard","meta":{"_monsterinsights_skip_tracking":false,"_monsterinsights_sitenote_active":false,"_monsterinsights_sitenote_note":"","_monsterinsights_sitenote_category":0,"footnotes":""},"categories":[101],"tags":[],"yoast_head":"<!-- This site is optimized with the Yoast SEO plugin v23.2 - https:\/\/yoast.com\/wordpress\/plugins\/seo\/ -->\n<title>Dodge fixe le prix du Demon 170 \u00e0 130\u00a0890 $ - CanadaMotorJobs.com<\/title>\n<meta name=\"description\" content=\"Dodge fixe le prix du Demon 170 \u00e0 130\u00a0890 $ - Benoit Charette - Annuel automobile - CanadaMotorJobs.com.\" \/>\n<meta name=\"robots\" content=\"index, follow, max-snippet:-1, max-image-preview:large, max-video-preview:-1\" \/>\n<meta property=\"og:locale\" content=\"fr_CA\" \/>\n<meta property=\"og:type\" content=\"article\" \/>\n<meta property=\"og:title\" content=\"Dodge fixe le prix du Demon 170 \u00e0 130\u00a0890 $ - CanadaMotorJobs.com\" \/>\n<meta property=\"og:description\" content=\"Dodge fixe le prix du Demon 170 \u00e0 130\u00a0890 $ - Benoit Charette - Annuel automobile - CanadaMotorJobs.com.\" \/>\n<meta property=\"og:url\" content=\"https:\/\/news.canadamotorjobs.com\/fr\/dodge-fixe-le-prix-du-demon-170-a-130-890\/\" \/>\n<meta property=\"og:site_name\" content=\"CanadaMotorJobs.com\" \/>\n<meta property=\"article:publisher\" content=\"https:\/\/www.facebook.com\/canadamotorjobs\/\" \/>\n<meta property=\"article:published_time\" content=\"2023-03-31T14:06:39+00:00\" \/>\n<meta property=\"article:modified_time\" content=\"2023-03-31T14:18:08+00:00\" \/>\n<meta property=\"og:image\" content=\"https:\/\/news.canadamotorjobs.com\/wp-content\/uploads\/2023\/03\/lead-article_actual-3580-v1.jpg\" \/>\n\t<meta property=\"og:image:width\" content=\"1920\" \/>\n\t<meta property=\"og:image:height\" content=\"850\" \/>\n\t<meta property=\"og:image:type\" content=\"image\/jpeg\" \/>\n<meta name=\"author\" content=\"Benoit Charette\" \/>\n<meta name=\"twitter:card\" content=\"summary_large_image\" \/>\n<meta name=\"twitter:creator\" content=\"@canadamotorjobs\" \/>\n<meta name=\"twitter:site\" content=\"@canadamotorjobs\" \/>\n<meta name=\"twitter:label1\" content=\"\u00c9crit par\" \/>\n\t<meta name=\"twitter:data1\" content=\"Benoit Charette\" \/>\n\t<meta name=\"twitter:label2\" content=\"Estimation du temps de lecture\" \/>\n\t<meta name=\"twitter:data2\" content=\"1 minute\" \/>\n<!-- \/ Yoast SEO plugin. -->","yoast_head_json":{"title":"Dodge fixe le prix du Demon 170 \u00e0 130\u00a0890 $ - CanadaMotorJobs.com","description":"Dodge fixe le prix du Demon 170 \u00e0 130\u00a0890 $ - Benoit Charette - Annuel automobile - CanadaMotorJobs.com.","robots":{"index":"index","follow":"follow","max-snippet":"max-snippet:-1","max-image-preview":"max-image-preview:large","max-video-preview":"max-video-preview:-1"},"og_locale":"fr_CA","og_type":"article","og_title":"Dodge fixe le prix du Demon 170 \u00e0 130\u00a0890 $ - CanadaMotorJobs.com","og_description":"Dodge fixe le prix du Demon 170 \u00e0 130\u00a0890 $ - Benoit Charette - Annuel automobile - CanadaMotorJobs.com.","og_url":"https:\/\/news.canadamotorjobs.com\/fr\/dodge-fixe-le-prix-du-demon-170-a-130-890\/","og_site_name":"CanadaMotorJobs.com","article_publisher":"https:\/\/www.facebook.com\/canadamotorjobs\/","article_published_time":"2023-03-31T14:06:39+00:00","article_modified_time":"2023-03-31T14:18:08+00:00","og_image":[{"width":1920,"height":850,"url":"https:\/\/news.canadamotorjobs.com\/wp-content\/uploads\/2023\/03\/lead-article_actual-3580-v1.jpg","type":"image\/jpeg"}],"author":"Benoit Charette","twitter_card":"summary_large_image","twitter_creator":"@canadamotorjobs","twitter_site":"@canadamotorjobs","twitter_misc":{"\u00c9crit par":"Benoit Charette","Estimation du temps de lecture":"1 minute"},"schema":{"@context":"https:\/\/schema.org","@graph":[{"@type":"Article","@id":"https:\/\/news.canadamotorjobs.com\/fr\/dodge-fixe-le-prix-du-demon-170-a-130-890\/#article","isPartOf":{"@id":"https:\/\/news.canadamotorjobs.com\/fr\/dodge-fixe-le-prix-du-demon-170-a-130-890\/"},"author":{"name":"Benoit Charette","@id":"https:\/\/news.canadamotorjobs.com\/#\/schema\/person\/51793d1f87d44011d7bcc2ed99269a90"},"headline":"Dodge fixe le prix du Demon 170 \u00e0 130\u00a0890 $","datePublished":"2023-03-31T14:06:39+00:00","dateModified":"2023-03-31T14:18:08+00:00","mainEntityOfPage":{"@id":"https:\/\/news.canadamotorjobs.com\/fr\/dodge-fixe-le-prix-du-demon-170-a-130-890\/"},"wordCount":246,"publisher":{"@id":"https:\/\/news.canadamotorjobs.com\/#organization"},"image":{"@id":"https:\/\/news.canadamotorjobs.com\/fr\/dodge-fixe-le-prix-du-demon-170-a-130-890\/#primaryimage"},"thumbnailUrl":"https:\/\/news.canadamotorjobs.com\/wp-content\/uploads\/2023\/03\/lead-article_actual-3580-v1.jpg","articleSection":["Annuel automobile"],"inLanguage":"fr-CA"},{"@type":"WebPage","@id":"https:\/\/news.canadamotorjobs.com\/fr\/dodge-fixe-le-prix-du-demon-170-a-130-890\/","url":"https:\/\/news.canadamotorjobs.com\/fr\/dodge-fixe-le-prix-du-demon-170-a-130-890\/","name":"Dodge fixe le prix du Demon 170 \u00e0 130\u00a0890 $ - CanadaMotorJobs.com","isPartOf":{"@id":"https:\/\/news.canadamotorjobs.com\/#website"},"primaryImageOfPage":{"@id":"https:\/\/news.canadamotorjobs.com\/fr\/dodge-fixe-le-prix-du-demon-170-a-130-890\/#primaryimage"},"image":{"@id":"https:\/\/news.canadamotorjobs.com\/fr\/dodge-fixe-le-prix-du-demon-170-a-130-890\/#primaryimage"},"thumbnailUrl":"https:\/\/news.canadamotorjobs.com\/wp-content\/uploads\/2023\/03\/lead-article_actual-3580-v1.jpg","datePublished":"2023-03-31T14:06:39+00:00","dateModified":"2023-03-31T14:18:08+00:00","description":"Dodge fixe le prix du Demon 170 \u00e0 130\u00a0890 $ - Benoit Charette - Annuel automobile - CanadaMotorJobs.com.","breadcrumb":{"@id":"https:\/\/news.canadamotorjobs.com\/fr\/dodge-fixe-le-prix-du-demon-170-a-130-890\/#breadcrumb"},"inLanguage":"fr-CA","potentialAction":[{"@type":"ReadAction","target":["https:\/\/news.canadamotorjobs.com\/fr\/dodge-fixe-le-prix-du-demon-170-a-130-890\/"]}]},{"@type":"ImageObject","inLanguage":"fr-CA","@id":"https:\/\/news.canadamotorjobs.com\/fr\/dodge-fixe-le-prix-du-demon-170-a-130-890\/#primaryimage","url":"https:\/\/news.canadamotorjobs.com\/wp-content\/uploads\/2023\/03\/lead-article_actual-3580-v1.jpg","contentUrl":"https:\/\/news.canadamotorjobs.com\/wp-content\/uploads\/2023\/03\/lead-article_actual-3580-v1.jpg","width":1920,"height":850},{"@type":"BreadcrumbList","@id":"https:\/\/news.canadamotorjobs.com\/fr\/dodge-fixe-le-prix-du-demon-170-a-130-890\/#breadcrumb","itemListElement":[{"@type":"ListItem","position":1,"name":"Home","item":"https:\/\/news.canadamotorjobs.com\/fr\/blog\/"},{"@type":"ListItem","position":2,"name":"Dodge fixe le prix du Demon 170 \u00e0 130\u00a0890 $"}]},{"@type":"WebSite","@id":"https:\/\/news.canadamotorjobs.com\/#website","url":"https:\/\/news.canadamotorjobs.com\/","name":"CanadaMotorJobs.com","description":"Automotive Jobs","publisher":{"@id":"https:\/\/news.canadamotorjobs.com\/#organization"},"potentialAction":[{"@type":"SearchAction","target":{"@type":"EntryPoint","urlTemplate":"https:\/\/news.canadamotorjobs.com\/?s={search_term_string}"},"query-input":"required name=search_term_string"}],"inLanguage":"fr-CA"},{"@type":"Organization","@id":"https:\/\/news.canadamotorjobs.com\/#organization","name":"Canada Motor Jobs","url":"https:\/\/news.canadamotorjobs.com\/","logo":{"@type":"ImageObject","inLanguage":"fr-CA","@id":"https:\/\/news.canadamotorjobs.com\/#\/schema\/logo\/image\/","url":"https:\/\/news.canadamotorjobs.com\/wp-content\/uploads\/2022\/10\/logo-canada-motor-jobs-1.png","contentUrl":"https:\/\/news.canadamotorjobs.com\/wp-content\/uploads\/2022\/10\/logo-canada-motor-jobs-1.png","width":800,"height":400,"caption":"Canada Motor Jobs"},"image":{"@id":"https:\/\/news.canadamotorjobs.com\/#\/schema\/logo\/image\/"},"sameAs":["https:\/\/www.facebook.com\/canadamotorjobs\/","https:\/\/x.com\/canadamotorjobs","https:\/\/www.instagram.com\/canadamotorjobs\/","https:\/\/www.linkedin.com\/company\/canadamotorjobs"]},{"@type":"Person","@id":"https:\/\/news.canadamotorjobs.com\/#\/schema\/person\/51793d1f87d44011d7bcc2ed99269a90","name":"Benoit Charette","image":{"@type":"ImageObject","inLanguage":"fr-CA","@id":"https:\/\/news.canadamotorjobs.com\/#\/schema\/person\/image\/","url":"https:\/\/secure.gravatar.com\/avatar\/45f3d2eebcccd909668d7ce7ea7267b6?s=96&d=mm&r=g","contentUrl":"https:\/\/secure.gravatar.com\/avatar\/45f3d2eebcccd909668d7ce7ea7267b6?s=96&d=mm&r=g","caption":"Benoit Charette"},"description":"Benoit Charette \/ Propri\u00e9taire et r\u00e9dacteur en chef Benoit Charette pratique le journalisme automobile depuis bient\u00f4t 30 ans. Il a fait ses classes au c\u00f4t\u00e9 de Daniel H\u00e9raud et au Carnet de route de 1992 \u00e0 2001. Il est fondateur, copropri\u00e9taire et r\u00e9dacteur en chef de L\u2019Annuel de l\u2019automobile, qu\u2019il publie depuis 2001. Il a anim\u00e9 les \u00e9missions RPM et RPM+ sur V et les L\u00e9gendes de la route sur Historia. \u00c0 la radio depuis 1986, il reprend l\u2019antenne cette ann\u00e9e sur les ondes de Cogeco et participe pour la deuxi\u00e8me ann\u00e9e \u00e0 l\u2019\u00e9mission Passion Auto sur RDS en plus de mettre en ligne le site Web officiel de L\u2019Annuel de l\u2019automobile sur annuelauto.ca.","sameAs":["https:\/\/annuelauto.ca\/"],"url":"https:\/\/news.canadamotorjobs.com\/fr\/author\/benoit-charette\/"}]}},"_links":{"self":[{"href":"https:\/\/news.canadamotorjobs.com\/fr\/wp-json\/wp\/v2\/posts\/142623"}],"collection":[{"href":"https:\/\/news.canadamotorjobs.com\/fr\/wp-json\/wp\/v2\/posts"}],"about":[{"href":"https:\/\/news.canadamotorjobs.com\/fr\/wp-json\/wp\/v2\/types\/post"}],"author":[{"embeddable":true,"href":"https:\/\/news.canadamotorjobs.com\/fr\/wp-json\/wp\/v2\/users\/8"}],"replies":[{"embeddable":true,"href":"https:\/\/news.canadamotorjobs.com\/fr\/wp-json\/wp\/v2\/comments?post=142623"}],"version-history":[{"count":2,"href":"https:\/\/news.canadamotorjobs.com\/fr\/wp-json\/wp\/v2\/posts\/142623\/revisions"}],"predecessor-version":[{"id":142627,"href":"https:\/\/news.canadamotorjobs.com\/fr\/wp-json\/wp\/v2\/posts\/142623\/revisions\/142627"}],"wp:featuredmedia":[{"embeddable":true,"href":"https:\/\/news.canadamotorjobs.com\/fr\/wp-json\/wp\/v2\/media\/142625"}],"wp:attachment":[{"href":"https:\/\/news.canadamotorjobs.com\/fr\/wp-json\/wp\/v2\/media?parent=142623"}],"wp:term":[{"taxonomy":"category","embeddable":true,"href":"https:\/\/news.canadamotorjobs.com\/fr\/wp-json\/wp\/v2\/categories?post=142623"},{"taxonomy":"post_tag","embeddable":true,"href":"https:\/\/news.canadamotorjobs.com\/fr\/wp-json\/wp\/v2\/tags?post=142623"}],"curies":[{"name":"wp","href":"https:\/\/api.w.org\/{rel}","templated":true}]}}