{"id":142592,"date":"2023-03-31T09:00:57","date_gmt":"2023-03-31T13:00:57","guid":{"rendered":"https:\/\/news.canadamotorjobs.com\/?p=142592"},"modified":"2023-03-31T09:01:18","modified_gmt":"2023-03-31T13:01:18","slug":"alfa-romeo-a-commence-la-production-du-tonale","status":"publish","type":"post","link":"https:\/\/news.canadamotorjobs.com\/fr\/alfa-romeo-a-commence-la-production-du-tonale\/","title":{"rendered":"Alfa Romeo a commenc\u00e9 la production du Tonale"},"content":{"rendered":"<\/p>\n<p>Apr\u00e8s le Dodge Hornet il y a quelques semaines, c\u2019est son proche cousin qui arrivera bient\u00f4t sur le march\u00e9. Alfa Romeo a annonc\u00e9 aujourd&#8217;hui le d\u00e9but officiel de la production en Italie de l\u2019Alfa Romeo Tonale PHEV 2024. Le premier v\u00e9hicule hybride rechargeable d&#8217;Alfa Romeo est construit \u00e0 l&#8217;usine Giambattista Vico Stellantis de Pomigliano d&#8217;Arco, \u00e0 Naples, en Italie<\/p>\n<h3>Les m\u00eames chiffres que le Hornet<\/h3>\n<p>\nTout comme le Dodge Hornet, le Tonale sera offert en version 2,0 litres turbo ou une version hybride branchable et une traction int\u00e9grale de s\u00e9rie. Le prix de d\u00e9part pour une version 2,0 litres Sprint sera de 44 995\u00a0$ plus 2 095\u00a0$ en frais de transport et pr\u00e9paration. La version Sprint en PHEV commence \u00e0 54 995\u00a0$. Les versions haut de gamme Veloce seront respectivement \u00e0 46 995\u00a0$ et 57 995\u00a0$.<\/p>\n<h3>48\u00a0km d\u2019autonomie<\/h3>\n<p>\nL&#8217;Alfa Romeo Tonale PHEV offre 48 kilom\u00e8tres d&#8217;autonomie \u00e9lectrique et la meilleure puissance de sa cat\u00e9gorie (285 chevaux). Les clients de la Tonale PHEV pourront b\u00e9n\u00e9ficier d&#8217;un rabais de 5 000\u00a0$ au Canada pour les v\u00e9hicules \u00e9lectriques. Alfa utilise le m\u00eame moteur \u00e9lectrique de 15,5\u00a0kWh qui se trouve dans les produits de la famille Jeep et Chrysler chez nous. La version \u00e0 essence avec 2,0 litres turbo d\u00e9veloppe 256 chevaux et 295\u00a0lb-pi de couple alors que le PHEV vient avec un moteur multiair de 1,3 litre turbo qui d\u00e9veloppe avec le moteur \u00e9lectrique 285 chevaux. La dynamique de conduite est assist\u00e9e par un syst\u00e8me de suspension \u00e0 amortissement de fr\u00e9quence (FDS) \u00e0 r\u00e9ponse rapide, con\u00e7u pour cr\u00e9er une conduite confortable et ajuster automatiquement la suspension en cas de conduite fougueuse.<\/p>\n<p>L&#8217;Alfa Romeo Tonale est \u00e9galement dot\u00e9e de nombreux syst\u00e8mes d&#8217;aide \u00e0 la conduite, de l&#8217;Uconnect 5, d&#8217;une toute nouvelle plateforme de connectivit\u00e9 avec Alfa Connect et d&#8217;un style italien moderne.<\/p>\n<p>Le texte <a rel=\"nofollow\" href=\"https:\/\/annuelauto.ca\/alfa-romeo-a-commence-la-production-du-tonale\/\">Alfa Romeo a commenc\u00e9 la production du Tonale<\/a> provient de <a rel=\"nofollow\" href=\"https:\/\/annuelauto.ca\">L&#8217;annuel de l&#8217;automobile &#8211; Actualit\u00e9 automobile<\/a><\/p>\n<p><\/p>\n","protected":false},"excerpt":{"rendered":"<p>Apr\u00e8s le Dodge Hornet il y a quelques semaines, c\u2019est son proche cousin qui arrivera bient\u00f4t sur le march\u00e9. Alfa Romeo a annonc\u00e9 aujourd&#8217;hui le d\u00e9but officiel de la production en Italie de l\u2019Alfa Romeo Tonale PHEV 2024. Le premier v\u00e9hicule hybride rechargeable d&#8217;Alfa Romeo est construit \u00e0 l&#8217;usine Giambattista Vico Stellantis de Pomigliano d&#8217;Arco, [&hellip;]<\/p>\n","protected":false},"author":8,"featured_media":142594,"comment_status":"close","ping_status":"closed","sticky":false,"template":"","format":"standard","meta":{"_monsterinsights_skip_tracking":false,"_monsterinsights_sitenote_active":false,"_monsterinsights_sitenote_note":"","_monsterinsights_sitenote_category":0,"footnotes":""},"categories":[101],"tags":[],"yoast_head":"<!-- This site is optimized with the Yoast SEO plugin v23.2 - https:\/\/yoast.com\/wordpress\/plugins\/seo\/ -->\n<title>Alfa Romeo a commenc\u00e9 la production du Tonale - CanadaMotorJobs.com<\/title>\n<meta name=\"description\" content=\"Alfa Romeo a commenc\u00e9 la production du Tonale - Benoit Charette - Annuel automobile - CanadaMotorJobs.com.\" \/>\n<meta name=\"robots\" content=\"index, follow, max-snippet:-1, max-image-preview:large, max-video-preview:-1\" \/>\n<meta property=\"og:locale\" content=\"fr_CA\" \/>\n<meta property=\"og:type\" content=\"article\" \/>\n<meta property=\"og:title\" content=\"Alfa Romeo a commenc\u00e9 la production du Tonale - CanadaMotorJobs.com\" \/>\n<meta property=\"og:description\" content=\"Alfa Romeo a commenc\u00e9 la production du Tonale - Benoit Charette - Annuel automobile - CanadaMotorJobs.com.\" \/>\n<meta property=\"og:url\" content=\"https:\/\/news.canadamotorjobs.com\/fr\/alfa-romeo-a-commence-la-production-du-tonale\/\" \/>\n<meta property=\"og:site_name\" content=\"CanadaMotorJobs.com\" \/>\n<meta property=\"article:publisher\" content=\"https:\/\/www.facebook.com\/canadamotorjobs\/\" \/>\n<meta property=\"article:published_time\" content=\"2023-03-31T13:00:57+00:00\" \/>\n<meta property=\"article:modified_time\" content=\"2023-03-31T13:01:18+00:00\" \/>\n<meta property=\"og:image\" content=\"https:\/\/news.canadamotorjobs.com\/wp-content\/uploads\/2023\/03\/BU023_107EV-scaled-1.jpg\" \/>\n\t<meta property=\"og:image:width\" content=\"2560\" \/>\n\t<meta property=\"og:image:height\" content=\"1703\" \/>\n\t<meta property=\"og:image:type\" content=\"image\/jpeg\" \/>\n<meta name=\"author\" content=\"Benoit Charette\" \/>\n<meta name=\"twitter:card\" content=\"summary_large_image\" \/>\n<meta name=\"twitter:creator\" content=\"@canadamotorjobs\" \/>\n<meta name=\"twitter:site\" content=\"@canadamotorjobs\" \/>\n<meta name=\"twitter:label1\" content=\"\u00c9crit par\" \/>\n\t<meta name=\"twitter:data1\" content=\"Benoit Charette\" \/>\n\t<meta name=\"twitter:label2\" content=\"Estimation du temps de lecture\" \/>\n\t<meta name=\"twitter:data2\" content=\"2 minutes\" \/>\n<!-- \/ Yoast SEO plugin. -->","yoast_head_json":{"title":"Alfa Romeo a commenc\u00e9 la production du Tonale - CanadaMotorJobs.com","description":"Alfa Romeo a commenc\u00e9 la production du Tonale - Benoit Charette - Annuel automobile - CanadaMotorJobs.com.","robots":{"index":"index","follow":"follow","max-snippet":"max-snippet:-1","max-image-preview":"max-image-preview:large","max-video-preview":"max-video-preview:-1"},"og_locale":"fr_CA","og_type":"article","og_title":"Alfa Romeo a commenc\u00e9 la production du Tonale - CanadaMotorJobs.com","og_description":"Alfa Romeo a commenc\u00e9 la production du Tonale - Benoit Charette - Annuel automobile - CanadaMotorJobs.com.","og_url":"https:\/\/news.canadamotorjobs.com\/fr\/alfa-romeo-a-commence-la-production-du-tonale\/","og_site_name":"CanadaMotorJobs.com","article_publisher":"https:\/\/www.facebook.com\/canadamotorjobs\/","article_published_time":"2023-03-31T13:00:57+00:00","article_modified_time":"2023-03-31T13:01:18+00:00","og_image":[{"width":2560,"height":1703,"url":"https:\/\/news.canadamotorjobs.com\/wp-content\/uploads\/2023\/03\/BU023_107EV-scaled-1.jpg","type":"image\/jpeg"}],"author":"Benoit Charette","twitter_card":"summary_large_image","twitter_creator":"@canadamotorjobs","twitter_site":"@canadamotorjobs","twitter_misc":{"\u00c9crit par":"Benoit Charette","Estimation du temps de lecture":"2 minutes"},"schema":{"@context":"https:\/\/schema.org","@graph":[{"@type":"Article","@id":"https:\/\/news.canadamotorjobs.com\/fr\/alfa-romeo-a-commence-la-production-du-tonale\/#article","isPartOf":{"@id":"https:\/\/news.canadamotorjobs.com\/fr\/alfa-romeo-a-commence-la-production-du-tonale\/"},"author":{"name":"Benoit Charette","@id":"https:\/\/news.canadamotorjobs.com\/#\/schema\/person\/51793d1f87d44011d7bcc2ed99269a90"},"headline":"Alfa Romeo a commenc\u00e9 la production du Tonale","datePublished":"2023-03-31T13:00:57+00:00","dateModified":"2023-03-31T13:01:18+00:00","mainEntityOfPage":{"@id":"https:\/\/news.canadamotorjobs.com\/fr\/alfa-romeo-a-commence-la-production-du-tonale\/"},"wordCount":336,"publisher":{"@id":"https:\/\/news.canadamotorjobs.com\/#organization"},"image":{"@id":"https:\/\/news.canadamotorjobs.com\/fr\/alfa-romeo-a-commence-la-production-du-tonale\/#primaryimage"},"thumbnailUrl":"https:\/\/news.canadamotorjobs.com\/wp-content\/uploads\/2023\/03\/BU023_107EV-scaled-1.jpg","articleSection":["Annuel automobile"],"inLanguage":"fr-CA"},{"@type":"WebPage","@id":"https:\/\/news.canadamotorjobs.com\/fr\/alfa-romeo-a-commence-la-production-du-tonale\/","url":"https:\/\/news.canadamotorjobs.com\/fr\/alfa-romeo-a-commence-la-production-du-tonale\/","name":"Alfa Romeo a commenc\u00e9 la production du Tonale - CanadaMotorJobs.com","isPartOf":{"@id":"https:\/\/news.canadamotorjobs.com\/#website"},"primaryImageOfPage":{"@id":"https:\/\/news.canadamotorjobs.com\/fr\/alfa-romeo-a-commence-la-production-du-tonale\/#primaryimage"},"image":{"@id":"https:\/\/news.canadamotorjobs.com\/fr\/alfa-romeo-a-commence-la-production-du-tonale\/#primaryimage"},"thumbnailUrl":"https:\/\/news.canadamotorjobs.com\/wp-content\/uploads\/2023\/03\/BU023_107EV-scaled-1.jpg","datePublished":"2023-03-31T13:00:57+00:00","dateModified":"2023-03-31T13:01:18+00:00","description":"Alfa Romeo a commenc\u00e9 la production du Tonale - Benoit Charette - Annuel automobile - CanadaMotorJobs.com.","breadcrumb":{"@id":"https:\/\/news.canadamotorjobs.com\/fr\/alfa-romeo-a-commence-la-production-du-tonale\/#breadcrumb"},"inLanguage":"fr-CA","potentialAction":[{"@type":"ReadAction","target":["https:\/\/news.canadamotorjobs.com\/fr\/alfa-romeo-a-commence-la-production-du-tonale\/"]}]},{"@type":"ImageObject","inLanguage":"fr-CA","@id":"https:\/\/news.canadamotorjobs.com\/fr\/alfa-romeo-a-commence-la-production-du-tonale\/#primaryimage","url":"https:\/\/news.canadamotorjobs.com\/wp-content\/uploads\/2023\/03\/BU023_107EV-scaled-1.jpg","contentUrl":"https:\/\/news.canadamotorjobs.com\/wp-content\/uploads\/2023\/03\/BU023_107EV-scaled-1.jpg","width":2560,"height":1703},{"@type":"BreadcrumbList","@id":"https:\/\/news.canadamotorjobs.com\/fr\/alfa-romeo-a-commence-la-production-du-tonale\/#breadcrumb","itemListElement":[{"@type":"ListItem","position":1,"name":"Home","item":"https:\/\/news.canadamotorjobs.com\/fr\/blog\/"},{"@type":"ListItem","position":2,"name":"Alfa Romeo a commenc\u00e9 la production du Tonale"}]},{"@type":"WebSite","@id":"https:\/\/news.canadamotorjobs.com\/#website","url":"https:\/\/news.canadamotorjobs.com\/","name":"CanadaMotorJobs.com","description":"Automotive Jobs","publisher":{"@id":"https:\/\/news.canadamotorjobs.com\/#organization"},"potentialAction":[{"@type":"SearchAction","target":{"@type":"EntryPoint","urlTemplate":"https:\/\/news.canadamotorjobs.com\/?s={search_term_string}"},"query-input":"required name=search_term_string"}],"inLanguage":"fr-CA"},{"@type":"Organization","@id":"https:\/\/news.canadamotorjobs.com\/#organization","name":"Canada Motor Jobs","url":"https:\/\/news.canadamotorjobs.com\/","logo":{"@type":"ImageObject","inLanguage":"fr-CA","@id":"https:\/\/news.canadamotorjobs.com\/#\/schema\/logo\/image\/","url":"https:\/\/news.canadamotorjobs.com\/wp-content\/uploads\/2022\/10\/logo-canada-motor-jobs-1.png","contentUrl":"https:\/\/news.canadamotorjobs.com\/wp-content\/uploads\/2022\/10\/logo-canada-motor-jobs-1.png","width":800,"height":400,"caption":"Canada Motor Jobs"},"image":{"@id":"https:\/\/news.canadamotorjobs.com\/#\/schema\/logo\/image\/"},"sameAs":["https:\/\/www.facebook.com\/canadamotorjobs\/","https:\/\/x.com\/canadamotorjobs","https:\/\/www.instagram.com\/canadamotorjobs\/","https:\/\/www.linkedin.com\/company\/canadamotorjobs"]},{"@type":"Person","@id":"https:\/\/news.canadamotorjobs.com\/#\/schema\/person\/51793d1f87d44011d7bcc2ed99269a90","name":"Benoit Charette","image":{"@type":"ImageObject","inLanguage":"fr-CA","@id":"https:\/\/news.canadamotorjobs.com\/#\/schema\/person\/image\/","url":"https:\/\/secure.gravatar.com\/avatar\/45f3d2eebcccd909668d7ce7ea7267b6?s=96&d=mm&r=g","contentUrl":"https:\/\/secure.gravatar.com\/avatar\/45f3d2eebcccd909668d7ce7ea7267b6?s=96&d=mm&r=g","caption":"Benoit Charette"},"description":"Benoit Charette \/ Propri\u00e9taire et r\u00e9dacteur en chef Benoit Charette pratique le journalisme automobile depuis bient\u00f4t 30 ans. Il a fait ses classes au c\u00f4t\u00e9 de Daniel H\u00e9raud et au Carnet de route de 1992 \u00e0 2001. Il est fondateur, copropri\u00e9taire et r\u00e9dacteur en chef de L\u2019Annuel de l\u2019automobile, qu\u2019il publie depuis 2001. Il a anim\u00e9 les \u00e9missions RPM et RPM+ sur V et les L\u00e9gendes de la route sur Historia. \u00c0 la radio depuis 1986, il reprend l\u2019antenne cette ann\u00e9e sur les ondes de Cogeco et participe pour la deuxi\u00e8me ann\u00e9e \u00e0 l\u2019\u00e9mission Passion Auto sur RDS en plus de mettre en ligne le site Web officiel de L\u2019Annuel de l\u2019automobile sur annuelauto.ca.","sameAs":["https:\/\/annuelauto.ca\/"],"url":"https:\/\/news.canadamotorjobs.com\/fr\/author\/benoit-charette\/"}]}},"_links":{"self":[{"href":"https:\/\/news.canadamotorjobs.com\/fr\/wp-json\/wp\/v2\/posts\/142592"}],"collection":[{"href":"https:\/\/news.canadamotorjobs.com\/fr\/wp-json\/wp\/v2\/posts"}],"about":[{"href":"https:\/\/news.canadamotorjobs.com\/fr\/wp-json\/wp\/v2\/types\/post"}],"author":[{"embeddable":true,"href":"https:\/\/news.canadamotorjobs.com\/fr\/wp-json\/wp\/v2\/users\/8"}],"replies":[{"embeddable":true,"href":"https:\/\/news.canadamotorjobs.com\/fr\/wp-json\/wp\/v2\/comments?post=142592"}],"version-history":[{"count":2,"href":"https:\/\/news.canadamotorjobs.com\/fr\/wp-json\/wp\/v2\/posts\/142592\/revisions"}],"predecessor-version":[{"id":142596,"href":"https:\/\/news.canadamotorjobs.com\/fr\/wp-json\/wp\/v2\/posts\/142592\/revisions\/142596"}],"wp:featuredmedia":[{"embeddable":true,"href":"https:\/\/news.canadamotorjobs.com\/fr\/wp-json\/wp\/v2\/media\/142594"}],"wp:attachment":[{"href":"https:\/\/news.canadamotorjobs.com\/fr\/wp-json\/wp\/v2\/media?parent=142592"}],"wp:term":[{"taxonomy":"category","embeddable":true,"href":"https:\/\/news.canadamotorjobs.com\/fr\/wp-json\/wp\/v2\/categories?post=142592"},{"taxonomy":"post_tag","embeddable":true,"href":"https:\/\/news.canadamotorjobs.com\/fr\/wp-json\/wp\/v2\/tags?post=142592"}],"curies":[{"name":"wp","href":"https:\/\/api.w.org\/{rel}","templated":true}]}}