{"id":142561,"date":"2023-03-30T14:51:13","date_gmt":"2023-03-30T18:51:13","guid":{"rendered":"https:\/\/news.canadamotorjobs.com\/?p=142561"},"modified":"2023-03-30T14:59:28","modified_gmt":"2023-03-30T18:59:28","slug":"une-mine-de-lithium-de-la-corne-remise-en-service-pour-approvisionner-tesla-et-lg-chem","status":"publish","type":"post","link":"https:\/\/news.canadamotorjobs.com\/fr\/une-mine-de-lithium-de-la-corne-remise-en-service-pour-approvisionner-tesla-et-lg-chem\/","title":{"rendered":"Une mine de Lithium de la Corne remise en service pour approvisionner Tesla et LG Chem"},"content":{"rendered":"<\/p>\n<p>La mine \u00e0 ciel ouvert de La Corne, au Qu\u00e9bec, a officiellement repris sa production de Lithium apr\u00e8s des travaux de modernisation d&#8217;une valeur de 80 millions de dollars am\u00e9ricains.<\/p>\n<h3>Deux clients de choix<\/h3>\n<p>\nLe projet North American Lithium (NAL) a commenc\u00e9 la production commerciale de concentr\u00e9 de spodum\u00e8ne destin\u00e9 au fabricant de v\u00e9hicules \u00e9lectriques Tesla Inc. et au fabricant de cellules de batterie LG Chem, entre autres. La mine \u00e0 ciel ouvert de La Corne, au Qu\u00e9bec, d\u00e9tenue conjointement par la soci\u00e9t\u00e9 australienne Sayona Mining Ltd. et la soci\u00e9t\u00e9 am\u00e9ricaine Piedmont Lithium Inc. a officiellement repris sa production le 30 mars, \u00e0 la suite d&#8217;un projet de modernisation et d&#8217;am\u00e9lioration de 80 millions de dollars am\u00e9ricains.<\/p>\n<h3>Un monopole pour les deux prochaines ann\u00e9es<\/h3>\n<p>\nLa mine qu\u00e9b\u00e9coise devrait \u00eatre la seule nouvelle source importante de concentr\u00e9 de spodum\u00e8ne riche en lithium en Am\u00e9rique du Nord au cours des deux prochaines ann\u00e9es. Sayona et Piedmont visent \u00e0 produire 226 000 tonnes par an de ce mat\u00e9riau, qui contient environ 6 % d&#8217;oxyde de lithium.<\/p>\n<h3>Une deuxi\u00e8me chance<\/h3>\n<p>\nLe red\u00e9marrage de la production est une seconde chance pour le projet qu\u00e9b\u00e9cois, qui a \u00e9t\u00e9 bri\u00e8vement mis en service en 2018 sous un autre propri\u00e9taire. La chute des prix du lithium a forc\u00e9 l&#8217;arr\u00eat des op\u00e9rations et le propri\u00e9taire pr\u00e9c\u00e9dent \u00e0 se placer sous la protection de la loi sur les cr\u00e9anciers en 2019. Sayona et Piedmont ont achet\u00e9 la mine en 2021 ; ils d\u00e9tiennent respectivement 75 et 25 % des parts du projet.<\/p>\n<h3>Piedmont revend les fruits de l\u2019exploitation<\/h3>\n<p>\nPiedmont a \u00e9galement conclu un accord d&#8217;exploitation qui lui donne le droit d&#8217;acheter environ 65 % de la production du site. \u00c0 son tour, la soci\u00e9t\u00e9 a conclu un accord d&#8217;approvisionnement avec Tesla, ainsi qu&#8217;avec le fabricant de cellules de batterie LG Chem.<\/p>\n<p>\u00c0 ce jour, aucun autre client n&#8217;a \u00e9t\u00e9 r\u00e9v\u00e9l\u00e9.<\/p>\n<p>Les livraisons de la mine devraient commencer au troisi\u00e8me trimestre 2023.<\/p>\n<p>Avec des renseignements d&#8217;Automotive News Canada<\/p>\n<p>Le texte <a rel=\"nofollow\" href=\"https:\/\/annuelauto.ca\/une-mine-de-lithium-de-la-corne-remise-en-service-pour-approvisionner-tesla-et-lg-chem\/\">Une mine de Lithium de la Corne remise en service pour approvisionner Tesla et LG Chem<\/a> provient de <a rel=\"nofollow\" href=\"https:\/\/annuelauto.ca\">L&#8217;annuel de l&#8217;automobile &#8211; Actualit\u00e9 automobile<\/a><\/p>\n<p><\/p>\n","protected":false},"excerpt":{"rendered":"<p>La mine \u00e0 ciel ouvert de La Corne, au Qu\u00e9bec, a officiellement repris sa production de Lithium apr\u00e8s des travaux de modernisation d&#8217;une valeur de 80 millions de dollars am\u00e9ricains. Deux clients de choix Le projet North American Lithium (NAL) a commenc\u00e9 la production commerciale de concentr\u00e9 de spodum\u00e8ne destin\u00e9 au fabricant de v\u00e9hicules \u00e9lectriques [&hellip;]<\/p>\n","protected":false},"author":8,"featured_media":142563,"comment_status":"close","ping_status":"closed","sticky":false,"template":"","format":"standard","meta":{"_monsterinsights_skip_tracking":false,"_monsterinsights_sitenote_active":false,"_monsterinsights_sitenote_note":"","_monsterinsights_sitenote_category":0,"footnotes":""},"categories":[101],"tags":[],"yoast_head":"<!-- This site is optimized with the Yoast SEO plugin v23.2 - https:\/\/yoast.com\/wordpress\/plugins\/seo\/ -->\n<title>Une mine de Lithium de la Corne remise en service pour approvisionner Tesla et LG Chem - CanadaMotorJobs.com<\/title>\n<meta name=\"description\" content=\"Une mine de Lithium de la Corne remise en service pour approvisionner Tesla et LG Chem - Benoit Charette - Annuel automobile - CanadaMotorJobs.com.\" \/>\n<meta name=\"robots\" content=\"index, follow, max-snippet:-1, max-image-preview:large, max-video-preview:-1\" \/>\n<meta property=\"og:locale\" content=\"fr_CA\" \/>\n<meta property=\"og:type\" content=\"article\" \/>\n<meta property=\"og:title\" content=\"Une mine de Lithium de la Corne remise en service pour approvisionner Tesla et LG Chem - CanadaMotorJobs.com\" \/>\n<meta property=\"og:description\" content=\"Une mine de Lithium de la Corne remise en service pour approvisionner Tesla et LG Chem - Benoit Charette - Annuel automobile - CanadaMotorJobs.com.\" \/>\n<meta property=\"og:url\" content=\"https:\/\/news.canadamotorjobs.com\/fr\/une-mine-de-lithium-de-la-corne-remise-en-service-pour-approvisionner-tesla-et-lg-chem\/\" \/>\n<meta property=\"og:site_name\" content=\"CanadaMotorJobs.com\" \/>\n<meta property=\"article:publisher\" content=\"https:\/\/www.facebook.com\/canadamotorjobs\/\" \/>\n<meta property=\"article:published_time\" content=\"2023-03-30T18:51:13+00:00\" \/>\n<meta property=\"article:modified_time\" content=\"2023-03-30T18:59:28+00:00\" \/>\n<meta property=\"og:image\" content=\"https:\/\/news.canadamotorjobs.com\/wp-content\/uploads\/2023\/03\/Project-Page-Hero-Lithium-La-Corne.jpg\" \/>\n\t<meta property=\"og:image:width\" content=\"2560\" \/>\n\t<meta property=\"og:image:height\" content=\"1920\" \/>\n\t<meta property=\"og:image:type\" content=\"image\/jpeg\" \/>\n<meta name=\"author\" content=\"Benoit Charette\" \/>\n<meta name=\"twitter:card\" content=\"summary_large_image\" \/>\n<meta name=\"twitter:creator\" content=\"@canadamotorjobs\" \/>\n<meta name=\"twitter:site\" content=\"@canadamotorjobs\" \/>\n<meta name=\"twitter:label1\" content=\"\u00c9crit par\" \/>\n\t<meta name=\"twitter:data1\" content=\"Benoit Charette\" \/>\n\t<meta name=\"twitter:label2\" content=\"Estimation du temps de lecture\" \/>\n\t<meta name=\"twitter:data2\" content=\"2 minutes\" \/>\n<!-- \/ Yoast SEO plugin. -->","yoast_head_json":{"title":"Une mine de Lithium de la Corne remise en service pour approvisionner Tesla et LG Chem - CanadaMotorJobs.com","description":"Une mine de Lithium de la Corne remise en service pour approvisionner Tesla et LG Chem - Benoit Charette - Annuel automobile - CanadaMotorJobs.com.","robots":{"index":"index","follow":"follow","max-snippet":"max-snippet:-1","max-image-preview":"max-image-preview:large","max-video-preview":"max-video-preview:-1"},"og_locale":"fr_CA","og_type":"article","og_title":"Une mine de Lithium de la Corne remise en service pour approvisionner Tesla et LG Chem - CanadaMotorJobs.com","og_description":"Une mine de Lithium de la Corne remise en service pour approvisionner Tesla et LG Chem - Benoit Charette - Annuel automobile - CanadaMotorJobs.com.","og_url":"https:\/\/news.canadamotorjobs.com\/fr\/une-mine-de-lithium-de-la-corne-remise-en-service-pour-approvisionner-tesla-et-lg-chem\/","og_site_name":"CanadaMotorJobs.com","article_publisher":"https:\/\/www.facebook.com\/canadamotorjobs\/","article_published_time":"2023-03-30T18:51:13+00:00","article_modified_time":"2023-03-30T18:59:28+00:00","og_image":[{"width":2560,"height":1920,"url":"https:\/\/news.canadamotorjobs.com\/wp-content\/uploads\/2023\/03\/Project-Page-Hero-Lithium-La-Corne.jpg","type":"image\/jpeg"}],"author":"Benoit Charette","twitter_card":"summary_large_image","twitter_creator":"@canadamotorjobs","twitter_site":"@canadamotorjobs","twitter_misc":{"\u00c9crit par":"Benoit Charette","Estimation du temps de lecture":"2 minutes"},"schema":{"@context":"https:\/\/schema.org","@graph":[{"@type":"Article","@id":"https:\/\/news.canadamotorjobs.com\/fr\/une-mine-de-lithium-de-la-corne-remise-en-service-pour-approvisionner-tesla-et-lg-chem\/#article","isPartOf":{"@id":"https:\/\/news.canadamotorjobs.com\/fr\/une-mine-de-lithium-de-la-corne-remise-en-service-pour-approvisionner-tesla-et-lg-chem\/"},"author":{"name":"Benoit Charette","@id":"https:\/\/news.canadamotorjobs.com\/#\/schema\/person\/51793d1f87d44011d7bcc2ed99269a90"},"headline":"Une mine de Lithium de la Corne remise en service pour approvisionner Tesla et LG Chem","datePublished":"2023-03-30T18:51:13+00:00","dateModified":"2023-03-30T18:59:28+00:00","mainEntityOfPage":{"@id":"https:\/\/news.canadamotorjobs.com\/fr\/une-mine-de-lithium-de-la-corne-remise-en-service-pour-approvisionner-tesla-et-lg-chem\/"},"wordCount":394,"publisher":{"@id":"https:\/\/news.canadamotorjobs.com\/#organization"},"image":{"@id":"https:\/\/news.canadamotorjobs.com\/fr\/une-mine-de-lithium-de-la-corne-remise-en-service-pour-approvisionner-tesla-et-lg-chem\/#primaryimage"},"thumbnailUrl":"https:\/\/news.canadamotorjobs.com\/wp-content\/uploads\/2023\/03\/Project-Page-Hero-Lithium-La-Corne.jpg","articleSection":["Annuel automobile"],"inLanguage":"fr-CA"},{"@type":"WebPage","@id":"https:\/\/news.canadamotorjobs.com\/fr\/une-mine-de-lithium-de-la-corne-remise-en-service-pour-approvisionner-tesla-et-lg-chem\/","url":"https:\/\/news.canadamotorjobs.com\/fr\/une-mine-de-lithium-de-la-corne-remise-en-service-pour-approvisionner-tesla-et-lg-chem\/","name":"Une mine de Lithium de la Corne remise en service pour approvisionner Tesla et LG Chem - CanadaMotorJobs.com","isPartOf":{"@id":"https:\/\/news.canadamotorjobs.com\/#website"},"primaryImageOfPage":{"@id":"https:\/\/news.canadamotorjobs.com\/fr\/une-mine-de-lithium-de-la-corne-remise-en-service-pour-approvisionner-tesla-et-lg-chem\/#primaryimage"},"image":{"@id":"https:\/\/news.canadamotorjobs.com\/fr\/une-mine-de-lithium-de-la-corne-remise-en-service-pour-approvisionner-tesla-et-lg-chem\/#primaryimage"},"thumbnailUrl":"https:\/\/news.canadamotorjobs.com\/wp-content\/uploads\/2023\/03\/Project-Page-Hero-Lithium-La-Corne.jpg","datePublished":"2023-03-30T18:51:13+00:00","dateModified":"2023-03-30T18:59:28+00:00","description":"Une mine de Lithium de la Corne remise en service pour approvisionner Tesla et LG Chem - Benoit Charette - Annuel automobile - CanadaMotorJobs.com.","breadcrumb":{"@id":"https:\/\/news.canadamotorjobs.com\/fr\/une-mine-de-lithium-de-la-corne-remise-en-service-pour-approvisionner-tesla-et-lg-chem\/#breadcrumb"},"inLanguage":"fr-CA","potentialAction":[{"@type":"ReadAction","target":["https:\/\/news.canadamotorjobs.com\/fr\/une-mine-de-lithium-de-la-corne-remise-en-service-pour-approvisionner-tesla-et-lg-chem\/"]}]},{"@type":"ImageObject","inLanguage":"fr-CA","@id":"https:\/\/news.canadamotorjobs.com\/fr\/une-mine-de-lithium-de-la-corne-remise-en-service-pour-approvisionner-tesla-et-lg-chem\/#primaryimage","url":"https:\/\/news.canadamotorjobs.com\/wp-content\/uploads\/2023\/03\/Project-Page-Hero-Lithium-La-Corne.jpg","contentUrl":"https:\/\/news.canadamotorjobs.com\/wp-content\/uploads\/2023\/03\/Project-Page-Hero-Lithium-La-Corne.jpg","width":2560,"height":1920},{"@type":"BreadcrumbList","@id":"https:\/\/news.canadamotorjobs.com\/fr\/une-mine-de-lithium-de-la-corne-remise-en-service-pour-approvisionner-tesla-et-lg-chem\/#breadcrumb","itemListElement":[{"@type":"ListItem","position":1,"name":"Home","item":"https:\/\/news.canadamotorjobs.com\/fr\/blog\/"},{"@type":"ListItem","position":2,"name":"Une mine de Lithium de la Corne remise en service pour approvisionner Tesla et LG Chem"}]},{"@type":"WebSite","@id":"https:\/\/news.canadamotorjobs.com\/#website","url":"https:\/\/news.canadamotorjobs.com\/","name":"CanadaMotorJobs.com","description":"Automotive Jobs","publisher":{"@id":"https:\/\/news.canadamotorjobs.com\/#organization"},"potentialAction":[{"@type":"SearchAction","target":{"@type":"EntryPoint","urlTemplate":"https:\/\/news.canadamotorjobs.com\/?s={search_term_string}"},"query-input":"required name=search_term_string"}],"inLanguage":"fr-CA"},{"@type":"Organization","@id":"https:\/\/news.canadamotorjobs.com\/#organization","name":"Canada Motor Jobs","url":"https:\/\/news.canadamotorjobs.com\/","logo":{"@type":"ImageObject","inLanguage":"fr-CA","@id":"https:\/\/news.canadamotorjobs.com\/#\/schema\/logo\/image\/","url":"https:\/\/news.canadamotorjobs.com\/wp-content\/uploads\/2022\/10\/logo-canada-motor-jobs-1.png","contentUrl":"https:\/\/news.canadamotorjobs.com\/wp-content\/uploads\/2022\/10\/logo-canada-motor-jobs-1.png","width":800,"height":400,"caption":"Canada Motor Jobs"},"image":{"@id":"https:\/\/news.canadamotorjobs.com\/#\/schema\/logo\/image\/"},"sameAs":["https:\/\/www.facebook.com\/canadamotorjobs\/","https:\/\/x.com\/canadamotorjobs","https:\/\/www.instagram.com\/canadamotorjobs\/","https:\/\/www.linkedin.com\/company\/canadamotorjobs"]},{"@type":"Person","@id":"https:\/\/news.canadamotorjobs.com\/#\/schema\/person\/51793d1f87d44011d7bcc2ed99269a90","name":"Benoit Charette","image":{"@type":"ImageObject","inLanguage":"fr-CA","@id":"https:\/\/news.canadamotorjobs.com\/#\/schema\/person\/image\/","url":"https:\/\/secure.gravatar.com\/avatar\/45f3d2eebcccd909668d7ce7ea7267b6?s=96&d=mm&r=g","contentUrl":"https:\/\/secure.gravatar.com\/avatar\/45f3d2eebcccd909668d7ce7ea7267b6?s=96&d=mm&r=g","caption":"Benoit Charette"},"description":"Benoit Charette \/ Propri\u00e9taire et r\u00e9dacteur en chef Benoit Charette pratique le journalisme automobile depuis bient\u00f4t 30 ans. Il a fait ses classes au c\u00f4t\u00e9 de Daniel H\u00e9raud et au Carnet de route de 1992 \u00e0 2001. Il est fondateur, copropri\u00e9taire et r\u00e9dacteur en chef de L\u2019Annuel de l\u2019automobile, qu\u2019il publie depuis 2001. Il a anim\u00e9 les \u00e9missions RPM et RPM+ sur V et les L\u00e9gendes de la route sur Historia. \u00c0 la radio depuis 1986, il reprend l\u2019antenne cette ann\u00e9e sur les ondes de Cogeco et participe pour la deuxi\u00e8me ann\u00e9e \u00e0 l\u2019\u00e9mission Passion Auto sur RDS en plus de mettre en ligne le site Web officiel de L\u2019Annuel de l\u2019automobile sur annuelauto.ca.","sameAs":["https:\/\/annuelauto.ca\/"],"url":"https:\/\/news.canadamotorjobs.com\/fr\/author\/benoit-charette\/"}]}},"_links":{"self":[{"href":"https:\/\/news.canadamotorjobs.com\/fr\/wp-json\/wp\/v2\/posts\/142561"}],"collection":[{"href":"https:\/\/news.canadamotorjobs.com\/fr\/wp-json\/wp\/v2\/posts"}],"about":[{"href":"https:\/\/news.canadamotorjobs.com\/fr\/wp-json\/wp\/v2\/types\/post"}],"author":[{"embeddable":true,"href":"https:\/\/news.canadamotorjobs.com\/fr\/wp-json\/wp\/v2\/users\/8"}],"replies":[{"embeddable":true,"href":"https:\/\/news.canadamotorjobs.com\/fr\/wp-json\/wp\/v2\/comments?post=142561"}],"version-history":[{"count":2,"href":"https:\/\/news.canadamotorjobs.com\/fr\/wp-json\/wp\/v2\/posts\/142561\/revisions"}],"predecessor-version":[{"id":142565,"href":"https:\/\/news.canadamotorjobs.com\/fr\/wp-json\/wp\/v2\/posts\/142561\/revisions\/142565"}],"wp:featuredmedia":[{"embeddable":true,"href":"https:\/\/news.canadamotorjobs.com\/fr\/wp-json\/wp\/v2\/media\/142563"}],"wp:attachment":[{"href":"https:\/\/news.canadamotorjobs.com\/fr\/wp-json\/wp\/v2\/media?parent=142561"}],"wp:term":[{"taxonomy":"category","embeddable":true,"href":"https:\/\/news.canadamotorjobs.com\/fr\/wp-json\/wp\/v2\/categories?post=142561"},{"taxonomy":"post_tag","embeddable":true,"href":"https:\/\/news.canadamotorjobs.com\/fr\/wp-json\/wp\/v2\/tags?post=142561"}],"curies":[{"name":"wp","href":"https:\/\/api.w.org\/{rel}","templated":true}]}}