{"id":142423,"date":"2023-03-29T08:08:37","date_gmt":"2023-03-29T12:08:37","guid":{"rendered":"https:\/\/news.canadamotorjobs.com\/?p=142423"},"modified":"2023-03-29T09:29:41","modified_gmt":"2023-03-29T13:29:41","slug":"la-nissan-skyline-gt-r-conduite-par-paul-walker-dans-rapides-et-dangereux-4-sera-vendue-dans-un-encan-en-ligne","status":"publish","type":"post","link":"https:\/\/news.canadamotorjobs.com\/fr\/la-nissan-skyline-gt-r-conduite-par-paul-walker-dans-rapides-et-dangereux-4-sera-vendue-dans-un-encan-en-ligne\/","title":{"rendered":"La Nissan Skyline GT-R conduite par Paul Walker dans \u00ab\u00a0Rapides et dangereux\u00a04\u00a0\u00bb sera vendue dans un encan en ligne"},"content":{"rendered":"<\/p>\n<p>Alors que les passionn\u00e9s de films d\u2019action se pr\u00e9parent \u00e0 envahir les salles de cin\u00e9ma pour visionner <em>Rapide\u00a0X<\/em>, la version fran\u00e7aise de <em>Fast\u00a0X<\/em> (<em>Fast and Furious\u00a010<\/em>), en mai 2023 (aux \u00c9tats-Unis), l\u2019encanteur britannique <a href=\"https:\/\/annuelauto.ca\/une-bmw-507-1957-oubliee-durant-4-decennies-trouve-un-acheteur-pour-32m\/\" target=\"_blank\" rel=\"noopener noreferrer\">Bonhams<\/a> pr\u00e9pare une vente aux ench\u00e8res en ligne r\u00e9serv\u00e9e \u00e0 un v\u00e9hicule mythique: la <a href=\"https:\/\/annuelauto.ca\/nissan-eprouve-des-problemes-de-production-avec-son-modele-ariya\/\" target=\"_blank\" rel=\"noopener noreferrer\">Nissan<\/a> Skyline <a href=\"https:\/\/annuelauto.ca\/la-nissan-gt-r-revient-en-2023\/\" target=\"_blank\" rel=\"noopener noreferrer\">GT-R<\/a>\u00a02000 conduite par Paul Walker dans <em>Rapides et Dangereux\u00a04<\/em> (<em><a href=\"https:\/\/annuelauto.ca\/dodge-sassocie-a-la-9e-edition-de-fast-and-furious\/\" target=\"_blank\" rel=\"noopener noreferrer\">Fast and Furious<\/a>\u00a04<\/em>).<\/p>\n<p>Les fervents de cette s\u00e9rie, dont <em>Rapide\u00a0X<\/em> sera le dernier opus, seront heureux d\u2019apprendre que cette Nissan est la seule v\u00e9ritable GT-R qui a servi au tournage des sc\u00e8nes o\u00f9 l\u2019on voit <a href=\"https:\/\/annuelauto.ca\/la-toyota-supra-de-paul-walker-sest-vendue-692-000\/\" target=\"_blank\" rel=\"noopener noreferrer\">Paul Walker<\/a> interpr\u00e9tant l\u2019agent du FBI Brian O&#8217;Conner la conduisant.<\/p>\n<p>Avant d\u2019\u00eatre livr\u00e9e \u00e0 la Universal Film Studios, en 2008, cette GT-R de seconde g\u00e9n\u00e9ration avait \u00e9t\u00e9 personnalis\u00e9e par Daryl Alison de Kaizo Industries, un pr\u00e9parateur californien, selon les exigences de Paul Walker.<\/p>\n<p>Pour le tournage, on l\u2019avait dot\u00e9e d\u2019une cage de protection, d&#8217;un ordinateur fix\u00e9 \u00e0 la planche de bord et de si\u00e8ges baquets de course OMP. Ces derniers ont d\u2019ailleurs conserv\u00e9 les r\u00e9glages qu\u2019avait adopt\u00e9s Paul Walker en conduisant la voiture.<\/p>\n<p>Pour le 6-cylindres en ligne biturbo de 2,6 litres, qui est jumel\u00e9 \u00e0 une bo\u00eete de vitesses manuelle \u00e0 six rapports, on avait aussi ajout\u00e9 refroidisseur interm\u00e9diaire Turbonetics.<\/p>\n<p>Au premier coup d\u2019oeil, les sp\u00e9cialistes de GT-R remarqueront les roues Volk Racing RE30 et l\u2019\u00e9chappement Nismo NE-1, de m\u00eame que l\u2019absence d\u2019\u00e9cussons et d\u2019autocollants. \u00c2g\u00e9 de 35\u00a0ans au moment du tournage, l\u2019acteur californien avait exig\u00e9 de ne pas avoir \u00e0 conduire un \u00ab\u00a0<em>Bomber stickers<\/em> sur roues\u00a0\u00bb\u00a0! Cette d\u00e9cision permettait, en revanche, de mettre en \u00e9vidence les lignes \u00e9pur\u00e9es et classiques de cette Skyline peinte en bleu Bayside.<\/p>\n<h3><strong>Une auto auto, plusieurs jumelles<\/strong><\/h3>\n<p>\nCette GT-R a \u00e9t\u00e9 vue \u00e0 profusion dans le film. Elle a travers\u00e9 Los\u00a0Angeles \u00e0 toute allure durant une course aux enjeux \u00e9lev\u00e9s, elle a servi \u00e0 la contrebande sur la fronti\u00e8re mexicaine et elle a m\u00eame explos\u00e9 durant une sc\u00e8ne marquante.<\/p>\n<p>Cette diversit\u00e9 des usages et les dommages que la voiture subit durant le film s\u2019expliquent simplement. Car, outre la voiture qui sera offerte lors de cette vente, l\u2019\u00e9quipe de tournage du film a utilis\u00e9 six r\u00e9pliques pr\u00e9par\u00e9es pour les cascades. Quatre d\u2019entre elles \u00e9taient des Skyline GT \u00e0 moteur atmosph\u00e9rique, alors qu\u2019une autre \u00e9tait qu\u2019une carrosserie de Nissan mont\u00e9e sur un <em>dune buggy<\/em> pour une sc\u00e8ne o\u00f9 elle devait \u00eatre propuls\u00e9e en l\u2019air. La sixi\u00e8me, enfin, n\u2019\u00e9tait qu\u2019une partie de carrosserie pos\u00e9e sur une remorque pour effectuer des prises de vue int\u00e9rieures montrant les personnages !<\/p>\n<p>La vedette \u00e0 quatre roues qui sera offerte par l\u2019encanteur Bonhams peut \u00eatre conduite. Elle pourrait aussi garnir une collection de mus\u00e9e, puisqu\u2019elle est assortie d&#8217;une copie du contrat de location de la Universal Pictures.<\/p>\n<p>Officiellement, l\u2019encanteur britannique n\u2019a pas divulgu\u00e9 la valeur de ce bolide. Il s\u2019est tout de m\u00eame permis de r\u00e9v\u00e9ler \u00e0 la presse sp\u00e9cialis\u00e9e qu\u2019on s\u2019attend \u00e0 ce qu\u2019elle d\u00e9passe le million de livres sterling (environ 1,7\u00a0M$). La vente aux ench\u00e8res en ligne de cette pi\u00e8ce unique d\u00e9butera le 28 avril et prendra fin le 5 mai.<\/p>\n<p><em>Photos : Bonhams et Universal Pictures<br \/>\n<\/em><\/p>\n<div id=\"simple-translate\" class=\"simple-translate-light-theme\"><\/p>\n<div><\/p>\n<div class=\"simple-translate-button isShow\" style=\"height: 22px;width: 22px\"><\/div>\n<p><\/p>\n<div class=\"simple-translate-panel \" style=\"width: 300px;height: 200px;font-size: 13px\"><\/p>\n<div class=\"simple-translate-result-wrapper\" style=\"overflow: hidden\"><\/p>\n<div class=\"simple-translate-move\"><\/div>\n<p><\/p>\n<div class=\"simple-translate-result-contents\"><\/p>\n<p class=\"simple-translate-candidate\" dir=\"auto\">\n<\/div>\n<p>\n<\/div>\n<p>\n<\/div>\n<p>\n<\/div>\n<p>\n<\/div>\n<p>Le texte <a rel=\"nofollow\" href=\"https:\/\/annuelauto.ca\/la-nissan-skyline-gt-r-conduite-par-paul-walker-dans-rapides-et-dangereux-4-sera-vendue-dans-un-encan-en-ligne\/\">La Nissan Skyline GT-R conduite par Paul Walker dans \u00ab\u00a0Rapides et dangereux\u00a04\u00a0\u00bb sera vendue dans un encan en ligne<\/a> provient de <a rel=\"nofollow\" href=\"https:\/\/annuelauto.ca\">L&#8217;annuel de l&#8217;automobile &#8211; Actualit\u00e9 automobile<\/a><\/p>\n<p><\/p>\n","protected":false},"excerpt":{"rendered":"<p>Alors que les passionn\u00e9s de films d\u2019action se pr\u00e9parent \u00e0 envahir les salles de cin\u00e9ma pour visionner Rapide\u00a0X, la version fran\u00e7aise de Fast\u00a0X (Fast and Furious\u00a010), en mai 2023 (aux \u00c9tats-Unis), l\u2019encanteur britannique Bonhams pr\u00e9pare une vente aux ench\u00e8res en ligne r\u00e9serv\u00e9e \u00e0 un v\u00e9hicule mythique: la Nissan Skyline GT-R\u00a02000 conduite par Paul Walker dans [&hellip;]<\/p>\n","protected":false},"author":8,"featured_media":142425,"comment_status":"close","ping_status":"closed","sticky":false,"template":"","format":"standard","meta":{"_monsterinsights_skip_tracking":false,"_monsterinsights_sitenote_active":false,"_monsterinsights_sitenote_note":"","_monsterinsights_sitenote_category":0,"footnotes":""},"categories":[101],"tags":[],"yoast_head":"<!-- This site is optimized with the Yoast SEO plugin v23.2 - https:\/\/yoast.com\/wordpress\/plugins\/seo\/ -->\n<title>La Nissan Skyline GT-R conduite par Paul Walker dans \u00ab\u00a0Rapides et dangereux\u00a04\u00a0\u00bb sera vendue dans un encan en ligne - CanadaMotorJobs.com<\/title>\n<meta name=\"description\" content=\"La Nissan Skyline GT-R conduite par Paul Walker dans \u00ab\u00a0Rapides et dangereux\u00a04\u00a0\u00bb sera vendue dans un encan en ligne - Benoit Charette - Annuel automobile - CanadaMotorJobs.com.\" \/>\n<meta name=\"robots\" content=\"index, follow, max-snippet:-1, max-image-preview:large, max-video-preview:-1\" \/>\n<meta property=\"og:locale\" content=\"fr_CA\" \/>\n<meta property=\"og:type\" content=\"article\" \/>\n<meta property=\"og:title\" content=\"La Nissan Skyline GT-R conduite par Paul Walker dans \u00ab\u00a0Rapides et dangereux\u00a04\u00a0\u00bb sera vendue dans un encan en ligne - CanadaMotorJobs.com\" \/>\n<meta property=\"og:description\" content=\"La Nissan Skyline GT-R conduite par Paul Walker dans \u00ab\u00a0Rapides et dangereux\u00a04\u00a0\u00bb sera vendue dans un encan en ligne - Benoit Charette - Annuel automobile - CanadaMotorJobs.com.\" \/>\n<meta property=\"og:url\" content=\"https:\/\/news.canadamotorjobs.com\/fr\/la-nissan-skyline-gt-r-conduite-par-paul-walker-dans-rapides-et-dangereux-4-sera-vendue-dans-un-encan-en-ligne\/\" \/>\n<meta property=\"og:site_name\" content=\"CanadaMotorJobs.com\" \/>\n<meta property=\"article:publisher\" content=\"https:\/\/www.facebook.com\/canadamotorjobs\/\" \/>\n<meta property=\"article:published_time\" content=\"2023-03-29T12:08:37+00:00\" \/>\n<meta property=\"article:modified_time\" content=\"2023-03-29T13:29:41+00:00\" \/>\n<meta property=\"og:image\" content=\"https:\/\/news.canadamotorjobs.com\/wp-content\/uploads\/2023\/03\/Paul-Walker-et-GT-R.jpg\" \/>\n\t<meta property=\"og:image:width\" content=\"1500\" \/>\n\t<meta property=\"og:image:height\" content=\"1000\" \/>\n\t<meta property=\"og:image:type\" content=\"image\/jpeg\" \/>\n<meta name=\"author\" content=\"Benoit Charette\" \/>\n<meta name=\"twitter:card\" content=\"summary_large_image\" \/>\n<meta name=\"twitter:creator\" content=\"@canadamotorjobs\" \/>\n<meta name=\"twitter:site\" content=\"@canadamotorjobs\" \/>\n<meta name=\"twitter:label1\" content=\"\u00c9crit par\" \/>\n\t<meta name=\"twitter:data1\" content=\"Benoit Charette\" \/>\n\t<meta name=\"twitter:label2\" content=\"Estimation du temps de lecture\" \/>\n\t<meta name=\"twitter:data2\" content=\"3 minutes\" \/>\n<!-- \/ Yoast SEO plugin. -->","yoast_head_json":{"title":"La Nissan Skyline GT-R conduite par Paul Walker dans \u00ab\u00a0Rapides et dangereux\u00a04\u00a0\u00bb sera vendue dans un encan en ligne - CanadaMotorJobs.com","description":"La Nissan Skyline GT-R conduite par Paul Walker dans \u00ab\u00a0Rapides et dangereux\u00a04\u00a0\u00bb sera vendue dans un encan en ligne - Benoit Charette - Annuel automobile - CanadaMotorJobs.com.","robots":{"index":"index","follow":"follow","max-snippet":"max-snippet:-1","max-image-preview":"max-image-preview:large","max-video-preview":"max-video-preview:-1"},"og_locale":"fr_CA","og_type":"article","og_title":"La Nissan Skyline GT-R conduite par Paul Walker dans \u00ab\u00a0Rapides et dangereux\u00a04\u00a0\u00bb sera vendue dans un encan en ligne - CanadaMotorJobs.com","og_description":"La Nissan Skyline GT-R conduite par Paul Walker dans \u00ab\u00a0Rapides et dangereux\u00a04\u00a0\u00bb sera vendue dans un encan en ligne - Benoit Charette - Annuel automobile - CanadaMotorJobs.com.","og_url":"https:\/\/news.canadamotorjobs.com\/fr\/la-nissan-skyline-gt-r-conduite-par-paul-walker-dans-rapides-et-dangereux-4-sera-vendue-dans-un-encan-en-ligne\/","og_site_name":"CanadaMotorJobs.com","article_publisher":"https:\/\/www.facebook.com\/canadamotorjobs\/","article_published_time":"2023-03-29T12:08:37+00:00","article_modified_time":"2023-03-29T13:29:41+00:00","og_image":[{"width":1500,"height":1000,"url":"https:\/\/news.canadamotorjobs.com\/wp-content\/uploads\/2023\/03\/Paul-Walker-et-GT-R.jpg","type":"image\/jpeg"}],"author":"Benoit Charette","twitter_card":"summary_large_image","twitter_creator":"@canadamotorjobs","twitter_site":"@canadamotorjobs","twitter_misc":{"\u00c9crit par":"Benoit Charette","Estimation du temps de lecture":"3 minutes"},"schema":{"@context":"https:\/\/schema.org","@graph":[{"@type":"Article","@id":"https:\/\/news.canadamotorjobs.com\/fr\/la-nissan-skyline-gt-r-conduite-par-paul-walker-dans-rapides-et-dangereux-4-sera-vendue-dans-un-encan-en-ligne\/#article","isPartOf":{"@id":"https:\/\/news.canadamotorjobs.com\/fr\/la-nissan-skyline-gt-r-conduite-par-paul-walker-dans-rapides-et-dangereux-4-sera-vendue-dans-un-encan-en-ligne\/"},"author":{"name":"Benoit Charette","@id":"https:\/\/news.canadamotorjobs.com\/#\/schema\/person\/51793d1f87d44011d7bcc2ed99269a90"},"headline":"La Nissan Skyline GT-R conduite par Paul Walker dans \u00ab\u00a0Rapides et dangereux\u00a04\u00a0\u00bb sera vendue dans un encan en ligne","datePublished":"2023-03-29T12:08:37+00:00","dateModified":"2023-03-29T13:29:41+00:00","mainEntityOfPage":{"@id":"https:\/\/news.canadamotorjobs.com\/fr\/la-nissan-skyline-gt-r-conduite-par-paul-walker-dans-rapides-et-dangereux-4-sera-vendue-dans-un-encan-en-ligne\/"},"wordCount":632,"publisher":{"@id":"https:\/\/news.canadamotorjobs.com\/#organization"},"image":{"@id":"https:\/\/news.canadamotorjobs.com\/fr\/la-nissan-skyline-gt-r-conduite-par-paul-walker-dans-rapides-et-dangereux-4-sera-vendue-dans-un-encan-en-ligne\/#primaryimage"},"thumbnailUrl":"https:\/\/news.canadamotorjobs.com\/wp-content\/uploads\/2023\/03\/Paul-Walker-et-GT-R.jpg","articleSection":["Annuel automobile"],"inLanguage":"fr-CA"},{"@type":"WebPage","@id":"https:\/\/news.canadamotorjobs.com\/fr\/la-nissan-skyline-gt-r-conduite-par-paul-walker-dans-rapides-et-dangereux-4-sera-vendue-dans-un-encan-en-ligne\/","url":"https:\/\/news.canadamotorjobs.com\/fr\/la-nissan-skyline-gt-r-conduite-par-paul-walker-dans-rapides-et-dangereux-4-sera-vendue-dans-un-encan-en-ligne\/","name":"La Nissan Skyline GT-R conduite par Paul Walker dans \u00ab\u00a0Rapides et dangereux\u00a04\u00a0\u00bb sera vendue dans un encan en ligne - CanadaMotorJobs.com","isPartOf":{"@id":"https:\/\/news.canadamotorjobs.com\/#website"},"primaryImageOfPage":{"@id":"https:\/\/news.canadamotorjobs.com\/fr\/la-nissan-skyline-gt-r-conduite-par-paul-walker-dans-rapides-et-dangereux-4-sera-vendue-dans-un-encan-en-ligne\/#primaryimage"},"image":{"@id":"https:\/\/news.canadamotorjobs.com\/fr\/la-nissan-skyline-gt-r-conduite-par-paul-walker-dans-rapides-et-dangereux-4-sera-vendue-dans-un-encan-en-ligne\/#primaryimage"},"thumbnailUrl":"https:\/\/news.canadamotorjobs.com\/wp-content\/uploads\/2023\/03\/Paul-Walker-et-GT-R.jpg","datePublished":"2023-03-29T12:08:37+00:00","dateModified":"2023-03-29T13:29:41+00:00","description":"La Nissan Skyline GT-R conduite par Paul Walker dans \u00ab\u00a0Rapides et dangereux\u00a04\u00a0\u00bb sera vendue dans un encan en ligne - Benoit Charette - Annuel automobile - CanadaMotorJobs.com.","breadcrumb":{"@id":"https:\/\/news.canadamotorjobs.com\/fr\/la-nissan-skyline-gt-r-conduite-par-paul-walker-dans-rapides-et-dangereux-4-sera-vendue-dans-un-encan-en-ligne\/#breadcrumb"},"inLanguage":"fr-CA","potentialAction":[{"@type":"ReadAction","target":["https:\/\/news.canadamotorjobs.com\/fr\/la-nissan-skyline-gt-r-conduite-par-paul-walker-dans-rapides-et-dangereux-4-sera-vendue-dans-un-encan-en-ligne\/"]}]},{"@type":"ImageObject","inLanguage":"fr-CA","@id":"https:\/\/news.canadamotorjobs.com\/fr\/la-nissan-skyline-gt-r-conduite-par-paul-walker-dans-rapides-et-dangereux-4-sera-vendue-dans-un-encan-en-ligne\/#primaryimage","url":"https:\/\/news.canadamotorjobs.com\/wp-content\/uploads\/2023\/03\/Paul-Walker-et-GT-R.jpg","contentUrl":"https:\/\/news.canadamotorjobs.com\/wp-content\/uploads\/2023\/03\/Paul-Walker-et-GT-R.jpg","width":1500,"height":1000},{"@type":"BreadcrumbList","@id":"https:\/\/news.canadamotorjobs.com\/fr\/la-nissan-skyline-gt-r-conduite-par-paul-walker-dans-rapides-et-dangereux-4-sera-vendue-dans-un-encan-en-ligne\/#breadcrumb","itemListElement":[{"@type":"ListItem","position":1,"name":"Home","item":"https:\/\/news.canadamotorjobs.com\/fr\/blog\/"},{"@type":"ListItem","position":2,"name":"La Nissan Skyline GT-R conduite par Paul Walker dans \u00ab\u00a0Rapides et dangereux\u00a04\u00a0\u00bb sera vendue dans un encan en ligne"}]},{"@type":"WebSite","@id":"https:\/\/news.canadamotorjobs.com\/#website","url":"https:\/\/news.canadamotorjobs.com\/","name":"CanadaMotorJobs.com","description":"Automotive Jobs","publisher":{"@id":"https:\/\/news.canadamotorjobs.com\/#organization"},"potentialAction":[{"@type":"SearchAction","target":{"@type":"EntryPoint","urlTemplate":"https:\/\/news.canadamotorjobs.com\/?s={search_term_string}"},"query-input":"required name=search_term_string"}],"inLanguage":"fr-CA"},{"@type":"Organization","@id":"https:\/\/news.canadamotorjobs.com\/#organization","name":"Canada Motor Jobs","url":"https:\/\/news.canadamotorjobs.com\/","logo":{"@type":"ImageObject","inLanguage":"fr-CA","@id":"https:\/\/news.canadamotorjobs.com\/#\/schema\/logo\/image\/","url":"https:\/\/news.canadamotorjobs.com\/wp-content\/uploads\/2022\/10\/logo-canada-motor-jobs-1.png","contentUrl":"https:\/\/news.canadamotorjobs.com\/wp-content\/uploads\/2022\/10\/logo-canada-motor-jobs-1.png","width":800,"height":400,"caption":"Canada Motor Jobs"},"image":{"@id":"https:\/\/news.canadamotorjobs.com\/#\/schema\/logo\/image\/"},"sameAs":["https:\/\/www.facebook.com\/canadamotorjobs\/","https:\/\/x.com\/canadamotorjobs","https:\/\/www.instagram.com\/canadamotorjobs\/","https:\/\/www.linkedin.com\/company\/canadamotorjobs"]},{"@type":"Person","@id":"https:\/\/news.canadamotorjobs.com\/#\/schema\/person\/51793d1f87d44011d7bcc2ed99269a90","name":"Benoit Charette","image":{"@type":"ImageObject","inLanguage":"fr-CA","@id":"https:\/\/news.canadamotorjobs.com\/#\/schema\/person\/image\/","url":"https:\/\/secure.gravatar.com\/avatar\/45f3d2eebcccd909668d7ce7ea7267b6?s=96&d=mm&r=g","contentUrl":"https:\/\/secure.gravatar.com\/avatar\/45f3d2eebcccd909668d7ce7ea7267b6?s=96&d=mm&r=g","caption":"Benoit Charette"},"description":"Benoit Charette \/ Propri\u00e9taire et r\u00e9dacteur en chef Benoit Charette pratique le journalisme automobile depuis bient\u00f4t 30 ans. Il a fait ses classes au c\u00f4t\u00e9 de Daniel H\u00e9raud et au Carnet de route de 1992 \u00e0 2001. Il est fondateur, copropri\u00e9taire et r\u00e9dacteur en chef de L\u2019Annuel de l\u2019automobile, qu\u2019il publie depuis 2001. Il a anim\u00e9 les \u00e9missions RPM et RPM+ sur V et les L\u00e9gendes de la route sur Historia. \u00c0 la radio depuis 1986, il reprend l\u2019antenne cette ann\u00e9e sur les ondes de Cogeco et participe pour la deuxi\u00e8me ann\u00e9e \u00e0 l\u2019\u00e9mission Passion Auto sur RDS en plus de mettre en ligne le site Web officiel de L\u2019Annuel de l\u2019automobile sur annuelauto.ca.","sameAs":["https:\/\/annuelauto.ca\/"],"url":"https:\/\/news.canadamotorjobs.com\/fr\/author\/benoit-charette\/"}]}},"_links":{"self":[{"href":"https:\/\/news.canadamotorjobs.com\/fr\/wp-json\/wp\/v2\/posts\/142423"}],"collection":[{"href":"https:\/\/news.canadamotorjobs.com\/fr\/wp-json\/wp\/v2\/posts"}],"about":[{"href":"https:\/\/news.canadamotorjobs.com\/fr\/wp-json\/wp\/v2\/types\/post"}],"author":[{"embeddable":true,"href":"https:\/\/news.canadamotorjobs.com\/fr\/wp-json\/wp\/v2\/users\/8"}],"replies":[{"embeddable":true,"href":"https:\/\/news.canadamotorjobs.com\/fr\/wp-json\/wp\/v2\/comments?post=142423"}],"version-history":[{"count":2,"href":"https:\/\/news.canadamotorjobs.com\/fr\/wp-json\/wp\/v2\/posts\/142423\/revisions"}],"predecessor-version":[{"id":142427,"href":"https:\/\/news.canadamotorjobs.com\/fr\/wp-json\/wp\/v2\/posts\/142423\/revisions\/142427"}],"wp:featuredmedia":[{"embeddable":true,"href":"https:\/\/news.canadamotorjobs.com\/fr\/wp-json\/wp\/v2\/media\/142425"}],"wp:attachment":[{"href":"https:\/\/news.canadamotorjobs.com\/fr\/wp-json\/wp\/v2\/media?parent=142423"}],"wp:term":[{"taxonomy":"category","embeddable":true,"href":"https:\/\/news.canadamotorjobs.com\/fr\/wp-json\/wp\/v2\/categories?post=142423"},{"taxonomy":"post_tag","embeddable":true,"href":"https:\/\/news.canadamotorjobs.com\/fr\/wp-json\/wp\/v2\/tags?post=142423"}],"curies":[{"name":"wp","href":"https:\/\/api.w.org\/{rel}","templated":true}]}}