{"id":142369,"date":"2023-03-28T10:12:40","date_gmt":"2023-03-28T14:12:40","guid":{"rendered":"https:\/\/news.canadamotorjobs.com\/?p=142369"},"modified":"2023-03-28T10:14:29","modified_gmt":"2023-03-28T14:14:29","slug":"toyota-corolla-hybride-2023","status":"publish","type":"post","link":"https:\/\/news.canadamotorjobs.com\/fr\/toyota-corolla-hybride-2023\/","title":{"rendered":"Toyota Corolla hybride 2023"},"content":{"rendered":"<\/p>\n<p>Croyez-le ou non mais la Corolla est la voiture la plus vendu au monde. Et l\u2019ann\u00e9e derni\u00e8re, elle a m\u00eame d\u00e9class\u00e9 la Honda Civic au sommet des voitures les plus vendues au Canada. \u00c7a faisait 24 ans que la Civic \u00e9tait en t\u00eate\u2026<\/p>\n<p>J\u2019imagine que le succ\u00e8s va continuer cette ann\u00e9e pour la petite berline \u00e9tant donn\u00e9 qu\u2019elle a eu droit \u00e0 quelques nouveaut\u00e9s qui la rendent un peu plus \u00e9l\u00e9gante et, dans le cas de la Corolla hybride, moins \u00e9nergivore.<\/p>\n<p>L\u2019hybride qui, en passant, est vendue en trois versions et qui peut aussi \u00eatre livr\u00e9e avec un rouage int\u00e9gral, ce qui devrait faire r\u00e9fl\u00e9chir les gens qui ach\u00e8tent un VUS principalement pour avoir un v\u00e9hicule \u00e0 quatre roues motrices.<\/p>\n<p>Sous le capot, la Corolla hybride troque le 4 cylindres de 2 litres des versions de base pour un 4 cylindres de 1,8 litre auquel on a jumel\u00e9 pas un, mais deux moteurs \u00e9lectriques. Tout \u00e7a mis ensemble, la voiture a droit \u00e0 une puissance totale de 134 chevaux.<\/p>\n<p>Tout \u00e7a est transmis aux roues motrices via une bo\u00eete de transmission \u00e0 variation continue, une CVT, qui aplanit dr\u00f4lement les acc\u00e9l\u00e9rations et les reprises. On n\u2019a pas l\u00e0 une voiture dont le comportement a quoi que ce soit de sportif!<\/p>\n<p>Cela dit, on obtient une consommation d\u2019essence qui avoisine les 5 litres aux 100 kilom\u00e8tres. \u00c7a d\u00e9pend comment vous conduisez, mais dans le pire des cas, la consommation moyenne peut grimper jusqu\u2019\u00e0 6,5 l\/100 km, ce qui est quand m\u00eame remarquable.<\/p>\n<p>On trouve aussi de la nouveaut\u00e9 \u00e0 bord. Le syst\u00e8me multim\u00e9dia de Toyota est de mise. Il prend la forme d\u2019un \u00e9cran de 8 pouces plut\u00f4t modeste mais juste assez grand pour bien voir. Il vient avec une interface minimaliste mais efficace et il est compatible avec CarPlay et Android Auto sans fil\u2026. La plupart du temps. Le jumelage ne se fait pas toujours automatiquement.<\/p>\n<p>\u00c9tonnamment, c\u2019est probablement ce syst\u00e8me multim\u00e9dia qui est le plus grand point faible de la Corolla. Le son est de qualit\u00e9 plus que moyenne et il faut ajuster le volume constamment. C\u2019est un peu aga\u00e7ant.<\/p>\n<p>Cela dit, c\u2019est aussi indicateur du fait que l\u2019habitacle est relativement silencieux\u2026<\/p>\n<p>Parlant d\u2019habitacle, on peut asseoir jusqu\u2019\u00e0 cinq personnes \u00e0 bord, mais disons que quatre seront plus confortables. Le coffre est de son c\u00f4t\u00e9 assez spacieux, mais l\u2019acc\u00e8s m\u2019est apparu un peu \u00e9troit.<\/p>\n<p>Mais c\u2019est normal, on parle ici d\u2019une berline compacte. Et surtout d\u2019une berline tr\u00e8s peu \u00e9nergivore qui co\u00fbte entre 27\u00a0000 et 35\u00a0000 dollars, en version hybride. Ce qui, vu le march\u00e9 automobile actuel, explique pourquoi la Corolla est une voiture populaire au Canada\u2026<\/p>\n<p>\u00a0<\/p>\n<p>\u00a0<\/p>\n<p>\u00a0<\/p>\n<p>Le texte <a rel=\"nofollow\" href=\"https:\/\/annuelauto.ca\/toyota-corolla-hybride-2023\/\">Toyota Corolla hybride 2023<\/a> provient de <a rel=\"nofollow\" href=\"https:\/\/annuelauto.ca\">L&#8217;annuel de l&#8217;automobile &#8211; Actualit\u00e9 automobile<\/a><\/p>\n<p><\/p>\n","protected":false},"excerpt":{"rendered":"<p>Croyez-le ou non mais la Corolla est la voiture la plus vendu au monde. Et l\u2019ann\u00e9e derni\u00e8re, elle a m\u00eame d\u00e9class\u00e9 la Honda Civic au sommet des voitures les plus vendues au Canada. \u00c7a faisait 24 ans que la Civic \u00e9tait en t\u00eate\u2026 J\u2019imagine que le succ\u00e8s va continuer cette ann\u00e9e pour la petite berline [&hellip;]<\/p>\n","protected":false},"author":8,"featured_media":142371,"comment_status":"close","ping_status":"closed","sticky":false,"template":"","format":"standard","meta":{"_monsterinsights_skip_tracking":false,"_monsterinsights_sitenote_active":false,"_monsterinsights_sitenote_note":"","_monsterinsights_sitenote_category":0,"footnotes":""},"categories":[101],"tags":[],"yoast_head":"<!-- This site is optimized with the Yoast SEO plugin v23.2 - https:\/\/yoast.com\/wordpress\/plugins\/seo\/ -->\n<title>Toyota Corolla hybride 2023 - CanadaMotorJobs.com<\/title>\n<meta name=\"description\" content=\"Toyota Corolla hybride 2023 - Benoit Charette - Annuel automobile - CanadaMotorJobs.com.\" \/>\n<meta name=\"robots\" content=\"index, follow, max-snippet:-1, max-image-preview:large, max-video-preview:-1\" \/>\n<meta property=\"og:locale\" content=\"fr_CA\" \/>\n<meta property=\"og:type\" content=\"article\" \/>\n<meta property=\"og:title\" content=\"Toyota Corolla hybride 2023 - CanadaMotorJobs.com\" \/>\n<meta property=\"og:description\" content=\"Toyota Corolla hybride 2023 - Benoit Charette - Annuel automobile - CanadaMotorJobs.com.\" \/>\n<meta property=\"og:url\" content=\"https:\/\/news.canadamotorjobs.com\/fr\/toyota-corolla-hybride-2023\/\" \/>\n<meta property=\"og:site_name\" content=\"CanadaMotorJobs.com\" \/>\n<meta property=\"article:publisher\" content=\"https:\/\/www.facebook.com\/canadamotorjobs\/\" \/>\n<meta property=\"article:published_time\" content=\"2023-03-28T14:12:40+00:00\" \/>\n<meta property=\"article:modified_time\" content=\"2023-03-28T14:14:29+00:00\" \/>\n<meta property=\"og:image\" content=\"https:\/\/news.canadamotorjobs.com\/wp-content\/uploads\/2023\/03\/2023_Toyota_Corolla_XSE_Hybrid-1.jpg\" \/>\n\t<meta property=\"og:image:width\" content=\"1200\" \/>\n\t<meta property=\"og:image:height\" content=\"800\" \/>\n\t<meta property=\"og:image:type\" content=\"image\/jpeg\" \/>\n<meta name=\"author\" content=\"Benoit Charette\" \/>\n<meta name=\"twitter:card\" content=\"summary_large_image\" \/>\n<meta name=\"twitter:creator\" content=\"@canadamotorjobs\" \/>\n<meta name=\"twitter:site\" content=\"@canadamotorjobs\" \/>\n<meta name=\"twitter:label1\" content=\"\u00c9crit par\" \/>\n\t<meta name=\"twitter:data1\" content=\"Benoit Charette\" \/>\n\t<meta name=\"twitter:label2\" content=\"Estimation du temps de lecture\" \/>\n\t<meta name=\"twitter:data2\" content=\"2 minutes\" \/>\n<!-- \/ Yoast SEO plugin. -->","yoast_head_json":{"title":"Toyota Corolla hybride 2023 - CanadaMotorJobs.com","description":"Toyota Corolla hybride 2023 - Benoit Charette - Annuel automobile - CanadaMotorJobs.com.","robots":{"index":"index","follow":"follow","max-snippet":"max-snippet:-1","max-image-preview":"max-image-preview:large","max-video-preview":"max-video-preview:-1"},"og_locale":"fr_CA","og_type":"article","og_title":"Toyota Corolla hybride 2023 - CanadaMotorJobs.com","og_description":"Toyota Corolla hybride 2023 - Benoit Charette - Annuel automobile - CanadaMotorJobs.com.","og_url":"https:\/\/news.canadamotorjobs.com\/fr\/toyota-corolla-hybride-2023\/","og_site_name":"CanadaMotorJobs.com","article_publisher":"https:\/\/www.facebook.com\/canadamotorjobs\/","article_published_time":"2023-03-28T14:12:40+00:00","article_modified_time":"2023-03-28T14:14:29+00:00","og_image":[{"width":1200,"height":800,"url":"https:\/\/news.canadamotorjobs.com\/wp-content\/uploads\/2023\/03\/2023_Toyota_Corolla_XSE_Hybrid-1.jpg","type":"image\/jpeg"}],"author":"Benoit Charette","twitter_card":"summary_large_image","twitter_creator":"@canadamotorjobs","twitter_site":"@canadamotorjobs","twitter_misc":{"\u00c9crit par":"Benoit Charette","Estimation du temps de lecture":"2 minutes"},"schema":{"@context":"https:\/\/schema.org","@graph":[{"@type":"Article","@id":"https:\/\/news.canadamotorjobs.com\/fr\/toyota-corolla-hybride-2023\/#article","isPartOf":{"@id":"https:\/\/news.canadamotorjobs.com\/fr\/toyota-corolla-hybride-2023\/"},"author":{"name":"Benoit Charette","@id":"https:\/\/news.canadamotorjobs.com\/#\/schema\/person\/51793d1f87d44011d7bcc2ed99269a90"},"headline":"Toyota Corolla hybride 2023","datePublished":"2023-03-28T14:12:40+00:00","dateModified":"2023-03-28T14:14:29+00:00","mainEntityOfPage":{"@id":"https:\/\/news.canadamotorjobs.com\/fr\/toyota-corolla-hybride-2023\/"},"wordCount":487,"publisher":{"@id":"https:\/\/news.canadamotorjobs.com\/#organization"},"image":{"@id":"https:\/\/news.canadamotorjobs.com\/fr\/toyota-corolla-hybride-2023\/#primaryimage"},"thumbnailUrl":"https:\/\/news.canadamotorjobs.com\/wp-content\/uploads\/2023\/03\/2023_Toyota_Corolla_XSE_Hybrid-1.jpg","articleSection":["Annuel automobile"],"inLanguage":"fr-CA"},{"@type":"WebPage","@id":"https:\/\/news.canadamotorjobs.com\/fr\/toyota-corolla-hybride-2023\/","url":"https:\/\/news.canadamotorjobs.com\/fr\/toyota-corolla-hybride-2023\/","name":"Toyota Corolla hybride 2023 - CanadaMotorJobs.com","isPartOf":{"@id":"https:\/\/news.canadamotorjobs.com\/#website"},"primaryImageOfPage":{"@id":"https:\/\/news.canadamotorjobs.com\/fr\/toyota-corolla-hybride-2023\/#primaryimage"},"image":{"@id":"https:\/\/news.canadamotorjobs.com\/fr\/toyota-corolla-hybride-2023\/#primaryimage"},"thumbnailUrl":"https:\/\/news.canadamotorjobs.com\/wp-content\/uploads\/2023\/03\/2023_Toyota_Corolla_XSE_Hybrid-1.jpg","datePublished":"2023-03-28T14:12:40+00:00","dateModified":"2023-03-28T14:14:29+00:00","description":"Toyota Corolla hybride 2023 - Benoit Charette - Annuel automobile - CanadaMotorJobs.com.","breadcrumb":{"@id":"https:\/\/news.canadamotorjobs.com\/fr\/toyota-corolla-hybride-2023\/#breadcrumb"},"inLanguage":"fr-CA","potentialAction":[{"@type":"ReadAction","target":["https:\/\/news.canadamotorjobs.com\/fr\/toyota-corolla-hybride-2023\/"]}]},{"@type":"ImageObject","inLanguage":"fr-CA","@id":"https:\/\/news.canadamotorjobs.com\/fr\/toyota-corolla-hybride-2023\/#primaryimage","url":"https:\/\/news.canadamotorjobs.com\/wp-content\/uploads\/2023\/03\/2023_Toyota_Corolla_XSE_Hybrid-1.jpg","contentUrl":"https:\/\/news.canadamotorjobs.com\/wp-content\/uploads\/2023\/03\/2023_Toyota_Corolla_XSE_Hybrid-1.jpg","width":1200,"height":800},{"@type":"BreadcrumbList","@id":"https:\/\/news.canadamotorjobs.com\/fr\/toyota-corolla-hybride-2023\/#breadcrumb","itemListElement":[{"@type":"ListItem","position":1,"name":"Home","item":"https:\/\/news.canadamotorjobs.com\/fr\/blog\/"},{"@type":"ListItem","position":2,"name":"Toyota Corolla hybride 2023"}]},{"@type":"WebSite","@id":"https:\/\/news.canadamotorjobs.com\/#website","url":"https:\/\/news.canadamotorjobs.com\/","name":"CanadaMotorJobs.com","description":"Automotive Jobs","publisher":{"@id":"https:\/\/news.canadamotorjobs.com\/#organization"},"potentialAction":[{"@type":"SearchAction","target":{"@type":"EntryPoint","urlTemplate":"https:\/\/news.canadamotorjobs.com\/?s={search_term_string}"},"query-input":"required name=search_term_string"}],"inLanguage":"fr-CA"},{"@type":"Organization","@id":"https:\/\/news.canadamotorjobs.com\/#organization","name":"Canada Motor Jobs","url":"https:\/\/news.canadamotorjobs.com\/","logo":{"@type":"ImageObject","inLanguage":"fr-CA","@id":"https:\/\/news.canadamotorjobs.com\/#\/schema\/logo\/image\/","url":"https:\/\/news.canadamotorjobs.com\/wp-content\/uploads\/2022\/10\/logo-canada-motor-jobs-1.png","contentUrl":"https:\/\/news.canadamotorjobs.com\/wp-content\/uploads\/2022\/10\/logo-canada-motor-jobs-1.png","width":800,"height":400,"caption":"Canada Motor Jobs"},"image":{"@id":"https:\/\/news.canadamotorjobs.com\/#\/schema\/logo\/image\/"},"sameAs":["https:\/\/www.facebook.com\/canadamotorjobs\/","https:\/\/x.com\/canadamotorjobs","https:\/\/www.instagram.com\/canadamotorjobs\/","https:\/\/www.linkedin.com\/company\/canadamotorjobs"]},{"@type":"Person","@id":"https:\/\/news.canadamotorjobs.com\/#\/schema\/person\/51793d1f87d44011d7bcc2ed99269a90","name":"Benoit Charette","image":{"@type":"ImageObject","inLanguage":"fr-CA","@id":"https:\/\/news.canadamotorjobs.com\/#\/schema\/person\/image\/","url":"https:\/\/secure.gravatar.com\/avatar\/45f3d2eebcccd909668d7ce7ea7267b6?s=96&d=mm&r=g","contentUrl":"https:\/\/secure.gravatar.com\/avatar\/45f3d2eebcccd909668d7ce7ea7267b6?s=96&d=mm&r=g","caption":"Benoit Charette"},"description":"Benoit Charette \/ Propri\u00e9taire et r\u00e9dacteur en chef Benoit Charette pratique le journalisme automobile depuis bient\u00f4t 30 ans. Il a fait ses classes au c\u00f4t\u00e9 de Daniel H\u00e9raud et au Carnet de route de 1992 \u00e0 2001. Il est fondateur, copropri\u00e9taire et r\u00e9dacteur en chef de L\u2019Annuel de l\u2019automobile, qu\u2019il publie depuis 2001. Il a anim\u00e9 les \u00e9missions RPM et RPM+ sur V et les L\u00e9gendes de la route sur Historia. \u00c0 la radio depuis 1986, il reprend l\u2019antenne cette ann\u00e9e sur les ondes de Cogeco et participe pour la deuxi\u00e8me ann\u00e9e \u00e0 l\u2019\u00e9mission Passion Auto sur RDS en plus de mettre en ligne le site Web officiel de L\u2019Annuel de l\u2019automobile sur annuelauto.ca.","sameAs":["https:\/\/annuelauto.ca\/"],"url":"https:\/\/news.canadamotorjobs.com\/fr\/author\/benoit-charette\/"}]}},"_links":{"self":[{"href":"https:\/\/news.canadamotorjobs.com\/fr\/wp-json\/wp\/v2\/posts\/142369"}],"collection":[{"href":"https:\/\/news.canadamotorjobs.com\/fr\/wp-json\/wp\/v2\/posts"}],"about":[{"href":"https:\/\/news.canadamotorjobs.com\/fr\/wp-json\/wp\/v2\/types\/post"}],"author":[{"embeddable":true,"href":"https:\/\/news.canadamotorjobs.com\/fr\/wp-json\/wp\/v2\/users\/8"}],"replies":[{"embeddable":true,"href":"https:\/\/news.canadamotorjobs.com\/fr\/wp-json\/wp\/v2\/comments?post=142369"}],"version-history":[{"count":2,"href":"https:\/\/news.canadamotorjobs.com\/fr\/wp-json\/wp\/v2\/posts\/142369\/revisions"}],"predecessor-version":[{"id":142373,"href":"https:\/\/news.canadamotorjobs.com\/fr\/wp-json\/wp\/v2\/posts\/142369\/revisions\/142373"}],"wp:featuredmedia":[{"embeddable":true,"href":"https:\/\/news.canadamotorjobs.com\/fr\/wp-json\/wp\/v2\/media\/142371"}],"wp:attachment":[{"href":"https:\/\/news.canadamotorjobs.com\/fr\/wp-json\/wp\/v2\/media?parent=142369"}],"wp:term":[{"taxonomy":"category","embeddable":true,"href":"https:\/\/news.canadamotorjobs.com\/fr\/wp-json\/wp\/v2\/categories?post=142369"},{"taxonomy":"post_tag","embeddable":true,"href":"https:\/\/news.canadamotorjobs.com\/fr\/wp-json\/wp\/v2\/tags?post=142369"}],"curies":[{"name":"wp","href":"https:\/\/api.w.org\/{rel}","templated":true}]}}