{"id":142315,"date":"2023-03-27T12:35:03","date_gmt":"2023-03-27T16:35:03","guid":{"rendered":"https:\/\/news.canadamotorjobs.com\/?p=142315"},"modified":"2023-03-27T12:44:06","modified_gmt":"2023-03-27T16:44:06","slug":"ce-que-jeep-et-dodge-nous-reserve-pour-bientot","status":"publish","type":"post","link":"https:\/\/news.canadamotorjobs.com\/fr\/ce-que-jeep-et-dodge-nous-reserve-pour-bientot\/","title":{"rendered":"Ce que Jeep et Dodge nous r\u00e9serve pour bient\u00f4t"},"content":{"rendered":"<\/p>\n<p>La semaine derni\u00e8re avait lieu \u00e0 Las Vegas une convention de concessionnaires au prestigieux MGM. Le constructeur a pr\u00e9senter l&#8217;ensemble de son portefeuille de concepts r\u00e9cents, puis a expos\u00e9 une feuille de route de sept ans pour dire aux con cessionnaires ce qu\u2019ils allaient vendre dans les prochaines ann\u00e9es.<\/p>\n<h3>Commen\u00e7ons avec Dodge<\/h3>\n<p>\nLe vieillissant et toujours populaire Dodge Durango sera remplac\u00e9 par le Dodge Stealth \u00e0 trois rang\u00e9es de si\u00e8ges. On a aussi montr\u00e9 les concepts Dodge Charger Daytona SRT et Ram 1500 Revolution \u00e9lectrique.<\/p>\n<h3>\u00c0 propos de Jeep<\/h3>\n<p>\nJeep a \u00e9t\u00e9 tr\u00e8s pr\u00e9sent avec deux mod\u00e8les qui arriveront bient\u00f4t, le Recon et le Wagoneer S. \u00a0Les deux mod\u00e8les sont \u00e9lectriques et Jeep assure que le Recon ne remplacera pas le Wrangler, mais qu&#8217;il le c\u00f4toiera dans la gamme et qu&#8217;il ne sera disponible qu&#8217;en version EV. Il est construit autour de la nouvelle plateforme Stellantis STLA Large EV et sera livr\u00e9 avec des \u00e9quipements tout-terrain tels que la technologie d&#8217;essieu e-locker, la gestion de la traction Jeep Selec-Terrain, de gros pneus hors-route, des crochets de remorquage et une protection du soubassement. Comme pour le Wrangler, il sera possible d&#8217;enlever les portes et de reculer le toit,<\/p>\n<h3>Un Wagoneer S \u00e9lectrique<\/h3>\n<p>\nLe Wagoneer S vise des v\u00e9hicules comme la BMW iX. Comme le Recon, il est construit autour de la plateforme STLA Large, mais sa dynamique de conduite et son style sont optimis\u00e9s pour les situations urbaines. Cette plateforme peut accueillir des batteries allant jusqu&#8217;\u00e0 100 kWh et, bien que Jeep n&#8217;ait pas donn\u00e9 de d\u00e9tails sp\u00e9cifiques sur la batterie ou les temps de charge, elle a cit\u00e9 une autonomie de 644 km lorsqu&#8217;elle a annonc\u00e9 le concept en septembre dernier. Le concept pr\u00e9tendait \u00e9galement d\u00e9livrer 600 chevaux \u00e0 ses quatre roues gr\u00e2ce \u00e0 deux moteurs \u00e9lectriques qui peuvent hurler en m\u00eame temps que la batterie.<\/p>\n<h3>Le Dodge Airflow<\/h3>\n<p>\nLa soci\u00e9t\u00e9 a r\u00e9v\u00e9l\u00e9 le VUS \u00a0Airflow de 400 ch \u00e0 double moteur sous forme de concept en 2022 pour rivaliser avec la Ford Mustang Mach-E et la Tesla Model Y. Mais il \u00e9tait d\u00e9j\u00e0 en retard \u00e0 l&#8217;\u00e9poque, et lorsque Chrysler nous a dit qu&#8217;il faudrait attendre 2024 ou 2025 pour l&#8217;avoir en vrai, nous l&#8217;avons un peu oubli\u00e9. C&#8217;est pourtant une belle voiture, et une autonomie qui sera entre 550 et 650 km semble acceptable jusqu&#8217;\u00e0 ce que l&#8217;on se souvienne que ce n\u2019est pas si bon consid\u00e9rant que la batterie fait 118 kWh. On ne peut s&#8217;emp\u00eacher de penser que cette voiture sera d\u00e9pass\u00e9e avant m\u00eame d&#8217;\u00eatre arriv\u00e9e sur le march\u00e9.<\/p>\n<p>Avec des renseignements de carscoops<\/p>\n<p>Le texte <a rel=\"nofollow\" href=\"https:\/\/annuelauto.ca\/ce-que-jeep-et-dodge-nous-reserve-pour-bientot\/\">Ce que Jeep et Dodge nous r\u00e9serve pour bient\u00f4t<\/a> provient de <a rel=\"nofollow\" href=\"https:\/\/annuelauto.ca\">L&#8217;annuel de l&#8217;automobile &#8211; Actualit\u00e9 automobile<\/a><\/p>\n<p><\/p>\n","protected":false},"excerpt":{"rendered":"<p>La semaine derni\u00e8re avait lieu \u00e0 Las Vegas une convention de concessionnaires au prestigieux MGM. Le constructeur a pr\u00e9senter l&#8217;ensemble de son portefeuille de concepts r\u00e9cents, puis a expos\u00e9 une feuille de route de sept ans pour dire aux con cessionnaires ce qu\u2019ils allaient vendre dans les prochaines ann\u00e9es. Commen\u00e7ons avec Dodge Le vieillissant et [&hellip;]<\/p>\n","protected":false},"author":8,"featured_media":142317,"comment_status":"close","ping_status":"closed","sticky":false,"template":"","format":"standard","meta":{"_monsterinsights_skip_tracking":false,"_monsterinsights_sitenote_active":false,"_monsterinsights_sitenote_note":"","_monsterinsights_sitenote_category":0,"footnotes":""},"categories":[101],"tags":[],"yoast_head":"<!-- This site is optimized with the Yoast SEO plugin v23.2 - https:\/\/yoast.com\/wordpress\/plugins\/seo\/ -->\n<title>Ce que Jeep et Dodge nous r\u00e9serve pour bient\u00f4t - CanadaMotorJobs.com<\/title>\n<meta name=\"description\" content=\"Ce que Jeep et Dodge nous r\u00e9serve pour bient\u00f4t - Benoit Charette - Annuel automobile - CanadaMotorJobs.com.\" \/>\n<meta name=\"robots\" content=\"index, follow, max-snippet:-1, max-image-preview:large, max-video-preview:-1\" \/>\n<meta property=\"og:locale\" content=\"fr_CA\" \/>\n<meta property=\"og:type\" content=\"article\" \/>\n<meta property=\"og:title\" content=\"Ce que Jeep et Dodge nous r\u00e9serve pour bient\u00f4t - CanadaMotorJobs.com\" \/>\n<meta property=\"og:description\" content=\"Ce que Jeep et Dodge nous r\u00e9serve pour bient\u00f4t - Benoit Charette - Annuel automobile - CanadaMotorJobs.com.\" \/>\n<meta property=\"og:url\" content=\"https:\/\/news.canadamotorjobs.com\/fr\/ce-que-jeep-et-dodge-nous-reserve-pour-bientot\/\" \/>\n<meta property=\"og:site_name\" content=\"CanadaMotorJobs.com\" \/>\n<meta property=\"article:publisher\" content=\"https:\/\/www.facebook.com\/canadamotorjobs\/\" \/>\n<meta property=\"article:published_time\" content=\"2023-03-27T16:35:03+00:00\" \/>\n<meta property=\"article:modified_time\" content=\"2023-03-27T16:44:06+00:00\" \/>\n<meta property=\"og:image\" content=\"https:\/\/news.canadamotorjobs.com\/wp-content\/uploads\/2023\/03\/FP022_005JP-scaled-1.jpg\" \/>\n\t<meta property=\"og:image:width\" content=\"2560\" \/>\n\t<meta property=\"og:image:height\" content=\"1754\" \/>\n\t<meta property=\"og:image:type\" content=\"image\/jpeg\" \/>\n<meta name=\"author\" content=\"Benoit Charette\" \/>\n<meta name=\"twitter:card\" content=\"summary_large_image\" \/>\n<meta name=\"twitter:creator\" content=\"@canadamotorjobs\" \/>\n<meta name=\"twitter:site\" content=\"@canadamotorjobs\" \/>\n<meta name=\"twitter:label1\" content=\"\u00c9crit par\" \/>\n\t<meta name=\"twitter:data1\" content=\"Benoit Charette\" \/>\n\t<meta name=\"twitter:label2\" content=\"Estimation du temps de lecture\" \/>\n\t<meta name=\"twitter:data2\" content=\"2 minutes\" \/>\n<!-- \/ Yoast SEO plugin. -->","yoast_head_json":{"title":"Ce que Jeep et Dodge nous r\u00e9serve pour bient\u00f4t - CanadaMotorJobs.com","description":"Ce que Jeep et Dodge nous r\u00e9serve pour bient\u00f4t - Benoit Charette - Annuel automobile - CanadaMotorJobs.com.","robots":{"index":"index","follow":"follow","max-snippet":"max-snippet:-1","max-image-preview":"max-image-preview:large","max-video-preview":"max-video-preview:-1"},"og_locale":"fr_CA","og_type":"article","og_title":"Ce que Jeep et Dodge nous r\u00e9serve pour bient\u00f4t - CanadaMotorJobs.com","og_description":"Ce que Jeep et Dodge nous r\u00e9serve pour bient\u00f4t - Benoit Charette - Annuel automobile - CanadaMotorJobs.com.","og_url":"https:\/\/news.canadamotorjobs.com\/fr\/ce-que-jeep-et-dodge-nous-reserve-pour-bientot\/","og_site_name":"CanadaMotorJobs.com","article_publisher":"https:\/\/www.facebook.com\/canadamotorjobs\/","article_published_time":"2023-03-27T16:35:03+00:00","article_modified_time":"2023-03-27T16:44:06+00:00","og_image":[{"width":2560,"height":1754,"url":"https:\/\/news.canadamotorjobs.com\/wp-content\/uploads\/2023\/03\/FP022_005JP-scaled-1.jpg","type":"image\/jpeg"}],"author":"Benoit Charette","twitter_card":"summary_large_image","twitter_creator":"@canadamotorjobs","twitter_site":"@canadamotorjobs","twitter_misc":{"\u00c9crit par":"Benoit Charette","Estimation du temps de lecture":"2 minutes"},"schema":{"@context":"https:\/\/schema.org","@graph":[{"@type":"Article","@id":"https:\/\/news.canadamotorjobs.com\/fr\/ce-que-jeep-et-dodge-nous-reserve-pour-bientot\/#article","isPartOf":{"@id":"https:\/\/news.canadamotorjobs.com\/fr\/ce-que-jeep-et-dodge-nous-reserve-pour-bientot\/"},"author":{"name":"Benoit Charette","@id":"https:\/\/news.canadamotorjobs.com\/#\/schema\/person\/51793d1f87d44011d7bcc2ed99269a90"},"headline":"Ce que Jeep et Dodge nous r\u00e9serve pour bient\u00f4t","datePublished":"2023-03-27T16:35:03+00:00","dateModified":"2023-03-27T16:44:06+00:00","mainEntityOfPage":{"@id":"https:\/\/news.canadamotorjobs.com\/fr\/ce-que-jeep-et-dodge-nous-reserve-pour-bientot\/"},"wordCount":492,"publisher":{"@id":"https:\/\/news.canadamotorjobs.com\/#organization"},"image":{"@id":"https:\/\/news.canadamotorjobs.com\/fr\/ce-que-jeep-et-dodge-nous-reserve-pour-bientot\/#primaryimage"},"thumbnailUrl":"https:\/\/news.canadamotorjobs.com\/wp-content\/uploads\/2023\/03\/FP022_005JP-scaled-1.jpg","articleSection":["Annuel automobile"],"inLanguage":"fr-CA"},{"@type":"WebPage","@id":"https:\/\/news.canadamotorjobs.com\/fr\/ce-que-jeep-et-dodge-nous-reserve-pour-bientot\/","url":"https:\/\/news.canadamotorjobs.com\/fr\/ce-que-jeep-et-dodge-nous-reserve-pour-bientot\/","name":"Ce que Jeep et Dodge nous r\u00e9serve pour bient\u00f4t - CanadaMotorJobs.com","isPartOf":{"@id":"https:\/\/news.canadamotorjobs.com\/#website"},"primaryImageOfPage":{"@id":"https:\/\/news.canadamotorjobs.com\/fr\/ce-que-jeep-et-dodge-nous-reserve-pour-bientot\/#primaryimage"},"image":{"@id":"https:\/\/news.canadamotorjobs.com\/fr\/ce-que-jeep-et-dodge-nous-reserve-pour-bientot\/#primaryimage"},"thumbnailUrl":"https:\/\/news.canadamotorjobs.com\/wp-content\/uploads\/2023\/03\/FP022_005JP-scaled-1.jpg","datePublished":"2023-03-27T16:35:03+00:00","dateModified":"2023-03-27T16:44:06+00:00","description":"Ce que Jeep et Dodge nous r\u00e9serve pour bient\u00f4t - Benoit Charette - Annuel automobile - CanadaMotorJobs.com.","breadcrumb":{"@id":"https:\/\/news.canadamotorjobs.com\/fr\/ce-que-jeep-et-dodge-nous-reserve-pour-bientot\/#breadcrumb"},"inLanguage":"fr-CA","potentialAction":[{"@type":"ReadAction","target":["https:\/\/news.canadamotorjobs.com\/fr\/ce-que-jeep-et-dodge-nous-reserve-pour-bientot\/"]}]},{"@type":"ImageObject","inLanguage":"fr-CA","@id":"https:\/\/news.canadamotorjobs.com\/fr\/ce-que-jeep-et-dodge-nous-reserve-pour-bientot\/#primaryimage","url":"https:\/\/news.canadamotorjobs.com\/wp-content\/uploads\/2023\/03\/FP022_005JP-scaled-1.jpg","contentUrl":"https:\/\/news.canadamotorjobs.com\/wp-content\/uploads\/2023\/03\/FP022_005JP-scaled-1.jpg","width":2560,"height":1754},{"@type":"BreadcrumbList","@id":"https:\/\/news.canadamotorjobs.com\/fr\/ce-que-jeep-et-dodge-nous-reserve-pour-bientot\/#breadcrumb","itemListElement":[{"@type":"ListItem","position":1,"name":"Home","item":"https:\/\/news.canadamotorjobs.com\/fr\/blog\/"},{"@type":"ListItem","position":2,"name":"Ce que Jeep et Dodge nous r\u00e9serve pour bient\u00f4t"}]},{"@type":"WebSite","@id":"https:\/\/news.canadamotorjobs.com\/#website","url":"https:\/\/news.canadamotorjobs.com\/","name":"CanadaMotorJobs.com","description":"Automotive Jobs","publisher":{"@id":"https:\/\/news.canadamotorjobs.com\/#organization"},"potentialAction":[{"@type":"SearchAction","target":{"@type":"EntryPoint","urlTemplate":"https:\/\/news.canadamotorjobs.com\/?s={search_term_string}"},"query-input":"required name=search_term_string"}],"inLanguage":"fr-CA"},{"@type":"Organization","@id":"https:\/\/news.canadamotorjobs.com\/#organization","name":"Canada Motor Jobs","url":"https:\/\/news.canadamotorjobs.com\/","logo":{"@type":"ImageObject","inLanguage":"fr-CA","@id":"https:\/\/news.canadamotorjobs.com\/#\/schema\/logo\/image\/","url":"https:\/\/news.canadamotorjobs.com\/wp-content\/uploads\/2022\/10\/logo-canada-motor-jobs-1.png","contentUrl":"https:\/\/news.canadamotorjobs.com\/wp-content\/uploads\/2022\/10\/logo-canada-motor-jobs-1.png","width":800,"height":400,"caption":"Canada Motor Jobs"},"image":{"@id":"https:\/\/news.canadamotorjobs.com\/#\/schema\/logo\/image\/"},"sameAs":["https:\/\/www.facebook.com\/canadamotorjobs\/","https:\/\/x.com\/canadamotorjobs","https:\/\/www.instagram.com\/canadamotorjobs\/","https:\/\/www.linkedin.com\/company\/canadamotorjobs"]},{"@type":"Person","@id":"https:\/\/news.canadamotorjobs.com\/#\/schema\/person\/51793d1f87d44011d7bcc2ed99269a90","name":"Benoit Charette","image":{"@type":"ImageObject","inLanguage":"fr-CA","@id":"https:\/\/news.canadamotorjobs.com\/#\/schema\/person\/image\/","url":"https:\/\/secure.gravatar.com\/avatar\/45f3d2eebcccd909668d7ce7ea7267b6?s=96&d=mm&r=g","contentUrl":"https:\/\/secure.gravatar.com\/avatar\/45f3d2eebcccd909668d7ce7ea7267b6?s=96&d=mm&r=g","caption":"Benoit Charette"},"description":"Benoit Charette \/ Propri\u00e9taire et r\u00e9dacteur en chef Benoit Charette pratique le journalisme automobile depuis bient\u00f4t 30 ans. Il a fait ses classes au c\u00f4t\u00e9 de Daniel H\u00e9raud et au Carnet de route de 1992 \u00e0 2001. Il est fondateur, copropri\u00e9taire et r\u00e9dacteur en chef de L\u2019Annuel de l\u2019automobile, qu\u2019il publie depuis 2001. Il a anim\u00e9 les \u00e9missions RPM et RPM+ sur V et les L\u00e9gendes de la route sur Historia. \u00c0 la radio depuis 1986, il reprend l\u2019antenne cette ann\u00e9e sur les ondes de Cogeco et participe pour la deuxi\u00e8me ann\u00e9e \u00e0 l\u2019\u00e9mission Passion Auto sur RDS en plus de mettre en ligne le site Web officiel de L\u2019Annuel de l\u2019automobile sur annuelauto.ca.","sameAs":["https:\/\/annuelauto.ca\/"],"url":"https:\/\/news.canadamotorjobs.com\/fr\/author\/benoit-charette\/"}]}},"_links":{"self":[{"href":"https:\/\/news.canadamotorjobs.com\/fr\/wp-json\/wp\/v2\/posts\/142315"}],"collection":[{"href":"https:\/\/news.canadamotorjobs.com\/fr\/wp-json\/wp\/v2\/posts"}],"about":[{"href":"https:\/\/news.canadamotorjobs.com\/fr\/wp-json\/wp\/v2\/types\/post"}],"author":[{"embeddable":true,"href":"https:\/\/news.canadamotorjobs.com\/fr\/wp-json\/wp\/v2\/users\/8"}],"replies":[{"embeddable":true,"href":"https:\/\/news.canadamotorjobs.com\/fr\/wp-json\/wp\/v2\/comments?post=142315"}],"version-history":[{"count":2,"href":"https:\/\/news.canadamotorjobs.com\/fr\/wp-json\/wp\/v2\/posts\/142315\/revisions"}],"predecessor-version":[{"id":142319,"href":"https:\/\/news.canadamotorjobs.com\/fr\/wp-json\/wp\/v2\/posts\/142315\/revisions\/142319"}],"wp:featuredmedia":[{"embeddable":true,"href":"https:\/\/news.canadamotorjobs.com\/fr\/wp-json\/wp\/v2\/media\/142317"}],"wp:attachment":[{"href":"https:\/\/news.canadamotorjobs.com\/fr\/wp-json\/wp\/v2\/media?parent=142315"}],"wp:term":[{"taxonomy":"category","embeddable":true,"href":"https:\/\/news.canadamotorjobs.com\/fr\/wp-json\/wp\/v2\/categories?post=142315"},{"taxonomy":"post_tag","embeddable":true,"href":"https:\/\/news.canadamotorjobs.com\/fr\/wp-json\/wp\/v2\/tags?post=142315"}],"curies":[{"name":"wp","href":"https:\/\/api.w.org\/{rel}","templated":true}]}}