{"id":142288,"date":"2023-03-27T11:08:13","date_gmt":"2023-03-27T15:08:13","guid":{"rendered":"https:\/\/news.canadamotorjobs.com\/?p=142288"},"modified":"2023-03-27T11:22:02","modified_gmt":"2023-03-27T15:22:02","slug":"la-plus-grande-bioraffinerie-du-canada-va-ouvrir-ses-portes-a-varennes","status":"publish","type":"post","link":"https:\/\/news.canadamotorjobs.com\/fr\/la-plus-grande-bioraffinerie-du-canada-va-ouvrir-ses-portes-a-varennes\/","title":{"rendered":"La plus grande bioraffinerie du Canada va ouvrir ses portes \u00e0 Varennes"},"content":{"rendered":"<\/p>\n<p>La Banque de l&#8217;infrastructure du Canada (BIC) a conclu le financement de son premier projet dans le cadre de son initiative pour les carburants \u00e0 faible teneur en carbone, le captage, l&#8217;utilisation et le stockage du carbone et l&#8217;hydrog\u00e8ne en soutenant une bioraffinerie et le plus grand \u00e9lectrolyseur du pays.\u00a0 Cette nouvelle usine sera en mesure de convertir <em>plus de 200\u00a0000 tonnes par ann\u00e9e de d\u00e9chets en biocarburants et en produits chimiques circulaires<\/em><\/p>\n<h3>Un partenariat entre les p\u00e9troli\u00e8res et le gouvernement du Qu\u00e9bec<\/h3>\n<p>\nAux termes de l&#8217;entente, la BIC accordera un pr\u00eat de 277\u00a0millions de dollars \u00e0 une coentreprise regroupant Shell, Suncor, Proman et le gouvernement du Qu\u00e9bec qui permettra la construction de la plus grande bioraffinerie au Canada, gr\u00e2ce \u00e0 une plateforme technologique d\u00e9velopp\u00e9e par l\u2019entreprise qu\u00e9b\u00e9coise Enerkem. L&#8217;installation de 1,2 milliard de dollars, connue sous le nom de Recyclage Carbone Varennes, comprendra un \u00e9lectrolyseur qui fournira de l&#8217;hydrog\u00e8ne et de l&#8217;oxyg\u00e8ne propres afin de convertir plus de 200\u2009000 tonnes de d\u00e9chets non recyclables et de biomasse r\u00e9siduelle en biocarburants d&#8217;une capacit\u00e9\u00a0allant jusqu&#8217;\u00e0\u00a0130\u00a0millions de litres par ann\u00e9e.<\/p>\n<h3>Cr\u00e9ateur d\u2019emploi<\/h3>\n<p>\nLe projet devrait cr\u00e9er plus de 500 emplois au plus fort de la construction et environ 100 emplois permanents une fois op\u00e9rationnel. Le projet utilisera le proc\u00e9d\u00e9 thermochimique exclusif d&#8217;Enerkem. L&#8217;installation de recyclage du carbone devrait r\u00e9duire les \u00e9missions de gaz \u00e0 effet de serre de plus de 170\u2009000 tonnes par ann\u00e9e et de 4,25\u00a0millions de tonnes pendant la dur\u00e9e de vie de 25 ans du projet. La r\u00e9duction annuelle \u00e9quivaut \u00e0 retirer 50\u2009000 v\u00e9hicules \u00e0 passagers de la circulation.<\/p>\n<p>\u00a0<\/p>\n<p>Source\u00a0: BIC<\/p>\n<p>\u00a0<\/p>\n<p>Le texte <a rel=\"nofollow\" href=\"https:\/\/annuelauto.ca\/la-plus-grande-bioraffinerie-du-canada-va-ouvrir-ses-portes-a-varennes\/\">La plus grande bioraffinerie du Canada va ouvrir ses portes \u00e0 Varennes<\/a> provient de <a rel=\"nofollow\" href=\"https:\/\/annuelauto.ca\">L&#8217;annuel de l&#8217;automobile &#8211; Actualit\u00e9 automobile<\/a><\/p>\n<p><\/p>\n","protected":false},"excerpt":{"rendered":"<p>La Banque de l&#8217;infrastructure du Canada (BIC) a conclu le financement de son premier projet dans le cadre de son initiative pour les carburants \u00e0 faible teneur en carbone, le captage, l&#8217;utilisation et le stockage du carbone et l&#8217;hydrog\u00e8ne en soutenant une bioraffinerie et le plus grand \u00e9lectrolyseur du pays.\u00a0 Cette nouvelle usine sera en [&hellip;]<\/p>\n","protected":false},"author":8,"featured_media":142290,"comment_status":"close","ping_status":"closed","sticky":false,"template":"","format":"standard","meta":{"_monsterinsights_skip_tracking":false,"_monsterinsights_sitenote_active":false,"_monsterinsights_sitenote_note":"","_monsterinsights_sitenote_category":0,"footnotes":""},"categories":[101],"tags":[],"yoast_head":"<!-- This site is optimized with the Yoast SEO plugin v23.2 - https:\/\/yoast.com\/wordpress\/plugins\/seo\/ -->\n<title>La plus grande bioraffinerie du Canada va ouvrir ses portes \u00e0 Varennes - CanadaMotorJobs.com<\/title>\n<meta name=\"description\" content=\"La plus grande bioraffinerie du Canada va ouvrir ses portes \u00e0 Varennes - Benoit Charette - Annuel automobile - CanadaMotorJobs.com.\" \/>\n<meta name=\"robots\" content=\"index, follow, max-snippet:-1, max-image-preview:large, max-video-preview:-1\" \/>\n<meta property=\"og:locale\" content=\"fr_CA\" \/>\n<meta property=\"og:type\" content=\"article\" \/>\n<meta property=\"og:title\" content=\"La plus grande bioraffinerie du Canada va ouvrir ses portes \u00e0 Varennes - CanadaMotorJobs.com\" \/>\n<meta property=\"og:description\" content=\"La plus grande bioraffinerie du Canada va ouvrir ses portes \u00e0 Varennes - Benoit Charette - Annuel automobile - CanadaMotorJobs.com.\" \/>\n<meta property=\"og:url\" content=\"https:\/\/news.canadamotorjobs.com\/fr\/la-plus-grande-bioraffinerie-du-canada-va-ouvrir-ses-portes-a-varennes\/\" \/>\n<meta property=\"og:site_name\" content=\"CanadaMotorJobs.com\" \/>\n<meta property=\"article:publisher\" content=\"https:\/\/www.facebook.com\/canadamotorjobs\/\" \/>\n<meta property=\"article:published_time\" content=\"2023-03-27T15:08:13+00:00\" \/>\n<meta property=\"article:modified_time\" content=\"2023-03-27T15:22:02+00:00\" \/>\n<meta property=\"og:image\" content=\"https:\/\/news.canadamotorjobs.com\/wp-content\/uploads\/2023\/03\/RCV-1.jpg\" \/>\n\t<meta property=\"og:image:width\" content=\"1600\" \/>\n\t<meta property=\"og:image:height\" content=\"800\" \/>\n\t<meta property=\"og:image:type\" content=\"image\/jpeg\" \/>\n<meta name=\"author\" content=\"Benoit Charette\" \/>\n<meta name=\"twitter:card\" content=\"summary_large_image\" \/>\n<meta name=\"twitter:creator\" content=\"@canadamotorjobs\" \/>\n<meta name=\"twitter:site\" content=\"@canadamotorjobs\" \/>\n<meta name=\"twitter:label1\" content=\"\u00c9crit par\" \/>\n\t<meta name=\"twitter:data1\" content=\"Benoit Charette\" \/>\n\t<meta name=\"twitter:label2\" content=\"Estimation du temps de lecture\" \/>\n\t<meta name=\"twitter:data2\" content=\"2 minutes\" \/>\n<!-- \/ Yoast SEO plugin. -->","yoast_head_json":{"title":"La plus grande bioraffinerie du Canada va ouvrir ses portes \u00e0 Varennes - CanadaMotorJobs.com","description":"La plus grande bioraffinerie du Canada va ouvrir ses portes \u00e0 Varennes - Benoit Charette - Annuel automobile - CanadaMotorJobs.com.","robots":{"index":"index","follow":"follow","max-snippet":"max-snippet:-1","max-image-preview":"max-image-preview:large","max-video-preview":"max-video-preview:-1"},"og_locale":"fr_CA","og_type":"article","og_title":"La plus grande bioraffinerie du Canada va ouvrir ses portes \u00e0 Varennes - CanadaMotorJobs.com","og_description":"La plus grande bioraffinerie du Canada va ouvrir ses portes \u00e0 Varennes - Benoit Charette - Annuel automobile - CanadaMotorJobs.com.","og_url":"https:\/\/news.canadamotorjobs.com\/fr\/la-plus-grande-bioraffinerie-du-canada-va-ouvrir-ses-portes-a-varennes\/","og_site_name":"CanadaMotorJobs.com","article_publisher":"https:\/\/www.facebook.com\/canadamotorjobs\/","article_published_time":"2023-03-27T15:08:13+00:00","article_modified_time":"2023-03-27T15:22:02+00:00","og_image":[{"width":1600,"height":800,"url":"https:\/\/news.canadamotorjobs.com\/wp-content\/uploads\/2023\/03\/RCV-1.jpg","type":"image\/jpeg"}],"author":"Benoit Charette","twitter_card":"summary_large_image","twitter_creator":"@canadamotorjobs","twitter_site":"@canadamotorjobs","twitter_misc":{"\u00c9crit par":"Benoit Charette","Estimation du temps de lecture":"2 minutes"},"schema":{"@context":"https:\/\/schema.org","@graph":[{"@type":"Article","@id":"https:\/\/news.canadamotorjobs.com\/fr\/la-plus-grande-bioraffinerie-du-canada-va-ouvrir-ses-portes-a-varennes\/#article","isPartOf":{"@id":"https:\/\/news.canadamotorjobs.com\/fr\/la-plus-grande-bioraffinerie-du-canada-va-ouvrir-ses-portes-a-varennes\/"},"author":{"name":"Benoit Charette","@id":"https:\/\/news.canadamotorjobs.com\/#\/schema\/person\/51793d1f87d44011d7bcc2ed99269a90"},"headline":"La plus grande bioraffinerie du Canada va ouvrir ses portes \u00e0 Varennes","datePublished":"2023-03-27T15:08:13+00:00","dateModified":"2023-03-27T15:22:02+00:00","mainEntityOfPage":{"@id":"https:\/\/news.canadamotorjobs.com\/fr\/la-plus-grande-bioraffinerie-du-canada-va-ouvrir-ses-portes-a-varennes\/"},"wordCount":323,"publisher":{"@id":"https:\/\/news.canadamotorjobs.com\/#organization"},"image":{"@id":"https:\/\/news.canadamotorjobs.com\/fr\/la-plus-grande-bioraffinerie-du-canada-va-ouvrir-ses-portes-a-varennes\/#primaryimage"},"thumbnailUrl":"https:\/\/news.canadamotorjobs.com\/wp-content\/uploads\/2023\/03\/RCV-1.jpg","articleSection":["Annuel automobile"],"inLanguage":"fr-CA"},{"@type":"WebPage","@id":"https:\/\/news.canadamotorjobs.com\/fr\/la-plus-grande-bioraffinerie-du-canada-va-ouvrir-ses-portes-a-varennes\/","url":"https:\/\/news.canadamotorjobs.com\/fr\/la-plus-grande-bioraffinerie-du-canada-va-ouvrir-ses-portes-a-varennes\/","name":"La plus grande bioraffinerie du Canada va ouvrir ses portes \u00e0 Varennes - CanadaMotorJobs.com","isPartOf":{"@id":"https:\/\/news.canadamotorjobs.com\/#website"},"primaryImageOfPage":{"@id":"https:\/\/news.canadamotorjobs.com\/fr\/la-plus-grande-bioraffinerie-du-canada-va-ouvrir-ses-portes-a-varennes\/#primaryimage"},"image":{"@id":"https:\/\/news.canadamotorjobs.com\/fr\/la-plus-grande-bioraffinerie-du-canada-va-ouvrir-ses-portes-a-varennes\/#primaryimage"},"thumbnailUrl":"https:\/\/news.canadamotorjobs.com\/wp-content\/uploads\/2023\/03\/RCV-1.jpg","datePublished":"2023-03-27T15:08:13+00:00","dateModified":"2023-03-27T15:22:02+00:00","description":"La plus grande bioraffinerie du Canada va ouvrir ses portes \u00e0 Varennes - Benoit Charette - Annuel automobile - CanadaMotorJobs.com.","breadcrumb":{"@id":"https:\/\/news.canadamotorjobs.com\/fr\/la-plus-grande-bioraffinerie-du-canada-va-ouvrir-ses-portes-a-varennes\/#breadcrumb"},"inLanguage":"fr-CA","potentialAction":[{"@type":"ReadAction","target":["https:\/\/news.canadamotorjobs.com\/fr\/la-plus-grande-bioraffinerie-du-canada-va-ouvrir-ses-portes-a-varennes\/"]}]},{"@type":"ImageObject","inLanguage":"fr-CA","@id":"https:\/\/news.canadamotorjobs.com\/fr\/la-plus-grande-bioraffinerie-du-canada-va-ouvrir-ses-portes-a-varennes\/#primaryimage","url":"https:\/\/news.canadamotorjobs.com\/wp-content\/uploads\/2023\/03\/RCV-1.jpg","contentUrl":"https:\/\/news.canadamotorjobs.com\/wp-content\/uploads\/2023\/03\/RCV-1.jpg","width":1600,"height":800},{"@type":"BreadcrumbList","@id":"https:\/\/news.canadamotorjobs.com\/fr\/la-plus-grande-bioraffinerie-du-canada-va-ouvrir-ses-portes-a-varennes\/#breadcrumb","itemListElement":[{"@type":"ListItem","position":1,"name":"Home","item":"https:\/\/news.canadamotorjobs.com\/fr\/blog\/"},{"@type":"ListItem","position":2,"name":"La plus grande bioraffinerie du Canada va ouvrir ses portes \u00e0 Varennes"}]},{"@type":"WebSite","@id":"https:\/\/news.canadamotorjobs.com\/#website","url":"https:\/\/news.canadamotorjobs.com\/","name":"CanadaMotorJobs.com","description":"Automotive Jobs","publisher":{"@id":"https:\/\/news.canadamotorjobs.com\/#organization"},"potentialAction":[{"@type":"SearchAction","target":{"@type":"EntryPoint","urlTemplate":"https:\/\/news.canadamotorjobs.com\/?s={search_term_string}"},"query-input":"required name=search_term_string"}],"inLanguage":"fr-CA"},{"@type":"Organization","@id":"https:\/\/news.canadamotorjobs.com\/#organization","name":"Canada Motor Jobs","url":"https:\/\/news.canadamotorjobs.com\/","logo":{"@type":"ImageObject","inLanguage":"fr-CA","@id":"https:\/\/news.canadamotorjobs.com\/#\/schema\/logo\/image\/","url":"https:\/\/news.canadamotorjobs.com\/wp-content\/uploads\/2022\/10\/logo-canada-motor-jobs-1.png","contentUrl":"https:\/\/news.canadamotorjobs.com\/wp-content\/uploads\/2022\/10\/logo-canada-motor-jobs-1.png","width":800,"height":400,"caption":"Canada Motor Jobs"},"image":{"@id":"https:\/\/news.canadamotorjobs.com\/#\/schema\/logo\/image\/"},"sameAs":["https:\/\/www.facebook.com\/canadamotorjobs\/","https:\/\/x.com\/canadamotorjobs","https:\/\/www.instagram.com\/canadamotorjobs\/","https:\/\/www.linkedin.com\/company\/canadamotorjobs"]},{"@type":"Person","@id":"https:\/\/news.canadamotorjobs.com\/#\/schema\/person\/51793d1f87d44011d7bcc2ed99269a90","name":"Benoit Charette","image":{"@type":"ImageObject","inLanguage":"fr-CA","@id":"https:\/\/news.canadamotorjobs.com\/#\/schema\/person\/image\/","url":"https:\/\/secure.gravatar.com\/avatar\/45f3d2eebcccd909668d7ce7ea7267b6?s=96&d=mm&r=g","contentUrl":"https:\/\/secure.gravatar.com\/avatar\/45f3d2eebcccd909668d7ce7ea7267b6?s=96&d=mm&r=g","caption":"Benoit Charette"},"description":"Benoit Charette \/ Propri\u00e9taire et r\u00e9dacteur en chef Benoit Charette pratique le journalisme automobile depuis bient\u00f4t 30 ans. Il a fait ses classes au c\u00f4t\u00e9 de Daniel H\u00e9raud et au Carnet de route de 1992 \u00e0 2001. Il est fondateur, copropri\u00e9taire et r\u00e9dacteur en chef de L\u2019Annuel de l\u2019automobile, qu\u2019il publie depuis 2001. Il a anim\u00e9 les \u00e9missions RPM et RPM+ sur V et les L\u00e9gendes de la route sur Historia. \u00c0 la radio depuis 1986, il reprend l\u2019antenne cette ann\u00e9e sur les ondes de Cogeco et participe pour la deuxi\u00e8me ann\u00e9e \u00e0 l\u2019\u00e9mission Passion Auto sur RDS en plus de mettre en ligne le site Web officiel de L\u2019Annuel de l\u2019automobile sur annuelauto.ca.","sameAs":["https:\/\/annuelauto.ca\/"],"url":"https:\/\/news.canadamotorjobs.com\/fr\/author\/benoit-charette\/"}]}},"_links":{"self":[{"href":"https:\/\/news.canadamotorjobs.com\/fr\/wp-json\/wp\/v2\/posts\/142288"}],"collection":[{"href":"https:\/\/news.canadamotorjobs.com\/fr\/wp-json\/wp\/v2\/posts"}],"about":[{"href":"https:\/\/news.canadamotorjobs.com\/fr\/wp-json\/wp\/v2\/types\/post"}],"author":[{"embeddable":true,"href":"https:\/\/news.canadamotorjobs.com\/fr\/wp-json\/wp\/v2\/users\/8"}],"replies":[{"embeddable":true,"href":"https:\/\/news.canadamotorjobs.com\/fr\/wp-json\/wp\/v2\/comments?post=142288"}],"version-history":[{"count":2,"href":"https:\/\/news.canadamotorjobs.com\/fr\/wp-json\/wp\/v2\/posts\/142288\/revisions"}],"predecessor-version":[{"id":142292,"href":"https:\/\/news.canadamotorjobs.com\/fr\/wp-json\/wp\/v2\/posts\/142288\/revisions\/142292"}],"wp:featuredmedia":[{"embeddable":true,"href":"https:\/\/news.canadamotorjobs.com\/fr\/wp-json\/wp\/v2\/media\/142290"}],"wp:attachment":[{"href":"https:\/\/news.canadamotorjobs.com\/fr\/wp-json\/wp\/v2\/media?parent=142288"}],"wp:term":[{"taxonomy":"category","embeddable":true,"href":"https:\/\/news.canadamotorjobs.com\/fr\/wp-json\/wp\/v2\/categories?post=142288"},{"taxonomy":"post_tag","embeddable":true,"href":"https:\/\/news.canadamotorjobs.com\/fr\/wp-json\/wp\/v2\/tags?post=142288"}],"curies":[{"name":"wp","href":"https:\/\/api.w.org\/{rel}","templated":true}]}}