{"id":142265,"date":"2023-03-27T09:09:08","date_gmt":"2023-03-27T13:09:08","guid":{"rendered":"https:\/\/news.canadamotorjobs.com\/?p=142265"},"modified":"2023-03-27T09:16:11","modified_gmt":"2023-03-27T13:16:11","slug":"une-mise-a-jour-spectaculaire-pour-la-sonata","status":"publish","type":"post","link":"https:\/\/news.canadamotorjobs.com\/fr\/une-mise-a-jour-spectaculaire-pour-la-sonata\/","title":{"rendered":"Une mise \u00e0 jour spectaculaire pour la Sonata"},"content":{"rendered":"<\/p>\n<p>Au moment o\u00f9 Honda pr\u00e9sente une nouvelle g\u00e9n\u00e9ration de sa berline Accord que l\u2019on distingue \u00e0 peine de la pr\u00e9c\u00e9dente, Hyundai nous am\u00e8ne la berline du futur avec la prochaine Sonata. Pr\u00e9senter hier en Cor\u00e9e du Sud, Hyundai parle d\u2019un rafra\u00eechissement. Une refonte pour le moins spectaculaire qui laisse les autres berlines de la cat\u00e9gorie au moyen-\u00e2ge.<\/p>\n<h3>Un avenir incertain<\/h3>\n<p>\nHyundai n\u2019a pas encore statu\u00e9 sur l\u2019avenir de la Sonata qui reste incertain, mais d\u00e9montre clairement ce qui peut \u00eatre fait avec une berline si on y met un peu de temps. Cette Sonata offre plein de petites trouvailles comme un \u00e9cran incurv\u00e9 rappelant celui des derni\u00e8res BMW, une premi\u00e8re pour une Hyundai.<\/p>\n<h3>Une carrosserie futuriste<\/h3>\n<p>\nLe point fort de la nouvelle carrosserie est le feu Horizon Signature qui s&#8217;\u00e9tend sur toute la largeur de la face avant de la voiture, un \u00e9l\u00e9ment tir\u00e9 du concept Ioniq 7. Associ\u00e9e \u00e0 une large calandre et \u00e0 des phares cach\u00e9s, la berline affiche une allure beaucoup plus futuriste et confiante l\u2019actuel mod\u00e8le. Hyundai pr\u00e9cise que l&#8217;ext\u00e9rieur dans son ensemble est &#8220;bas\u00e9 sur la ligne N&#8221;, en raison de la nature plus extravertie des mod\u00e8les de performance de l&#8217;entreprise. Sur les c\u00f4t\u00e9s, une garniture noire remonte progressivement vers l&#8217;arri\u00e8re, et la N Line est livr\u00e9e avec des jantes en alliage de 19 pouces sur mesure.<\/p>\n<h3>Une nouvelle signature visuelle<\/h3>\n<p>\nLa signature lumineuse arri\u00e8re enveloppante et incurv\u00e9e du mod\u00e8le pr\u00e9c\u00e9dent a \u00e9t\u00e9 remplac\u00e9e par de nouveaux feux en H au style plus discret, compl\u00e9t\u00e9s par un troisi\u00e8me feu de freinage central particuli\u00e8rement large en haut de la lunette arri\u00e8re. Un becquet arri\u00e8re et deux silencieux \u00e0 double embout sont d&#8217;autres ornements sportifs que l&#8217;on retrouve sur la N Line.<\/p>\n<h3>Un int\u00e9rieur nouveau genre<\/h3>\n<p>\nDans l&#8217;habitacle, le nouvel \u00e9cran panoramique incurv\u00e9 combine deux \u00e9crans de 12,3 pouces, l&#8217;un pour le tableau de bord et l&#8217;autre pour l&#8217;infodivertissement. Il y a \u00e9galement de nouvelles commandes de climatisation tactiles qui, selon Hyundai, mettent l&#8217;accent sur une disposition beaucoup plus technologique. D&#8217;autres ajouts dans l&#8217;habitacle comprennent un contr\u00f4leur de changement de vitesse \u00e0 commande \u00e9lectrique mont\u00e9 derri\u00e8re le volant, qui lib\u00e8re l&#8217;espace de rangement de la console centrale, et de nouvelles combinaisons de couleurs int\u00e9rieures.<\/p>\n<h3>Pas d\u2019information m\u00e9canique<\/h3>\n<p>\nHyundai n&#8217;a pas donn\u00e9 d&#8217;autres d\u00e9tails sur les moteurs. En supposant que les groupes motopropulseurs restent inchang\u00e9s, la Sonata sera \u00e9quip\u00e9e du m\u00eame moteur de base de 2,5 litres d\u00e9veloppant 191 chevaux. Le 1,6 litre turbo de 180\u00a0ch et la ligne N de 290\u00a0ch devraient suivre, ainsi qu&#8217;une variante hybride. Nous pourrions \u00e9galement constater une am\u00e9lioration de la consommation d&#8217;essence, Hyundai affirmant que le nouvel ext\u00e9rieur a\u00e9rodynamique am\u00e9liore l&#8217;efficacit\u00e9. Les rumeurs sugg\u00e8rent qu&#8217;une option de transmission int\u00e9grale sera \u00e9galement ajout\u00e9e \u00e0 la gamme.<\/p>\n<p>Le lancement mondial aura lieu le 30 mars, et nous ne tarderons donc pas \u00e0 en savoir plus sur la Sonata radicalement redessin\u00e9e.<\/p>\n<p>\u00a0<\/p>\n<p>Avec des renseignements de Carbuzz (<a href=\"https:\/\/carbuzz.com\/news\/hyundai-sonata-arrives-with-dramatic-redesign-and-high-tech-interior\">https:\/\/carbuzz.com\/news\/hyundai-sonata-arrives-with-dramatic-redesign-and-high-tech-interior<\/a>)<\/p>\n<p>\u00a0<\/p>\n<p>\u00a0<\/p>\n<p>Le texte <a rel=\"nofollow\" href=\"https:\/\/annuelauto.ca\/une-mise-a-jour-spectaculaire-pour-la-sonata\/\">Une mise \u00e0 jour spectaculaire pour la Sonata<\/a> provient de <a rel=\"nofollow\" href=\"https:\/\/annuelauto.ca\">L&#8217;annuel de l&#8217;automobile &#8211; Actualit\u00e9 automobile<\/a><\/p>\n<p><\/p>\n","protected":false},"excerpt":{"rendered":"<p>Au moment o\u00f9 Honda pr\u00e9sente une nouvelle g\u00e9n\u00e9ration de sa berline Accord que l\u2019on distingue \u00e0 peine de la pr\u00e9c\u00e9dente, Hyundai nous am\u00e8ne la berline du futur avec la prochaine Sonata. Pr\u00e9senter hier en Cor\u00e9e du Sud, Hyundai parle d\u2019un rafra\u00eechissement. Une refonte pour le moins spectaculaire qui laisse les autres berlines de la cat\u00e9gorie [&hellip;]<\/p>\n","protected":false},"author":8,"featured_media":142267,"comment_status":"close","ping_status":"closed","sticky":false,"template":"","format":"standard","meta":{"_monsterinsights_skip_tracking":false,"_monsterinsights_sitenote_active":false,"_monsterinsights_sitenote_note":"","_monsterinsights_sitenote_category":0,"footnotes":""},"categories":[101],"tags":[],"yoast_head":"<!-- This site is optimized with the Yoast SEO plugin v23.2 - https:\/\/yoast.com\/wordpress\/plugins\/seo\/ -->\n<title>Une mise \u00e0 jour spectaculaire pour la Sonata - CanadaMotorJobs.com<\/title>\n<meta name=\"description\" content=\"Une mise \u00e0 jour spectaculaire pour la Sonata - Benoit Charette - Annuel automobile - CanadaMotorJobs.com.\" \/>\n<meta name=\"robots\" content=\"index, follow, max-snippet:-1, max-image-preview:large, max-video-preview:-1\" \/>\n<meta property=\"og:locale\" content=\"fr_CA\" \/>\n<meta property=\"og:type\" content=\"article\" \/>\n<meta property=\"og:title\" content=\"Une mise \u00e0 jour spectaculaire pour la Sonata - CanadaMotorJobs.com\" \/>\n<meta property=\"og:description\" content=\"Une mise \u00e0 jour spectaculaire pour la Sonata - Benoit Charette - Annuel automobile - CanadaMotorJobs.com.\" \/>\n<meta property=\"og:url\" content=\"https:\/\/news.canadamotorjobs.com\/fr\/une-mise-a-jour-spectaculaire-pour-la-sonata\/\" \/>\n<meta property=\"og:site_name\" content=\"CanadaMotorJobs.com\" \/>\n<meta property=\"article:publisher\" content=\"https:\/\/www.facebook.com\/canadamotorjobs\/\" \/>\n<meta property=\"article:published_time\" content=\"2023-03-27T13:09:08+00:00\" \/>\n<meta property=\"article:modified_time\" content=\"2023-03-27T13:16:11+00:00\" \/>\n<meta property=\"og:image\" content=\"https:\/\/news.canadamotorjobs.com\/wp-content\/uploads\/2023\/03\/Large-54177-TheNewSONATASpicesUpMidsizeSedanSegmentwithSportiestDesignEver.jpg\" \/>\n\t<meta property=\"og:image:width\" content=\"1500\" \/>\n\t<meta property=\"og:image:height\" content=\"844\" \/>\n\t<meta property=\"og:image:type\" content=\"image\/jpeg\" \/>\n<meta name=\"author\" content=\"Benoit Charette\" \/>\n<meta name=\"twitter:card\" content=\"summary_large_image\" \/>\n<meta name=\"twitter:creator\" content=\"@canadamotorjobs\" \/>\n<meta name=\"twitter:site\" content=\"@canadamotorjobs\" \/>\n<meta name=\"twitter:label1\" content=\"\u00c9crit par\" \/>\n\t<meta name=\"twitter:data1\" content=\"Benoit Charette\" \/>\n\t<meta name=\"twitter:label2\" content=\"Estimation du temps de lecture\" \/>\n\t<meta name=\"twitter:data2\" content=\"3 minutes\" \/>\n<!-- \/ Yoast SEO plugin. -->","yoast_head_json":{"title":"Une mise \u00e0 jour spectaculaire pour la Sonata - CanadaMotorJobs.com","description":"Une mise \u00e0 jour spectaculaire pour la Sonata - Benoit Charette - Annuel automobile - CanadaMotorJobs.com.","robots":{"index":"index","follow":"follow","max-snippet":"max-snippet:-1","max-image-preview":"max-image-preview:large","max-video-preview":"max-video-preview:-1"},"og_locale":"fr_CA","og_type":"article","og_title":"Une mise \u00e0 jour spectaculaire pour la Sonata - CanadaMotorJobs.com","og_description":"Une mise \u00e0 jour spectaculaire pour la Sonata - Benoit Charette - Annuel automobile - CanadaMotorJobs.com.","og_url":"https:\/\/news.canadamotorjobs.com\/fr\/une-mise-a-jour-spectaculaire-pour-la-sonata\/","og_site_name":"CanadaMotorJobs.com","article_publisher":"https:\/\/www.facebook.com\/canadamotorjobs\/","article_published_time":"2023-03-27T13:09:08+00:00","article_modified_time":"2023-03-27T13:16:11+00:00","og_image":[{"width":1500,"height":844,"url":"https:\/\/news.canadamotorjobs.com\/wp-content\/uploads\/2023\/03\/Large-54177-TheNewSONATASpicesUpMidsizeSedanSegmentwithSportiestDesignEver.jpg","type":"image\/jpeg"}],"author":"Benoit Charette","twitter_card":"summary_large_image","twitter_creator":"@canadamotorjobs","twitter_site":"@canadamotorjobs","twitter_misc":{"\u00c9crit par":"Benoit Charette","Estimation du temps de lecture":"3 minutes"},"schema":{"@context":"https:\/\/schema.org","@graph":[{"@type":"Article","@id":"https:\/\/news.canadamotorjobs.com\/fr\/une-mise-a-jour-spectaculaire-pour-la-sonata\/#article","isPartOf":{"@id":"https:\/\/news.canadamotorjobs.com\/fr\/une-mise-a-jour-spectaculaire-pour-la-sonata\/"},"author":{"name":"Benoit Charette","@id":"https:\/\/news.canadamotorjobs.com\/#\/schema\/person\/51793d1f87d44011d7bcc2ed99269a90"},"headline":"Une mise \u00e0 jour spectaculaire pour la Sonata","datePublished":"2023-03-27T13:09:08+00:00","dateModified":"2023-03-27T13:16:11+00:00","mainEntityOfPage":{"@id":"https:\/\/news.canadamotorjobs.com\/fr\/une-mise-a-jour-spectaculaire-pour-la-sonata\/"},"wordCount":580,"publisher":{"@id":"https:\/\/news.canadamotorjobs.com\/#organization"},"image":{"@id":"https:\/\/news.canadamotorjobs.com\/fr\/une-mise-a-jour-spectaculaire-pour-la-sonata\/#primaryimage"},"thumbnailUrl":"https:\/\/news.canadamotorjobs.com\/wp-content\/uploads\/2023\/03\/Large-54177-TheNewSONATASpicesUpMidsizeSedanSegmentwithSportiestDesignEver.jpg","articleSection":["Annuel automobile"],"inLanguage":"fr-CA"},{"@type":"WebPage","@id":"https:\/\/news.canadamotorjobs.com\/fr\/une-mise-a-jour-spectaculaire-pour-la-sonata\/","url":"https:\/\/news.canadamotorjobs.com\/fr\/une-mise-a-jour-spectaculaire-pour-la-sonata\/","name":"Une mise \u00e0 jour spectaculaire pour la Sonata - CanadaMotorJobs.com","isPartOf":{"@id":"https:\/\/news.canadamotorjobs.com\/#website"},"primaryImageOfPage":{"@id":"https:\/\/news.canadamotorjobs.com\/fr\/une-mise-a-jour-spectaculaire-pour-la-sonata\/#primaryimage"},"image":{"@id":"https:\/\/news.canadamotorjobs.com\/fr\/une-mise-a-jour-spectaculaire-pour-la-sonata\/#primaryimage"},"thumbnailUrl":"https:\/\/news.canadamotorjobs.com\/wp-content\/uploads\/2023\/03\/Large-54177-TheNewSONATASpicesUpMidsizeSedanSegmentwithSportiestDesignEver.jpg","datePublished":"2023-03-27T13:09:08+00:00","dateModified":"2023-03-27T13:16:11+00:00","description":"Une mise \u00e0 jour spectaculaire pour la Sonata - Benoit Charette - Annuel automobile - CanadaMotorJobs.com.","breadcrumb":{"@id":"https:\/\/news.canadamotorjobs.com\/fr\/une-mise-a-jour-spectaculaire-pour-la-sonata\/#breadcrumb"},"inLanguage":"fr-CA","potentialAction":[{"@type":"ReadAction","target":["https:\/\/news.canadamotorjobs.com\/fr\/une-mise-a-jour-spectaculaire-pour-la-sonata\/"]}]},{"@type":"ImageObject","inLanguage":"fr-CA","@id":"https:\/\/news.canadamotorjobs.com\/fr\/une-mise-a-jour-spectaculaire-pour-la-sonata\/#primaryimage","url":"https:\/\/news.canadamotorjobs.com\/wp-content\/uploads\/2023\/03\/Large-54177-TheNewSONATASpicesUpMidsizeSedanSegmentwithSportiestDesignEver.jpg","contentUrl":"https:\/\/news.canadamotorjobs.com\/wp-content\/uploads\/2023\/03\/Large-54177-TheNewSONATASpicesUpMidsizeSedanSegmentwithSportiestDesignEver.jpg","width":1500,"height":844},{"@type":"BreadcrumbList","@id":"https:\/\/news.canadamotorjobs.com\/fr\/une-mise-a-jour-spectaculaire-pour-la-sonata\/#breadcrumb","itemListElement":[{"@type":"ListItem","position":1,"name":"Home","item":"https:\/\/news.canadamotorjobs.com\/fr\/blog\/"},{"@type":"ListItem","position":2,"name":"Une mise \u00e0 jour spectaculaire pour la Sonata"}]},{"@type":"WebSite","@id":"https:\/\/news.canadamotorjobs.com\/#website","url":"https:\/\/news.canadamotorjobs.com\/","name":"CanadaMotorJobs.com","description":"Automotive Jobs","publisher":{"@id":"https:\/\/news.canadamotorjobs.com\/#organization"},"potentialAction":[{"@type":"SearchAction","target":{"@type":"EntryPoint","urlTemplate":"https:\/\/news.canadamotorjobs.com\/?s={search_term_string}"},"query-input":"required name=search_term_string"}],"inLanguage":"fr-CA"},{"@type":"Organization","@id":"https:\/\/news.canadamotorjobs.com\/#organization","name":"Canada Motor Jobs","url":"https:\/\/news.canadamotorjobs.com\/","logo":{"@type":"ImageObject","inLanguage":"fr-CA","@id":"https:\/\/news.canadamotorjobs.com\/#\/schema\/logo\/image\/","url":"https:\/\/news.canadamotorjobs.com\/wp-content\/uploads\/2022\/10\/logo-canada-motor-jobs-1.png","contentUrl":"https:\/\/news.canadamotorjobs.com\/wp-content\/uploads\/2022\/10\/logo-canada-motor-jobs-1.png","width":800,"height":400,"caption":"Canada Motor Jobs"},"image":{"@id":"https:\/\/news.canadamotorjobs.com\/#\/schema\/logo\/image\/"},"sameAs":["https:\/\/www.facebook.com\/canadamotorjobs\/","https:\/\/x.com\/canadamotorjobs","https:\/\/www.instagram.com\/canadamotorjobs\/","https:\/\/www.linkedin.com\/company\/canadamotorjobs"]},{"@type":"Person","@id":"https:\/\/news.canadamotorjobs.com\/#\/schema\/person\/51793d1f87d44011d7bcc2ed99269a90","name":"Benoit Charette","image":{"@type":"ImageObject","inLanguage":"fr-CA","@id":"https:\/\/news.canadamotorjobs.com\/#\/schema\/person\/image\/","url":"https:\/\/secure.gravatar.com\/avatar\/45f3d2eebcccd909668d7ce7ea7267b6?s=96&d=mm&r=g","contentUrl":"https:\/\/secure.gravatar.com\/avatar\/45f3d2eebcccd909668d7ce7ea7267b6?s=96&d=mm&r=g","caption":"Benoit Charette"},"description":"Benoit Charette \/ Propri\u00e9taire et r\u00e9dacteur en chef Benoit Charette pratique le journalisme automobile depuis bient\u00f4t 30 ans. Il a fait ses classes au c\u00f4t\u00e9 de Daniel H\u00e9raud et au Carnet de route de 1992 \u00e0 2001. Il est fondateur, copropri\u00e9taire et r\u00e9dacteur en chef de L\u2019Annuel de l\u2019automobile, qu\u2019il publie depuis 2001. Il a anim\u00e9 les \u00e9missions RPM et RPM+ sur V et les L\u00e9gendes de la route sur Historia. \u00c0 la radio depuis 1986, il reprend l\u2019antenne cette ann\u00e9e sur les ondes de Cogeco et participe pour la deuxi\u00e8me ann\u00e9e \u00e0 l\u2019\u00e9mission Passion Auto sur RDS en plus de mettre en ligne le site Web officiel de L\u2019Annuel de l\u2019automobile sur annuelauto.ca.","sameAs":["https:\/\/annuelauto.ca\/"],"url":"https:\/\/news.canadamotorjobs.com\/fr\/author\/benoit-charette\/"}]}},"_links":{"self":[{"href":"https:\/\/news.canadamotorjobs.com\/fr\/wp-json\/wp\/v2\/posts\/142265"}],"collection":[{"href":"https:\/\/news.canadamotorjobs.com\/fr\/wp-json\/wp\/v2\/posts"}],"about":[{"href":"https:\/\/news.canadamotorjobs.com\/fr\/wp-json\/wp\/v2\/types\/post"}],"author":[{"embeddable":true,"href":"https:\/\/news.canadamotorjobs.com\/fr\/wp-json\/wp\/v2\/users\/8"}],"replies":[{"embeddable":true,"href":"https:\/\/news.canadamotorjobs.com\/fr\/wp-json\/wp\/v2\/comments?post=142265"}],"version-history":[{"count":2,"href":"https:\/\/news.canadamotorjobs.com\/fr\/wp-json\/wp\/v2\/posts\/142265\/revisions"}],"predecessor-version":[{"id":142269,"href":"https:\/\/news.canadamotorjobs.com\/fr\/wp-json\/wp\/v2\/posts\/142265\/revisions\/142269"}],"wp:featuredmedia":[{"embeddable":true,"href":"https:\/\/news.canadamotorjobs.com\/fr\/wp-json\/wp\/v2\/media\/142267"}],"wp:attachment":[{"href":"https:\/\/news.canadamotorjobs.com\/fr\/wp-json\/wp\/v2\/media?parent=142265"}],"wp:term":[{"taxonomy":"category","embeddable":true,"href":"https:\/\/news.canadamotorjobs.com\/fr\/wp-json\/wp\/v2\/categories?post=142265"},{"taxonomy":"post_tag","embeddable":true,"href":"https:\/\/news.canadamotorjobs.com\/fr\/wp-json\/wp\/v2\/tags?post=142265"}],"curies":[{"name":"wp","href":"https:\/\/api.w.org\/{rel}","templated":true}]}}