{"id":142242,"date":"2023-03-26T21:48:25","date_gmt":"2023-03-27T01:48:25","guid":{"rendered":"https:\/\/news.canadamotorjobs.com\/?p=142242"},"modified":"2023-03-26T22:18:40","modified_gmt":"2023-03-27T02:18:40","slug":"100-ans-apres-la-canadienne-aloha-wanderwell-letatsunienne-lexie-alford-va-faire-le-tour-du-monde-en-ford","status":"publish","type":"post","link":"https:\/\/news.canadamotorjobs.com\/fr\/100-ans-apres-la-canadienne-aloha-wanderwell-letatsunienne-lexie-alford-va-faire-le-tour-du-monde-en-ford\/","title":{"rendered":"100 ans apr\u00e8s la Canadienne Aloha Wanderwell, l\u2019\u00c9tatsunienne Lexie Alford va faire le tour du monde en Ford"},"content":{"rendered":"<\/p>\n<p>Il y a cent ans, une pionni\u00e8re de l&#8217;aventure a red\u00e9fini les fronti\u00e8res du monde de l\u2019exploration. C\u2019est la Canadienne Aloha Wanderwell (1906-1996). Elle a \u00e9t\u00e9 la premi\u00e8re femme \u00e0 faire le tour du monde au volant d\u2019une automobile, un statut ent\u00e9rin\u00e9 par l\u2019organisation du <a href=\"https:\/\/annuelauto.ca\/american-dream\/\" target=\"_blank\" rel=\"noopener noreferrer\"><em>Livre des records Guinness<\/em><\/a>.<\/p>\n<p>N\u00e9e \u00e0 Winnipeg, Idris Galcia Welsh n\u2019a que 16\u00a0ans au moment de devenir Aloha Wanderwell. C\u2019est le pseudonyme qu\u2019elle adopte au moment d\u2019amorcer son long voyage, en d\u00e9cembre 1922, avec le capitaine Walter Wanderwell. Cet aventurier controvers\u00e9 qu\u2019elle va marier trois ans plus tard est en fait un Polonais nomm\u00e9 Valerian Johannes Pieczynski.<\/p>\n<p>Quoi qu\u2019il en soit, en janvier 1927, lorsque leur p\u00e9riple prend fin, le jeune couple a travers\u00e9 43\u00a0pays avec une Ford Mod\u00e8le\u00a0T fournie par la Ford Motor Company, un commanditaire qui accompagnera Aloha dans ses p\u00e9riples durant les ann\u00e9es\u00a030, m\u00eame apr\u00e8s la mort myst\u00e9rieuse du capitaine.<\/p>\n<h3><strong>Du Mod\u00e8le T \u00e0 essence \u00e0 l\u2019Explorer \u00e9lectrique<\/strong><\/h3>\n<p>\nAujourd\u2019hui, alors que Ford s\u2019affaire \u00e0 \u00e9lectrifier sa gamme de v\u00e9hicules de promenade, une autre jeune femme entend suivre les traces de la globe-trotter canadienne. Il s\u2019agit de Lexie Alford, une influenceuse et youtubeuse californienne mieux connue sous le nom de Lexie Limitless. \u00c2g\u00e9e de 24 ans, elle r\u00e9alisera bient\u00f4t un voyage autour du monde au volant d\u2019un Ford <a href=\"https:\/\/annuelauto.ca\/changli-explorer-la-camionnette-electrique-qui-coute-moins-de-3-000\/\" target=\"_blank\" rel=\"noopener noreferrer\">Explorer<\/a> de nouvelle g\u00e9n\u00e9ration; un v\u00e9hicule qui aura une motorisation \u00e9lectrique.<\/p>\n<p><\/p>\n<div class='avia-iframe-wrap'><iframe loading=\"lazy\" title=\"Nouveau Ford Explorer 100% \u00e9lectrique | Ford FR\" width=\"1500\" height=\"844\" src=\"https:\/\/www.youtube.com\/embed\/SkVRdC-ui2A?feature=oembed\" frameborder=\"0\" allow=\"accelerometer; autoplay; clipboard-write; encrypted-media; gyroscope; picture-in-picture; web-share\" allowfullscreen><\/iframe><\/div>\n<p>\nPour reprendre le langage promotionnel du constructeur de <a href=\"https:\/\/annuelauto.ca\/henry-ford\/\" target=\"_blank\" rel=\"noopener noreferrer\">Dearborn<\/a>, Lexie va r\u00e9inventer le tour du monde d\u2019Aloha au volant d\u2019un Explorer r\u00e9invent\u00e9. L\u2019exp\u00e9dition qui emm\u00e8nera Lexie aux quatre coins du globe doit commencer au courant de l\u2019ann\u00e9e, nous apprend Ford dans un communiqu\u00e9 publi\u00e9 le 21\u00a0mars dernier. Le constructeur et la jeune globe-trotter ne pr\u00e9cisent toutefois ni la date du d\u00e9part ni l\u2019itin\u00e9raire qu\u2019elle suivra.<\/p>\n<h3><strong>Titulaire d\u2019un titre du <em>Livre des records Guinness<\/em><\/strong><\/h3>\n<p>\nSoulignons au passage que Lexie Alford figure \u00e9galement au <em>Livre des records Guinness<\/em>, qui lui a attribu\u00e9 le titre de \u00ab\u00a0Plus jeune personne ayant voyag\u00e9 dans tous les pays souverains de la plan\u00e8te\u00a0\u00bb, en octobre 2019.<\/p>\n<p>\u00c0 l\u2019instar d\u2019Aloha Wanderwell, qui a \u00e9t\u00e9 exploratrice, conf\u00e9renci\u00e8re, photographe, productrice de documentaires et \u00e9crivaine, Lexie Alford partagera ses exp\u00e9riences de voyages sur internet et sans doute par d\u2019autres m\u00e9dias de communication.<\/p>\n<p>\u00ab\u00a0Nous sommes impatients de voir ce que notre nouvel Explorer et Lexie Alford pourront faire ensemble lors de cette exp\u00e9dition, inspir\u00e9e par l\u2019incroyable voyage d&#8217;Aloha Wanderwell\u00a0\u00bb, d\u00e9clare Martin Sander, directeur g\u00e9n\u00e9ral pour l\u2019Europe de Ford Model\u00a0E, la nouvelle division de l\u2019entreprise cr\u00e9\u00e9e en mars 2022 qui se consacre exclusivement au d\u00e9veloppement des V\u00c9.<\/p>\n<p><em>Photos : Ford, archives Aloha Wanderwell et Lexie Limitless<\/em><\/p>\n<div id=\"simple-translate\" class=\"simple-translate-light-theme\"><\/p>\n<div><\/p>\n<div class=\"simple-translate-button isShow\" style=\"height: 22px;width: 22px\"><\/div>\n<p><\/p>\n<div class=\"simple-translate-panel \" style=\"width: 300px;height: 200px;font-size: 13px\"><\/p>\n<div class=\"simple-translate-result-wrapper\" style=\"overflow: hidden\"><\/p>\n<div class=\"simple-translate-move\"><\/div>\n<p><\/p>\n<div class=\"simple-translate-result-contents\"><\/p>\n<p class=\"simple-translate-candidate\" dir=\"auto\">\n<\/div>\n<p>\n<\/div>\n<p>\n<\/div>\n<p>\n<\/div>\n<p>\n<\/div>\n<p>Le texte <a rel=\"nofollow\" href=\"https:\/\/annuelauto.ca\/100-ans-apres-la-canadienne-aloha-wanderwell-letatsunienne-lexie-alford-va-faire-le-tour-du-monde-en-ford\/\">100 ans apr\u00e8s la Canadienne Aloha Wanderwell, l\u2019\u00c9tatsunienne Lexie Alford va faire le tour du monde en Ford<\/a> provient de <a rel=\"nofollow\" href=\"https:\/\/annuelauto.ca\">L&#8217;annuel de l&#8217;automobile &#8211; Actualit\u00e9 automobile<\/a><\/p>\n<p><\/p>\n","protected":false},"excerpt":{"rendered":"<p>Il y a cent ans, une pionni\u00e8re de l&#8217;aventure a red\u00e9fini les fronti\u00e8res du monde de l\u2019exploration. C\u2019est la Canadienne Aloha Wanderwell (1906-1996). Elle a \u00e9t\u00e9 la premi\u00e8re femme \u00e0 faire le tour du monde au volant d\u2019une automobile, un statut ent\u00e9rin\u00e9 par l\u2019organisation du Livre des records Guinness. N\u00e9e \u00e0 Winnipeg, Idris Galcia Welsh [&hellip;]<\/p>\n","protected":false},"author":8,"featured_media":142244,"comment_status":"close","ping_status":"closed","sticky":false,"template":"","format":"standard","meta":{"_monsterinsights_skip_tracking":false,"_monsterinsights_sitenote_active":false,"_monsterinsights_sitenote_note":"","_monsterinsights_sitenote_category":0,"footnotes":""},"categories":[101],"tags":[],"yoast_head":"<!-- This site is optimized with the Yoast SEO plugin v23.2 - https:\/\/yoast.com\/wordpress\/plugins\/seo\/ -->\n<title>100 ans apr\u00e8s la Canadienne Aloha Wanderwell, l\u2019\u00c9tatsunienne Lexie Alford va faire le tour du monde en Ford - CanadaMotorJobs.com<\/title>\n<meta name=\"description\" content=\"100 ans apr\u00e8s la Canadienne Aloha Wanderwell, l\u2019\u00c9tatsunienne Lexie Alford va faire le tour du monde en Ford - Benoit Charette - Annuel automobile - CanadaMotorJobs.com.\" \/>\n<meta name=\"robots\" content=\"index, follow, max-snippet:-1, max-image-preview:large, max-video-preview:-1\" \/>\n<meta property=\"og:locale\" content=\"fr_CA\" \/>\n<meta property=\"og:type\" content=\"article\" \/>\n<meta property=\"og:title\" content=\"100 ans apr\u00e8s la Canadienne Aloha Wanderwell, l\u2019\u00c9tatsunienne Lexie Alford va faire le tour du monde en Ford - CanadaMotorJobs.com\" \/>\n<meta property=\"og:description\" content=\"100 ans apr\u00e8s la Canadienne Aloha Wanderwell, l\u2019\u00c9tatsunienne Lexie Alford va faire le tour du monde en Ford - Benoit Charette - Annuel automobile - CanadaMotorJobs.com.\" \/>\n<meta property=\"og:url\" content=\"https:\/\/news.canadamotorjobs.com\/fr\/100-ans-apres-la-canadienne-aloha-wanderwell-letatsunienne-lexie-alford-va-faire-le-tour-du-monde-en-ford\/\" \/>\n<meta property=\"og:site_name\" content=\"CanadaMotorJobs.com\" \/>\n<meta property=\"article:publisher\" content=\"https:\/\/www.facebook.com\/canadamotorjobs\/\" \/>\n<meta property=\"article:published_time\" content=\"2023-03-27T01:48:25+00:00\" \/>\n<meta property=\"article:modified_time\" content=\"2023-03-27T02:18:40+00:00\" \/>\n<meta property=\"og:image\" content=\"https:\/\/news.canadamotorjobs.com\/wp-content\/uploads\/2023\/03\/Aloha-Wanderwell-et-Ford-1.jpg\" \/>\n\t<meta property=\"og:image:width\" content=\"1500\" \/>\n\t<meta property=\"og:image:height\" content=\"1000\" \/>\n\t<meta property=\"og:image:type\" content=\"image\/jpeg\" \/>\n<meta name=\"author\" content=\"Benoit Charette\" \/>\n<meta name=\"twitter:card\" content=\"summary_large_image\" \/>\n<meta name=\"twitter:creator\" content=\"@canadamotorjobs\" \/>\n<meta name=\"twitter:site\" content=\"@canadamotorjobs\" \/>\n<meta name=\"twitter:label1\" content=\"\u00c9crit par\" \/>\n\t<meta name=\"twitter:data1\" content=\"Benoit Charette\" \/>\n\t<meta name=\"twitter:label2\" content=\"Estimation du temps de lecture\" \/>\n\t<meta name=\"twitter:data2\" content=\"3 minutes\" \/>\n<!-- \/ Yoast SEO plugin. -->","yoast_head_json":{"title":"100 ans apr\u00e8s la Canadienne Aloha Wanderwell, l\u2019\u00c9tatsunienne Lexie Alford va faire le tour du monde en Ford - CanadaMotorJobs.com","description":"100 ans apr\u00e8s la Canadienne Aloha Wanderwell, l\u2019\u00c9tatsunienne Lexie Alford va faire le tour du monde en Ford - Benoit Charette - Annuel automobile - CanadaMotorJobs.com.","robots":{"index":"index","follow":"follow","max-snippet":"max-snippet:-1","max-image-preview":"max-image-preview:large","max-video-preview":"max-video-preview:-1"},"og_locale":"fr_CA","og_type":"article","og_title":"100 ans apr\u00e8s la Canadienne Aloha Wanderwell, l\u2019\u00c9tatsunienne Lexie Alford va faire le tour du monde en Ford - CanadaMotorJobs.com","og_description":"100 ans apr\u00e8s la Canadienne Aloha Wanderwell, l\u2019\u00c9tatsunienne Lexie Alford va faire le tour du monde en Ford - Benoit Charette - Annuel automobile - CanadaMotorJobs.com.","og_url":"https:\/\/news.canadamotorjobs.com\/fr\/100-ans-apres-la-canadienne-aloha-wanderwell-letatsunienne-lexie-alford-va-faire-le-tour-du-monde-en-ford\/","og_site_name":"CanadaMotorJobs.com","article_publisher":"https:\/\/www.facebook.com\/canadamotorjobs\/","article_published_time":"2023-03-27T01:48:25+00:00","article_modified_time":"2023-03-27T02:18:40+00:00","og_image":[{"width":1500,"height":1000,"url":"https:\/\/news.canadamotorjobs.com\/wp-content\/uploads\/2023\/03\/Aloha-Wanderwell-et-Ford-1.jpg","type":"image\/jpeg"}],"author":"Benoit Charette","twitter_card":"summary_large_image","twitter_creator":"@canadamotorjobs","twitter_site":"@canadamotorjobs","twitter_misc":{"\u00c9crit par":"Benoit Charette","Estimation du temps de lecture":"3 minutes"},"schema":{"@context":"https:\/\/schema.org","@graph":[{"@type":"Article","@id":"https:\/\/news.canadamotorjobs.com\/fr\/100-ans-apres-la-canadienne-aloha-wanderwell-letatsunienne-lexie-alford-va-faire-le-tour-du-monde-en-ford\/#article","isPartOf":{"@id":"https:\/\/news.canadamotorjobs.com\/fr\/100-ans-apres-la-canadienne-aloha-wanderwell-letatsunienne-lexie-alford-va-faire-le-tour-du-monde-en-ford\/"},"author":{"name":"Benoit Charette","@id":"https:\/\/news.canadamotorjobs.com\/#\/schema\/person\/51793d1f87d44011d7bcc2ed99269a90"},"headline":"100 ans apr\u00e8s la Canadienne Aloha Wanderwell, l\u2019\u00c9tatsunienne Lexie Alford va faire le tour du monde en Ford","datePublished":"2023-03-27T01:48:25+00:00","dateModified":"2023-03-27T02:18:40+00:00","mainEntityOfPage":{"@id":"https:\/\/news.canadamotorjobs.com\/fr\/100-ans-apres-la-canadienne-aloha-wanderwell-letatsunienne-lexie-alford-va-faire-le-tour-du-monde-en-ford\/"},"wordCount":550,"publisher":{"@id":"https:\/\/news.canadamotorjobs.com\/#organization"},"image":{"@id":"https:\/\/news.canadamotorjobs.com\/fr\/100-ans-apres-la-canadienne-aloha-wanderwell-letatsunienne-lexie-alford-va-faire-le-tour-du-monde-en-ford\/#primaryimage"},"thumbnailUrl":"https:\/\/news.canadamotorjobs.com\/wp-content\/uploads\/2023\/03\/Aloha-Wanderwell-et-Ford-1.jpg","articleSection":["Annuel automobile"],"inLanguage":"fr-CA"},{"@type":"WebPage","@id":"https:\/\/news.canadamotorjobs.com\/fr\/100-ans-apres-la-canadienne-aloha-wanderwell-letatsunienne-lexie-alford-va-faire-le-tour-du-monde-en-ford\/","url":"https:\/\/news.canadamotorjobs.com\/fr\/100-ans-apres-la-canadienne-aloha-wanderwell-letatsunienne-lexie-alford-va-faire-le-tour-du-monde-en-ford\/","name":"100 ans apr\u00e8s la Canadienne Aloha Wanderwell, l\u2019\u00c9tatsunienne Lexie Alford va faire le tour du monde en Ford - CanadaMotorJobs.com","isPartOf":{"@id":"https:\/\/news.canadamotorjobs.com\/#website"},"primaryImageOfPage":{"@id":"https:\/\/news.canadamotorjobs.com\/fr\/100-ans-apres-la-canadienne-aloha-wanderwell-letatsunienne-lexie-alford-va-faire-le-tour-du-monde-en-ford\/#primaryimage"},"image":{"@id":"https:\/\/news.canadamotorjobs.com\/fr\/100-ans-apres-la-canadienne-aloha-wanderwell-letatsunienne-lexie-alford-va-faire-le-tour-du-monde-en-ford\/#primaryimage"},"thumbnailUrl":"https:\/\/news.canadamotorjobs.com\/wp-content\/uploads\/2023\/03\/Aloha-Wanderwell-et-Ford-1.jpg","datePublished":"2023-03-27T01:48:25+00:00","dateModified":"2023-03-27T02:18:40+00:00","description":"100 ans apr\u00e8s la Canadienne Aloha Wanderwell, l\u2019\u00c9tatsunienne Lexie Alford va faire le tour du monde en Ford - Benoit Charette - Annuel automobile - CanadaMotorJobs.com.","breadcrumb":{"@id":"https:\/\/news.canadamotorjobs.com\/fr\/100-ans-apres-la-canadienne-aloha-wanderwell-letatsunienne-lexie-alford-va-faire-le-tour-du-monde-en-ford\/#breadcrumb"},"inLanguage":"fr-CA","potentialAction":[{"@type":"ReadAction","target":["https:\/\/news.canadamotorjobs.com\/fr\/100-ans-apres-la-canadienne-aloha-wanderwell-letatsunienne-lexie-alford-va-faire-le-tour-du-monde-en-ford\/"]}]},{"@type":"ImageObject","inLanguage":"fr-CA","@id":"https:\/\/news.canadamotorjobs.com\/fr\/100-ans-apres-la-canadienne-aloha-wanderwell-letatsunienne-lexie-alford-va-faire-le-tour-du-monde-en-ford\/#primaryimage","url":"https:\/\/news.canadamotorjobs.com\/wp-content\/uploads\/2023\/03\/Aloha-Wanderwell-et-Ford-1.jpg","contentUrl":"https:\/\/news.canadamotorjobs.com\/wp-content\/uploads\/2023\/03\/Aloha-Wanderwell-et-Ford-1.jpg","width":1500,"height":1000},{"@type":"BreadcrumbList","@id":"https:\/\/news.canadamotorjobs.com\/fr\/100-ans-apres-la-canadienne-aloha-wanderwell-letatsunienne-lexie-alford-va-faire-le-tour-du-monde-en-ford\/#breadcrumb","itemListElement":[{"@type":"ListItem","position":1,"name":"Home","item":"https:\/\/news.canadamotorjobs.com\/fr\/blog\/"},{"@type":"ListItem","position":2,"name":"100 ans apr\u00e8s la Canadienne Aloha Wanderwell, l\u2019\u00c9tatsunienne Lexie Alford va faire le tour du monde en Ford"}]},{"@type":"WebSite","@id":"https:\/\/news.canadamotorjobs.com\/#website","url":"https:\/\/news.canadamotorjobs.com\/","name":"CanadaMotorJobs.com","description":"Automotive Jobs","publisher":{"@id":"https:\/\/news.canadamotorjobs.com\/#organization"},"potentialAction":[{"@type":"SearchAction","target":{"@type":"EntryPoint","urlTemplate":"https:\/\/news.canadamotorjobs.com\/?s={search_term_string}"},"query-input":"required name=search_term_string"}],"inLanguage":"fr-CA"},{"@type":"Organization","@id":"https:\/\/news.canadamotorjobs.com\/#organization","name":"Canada Motor Jobs","url":"https:\/\/news.canadamotorjobs.com\/","logo":{"@type":"ImageObject","inLanguage":"fr-CA","@id":"https:\/\/news.canadamotorjobs.com\/#\/schema\/logo\/image\/","url":"https:\/\/news.canadamotorjobs.com\/wp-content\/uploads\/2022\/10\/logo-canada-motor-jobs-1.png","contentUrl":"https:\/\/news.canadamotorjobs.com\/wp-content\/uploads\/2022\/10\/logo-canada-motor-jobs-1.png","width":800,"height":400,"caption":"Canada Motor Jobs"},"image":{"@id":"https:\/\/news.canadamotorjobs.com\/#\/schema\/logo\/image\/"},"sameAs":["https:\/\/www.facebook.com\/canadamotorjobs\/","https:\/\/x.com\/canadamotorjobs","https:\/\/www.instagram.com\/canadamotorjobs\/","https:\/\/www.linkedin.com\/company\/canadamotorjobs"]},{"@type":"Person","@id":"https:\/\/news.canadamotorjobs.com\/#\/schema\/person\/51793d1f87d44011d7bcc2ed99269a90","name":"Benoit Charette","image":{"@type":"ImageObject","inLanguage":"fr-CA","@id":"https:\/\/news.canadamotorjobs.com\/#\/schema\/person\/image\/","url":"https:\/\/secure.gravatar.com\/avatar\/45f3d2eebcccd909668d7ce7ea7267b6?s=96&d=mm&r=g","contentUrl":"https:\/\/secure.gravatar.com\/avatar\/45f3d2eebcccd909668d7ce7ea7267b6?s=96&d=mm&r=g","caption":"Benoit Charette"},"description":"Benoit Charette \/ Propri\u00e9taire et r\u00e9dacteur en chef Benoit Charette pratique le journalisme automobile depuis bient\u00f4t 30 ans. Il a fait ses classes au c\u00f4t\u00e9 de Daniel H\u00e9raud et au Carnet de route de 1992 \u00e0 2001. Il est fondateur, copropri\u00e9taire et r\u00e9dacteur en chef de L\u2019Annuel de l\u2019automobile, qu\u2019il publie depuis 2001. Il a anim\u00e9 les \u00e9missions RPM et RPM+ sur V et les L\u00e9gendes de la route sur Historia. \u00c0 la radio depuis 1986, il reprend l\u2019antenne cette ann\u00e9e sur les ondes de Cogeco et participe pour la deuxi\u00e8me ann\u00e9e \u00e0 l\u2019\u00e9mission Passion Auto sur RDS en plus de mettre en ligne le site Web officiel de L\u2019Annuel de l\u2019automobile sur annuelauto.ca.","sameAs":["https:\/\/annuelauto.ca\/"],"url":"https:\/\/news.canadamotorjobs.com\/fr\/author\/benoit-charette\/"}]}},"_links":{"self":[{"href":"https:\/\/news.canadamotorjobs.com\/fr\/wp-json\/wp\/v2\/posts\/142242"}],"collection":[{"href":"https:\/\/news.canadamotorjobs.com\/fr\/wp-json\/wp\/v2\/posts"}],"about":[{"href":"https:\/\/news.canadamotorjobs.com\/fr\/wp-json\/wp\/v2\/types\/post"}],"author":[{"embeddable":true,"href":"https:\/\/news.canadamotorjobs.com\/fr\/wp-json\/wp\/v2\/users\/8"}],"replies":[{"embeddable":true,"href":"https:\/\/news.canadamotorjobs.com\/fr\/wp-json\/wp\/v2\/comments?post=142242"}],"version-history":[{"count":2,"href":"https:\/\/news.canadamotorjobs.com\/fr\/wp-json\/wp\/v2\/posts\/142242\/revisions"}],"predecessor-version":[{"id":142246,"href":"https:\/\/news.canadamotorjobs.com\/fr\/wp-json\/wp\/v2\/posts\/142242\/revisions\/142246"}],"wp:featuredmedia":[{"embeddable":true,"href":"https:\/\/news.canadamotorjobs.com\/fr\/wp-json\/wp\/v2\/media\/142244"}],"wp:attachment":[{"href":"https:\/\/news.canadamotorjobs.com\/fr\/wp-json\/wp\/v2\/media?parent=142242"}],"wp:term":[{"taxonomy":"category","embeddable":true,"href":"https:\/\/news.canadamotorjobs.com\/fr\/wp-json\/wp\/v2\/categories?post=142242"},{"taxonomy":"post_tag","embeddable":true,"href":"https:\/\/news.canadamotorjobs.com\/fr\/wp-json\/wp\/v2\/tags?post=142242"}],"curies":[{"name":"wp","href":"https:\/\/api.w.org\/{rel}","templated":true}]}}