{"id":142223,"date":"2023-03-26T08:28:04","date_gmt":"2023-03-26T12:28:04","guid":{"rendered":"https:\/\/news.canadamotorjobs.com\/?p=142223"},"modified":"2023-03-26T08:29:26","modified_gmt":"2023-03-26T12:29:26","slug":"toyota-met-fin-a-la-vente-de-la-camry-au-japon","status":"publish","type":"post","link":"https:\/\/news.canadamotorjobs.com\/fr\/toyota-met-fin-a-la-vente-de-la-camry-au-japon\/","title":{"rendered":"Toyota met fin \u00e0 la vente de la Camry au Japon"},"content":{"rendered":"<\/p>\n<p>Les temps sont durs pour les berlines et pas seulement chez nous. Les Japonais sont eux aussi en amour avec les VUS. \u00c0 un point tel que Toyota vient de prendre la d\u00e9cision de cesser la vente de sa plus c\u00e9l\u00e8bre berline, la Camry.<\/p>\n<h3>Sur la route depuis 43 ans<\/h3>\n<p>\nLa Camry est la pierre d\u2019assise dans le monde des voitures qui roule depuis 43 ans. Elle a travers\u00e9 toutes les modes et est sur le point d\u2019\u00eatre abandonn\u00e9e selon le journal Nikkei Asia qui publie la nouvelle aujourd\u2019hui. Toyota a inform\u00e9 les concessionnaires japonais que la production de la Camry s&#8217;arr\u00eatera \u00e0 la fin de cette ann\u00e9e, m\u00eame si la Camry continuera d&#8217;\u00eatre export\u00e9e vers les march\u00e9s o\u00f9 elle reste populaire. Les ventes au Japon cesseront progressivement, mais Toyota a d\u00e9j\u00e0 cess\u00e9 d&#8217;accepter la plupart des nouvelles commandes de Camry dans le pays asiatique.<\/p>\n<h3>Et chez nous<\/h3>\n<p>\nAux \u00c9tats-Unis et au Canada, la Camry reste assez populaire, elle est la seule berline \u00e0 se classer parmi les cinq premiers mod\u00e8les vendus en 2022 aux \u00c9tats-Unis, avec plus de 295\u00a0000 unit\u00e9s vendues. Au Japon, environ 1,3 million de Camry ont \u00e9t\u00e9 vendus depuis les d\u00e9buts de la berline en 1980. Durant cette m\u00eame p\u00e9riode, il s\u2019est vendu dix fois plus de Camry aux \u00c9tats-Unis. Avec la Corolla, la Camry est un mod\u00e8le strat\u00e9gique mondial pour ce qui \u00e9tait la marque automobile la plus vendue au monde en 2022.<\/p>\n<h3>Un peu plus de 600 000 l&#8217;an dernier<\/h3>\n<p>\nBien qu&#8217;environ 600 000 Camry aient \u00e9t\u00e9 vendues dans le monde l&#8217;ann\u00e9e derni\u00e8re, les ventes ont progressivement diminu\u00e9 au Japon. Malgr\u00e9 la crise des semi-conducteurs, Toyota a vendu moins de 6 000 Camrys sur son march\u00e9 int\u00e9rieur l&#8217;ann\u00e9e derni\u00e8re. Si le Japon partage l&#8217;affection des Am\u00e9ricains pour les VUS, les fourgonnettes y sont \u00e9galement extr\u00eamement populaires, et ces deux types de v\u00e9hicules ont contribu\u00e9 \u00e0 la disparition de la berline berlines sur ce march\u00e9.<\/p>\n<p>\u00a0<\/p>\n<p>Avec des renseignements de Carbuzz<\/p>\n<p>\u00a0<\/p>\n<p>Le texte <a rel=\"nofollow\" href=\"https:\/\/annuelauto.ca\/toyota-met-fin-a-la-vente-de-la-camry-au-japon\/\">Toyota met fin \u00e0 la vente de la Camry au Japon<\/a> provient de <a rel=\"nofollow\" href=\"https:\/\/annuelauto.ca\">L&#8217;annuel de l&#8217;automobile &#8211; Actualit\u00e9 automobile<\/a><\/p>\n<p><\/p>\n","protected":false},"excerpt":{"rendered":"<p>Les temps sont durs pour les berlines et pas seulement chez nous. Les Japonais sont eux aussi en amour avec les VUS. \u00c0 un point tel que Toyota vient de prendre la d\u00e9cision de cesser la vente de sa plus c\u00e9l\u00e8bre berline, la Camry. Sur la route depuis 43 ans La Camry est la pierre [&hellip;]<\/p>\n","protected":false},"author":8,"featured_media":142225,"comment_status":"close","ping_status":"closed","sticky":false,"template":"","format":"standard","meta":{"_monsterinsights_skip_tracking":false,"_monsterinsights_sitenote_active":false,"_monsterinsights_sitenote_note":"","_monsterinsights_sitenote_category":0,"footnotes":""},"categories":[101],"tags":[],"yoast_head":"<!-- This site is optimized with the Yoast SEO plugin v23.2 - https:\/\/yoast.com\/wordpress\/plugins\/seo\/ -->\n<title>Toyota met fin \u00e0 la vente de la Camry au Japon - CanadaMotorJobs.com<\/title>\n<meta name=\"description\" content=\"Toyota met fin \u00e0 la vente de la Camry au Japon - Benoit Charette - Annuel automobile - CanadaMotorJobs.com.\" \/>\n<meta name=\"robots\" content=\"index, follow, max-snippet:-1, max-image-preview:large, max-video-preview:-1\" \/>\n<meta property=\"og:locale\" content=\"fr_CA\" \/>\n<meta property=\"og:type\" content=\"article\" \/>\n<meta property=\"og:title\" content=\"Toyota met fin \u00e0 la vente de la Camry au Japon - CanadaMotorJobs.com\" \/>\n<meta property=\"og:description\" content=\"Toyota met fin \u00e0 la vente de la Camry au Japon - Benoit Charette - Annuel automobile - CanadaMotorJobs.com.\" \/>\n<meta property=\"og:url\" content=\"https:\/\/news.canadamotorjobs.com\/fr\/toyota-met-fin-a-la-vente-de-la-camry-au-japon\/\" \/>\n<meta property=\"og:site_name\" content=\"CanadaMotorJobs.com\" \/>\n<meta property=\"article:publisher\" content=\"https:\/\/www.facebook.com\/canadamotorjobs\/\" \/>\n<meta property=\"article:published_time\" content=\"2023-03-26T12:28:04+00:00\" \/>\n<meta property=\"article:modified_time\" content=\"2023-03-26T12:29:26+00:00\" \/>\n<meta property=\"og:image\" content=\"https:\/\/news.canadamotorjobs.com\/wp-content\/uploads\/2023\/03\/2021-Camry-Hybrid-XSE-2-1024x683-1.jpg\" \/>\n\t<meta property=\"og:image:width\" content=\"1024\" \/>\n\t<meta property=\"og:image:height\" content=\"683\" \/>\n\t<meta property=\"og:image:type\" content=\"image\/jpeg\" \/>\n<meta name=\"author\" content=\"Benoit Charette\" \/>\n<meta name=\"twitter:card\" content=\"summary_large_image\" \/>\n<meta name=\"twitter:creator\" content=\"@canadamotorjobs\" \/>\n<meta name=\"twitter:site\" content=\"@canadamotorjobs\" \/>\n<meta name=\"twitter:label1\" content=\"\u00c9crit par\" \/>\n\t<meta name=\"twitter:data1\" content=\"Benoit Charette\" \/>\n\t<meta name=\"twitter:label2\" content=\"Estimation du temps de lecture\" \/>\n\t<meta name=\"twitter:data2\" content=\"2 minutes\" \/>\n<!-- \/ Yoast SEO plugin. -->","yoast_head_json":{"title":"Toyota met fin \u00e0 la vente de la Camry au Japon - CanadaMotorJobs.com","description":"Toyota met fin \u00e0 la vente de la Camry au Japon - Benoit Charette - Annuel automobile - CanadaMotorJobs.com.","robots":{"index":"index","follow":"follow","max-snippet":"max-snippet:-1","max-image-preview":"max-image-preview:large","max-video-preview":"max-video-preview:-1"},"og_locale":"fr_CA","og_type":"article","og_title":"Toyota met fin \u00e0 la vente de la Camry au Japon - CanadaMotorJobs.com","og_description":"Toyota met fin \u00e0 la vente de la Camry au Japon - Benoit Charette - Annuel automobile - CanadaMotorJobs.com.","og_url":"https:\/\/news.canadamotorjobs.com\/fr\/toyota-met-fin-a-la-vente-de-la-camry-au-japon\/","og_site_name":"CanadaMotorJobs.com","article_publisher":"https:\/\/www.facebook.com\/canadamotorjobs\/","article_published_time":"2023-03-26T12:28:04+00:00","article_modified_time":"2023-03-26T12:29:26+00:00","og_image":[{"width":1024,"height":683,"url":"https:\/\/news.canadamotorjobs.com\/wp-content\/uploads\/2023\/03\/2021-Camry-Hybrid-XSE-2-1024x683-1.jpg","type":"image\/jpeg"}],"author":"Benoit Charette","twitter_card":"summary_large_image","twitter_creator":"@canadamotorjobs","twitter_site":"@canadamotorjobs","twitter_misc":{"\u00c9crit par":"Benoit Charette","Estimation du temps de lecture":"2 minutes"},"schema":{"@context":"https:\/\/schema.org","@graph":[{"@type":"Article","@id":"https:\/\/news.canadamotorjobs.com\/fr\/toyota-met-fin-a-la-vente-de-la-camry-au-japon\/#article","isPartOf":{"@id":"https:\/\/news.canadamotorjobs.com\/fr\/toyota-met-fin-a-la-vente-de-la-camry-au-japon\/"},"author":{"name":"Benoit Charette","@id":"https:\/\/news.canadamotorjobs.com\/#\/schema\/person\/51793d1f87d44011d7bcc2ed99269a90"},"headline":"Toyota met fin \u00e0 la vente de la Camry au Japon","datePublished":"2023-03-26T12:28:04+00:00","dateModified":"2023-03-26T12:29:26+00:00","mainEntityOfPage":{"@id":"https:\/\/news.canadamotorjobs.com\/fr\/toyota-met-fin-a-la-vente-de-la-camry-au-japon\/"},"wordCount":377,"publisher":{"@id":"https:\/\/news.canadamotorjobs.com\/#organization"},"image":{"@id":"https:\/\/news.canadamotorjobs.com\/fr\/toyota-met-fin-a-la-vente-de-la-camry-au-japon\/#primaryimage"},"thumbnailUrl":"https:\/\/news.canadamotorjobs.com\/wp-content\/uploads\/2023\/03\/2021-Camry-Hybrid-XSE-2-1024x683-1.jpg","articleSection":["Annuel automobile"],"inLanguage":"fr-CA"},{"@type":"WebPage","@id":"https:\/\/news.canadamotorjobs.com\/fr\/toyota-met-fin-a-la-vente-de-la-camry-au-japon\/","url":"https:\/\/news.canadamotorjobs.com\/fr\/toyota-met-fin-a-la-vente-de-la-camry-au-japon\/","name":"Toyota met fin \u00e0 la vente de la Camry au Japon - CanadaMotorJobs.com","isPartOf":{"@id":"https:\/\/news.canadamotorjobs.com\/#website"},"primaryImageOfPage":{"@id":"https:\/\/news.canadamotorjobs.com\/fr\/toyota-met-fin-a-la-vente-de-la-camry-au-japon\/#primaryimage"},"image":{"@id":"https:\/\/news.canadamotorjobs.com\/fr\/toyota-met-fin-a-la-vente-de-la-camry-au-japon\/#primaryimage"},"thumbnailUrl":"https:\/\/news.canadamotorjobs.com\/wp-content\/uploads\/2023\/03\/2021-Camry-Hybrid-XSE-2-1024x683-1.jpg","datePublished":"2023-03-26T12:28:04+00:00","dateModified":"2023-03-26T12:29:26+00:00","description":"Toyota met fin \u00e0 la vente de la Camry au Japon - Benoit Charette - Annuel automobile - CanadaMotorJobs.com.","breadcrumb":{"@id":"https:\/\/news.canadamotorjobs.com\/fr\/toyota-met-fin-a-la-vente-de-la-camry-au-japon\/#breadcrumb"},"inLanguage":"fr-CA","potentialAction":[{"@type":"ReadAction","target":["https:\/\/news.canadamotorjobs.com\/fr\/toyota-met-fin-a-la-vente-de-la-camry-au-japon\/"]}]},{"@type":"ImageObject","inLanguage":"fr-CA","@id":"https:\/\/news.canadamotorjobs.com\/fr\/toyota-met-fin-a-la-vente-de-la-camry-au-japon\/#primaryimage","url":"https:\/\/news.canadamotorjobs.com\/wp-content\/uploads\/2023\/03\/2021-Camry-Hybrid-XSE-2-1024x683-1.jpg","contentUrl":"https:\/\/news.canadamotorjobs.com\/wp-content\/uploads\/2023\/03\/2021-Camry-Hybrid-XSE-2-1024x683-1.jpg","width":1024,"height":683},{"@type":"BreadcrumbList","@id":"https:\/\/news.canadamotorjobs.com\/fr\/toyota-met-fin-a-la-vente-de-la-camry-au-japon\/#breadcrumb","itemListElement":[{"@type":"ListItem","position":1,"name":"Home","item":"https:\/\/news.canadamotorjobs.com\/fr\/blog\/"},{"@type":"ListItem","position":2,"name":"Toyota met fin \u00e0 la vente de la Camry au Japon"}]},{"@type":"WebSite","@id":"https:\/\/news.canadamotorjobs.com\/#website","url":"https:\/\/news.canadamotorjobs.com\/","name":"CanadaMotorJobs.com","description":"Automotive Jobs","publisher":{"@id":"https:\/\/news.canadamotorjobs.com\/#organization"},"potentialAction":[{"@type":"SearchAction","target":{"@type":"EntryPoint","urlTemplate":"https:\/\/news.canadamotorjobs.com\/?s={search_term_string}"},"query-input":"required name=search_term_string"}],"inLanguage":"fr-CA"},{"@type":"Organization","@id":"https:\/\/news.canadamotorjobs.com\/#organization","name":"Canada Motor Jobs","url":"https:\/\/news.canadamotorjobs.com\/","logo":{"@type":"ImageObject","inLanguage":"fr-CA","@id":"https:\/\/news.canadamotorjobs.com\/#\/schema\/logo\/image\/","url":"https:\/\/news.canadamotorjobs.com\/wp-content\/uploads\/2022\/10\/logo-canada-motor-jobs-1.png","contentUrl":"https:\/\/news.canadamotorjobs.com\/wp-content\/uploads\/2022\/10\/logo-canada-motor-jobs-1.png","width":800,"height":400,"caption":"Canada Motor Jobs"},"image":{"@id":"https:\/\/news.canadamotorjobs.com\/#\/schema\/logo\/image\/"},"sameAs":["https:\/\/www.facebook.com\/canadamotorjobs\/","https:\/\/x.com\/canadamotorjobs","https:\/\/www.instagram.com\/canadamotorjobs\/","https:\/\/www.linkedin.com\/company\/canadamotorjobs"]},{"@type":"Person","@id":"https:\/\/news.canadamotorjobs.com\/#\/schema\/person\/51793d1f87d44011d7bcc2ed99269a90","name":"Benoit Charette","image":{"@type":"ImageObject","inLanguage":"fr-CA","@id":"https:\/\/news.canadamotorjobs.com\/#\/schema\/person\/image\/","url":"https:\/\/secure.gravatar.com\/avatar\/45f3d2eebcccd909668d7ce7ea7267b6?s=96&d=mm&r=g","contentUrl":"https:\/\/secure.gravatar.com\/avatar\/45f3d2eebcccd909668d7ce7ea7267b6?s=96&d=mm&r=g","caption":"Benoit Charette"},"description":"Benoit Charette \/ Propri\u00e9taire et r\u00e9dacteur en chef Benoit Charette pratique le journalisme automobile depuis bient\u00f4t 30 ans. Il a fait ses classes au c\u00f4t\u00e9 de Daniel H\u00e9raud et au Carnet de route de 1992 \u00e0 2001. Il est fondateur, copropri\u00e9taire et r\u00e9dacteur en chef de L\u2019Annuel de l\u2019automobile, qu\u2019il publie depuis 2001. Il a anim\u00e9 les \u00e9missions RPM et RPM+ sur V et les L\u00e9gendes de la route sur Historia. \u00c0 la radio depuis 1986, il reprend l\u2019antenne cette ann\u00e9e sur les ondes de Cogeco et participe pour la deuxi\u00e8me ann\u00e9e \u00e0 l\u2019\u00e9mission Passion Auto sur RDS en plus de mettre en ligne le site Web officiel de L\u2019Annuel de l\u2019automobile sur annuelauto.ca.","sameAs":["https:\/\/annuelauto.ca\/"],"url":"https:\/\/news.canadamotorjobs.com\/fr\/author\/benoit-charette\/"}]}},"_links":{"self":[{"href":"https:\/\/news.canadamotorjobs.com\/fr\/wp-json\/wp\/v2\/posts\/142223"}],"collection":[{"href":"https:\/\/news.canadamotorjobs.com\/fr\/wp-json\/wp\/v2\/posts"}],"about":[{"href":"https:\/\/news.canadamotorjobs.com\/fr\/wp-json\/wp\/v2\/types\/post"}],"author":[{"embeddable":true,"href":"https:\/\/news.canadamotorjobs.com\/fr\/wp-json\/wp\/v2\/users\/8"}],"replies":[{"embeddable":true,"href":"https:\/\/news.canadamotorjobs.com\/fr\/wp-json\/wp\/v2\/comments?post=142223"}],"version-history":[{"count":2,"href":"https:\/\/news.canadamotorjobs.com\/fr\/wp-json\/wp\/v2\/posts\/142223\/revisions"}],"predecessor-version":[{"id":142227,"href":"https:\/\/news.canadamotorjobs.com\/fr\/wp-json\/wp\/v2\/posts\/142223\/revisions\/142227"}],"wp:featuredmedia":[{"embeddable":true,"href":"https:\/\/news.canadamotorjobs.com\/fr\/wp-json\/wp\/v2\/media\/142225"}],"wp:attachment":[{"href":"https:\/\/news.canadamotorjobs.com\/fr\/wp-json\/wp\/v2\/media?parent=142223"}],"wp:term":[{"taxonomy":"category","embeddable":true,"href":"https:\/\/news.canadamotorjobs.com\/fr\/wp-json\/wp\/v2\/categories?post=142223"},{"taxonomy":"post_tag","embeddable":true,"href":"https:\/\/news.canadamotorjobs.com\/fr\/wp-json\/wp\/v2\/tags?post=142223"}],"curies":[{"name":"wp","href":"https:\/\/api.w.org\/{rel}","templated":true}]}}