{"id":142192,"date":"2023-03-25T09:49:34","date_gmt":"2023-03-25T13:49:34","guid":{"rendered":"https:\/\/news.canadamotorjobs.com\/?p=142192"},"modified":"2023-03-25T09:59:27","modified_gmt":"2023-03-25T13:59:27","slug":"dodge-a-presente-un-pick-up-intermediaire-et-un-durango-electrique-a-las-vegas","status":"publish","type":"post","link":"https:\/\/news.canadamotorjobs.com\/fr\/dodge-a-presente-un-pick-up-intermediaire-et-un-durango-electrique-a-las-vegas\/","title":{"rendered":"Dodge a pr\u00e9sent\u00e9 un pick-up interm\u00e9diaire et un Durango \u00e9lectrique \u00e0 Las Vegas"},"content":{"rendered":"<\/p>\n<ul><\/p>\n<li>Les deux concepts ont \u00e9t\u00e9 pr\u00e9sent\u00e9s lors de la conf\u00e9rence des concessionnaires de l&#8217;entreprise \u00e0 Las Vegas.<\/li>\n<p><\/p>\n<li>Selon l&#8217;un des participants, le pick-up de taille moyenne partagera son design avec le nouveau Ram REV.<\/li>\n<p><\/p>\n<li>Le Dodge Durango sera apparemment tr\u00e8s diff\u00e9rent du mod\u00e8le actuel.<\/li>\n<p>\n<\/ul>\n<p>\nLors d\u2019une r\u00e9cente conf\u00e9rence des concessionnaires \u00e0 Las Vegas, Stellantis aurait montr\u00e9 des concepts qui pr\u00e9figurent un futur pick-up Ram \u00e9lectrique de taille moyenne et la prochaine g\u00e9n\u00e9ration de Dodge Durango \u00e0 ceux \u00e0 des concessionnaires nord-am\u00e9ricains de la marque.<\/p>\n<h3>Une mise en march\u00e9 pour bient\u00f4t<\/h3>\n<p>\nL&#8217;arriv\u00e9e d&#8217;un camion de taille moyenne dans la gamme Ram est attendue depuis de nombreuses ann\u00e9es, car la marque n&#8217;a pas eu de camion plus petit \u00e0 offrir \u00e0 ses clients depuis que le Dakota a \u00e9t\u00e9 abandonn\u00e9 apr\u00e8s l&#8217;ann\u00e9e-mod\u00e8le 2011. Si les pick-up de taille moyenne n&#8217;avaient plus la cote \u00e0 l&#8217;\u00e9poque, ce n&#8217;est plus du tout le cas aujourd&#8217;hui, Ford et General Motors ayant r\u00e9int\u00e9gr\u00e9 le segment apr\u00e8s une br\u00e8ve interruption.<\/p>\n<h3>Un Durango tr\u00e8s diff\u00e9rent du mod\u00e8le actuel<\/h3>\n<p>\nL&#8217;autre concept pr\u00e9sent\u00e9 \u00e0 la conf\u00e9rence \u00e9tait un aper\u00e7u du prochain Dodge Durango, le plus grand VUS de la marque. Si le prochain Ram EV ressemblera \u00e0 son pr\u00e9d\u00e9cesseur, il semble que ce soit diff\u00e9rent pour le Durango qui ne ressemblera en rien au mod\u00e8le actuel. Outre la pr\u00e9sentation de ces deux concepts, le constructeur a \u00e9galement profit\u00e9 de l&#8217;occasion pour exposer sa strat\u00e9gie d&#8217;\u00e9lectrification \u00e0 ses concessionnaires et a parl\u00e9 de plus de 30 nouveaux produits \u00e9lectriques qui rejoindront les marques Chrysler, Jeep, Dodge, Ram et Fiat au cours de la d\u00e9cennie.<\/p>\n<p>\u00a0<\/p>\n<p>Stellantis n&#8217;a pas encore annonc\u00e9 de date de sortie officielle pour ces deux concepts, mais comme ils ont fait leur premi\u00e8re apparition semi-publique, ils pourraient \u00eatre d\u00e9voil\u00e9s assez rapidement.<\/p>\n<p>\u00a0<\/p>\n<p>Source : Carscoops<\/p>\n<p>\u00a0<\/p>\n<p>Le texte <a rel=\"nofollow\" href=\"https:\/\/annuelauto.ca\/dodge-a-presente-un-pick-up-intermediaire-et-un-durango-electrique-a-las-vegas\/\">Dodge a pr\u00e9sent\u00e9 un pick-up interm\u00e9diaire et un Durango \u00e9lectrique \u00e0 Las Vegas<\/a> provient de <a rel=\"nofollow\" href=\"https:\/\/annuelauto.ca\">L&#8217;annuel de l&#8217;automobile &#8211; Actualit\u00e9 automobile<\/a><\/p>\n<p><\/p>\n","protected":false},"excerpt":{"rendered":"<p>Les deux concepts ont \u00e9t\u00e9 pr\u00e9sent\u00e9s lors de la conf\u00e9rence des concessionnaires de l&#8217;entreprise \u00e0 Las Vegas. Selon l&#8217;un des participants, le pick-up de taille moyenne partagera son design avec le nouveau Ram REV. Le Dodge Durango sera apparemment tr\u00e8s diff\u00e9rent du mod\u00e8le actuel. Lors d\u2019une r\u00e9cente conf\u00e9rence des concessionnaires \u00e0 Las Vegas, Stellantis aurait [&hellip;]<\/p>\n","protected":false},"author":8,"featured_media":142194,"comment_status":"close","ping_status":"closed","sticky":false,"template":"","format":"standard","meta":{"_monsterinsights_skip_tracking":false,"_monsterinsights_sitenote_active":false,"_monsterinsights_sitenote_note":"","_monsterinsights_sitenote_category":0,"footnotes":""},"categories":[101],"tags":[],"yoast_head":"<!-- This site is optimized with the Yoast SEO plugin v23.2 - https:\/\/yoast.com\/wordpress\/plugins\/seo\/ -->\n<title>Dodge a pr\u00e9sent\u00e9 un pick-up interm\u00e9diaire et un Durango \u00e9lectrique \u00e0 Las Vegas - CanadaMotorJobs.com<\/title>\n<meta name=\"description\" content=\"Dodge a pr\u00e9sent\u00e9 un pick-up interm\u00e9diaire et un Durango \u00e9lectrique \u00e0 Las Vegas - Benoit Charette - Annuel automobile - CanadaMotorJobs.com.\" \/>\n<meta name=\"robots\" content=\"index, follow, max-snippet:-1, max-image-preview:large, max-video-preview:-1\" \/>\n<meta property=\"og:locale\" content=\"fr_CA\" \/>\n<meta property=\"og:type\" content=\"article\" \/>\n<meta property=\"og:title\" content=\"Dodge a pr\u00e9sent\u00e9 un pick-up interm\u00e9diaire et un Durango \u00e9lectrique \u00e0 Las Vegas - CanadaMotorJobs.com\" \/>\n<meta property=\"og:description\" content=\"Dodge a pr\u00e9sent\u00e9 un pick-up interm\u00e9diaire et un Durango \u00e9lectrique \u00e0 Las Vegas - Benoit Charette - Annuel automobile - CanadaMotorJobs.com.\" \/>\n<meta property=\"og:url\" content=\"https:\/\/news.canadamotorjobs.com\/fr\/dodge-a-presente-un-pick-up-intermediaire-et-un-durango-electrique-a-las-vegas\/\" \/>\n<meta property=\"og:site_name\" content=\"CanadaMotorJobs.com\" \/>\n<meta property=\"article:publisher\" content=\"https:\/\/www.facebook.com\/canadamotorjobs\/\" \/>\n<meta property=\"article:published_time\" content=\"2023-03-25T13:49:34+00:00\" \/>\n<meta property=\"article:modified_time\" content=\"2023-03-25T13:59:27+00:00\" \/>\n<meta property=\"og:image\" content=\"https:\/\/news.canadamotorjobs.com\/wp-content\/uploads\/2023\/03\/AAAAAA.jpg\" \/>\n\t<meta property=\"og:image:width\" content=\"2496\" \/>\n\t<meta property=\"og:image:height\" content=\"1040\" \/>\n\t<meta property=\"og:image:type\" content=\"image\/jpeg\" \/>\n<meta name=\"author\" content=\"Benoit Charette\" \/>\n<meta name=\"twitter:card\" content=\"summary_large_image\" \/>\n<meta name=\"twitter:creator\" content=\"@canadamotorjobs\" \/>\n<meta name=\"twitter:site\" content=\"@canadamotorjobs\" \/>\n<meta name=\"twitter:label1\" content=\"\u00c9crit par\" \/>\n\t<meta name=\"twitter:data1\" content=\"Benoit Charette\" \/>\n\t<meta name=\"twitter:label2\" content=\"Estimation du temps de lecture\" \/>\n\t<meta name=\"twitter:data2\" content=\"2 minutes\" \/>\n<!-- \/ Yoast SEO plugin. -->","yoast_head_json":{"title":"Dodge a pr\u00e9sent\u00e9 un pick-up interm\u00e9diaire et un Durango \u00e9lectrique \u00e0 Las Vegas - CanadaMotorJobs.com","description":"Dodge a pr\u00e9sent\u00e9 un pick-up interm\u00e9diaire et un Durango \u00e9lectrique \u00e0 Las Vegas - Benoit Charette - Annuel automobile - CanadaMotorJobs.com.","robots":{"index":"index","follow":"follow","max-snippet":"max-snippet:-1","max-image-preview":"max-image-preview:large","max-video-preview":"max-video-preview:-1"},"og_locale":"fr_CA","og_type":"article","og_title":"Dodge a pr\u00e9sent\u00e9 un pick-up interm\u00e9diaire et un Durango \u00e9lectrique \u00e0 Las Vegas - CanadaMotorJobs.com","og_description":"Dodge a pr\u00e9sent\u00e9 un pick-up interm\u00e9diaire et un Durango \u00e9lectrique \u00e0 Las Vegas - Benoit Charette - Annuel automobile - CanadaMotorJobs.com.","og_url":"https:\/\/news.canadamotorjobs.com\/fr\/dodge-a-presente-un-pick-up-intermediaire-et-un-durango-electrique-a-las-vegas\/","og_site_name":"CanadaMotorJobs.com","article_publisher":"https:\/\/www.facebook.com\/canadamotorjobs\/","article_published_time":"2023-03-25T13:49:34+00:00","article_modified_time":"2023-03-25T13:59:27+00:00","og_image":[{"width":2496,"height":1040,"url":"https:\/\/news.canadamotorjobs.com\/wp-content\/uploads\/2023\/03\/AAAAAA.jpg","type":"image\/jpeg"}],"author":"Benoit Charette","twitter_card":"summary_large_image","twitter_creator":"@canadamotorjobs","twitter_site":"@canadamotorjobs","twitter_misc":{"\u00c9crit par":"Benoit Charette","Estimation du temps de lecture":"2 minutes"},"schema":{"@context":"https:\/\/schema.org","@graph":[{"@type":"Article","@id":"https:\/\/news.canadamotorjobs.com\/fr\/dodge-a-presente-un-pick-up-intermediaire-et-un-durango-electrique-a-las-vegas\/#article","isPartOf":{"@id":"https:\/\/news.canadamotorjobs.com\/fr\/dodge-a-presente-un-pick-up-intermediaire-et-un-durango-electrique-a-las-vegas\/"},"author":{"name":"Benoit Charette","@id":"https:\/\/news.canadamotorjobs.com\/#\/schema\/person\/51793d1f87d44011d7bcc2ed99269a90"},"headline":"Dodge a pr\u00e9sent\u00e9 un pick-up interm\u00e9diaire et un Durango \u00e9lectrique \u00e0 Las Vegas","datePublished":"2023-03-25T13:49:34+00:00","dateModified":"2023-03-25T13:59:27+00:00","mainEntityOfPage":{"@id":"https:\/\/news.canadamotorjobs.com\/fr\/dodge-a-presente-un-pick-up-intermediaire-et-un-durango-electrique-a-las-vegas\/"},"wordCount":375,"publisher":{"@id":"https:\/\/news.canadamotorjobs.com\/#organization"},"image":{"@id":"https:\/\/news.canadamotorjobs.com\/fr\/dodge-a-presente-un-pick-up-intermediaire-et-un-durango-electrique-a-las-vegas\/#primaryimage"},"thumbnailUrl":"https:\/\/news.canadamotorjobs.com\/wp-content\/uploads\/2023\/03\/AAAAAA.jpg","articleSection":["Annuel automobile"],"inLanguage":"fr-CA"},{"@type":"WebPage","@id":"https:\/\/news.canadamotorjobs.com\/fr\/dodge-a-presente-un-pick-up-intermediaire-et-un-durango-electrique-a-las-vegas\/","url":"https:\/\/news.canadamotorjobs.com\/fr\/dodge-a-presente-un-pick-up-intermediaire-et-un-durango-electrique-a-las-vegas\/","name":"Dodge a pr\u00e9sent\u00e9 un pick-up interm\u00e9diaire et un Durango \u00e9lectrique \u00e0 Las Vegas - CanadaMotorJobs.com","isPartOf":{"@id":"https:\/\/news.canadamotorjobs.com\/#website"},"primaryImageOfPage":{"@id":"https:\/\/news.canadamotorjobs.com\/fr\/dodge-a-presente-un-pick-up-intermediaire-et-un-durango-electrique-a-las-vegas\/#primaryimage"},"image":{"@id":"https:\/\/news.canadamotorjobs.com\/fr\/dodge-a-presente-un-pick-up-intermediaire-et-un-durango-electrique-a-las-vegas\/#primaryimage"},"thumbnailUrl":"https:\/\/news.canadamotorjobs.com\/wp-content\/uploads\/2023\/03\/AAAAAA.jpg","datePublished":"2023-03-25T13:49:34+00:00","dateModified":"2023-03-25T13:59:27+00:00","description":"Dodge a pr\u00e9sent\u00e9 un pick-up interm\u00e9diaire et un Durango \u00e9lectrique \u00e0 Las Vegas - Benoit Charette - Annuel automobile - CanadaMotorJobs.com.","breadcrumb":{"@id":"https:\/\/news.canadamotorjobs.com\/fr\/dodge-a-presente-un-pick-up-intermediaire-et-un-durango-electrique-a-las-vegas\/#breadcrumb"},"inLanguage":"fr-CA","potentialAction":[{"@type":"ReadAction","target":["https:\/\/news.canadamotorjobs.com\/fr\/dodge-a-presente-un-pick-up-intermediaire-et-un-durango-electrique-a-las-vegas\/"]}]},{"@type":"ImageObject","inLanguage":"fr-CA","@id":"https:\/\/news.canadamotorjobs.com\/fr\/dodge-a-presente-un-pick-up-intermediaire-et-un-durango-electrique-a-las-vegas\/#primaryimage","url":"https:\/\/news.canadamotorjobs.com\/wp-content\/uploads\/2023\/03\/AAAAAA.jpg","contentUrl":"https:\/\/news.canadamotorjobs.com\/wp-content\/uploads\/2023\/03\/AAAAAA.jpg","width":2496,"height":1040},{"@type":"BreadcrumbList","@id":"https:\/\/news.canadamotorjobs.com\/fr\/dodge-a-presente-un-pick-up-intermediaire-et-un-durango-electrique-a-las-vegas\/#breadcrumb","itemListElement":[{"@type":"ListItem","position":1,"name":"Home","item":"https:\/\/news.canadamotorjobs.com\/fr\/blog\/"},{"@type":"ListItem","position":2,"name":"Dodge a pr\u00e9sent\u00e9 un pick-up interm\u00e9diaire et un Durango \u00e9lectrique \u00e0 Las Vegas"}]},{"@type":"WebSite","@id":"https:\/\/news.canadamotorjobs.com\/#website","url":"https:\/\/news.canadamotorjobs.com\/","name":"CanadaMotorJobs.com","description":"Automotive Jobs","publisher":{"@id":"https:\/\/news.canadamotorjobs.com\/#organization"},"potentialAction":[{"@type":"SearchAction","target":{"@type":"EntryPoint","urlTemplate":"https:\/\/news.canadamotorjobs.com\/?s={search_term_string}"},"query-input":"required name=search_term_string"}],"inLanguage":"fr-CA"},{"@type":"Organization","@id":"https:\/\/news.canadamotorjobs.com\/#organization","name":"Canada Motor Jobs","url":"https:\/\/news.canadamotorjobs.com\/","logo":{"@type":"ImageObject","inLanguage":"fr-CA","@id":"https:\/\/news.canadamotorjobs.com\/#\/schema\/logo\/image\/","url":"https:\/\/news.canadamotorjobs.com\/wp-content\/uploads\/2022\/10\/logo-canada-motor-jobs-1.png","contentUrl":"https:\/\/news.canadamotorjobs.com\/wp-content\/uploads\/2022\/10\/logo-canada-motor-jobs-1.png","width":800,"height":400,"caption":"Canada Motor Jobs"},"image":{"@id":"https:\/\/news.canadamotorjobs.com\/#\/schema\/logo\/image\/"},"sameAs":["https:\/\/www.facebook.com\/canadamotorjobs\/","https:\/\/x.com\/canadamotorjobs","https:\/\/www.instagram.com\/canadamotorjobs\/","https:\/\/www.linkedin.com\/company\/canadamotorjobs"]},{"@type":"Person","@id":"https:\/\/news.canadamotorjobs.com\/#\/schema\/person\/51793d1f87d44011d7bcc2ed99269a90","name":"Benoit Charette","image":{"@type":"ImageObject","inLanguage":"fr-CA","@id":"https:\/\/news.canadamotorjobs.com\/#\/schema\/person\/image\/","url":"https:\/\/secure.gravatar.com\/avatar\/45f3d2eebcccd909668d7ce7ea7267b6?s=96&d=mm&r=g","contentUrl":"https:\/\/secure.gravatar.com\/avatar\/45f3d2eebcccd909668d7ce7ea7267b6?s=96&d=mm&r=g","caption":"Benoit Charette"},"description":"Benoit Charette \/ Propri\u00e9taire et r\u00e9dacteur en chef Benoit Charette pratique le journalisme automobile depuis bient\u00f4t 30 ans. Il a fait ses classes au c\u00f4t\u00e9 de Daniel H\u00e9raud et au Carnet de route de 1992 \u00e0 2001. Il est fondateur, copropri\u00e9taire et r\u00e9dacteur en chef de L\u2019Annuel de l\u2019automobile, qu\u2019il publie depuis 2001. Il a anim\u00e9 les \u00e9missions RPM et RPM+ sur V et les L\u00e9gendes de la route sur Historia. \u00c0 la radio depuis 1986, il reprend l\u2019antenne cette ann\u00e9e sur les ondes de Cogeco et participe pour la deuxi\u00e8me ann\u00e9e \u00e0 l\u2019\u00e9mission Passion Auto sur RDS en plus de mettre en ligne le site Web officiel de L\u2019Annuel de l\u2019automobile sur annuelauto.ca.","sameAs":["https:\/\/annuelauto.ca\/"],"url":"https:\/\/news.canadamotorjobs.com\/fr\/author\/benoit-charette\/"}]}},"_links":{"self":[{"href":"https:\/\/news.canadamotorjobs.com\/fr\/wp-json\/wp\/v2\/posts\/142192"}],"collection":[{"href":"https:\/\/news.canadamotorjobs.com\/fr\/wp-json\/wp\/v2\/posts"}],"about":[{"href":"https:\/\/news.canadamotorjobs.com\/fr\/wp-json\/wp\/v2\/types\/post"}],"author":[{"embeddable":true,"href":"https:\/\/news.canadamotorjobs.com\/fr\/wp-json\/wp\/v2\/users\/8"}],"replies":[{"embeddable":true,"href":"https:\/\/news.canadamotorjobs.com\/fr\/wp-json\/wp\/v2\/comments?post=142192"}],"version-history":[{"count":2,"href":"https:\/\/news.canadamotorjobs.com\/fr\/wp-json\/wp\/v2\/posts\/142192\/revisions"}],"predecessor-version":[{"id":142196,"href":"https:\/\/news.canadamotorjobs.com\/fr\/wp-json\/wp\/v2\/posts\/142192\/revisions\/142196"}],"wp:featuredmedia":[{"embeddable":true,"href":"https:\/\/news.canadamotorjobs.com\/fr\/wp-json\/wp\/v2\/media\/142194"}],"wp:attachment":[{"href":"https:\/\/news.canadamotorjobs.com\/fr\/wp-json\/wp\/v2\/media?parent=142192"}],"wp:term":[{"taxonomy":"category","embeddable":true,"href":"https:\/\/news.canadamotorjobs.com\/fr\/wp-json\/wp\/v2\/categories?post=142192"},{"taxonomy":"post_tag","embeddable":true,"href":"https:\/\/news.canadamotorjobs.com\/fr\/wp-json\/wp\/v2\/tags?post=142192"}],"curies":[{"name":"wp","href":"https:\/\/api.w.org\/{rel}","templated":true}]}}