{"id":142169,"date":"2023-03-25T08:50:48","date_gmt":"2023-03-25T12:50:48","guid":{"rendered":"https:\/\/news.canadamotorjobs.com\/?p=142169"},"modified":"2023-03-25T09:04:47","modified_gmt":"2023-03-25T13:04:47","slug":"lallemagne-pourra-vendre-des-voitures-a-combustion-apres-2035","status":"publish","type":"post","link":"https:\/\/news.canadamotorjobs.com\/fr\/lallemagne-pourra-vendre-des-voitures-a-combustion-apres-2035\/","title":{"rendered":"L\u2019Allemagne pourra vendre des voitures \u00e0 combustion apr\u00e8s 2035"},"content":{"rendered":"<\/p>\n<p>L&#8217;Union europ\u00e9enne et l&#8217;Allemagne sont parvenues \u00e0 un accord sur l&#8217;utilisation future des moteurs \u00e0 combustion. L&#8217;accord autorisera l&#8217;utilisation de certains moteurs \u00e0 combustion au-del\u00e0 de 2035. L\u2019Allemagne voulait obtenir des assurances de l\u2019Union europ\u00e9enne sur l\u2019utilisation des biocarburants.<\/p>\n<h3>Le carburant synth\u00e9tique sera accept\u00e9 apr\u00e8s 2035<\/h3>\n<p>\nLe ministre allemand des Transports, Volker Wissing, a d\u00e9clar\u00e9 que &#8220;la voie est libre&#8221; gr\u00e2ce \u00e0 l&#8217;accord conclu vendredi en fin de journ\u00e9e. &#8220;Les v\u00e9hicules \u00e0 moteur \u00e0 combustion interne pourront toujours \u00eatre immatricul\u00e9s apr\u00e8s 2035 s&#8217;ils font le plein exclusivement avec des carburants neutres en CO2&#8221;, a-t-il d\u00e9clar\u00e9 dans un message sur Twitter. Cet accord a \u00e9t\u00e9 rapidement condamn\u00e9 par Greenpeace.<\/p>\n<h3>Un bras de fer serr\u00e9<\/h3>\n<p>\nL&#8217;Union europ\u00e9enne et sa plus grande \u00e9conomie que repr\u00e9sente l\u2019Allemagne \u00e9taient en d\u00e9saccord sur l&#8217;\u00e9limination progressive des voitures \u00e9mettant du CO2 pr\u00e9vues pour 2035, mais les dirigeants ont indiqu\u00e9 ces derniers jours qu&#8217;ils \u00e9taient proches d&#8217;une solution.<br \/>\nL&#8217;Allemagne souhaitait obtenir l&#8217;assurance que les nouvelles voitures \u00e0 moteur \u00e0 combustion pourraient \u00eatre vendues au-del\u00e0 de la date butoir si elles fonctionnaient avec des carburants synth\u00e9tiques qui n\u2019\u00e9mettaient pas ou peu de GES, une demande soutenue par une partie de la puissante industrie automobile allemande.<\/p>\n<h3>Un vote aura lieu lundi<\/h3>\n<p>\nLa Su\u00e8de, qui assure la pr\u00e9sidence tournante de l&#8217;Union europ\u00e9enne, a d\u00e9clar\u00e9 que les diplomates europ\u00e9ens voteraient lundi pour approuver officiellement la loi sur l&#8217;\u00e9limination progressive des \u00e9missions de gaz \u00e0 effet de serre apr\u00e8s 2035. Cela signifierait que les ministres de l&#8217;\u00c9nergie pourraient alors donner \u00e0 la loi l&#8217;approbation finale n\u00e9cessaire pour qu&#8217;elle entre en vigueur mardi, lors d&#8217;une r\u00e9union pr\u00e9vue \u00e0 Bruxelles.<\/p>\n<p>Avec des renseignements de Reuters (https:\/\/www.reuters.com\/business\/energy\/germany-reaches-deal-with-eu-future-use-combustion-engines-2023-03-25\/)<\/p>\n<p>Le texte <a rel=\"nofollow\" href=\"https:\/\/annuelauto.ca\/lallemagne-conclut-un-accord-avec-lunion-europeenne-sur-lutilisation-future-des-moteurs-a-combustion\/\">L\u2019Allemagne pourra vendre des voitures \u00e0 combustion apr\u00e8s 2035<\/a> provient de <a rel=\"nofollow\" href=\"https:\/\/annuelauto.ca\">L&#8217;annuel de l&#8217;automobile &#8211; Actualit\u00e9 automobile<\/a><\/p>\n<p><\/p>\n","protected":false},"excerpt":{"rendered":"<p>L&#8217;Union europ\u00e9enne et l&#8217;Allemagne sont parvenues \u00e0 un accord sur l&#8217;utilisation future des moteurs \u00e0 combustion. L&#8217;accord autorisera l&#8217;utilisation de certains moteurs \u00e0 combustion au-del\u00e0 de 2035. L\u2019Allemagne voulait obtenir des assurances de l\u2019Union europ\u00e9enne sur l\u2019utilisation des biocarburants. Le carburant synth\u00e9tique sera accept\u00e9 apr\u00e8s 2035 Le ministre allemand des Transports, Volker Wissing, a d\u00e9clar\u00e9 [&hellip;]<\/p>\n","protected":false},"author":8,"featured_media":142171,"comment_status":"close","ping_status":"closed","sticky":false,"template":"","format":"standard","meta":{"_monsterinsights_skip_tracking":false,"_monsterinsights_sitenote_active":false,"_monsterinsights_sitenote_note":"","_monsterinsights_sitenote_category":0,"footnotes":""},"categories":[101],"tags":[],"yoast_head":"<!-- This site is optimized with the Yoast SEO plugin v23.2 - https:\/\/yoast.com\/wordpress\/plugins\/seo\/ -->\n<title>L\u2019Allemagne pourra vendre des voitures \u00e0 combustion apr\u00e8s 2035 - CanadaMotorJobs.com<\/title>\n<meta name=\"description\" content=\"L\u2019Allemagne pourra vendre des voitures \u00e0 combustion apr\u00e8s 2035 - Benoit Charette - Annuel automobile - CanadaMotorJobs.com.\" \/>\n<meta name=\"robots\" content=\"index, follow, max-snippet:-1, max-image-preview:large, max-video-preview:-1\" \/>\n<meta property=\"og:locale\" content=\"fr_CA\" \/>\n<meta property=\"og:type\" content=\"article\" \/>\n<meta property=\"og:title\" content=\"L\u2019Allemagne pourra vendre des voitures \u00e0 combustion apr\u00e8s 2035 - CanadaMotorJobs.com\" \/>\n<meta property=\"og:description\" content=\"L\u2019Allemagne pourra vendre des voitures \u00e0 combustion apr\u00e8s 2035 - Benoit Charette - Annuel automobile - CanadaMotorJobs.com.\" \/>\n<meta property=\"og:url\" content=\"https:\/\/news.canadamotorjobs.com\/fr\/lallemagne-pourra-vendre-des-voitures-a-combustion-apres-2035\/\" \/>\n<meta property=\"og:site_name\" content=\"CanadaMotorJobs.com\" \/>\n<meta property=\"article:publisher\" content=\"https:\/\/www.facebook.com\/canadamotorjobs\/\" \/>\n<meta property=\"article:published_time\" content=\"2023-03-25T12:50:48+00:00\" \/>\n<meta property=\"article:modified_time\" content=\"2023-03-25T13:04:47+00:00\" \/>\n<meta property=\"og:image\" content=\"https:\/\/news.canadamotorjobs.com\/wp-content\/uploads\/2023\/03\/A175102_full.jpg\" \/>\n\t<meta property=\"og:image:width\" content=\"1160\" \/>\n\t<meta property=\"og:image:height\" content=\"773\" \/>\n\t<meta property=\"og:image:type\" content=\"image\/jpeg\" \/>\n<meta name=\"author\" content=\"Benoit Charette\" \/>\n<meta name=\"twitter:card\" content=\"summary_large_image\" \/>\n<meta name=\"twitter:creator\" content=\"@canadamotorjobs\" \/>\n<meta name=\"twitter:site\" content=\"@canadamotorjobs\" \/>\n<meta name=\"twitter:label1\" content=\"\u00c9crit par\" \/>\n\t<meta name=\"twitter:data1\" content=\"Benoit Charette\" \/>\n\t<meta name=\"twitter:label2\" content=\"Estimation du temps de lecture\" \/>\n\t<meta name=\"twitter:data2\" content=\"2 minutes\" \/>\n<!-- \/ Yoast SEO plugin. -->","yoast_head_json":{"title":"L\u2019Allemagne pourra vendre des voitures \u00e0 combustion apr\u00e8s 2035 - CanadaMotorJobs.com","description":"L\u2019Allemagne pourra vendre des voitures \u00e0 combustion apr\u00e8s 2035 - Benoit Charette - Annuel automobile - CanadaMotorJobs.com.","robots":{"index":"index","follow":"follow","max-snippet":"max-snippet:-1","max-image-preview":"max-image-preview:large","max-video-preview":"max-video-preview:-1"},"og_locale":"fr_CA","og_type":"article","og_title":"L\u2019Allemagne pourra vendre des voitures \u00e0 combustion apr\u00e8s 2035 - CanadaMotorJobs.com","og_description":"L\u2019Allemagne pourra vendre des voitures \u00e0 combustion apr\u00e8s 2035 - Benoit Charette - Annuel automobile - CanadaMotorJobs.com.","og_url":"https:\/\/news.canadamotorjobs.com\/fr\/lallemagne-pourra-vendre-des-voitures-a-combustion-apres-2035\/","og_site_name":"CanadaMotorJobs.com","article_publisher":"https:\/\/www.facebook.com\/canadamotorjobs\/","article_published_time":"2023-03-25T12:50:48+00:00","article_modified_time":"2023-03-25T13:04:47+00:00","og_image":[{"width":1160,"height":773,"url":"https:\/\/news.canadamotorjobs.com\/wp-content\/uploads\/2023\/03\/A175102_full.jpg","type":"image\/jpeg"}],"author":"Benoit Charette","twitter_card":"summary_large_image","twitter_creator":"@canadamotorjobs","twitter_site":"@canadamotorjobs","twitter_misc":{"\u00c9crit par":"Benoit Charette","Estimation du temps de lecture":"2 minutes"},"schema":{"@context":"https:\/\/schema.org","@graph":[{"@type":"Article","@id":"https:\/\/news.canadamotorjobs.com\/fr\/lallemagne-pourra-vendre-des-voitures-a-combustion-apres-2035\/#article","isPartOf":{"@id":"https:\/\/news.canadamotorjobs.com\/fr\/lallemagne-pourra-vendre-des-voitures-a-combustion-apres-2035\/"},"author":{"name":"Benoit Charette","@id":"https:\/\/news.canadamotorjobs.com\/#\/schema\/person\/51793d1f87d44011d7bcc2ed99269a90"},"headline":"L\u2019Allemagne pourra vendre des voitures \u00e0 combustion apr\u00e8s 2035","datePublished":"2023-03-25T12:50:48+00:00","dateModified":"2023-03-25T13:04:47+00:00","mainEntityOfPage":{"@id":"https:\/\/news.canadamotorjobs.com\/fr\/lallemagne-pourra-vendre-des-voitures-a-combustion-apres-2035\/"},"wordCount":342,"publisher":{"@id":"https:\/\/news.canadamotorjobs.com\/#organization"},"image":{"@id":"https:\/\/news.canadamotorjobs.com\/fr\/lallemagne-pourra-vendre-des-voitures-a-combustion-apres-2035\/#primaryimage"},"thumbnailUrl":"https:\/\/news.canadamotorjobs.com\/wp-content\/uploads\/2023\/03\/A175102_full.jpg","articleSection":["Annuel automobile"],"inLanguage":"fr-CA"},{"@type":"WebPage","@id":"https:\/\/news.canadamotorjobs.com\/fr\/lallemagne-pourra-vendre-des-voitures-a-combustion-apres-2035\/","url":"https:\/\/news.canadamotorjobs.com\/fr\/lallemagne-pourra-vendre-des-voitures-a-combustion-apres-2035\/","name":"L\u2019Allemagne pourra vendre des voitures \u00e0 combustion apr\u00e8s 2035 - CanadaMotorJobs.com","isPartOf":{"@id":"https:\/\/news.canadamotorjobs.com\/#website"},"primaryImageOfPage":{"@id":"https:\/\/news.canadamotorjobs.com\/fr\/lallemagne-pourra-vendre-des-voitures-a-combustion-apres-2035\/#primaryimage"},"image":{"@id":"https:\/\/news.canadamotorjobs.com\/fr\/lallemagne-pourra-vendre-des-voitures-a-combustion-apres-2035\/#primaryimage"},"thumbnailUrl":"https:\/\/news.canadamotorjobs.com\/wp-content\/uploads\/2023\/03\/A175102_full.jpg","datePublished":"2023-03-25T12:50:48+00:00","dateModified":"2023-03-25T13:04:47+00:00","description":"L\u2019Allemagne pourra vendre des voitures \u00e0 combustion apr\u00e8s 2035 - Benoit Charette - Annuel automobile - CanadaMotorJobs.com.","breadcrumb":{"@id":"https:\/\/news.canadamotorjobs.com\/fr\/lallemagne-pourra-vendre-des-voitures-a-combustion-apres-2035\/#breadcrumb"},"inLanguage":"fr-CA","potentialAction":[{"@type":"ReadAction","target":["https:\/\/news.canadamotorjobs.com\/fr\/lallemagne-pourra-vendre-des-voitures-a-combustion-apres-2035\/"]}]},{"@type":"ImageObject","inLanguage":"fr-CA","@id":"https:\/\/news.canadamotorjobs.com\/fr\/lallemagne-pourra-vendre-des-voitures-a-combustion-apres-2035\/#primaryimage","url":"https:\/\/news.canadamotorjobs.com\/wp-content\/uploads\/2023\/03\/A175102_full.jpg","contentUrl":"https:\/\/news.canadamotorjobs.com\/wp-content\/uploads\/2023\/03\/A175102_full.jpg","width":1160,"height":773},{"@type":"BreadcrumbList","@id":"https:\/\/news.canadamotorjobs.com\/fr\/lallemagne-pourra-vendre-des-voitures-a-combustion-apres-2035\/#breadcrumb","itemListElement":[{"@type":"ListItem","position":1,"name":"Home","item":"https:\/\/news.canadamotorjobs.com\/fr\/blog\/"},{"@type":"ListItem","position":2,"name":"L\u2019Allemagne pourra vendre des voitures \u00e0 combustion apr\u00e8s 2035"}]},{"@type":"WebSite","@id":"https:\/\/news.canadamotorjobs.com\/#website","url":"https:\/\/news.canadamotorjobs.com\/","name":"CanadaMotorJobs.com","description":"Automotive Jobs","publisher":{"@id":"https:\/\/news.canadamotorjobs.com\/#organization"},"potentialAction":[{"@type":"SearchAction","target":{"@type":"EntryPoint","urlTemplate":"https:\/\/news.canadamotorjobs.com\/?s={search_term_string}"},"query-input":"required name=search_term_string"}],"inLanguage":"fr-CA"},{"@type":"Organization","@id":"https:\/\/news.canadamotorjobs.com\/#organization","name":"Canada Motor Jobs","url":"https:\/\/news.canadamotorjobs.com\/","logo":{"@type":"ImageObject","inLanguage":"fr-CA","@id":"https:\/\/news.canadamotorjobs.com\/#\/schema\/logo\/image\/","url":"https:\/\/news.canadamotorjobs.com\/wp-content\/uploads\/2022\/10\/logo-canada-motor-jobs-1.png","contentUrl":"https:\/\/news.canadamotorjobs.com\/wp-content\/uploads\/2022\/10\/logo-canada-motor-jobs-1.png","width":800,"height":400,"caption":"Canada Motor Jobs"},"image":{"@id":"https:\/\/news.canadamotorjobs.com\/#\/schema\/logo\/image\/"},"sameAs":["https:\/\/www.facebook.com\/canadamotorjobs\/","https:\/\/x.com\/canadamotorjobs","https:\/\/www.instagram.com\/canadamotorjobs\/","https:\/\/www.linkedin.com\/company\/canadamotorjobs"]},{"@type":"Person","@id":"https:\/\/news.canadamotorjobs.com\/#\/schema\/person\/51793d1f87d44011d7bcc2ed99269a90","name":"Benoit Charette","image":{"@type":"ImageObject","inLanguage":"fr-CA","@id":"https:\/\/news.canadamotorjobs.com\/#\/schema\/person\/image\/","url":"https:\/\/secure.gravatar.com\/avatar\/45f3d2eebcccd909668d7ce7ea7267b6?s=96&d=mm&r=g","contentUrl":"https:\/\/secure.gravatar.com\/avatar\/45f3d2eebcccd909668d7ce7ea7267b6?s=96&d=mm&r=g","caption":"Benoit Charette"},"description":"Benoit Charette \/ Propri\u00e9taire et r\u00e9dacteur en chef Benoit Charette pratique le journalisme automobile depuis bient\u00f4t 30 ans. Il a fait ses classes au c\u00f4t\u00e9 de Daniel H\u00e9raud et au Carnet de route de 1992 \u00e0 2001. Il est fondateur, copropri\u00e9taire et r\u00e9dacteur en chef de L\u2019Annuel de l\u2019automobile, qu\u2019il publie depuis 2001. Il a anim\u00e9 les \u00e9missions RPM et RPM+ sur V et les L\u00e9gendes de la route sur Historia. \u00c0 la radio depuis 1986, il reprend l\u2019antenne cette ann\u00e9e sur les ondes de Cogeco et participe pour la deuxi\u00e8me ann\u00e9e \u00e0 l\u2019\u00e9mission Passion Auto sur RDS en plus de mettre en ligne le site Web officiel de L\u2019Annuel de l\u2019automobile sur annuelauto.ca.","sameAs":["https:\/\/annuelauto.ca\/"],"url":"https:\/\/news.canadamotorjobs.com\/fr\/author\/benoit-charette\/"}]}},"_links":{"self":[{"href":"https:\/\/news.canadamotorjobs.com\/fr\/wp-json\/wp\/v2\/posts\/142169"}],"collection":[{"href":"https:\/\/news.canadamotorjobs.com\/fr\/wp-json\/wp\/v2\/posts"}],"about":[{"href":"https:\/\/news.canadamotorjobs.com\/fr\/wp-json\/wp\/v2\/types\/post"}],"author":[{"embeddable":true,"href":"https:\/\/news.canadamotorjobs.com\/fr\/wp-json\/wp\/v2\/users\/8"}],"replies":[{"embeddable":true,"href":"https:\/\/news.canadamotorjobs.com\/fr\/wp-json\/wp\/v2\/comments?post=142169"}],"version-history":[{"count":2,"href":"https:\/\/news.canadamotorjobs.com\/fr\/wp-json\/wp\/v2\/posts\/142169\/revisions"}],"predecessor-version":[{"id":142173,"href":"https:\/\/news.canadamotorjobs.com\/fr\/wp-json\/wp\/v2\/posts\/142169\/revisions\/142173"}],"wp:featuredmedia":[{"embeddable":true,"href":"https:\/\/news.canadamotorjobs.com\/fr\/wp-json\/wp\/v2\/media\/142171"}],"wp:attachment":[{"href":"https:\/\/news.canadamotorjobs.com\/fr\/wp-json\/wp\/v2\/media?parent=142169"}],"wp:term":[{"taxonomy":"category","embeddable":true,"href":"https:\/\/news.canadamotorjobs.com\/fr\/wp-json\/wp\/v2\/categories?post=142169"},{"taxonomy":"post_tag","embeddable":true,"href":"https:\/\/news.canadamotorjobs.com\/fr\/wp-json\/wp\/v2\/tags?post=142169"}],"curies":[{"name":"wp","href":"https:\/\/api.w.org\/{rel}","templated":true}]}}