{"id":142142,"date":"2023-03-24T09:58:48","date_gmt":"2023-03-24T13:58:48","guid":{"rendered":"https:\/\/news.canadamotorjobs.com\/?p=142142"},"modified":"2023-03-24T09:59:28","modified_gmt":"2023-03-24T13:59:28","slug":"au-tour-daudi-de-changer-le-nom-de-ses-modeles","status":"publish","type":"post","link":"https:\/\/news.canadamotorjobs.com\/fr\/au-tour-daudi-de-changer-le-nom-de-ses-modeles\/","title":{"rendered":"Au tour d\u2019Audi de changer le nom de ses mod\u00e8les"},"content":{"rendered":"<\/p>\n<p>Ceux qui doutent encore que les v\u00e9hicules \u00e9lectriques vont bient\u00f4t prendre le dessus dans le monde de l\u2019automobile devront se faire \u00e0 l\u2019id\u00e9e. Apr\u00e8s BMW qui a d\u00e9pos\u00e9 des brevets pour rien de moins que 43 nouveaux noms, c\u2019est maintenant au tour d\u2019Audi de proc\u00e9der \u00e0 la m\u00eame op\u00e9ration.<\/p>\n<h3>Le nom e-tron va demeurer<\/h3>\n<p>\nAu grand d\u00e9sespoir de bien des Qu\u00e9b\u00e9cois le nom e-tron est l\u00e0 pour rester. On fait aussi des efforts pour \u00e9tablir une distinction entre ses v\u00e9hicules enti\u00e8rement \u00e9lectriques et ses v\u00e9hicules \u00e0 combustion. La gamme actuelle de voitures Audi commence par A1 et va jusqu&#8217;\u00e0 A8. Les VUS commencent par Q et il y a enfin la voiture de sport Audi R8. \u00c0 l&#8217;heure actuelle, il y a peu de diff\u00e9rence entre les nombres pairs et impairs dans les VUS. En ce qui concerne les voitures, les num\u00e9ros pairs correspondent \u00e0 des mod\u00e8les plus traditionnels et les num\u00e9ros impairs \u00e0 des mod\u00e8les fastback ou sportback plus \u00e9l\u00e9gants<\/p>\n<h3>Les mod\u00e8les pairs seront \u00e9lectrique et impairs \u00e0 combustion<\/h3>\n<p>\nPour s\u2019y retrouver, des mod\u00e8les comme A4, Q4 seront \u00e9lectrique alors que les mod\u00e8les \u00e0 combustion auront un chiffre impair comme Q3 ou A7. Audi a d\u2019ailleurs subtilement d\u00e9but\u00e9 le processus avec le mod\u00e8le e-tron, le premier VUS \u00e9lectrique de la marque qui a \u00e9t\u00e9 rebaptis\u00e9e Q8 e-tron cette ann\u00e9e. C&#8217;\u00e9tait une bonne d\u00e9cision, car d\u00e8s son lancement, Audi a commenc\u00e9 \u00e0 utiliser le nom e-tron sur tous ses v\u00e9hicules \u00e9lectriques. Le Q4 e-tron EV a \u00e9galement \u00e9t\u00e9 rebaptis\u00e9, car il n&#8217;y avait pas de Q4 \u00e0 combustion. Il faudra attendre la venue des nouveaux mod\u00e8les pour la suite. Mais chaque v\u00e9hicule \u00e9lectrique portera un chiffre pair avec la nomenclature e-tron.<\/p>\n<p>Mercedes-Benz aurait l&#8217;intention d&#8217;abandonner sa structure de d\u00e9nomination EQ \u00e9lectrique d\u00e8s l&#8217;ann\u00e9e prochaine. Aucune nouvelle du badge i electric de BMW.<\/p>\n<p>Avec des renseignements de Motor Illustrated<\/p>\n<p>Le texte <a rel=\"nofollow\" href=\"https:\/\/annuelauto.ca\/au-tour-daudi-de-changer-le-nom-de-ses-modeles\/\">Au tour d\u2019Audi de changer le nom de ses mod\u00e8les<\/a> provient de <a rel=\"nofollow\" href=\"https:\/\/annuelauto.ca\">L&#8217;annuel de l&#8217;automobile &#8211; Actualit\u00e9 automobile<\/a><\/p>\n<p><\/p>\n","protected":false},"excerpt":{"rendered":"<p>Ceux qui doutent encore que les v\u00e9hicules \u00e9lectriques vont bient\u00f4t prendre le dessus dans le monde de l\u2019automobile devront se faire \u00e0 l\u2019id\u00e9e. Apr\u00e8s BMW qui a d\u00e9pos\u00e9 des brevets pour rien de moins que 43 nouveaux noms, c\u2019est maintenant au tour d\u2019Audi de proc\u00e9der \u00e0 la m\u00eame op\u00e9ration. Le nom e-tron va demeurer Au [&hellip;]<\/p>\n","protected":false},"author":8,"featured_media":142144,"comment_status":"close","ping_status":"closed","sticky":false,"template":"","format":"standard","meta":{"_monsterinsights_skip_tracking":false,"_monsterinsights_sitenote_active":false,"_monsterinsights_sitenote_note":"","_monsterinsights_sitenote_category":0,"footnotes":""},"categories":[101],"tags":[],"yoast_head":"<!-- This site is optimized with the Yoast SEO plugin v23.2 - https:\/\/yoast.com\/wordpress\/plugins\/seo\/ -->\n<title>Au tour d\u2019Audi de changer le nom de ses mod\u00e8les - CanadaMotorJobs.com<\/title>\n<meta name=\"description\" content=\"Au tour d\u2019Audi de changer le nom de ses mod\u00e8les - Benoit Charette - Annuel automobile - CanadaMotorJobs.com.\" \/>\n<meta name=\"robots\" content=\"index, follow, max-snippet:-1, max-image-preview:large, max-video-preview:-1\" \/>\n<meta property=\"og:locale\" content=\"fr_CA\" \/>\n<meta property=\"og:type\" content=\"article\" \/>\n<meta property=\"og:title\" content=\"Au tour d\u2019Audi de changer le nom de ses mod\u00e8les - CanadaMotorJobs.com\" \/>\n<meta property=\"og:description\" content=\"Au tour d\u2019Audi de changer le nom de ses mod\u00e8les - Benoit Charette - Annuel automobile - CanadaMotorJobs.com.\" \/>\n<meta property=\"og:url\" content=\"https:\/\/news.canadamotorjobs.com\/fr\/au-tour-daudi-de-changer-le-nom-de-ses-modeles\/\" \/>\n<meta property=\"og:site_name\" content=\"CanadaMotorJobs.com\" \/>\n<meta property=\"article:publisher\" content=\"https:\/\/www.facebook.com\/canadamotorjobs\/\" \/>\n<meta property=\"article:published_time\" content=\"2023-03-24T13:58:48+00:00\" \/>\n<meta property=\"article:modified_time\" content=\"2023-03-24T13:59:28+00:00\" \/>\n<meta property=\"og:image\" content=\"https:\/\/news.canadamotorjobs.com\/wp-content\/uploads\/2023\/03\/2022-audi-q4-e-tron-45-quattro-european-spec-5.jpg\" \/>\n\t<meta property=\"og:image:width\" content=\"1920\" \/>\n\t<meta property=\"og:image:height\" content=\"1080\" \/>\n\t<meta property=\"og:image:type\" content=\"image\/jpeg\" \/>\n<meta name=\"author\" content=\"Benoit Charette\" \/>\n<meta name=\"twitter:card\" content=\"summary_large_image\" \/>\n<meta name=\"twitter:creator\" content=\"@canadamotorjobs\" \/>\n<meta name=\"twitter:site\" content=\"@canadamotorjobs\" \/>\n<meta name=\"twitter:label1\" content=\"\u00c9crit par\" \/>\n\t<meta name=\"twitter:data1\" content=\"Benoit Charette\" \/>\n\t<meta name=\"twitter:label2\" content=\"Estimation du temps de lecture\" \/>\n\t<meta name=\"twitter:data2\" content=\"2 minutes\" \/>\n<!-- \/ Yoast SEO plugin. -->","yoast_head_json":{"title":"Au tour d\u2019Audi de changer le nom de ses mod\u00e8les - CanadaMotorJobs.com","description":"Au tour d\u2019Audi de changer le nom de ses mod\u00e8les - Benoit Charette - Annuel automobile - CanadaMotorJobs.com.","robots":{"index":"index","follow":"follow","max-snippet":"max-snippet:-1","max-image-preview":"max-image-preview:large","max-video-preview":"max-video-preview:-1"},"og_locale":"fr_CA","og_type":"article","og_title":"Au tour d\u2019Audi de changer le nom de ses mod\u00e8les - CanadaMotorJobs.com","og_description":"Au tour d\u2019Audi de changer le nom de ses mod\u00e8les - Benoit Charette - Annuel automobile - CanadaMotorJobs.com.","og_url":"https:\/\/news.canadamotorjobs.com\/fr\/au-tour-daudi-de-changer-le-nom-de-ses-modeles\/","og_site_name":"CanadaMotorJobs.com","article_publisher":"https:\/\/www.facebook.com\/canadamotorjobs\/","article_published_time":"2023-03-24T13:58:48+00:00","article_modified_time":"2023-03-24T13:59:28+00:00","og_image":[{"width":1920,"height":1080,"url":"https:\/\/news.canadamotorjobs.com\/wp-content\/uploads\/2023\/03\/2022-audi-q4-e-tron-45-quattro-european-spec-5.jpg","type":"image\/jpeg"}],"author":"Benoit Charette","twitter_card":"summary_large_image","twitter_creator":"@canadamotorjobs","twitter_site":"@canadamotorjobs","twitter_misc":{"\u00c9crit par":"Benoit Charette","Estimation du temps de lecture":"2 minutes"},"schema":{"@context":"https:\/\/schema.org","@graph":[{"@type":"Article","@id":"https:\/\/news.canadamotorjobs.com\/fr\/au-tour-daudi-de-changer-le-nom-de-ses-modeles\/#article","isPartOf":{"@id":"https:\/\/news.canadamotorjobs.com\/fr\/au-tour-daudi-de-changer-le-nom-de-ses-modeles\/"},"author":{"name":"Benoit Charette","@id":"https:\/\/news.canadamotorjobs.com\/#\/schema\/person\/51793d1f87d44011d7bcc2ed99269a90"},"headline":"Au tour d\u2019Audi de changer le nom de ses mod\u00e8les","datePublished":"2023-03-24T13:58:48+00:00","dateModified":"2023-03-24T13:59:28+00:00","mainEntityOfPage":{"@id":"https:\/\/news.canadamotorjobs.com\/fr\/au-tour-daudi-de-changer-le-nom-de-ses-modeles\/"},"wordCount":379,"publisher":{"@id":"https:\/\/news.canadamotorjobs.com\/#organization"},"image":{"@id":"https:\/\/news.canadamotorjobs.com\/fr\/au-tour-daudi-de-changer-le-nom-de-ses-modeles\/#primaryimage"},"thumbnailUrl":"https:\/\/news.canadamotorjobs.com\/wp-content\/uploads\/2023\/03\/2022-audi-q4-e-tron-45-quattro-european-spec-5.jpg","articleSection":["Annuel automobile"],"inLanguage":"fr-CA"},{"@type":"WebPage","@id":"https:\/\/news.canadamotorjobs.com\/fr\/au-tour-daudi-de-changer-le-nom-de-ses-modeles\/","url":"https:\/\/news.canadamotorjobs.com\/fr\/au-tour-daudi-de-changer-le-nom-de-ses-modeles\/","name":"Au tour d\u2019Audi de changer le nom de ses mod\u00e8les - CanadaMotorJobs.com","isPartOf":{"@id":"https:\/\/news.canadamotorjobs.com\/#website"},"primaryImageOfPage":{"@id":"https:\/\/news.canadamotorjobs.com\/fr\/au-tour-daudi-de-changer-le-nom-de-ses-modeles\/#primaryimage"},"image":{"@id":"https:\/\/news.canadamotorjobs.com\/fr\/au-tour-daudi-de-changer-le-nom-de-ses-modeles\/#primaryimage"},"thumbnailUrl":"https:\/\/news.canadamotorjobs.com\/wp-content\/uploads\/2023\/03\/2022-audi-q4-e-tron-45-quattro-european-spec-5.jpg","datePublished":"2023-03-24T13:58:48+00:00","dateModified":"2023-03-24T13:59:28+00:00","description":"Au tour d\u2019Audi de changer le nom de ses mod\u00e8les - Benoit Charette - Annuel automobile - CanadaMotorJobs.com.","breadcrumb":{"@id":"https:\/\/news.canadamotorjobs.com\/fr\/au-tour-daudi-de-changer-le-nom-de-ses-modeles\/#breadcrumb"},"inLanguage":"fr-CA","potentialAction":[{"@type":"ReadAction","target":["https:\/\/news.canadamotorjobs.com\/fr\/au-tour-daudi-de-changer-le-nom-de-ses-modeles\/"]}]},{"@type":"ImageObject","inLanguage":"fr-CA","@id":"https:\/\/news.canadamotorjobs.com\/fr\/au-tour-daudi-de-changer-le-nom-de-ses-modeles\/#primaryimage","url":"https:\/\/news.canadamotorjobs.com\/wp-content\/uploads\/2023\/03\/2022-audi-q4-e-tron-45-quattro-european-spec-5.jpg","contentUrl":"https:\/\/news.canadamotorjobs.com\/wp-content\/uploads\/2023\/03\/2022-audi-q4-e-tron-45-quattro-european-spec-5.jpg","width":1920,"height":1080},{"@type":"BreadcrumbList","@id":"https:\/\/news.canadamotorjobs.com\/fr\/au-tour-daudi-de-changer-le-nom-de-ses-modeles\/#breadcrumb","itemListElement":[{"@type":"ListItem","position":1,"name":"Home","item":"https:\/\/news.canadamotorjobs.com\/fr\/blog\/"},{"@type":"ListItem","position":2,"name":"Au tour d\u2019Audi de changer le nom de ses mod\u00e8les"}]},{"@type":"WebSite","@id":"https:\/\/news.canadamotorjobs.com\/#website","url":"https:\/\/news.canadamotorjobs.com\/","name":"CanadaMotorJobs.com","description":"Automotive Jobs","publisher":{"@id":"https:\/\/news.canadamotorjobs.com\/#organization"},"potentialAction":[{"@type":"SearchAction","target":{"@type":"EntryPoint","urlTemplate":"https:\/\/news.canadamotorjobs.com\/?s={search_term_string}"},"query-input":"required name=search_term_string"}],"inLanguage":"fr-CA"},{"@type":"Organization","@id":"https:\/\/news.canadamotorjobs.com\/#organization","name":"Canada Motor Jobs","url":"https:\/\/news.canadamotorjobs.com\/","logo":{"@type":"ImageObject","inLanguage":"fr-CA","@id":"https:\/\/news.canadamotorjobs.com\/#\/schema\/logo\/image\/","url":"https:\/\/news.canadamotorjobs.com\/wp-content\/uploads\/2022\/10\/logo-canada-motor-jobs-1.png","contentUrl":"https:\/\/news.canadamotorjobs.com\/wp-content\/uploads\/2022\/10\/logo-canada-motor-jobs-1.png","width":800,"height":400,"caption":"Canada Motor Jobs"},"image":{"@id":"https:\/\/news.canadamotorjobs.com\/#\/schema\/logo\/image\/"},"sameAs":["https:\/\/www.facebook.com\/canadamotorjobs\/","https:\/\/x.com\/canadamotorjobs","https:\/\/www.instagram.com\/canadamotorjobs\/","https:\/\/www.linkedin.com\/company\/canadamotorjobs"]},{"@type":"Person","@id":"https:\/\/news.canadamotorjobs.com\/#\/schema\/person\/51793d1f87d44011d7bcc2ed99269a90","name":"Benoit Charette","image":{"@type":"ImageObject","inLanguage":"fr-CA","@id":"https:\/\/news.canadamotorjobs.com\/#\/schema\/person\/image\/","url":"https:\/\/secure.gravatar.com\/avatar\/45f3d2eebcccd909668d7ce7ea7267b6?s=96&d=mm&r=g","contentUrl":"https:\/\/secure.gravatar.com\/avatar\/45f3d2eebcccd909668d7ce7ea7267b6?s=96&d=mm&r=g","caption":"Benoit Charette"},"description":"Benoit Charette \/ Propri\u00e9taire et r\u00e9dacteur en chef Benoit Charette pratique le journalisme automobile depuis bient\u00f4t 30 ans. Il a fait ses classes au c\u00f4t\u00e9 de Daniel H\u00e9raud et au Carnet de route de 1992 \u00e0 2001. Il est fondateur, copropri\u00e9taire et r\u00e9dacteur en chef de L\u2019Annuel de l\u2019automobile, qu\u2019il publie depuis 2001. Il a anim\u00e9 les \u00e9missions RPM et RPM+ sur V et les L\u00e9gendes de la route sur Historia. \u00c0 la radio depuis 1986, il reprend l\u2019antenne cette ann\u00e9e sur les ondes de Cogeco et participe pour la deuxi\u00e8me ann\u00e9e \u00e0 l\u2019\u00e9mission Passion Auto sur RDS en plus de mettre en ligne le site Web officiel de L\u2019Annuel de l\u2019automobile sur annuelauto.ca.","sameAs":["https:\/\/annuelauto.ca\/"],"url":"https:\/\/news.canadamotorjobs.com\/fr\/author\/benoit-charette\/"}]}},"_links":{"self":[{"href":"https:\/\/news.canadamotorjobs.com\/fr\/wp-json\/wp\/v2\/posts\/142142"}],"collection":[{"href":"https:\/\/news.canadamotorjobs.com\/fr\/wp-json\/wp\/v2\/posts"}],"about":[{"href":"https:\/\/news.canadamotorjobs.com\/fr\/wp-json\/wp\/v2\/types\/post"}],"author":[{"embeddable":true,"href":"https:\/\/news.canadamotorjobs.com\/fr\/wp-json\/wp\/v2\/users\/8"}],"replies":[{"embeddable":true,"href":"https:\/\/news.canadamotorjobs.com\/fr\/wp-json\/wp\/v2\/comments?post=142142"}],"version-history":[{"count":2,"href":"https:\/\/news.canadamotorjobs.com\/fr\/wp-json\/wp\/v2\/posts\/142142\/revisions"}],"predecessor-version":[{"id":142146,"href":"https:\/\/news.canadamotorjobs.com\/fr\/wp-json\/wp\/v2\/posts\/142142\/revisions\/142146"}],"wp:featuredmedia":[{"embeddable":true,"href":"https:\/\/news.canadamotorjobs.com\/fr\/wp-json\/wp\/v2\/media\/142144"}],"wp:attachment":[{"href":"https:\/\/news.canadamotorjobs.com\/fr\/wp-json\/wp\/v2\/media?parent=142142"}],"wp:term":[{"taxonomy":"category","embeddable":true,"href":"https:\/\/news.canadamotorjobs.com\/fr\/wp-json\/wp\/v2\/categories?post=142142"},{"taxonomy":"post_tag","embeddable":true,"href":"https:\/\/news.canadamotorjobs.com\/fr\/wp-json\/wp\/v2\/tags?post=142142"}],"curies":[{"name":"wp","href":"https:\/\/api.w.org\/{rel}","templated":true}]}}