{"id":142103,"date":"2023-03-23T14:43:11","date_gmt":"2023-03-23T18:43:11","guid":{"rendered":"https:\/\/news.canadamotorjobs.com\/?p=142103"},"modified":"2023-03-23T14:45:55","modified_gmt":"2023-03-23T18:45:55","slug":"hyundai-et-kia-rappellent-570-000-vehicules-pour-risque-dincendie","status":"publish","type":"post","link":"https:\/\/news.canadamotorjobs.com\/fr\/hyundai-et-kia-rappellent-570-000-vehicules-pour-risque-dincendie\/","title":{"rendered":"Hyundai et Kia rappellent 570 000 v\u00e9hicules pour risque d\u2019incendie"},"content":{"rendered":"<\/p>\n<ul><\/p>\n<li>Les deux marques demandent aux propri\u00e9taires de se garer \u00e0 l&#8217;ext\u00e9rieur<\/li>\n<p><\/p>\n<li>Le faisceau de remorquage serait susceptible de s&#8217;infiltrer dans l&#8217;eau.<\/li>\n<p><\/p>\n<li>Cette intrusion peut provoquer un court-circuit, ce qui augmente le risque d&#8217;incendie<\/li>\n<p><\/p>\n<li>Nous attendons de voir si le rappel passera du c\u00f4t\u00e9 canadien<\/li>\n<p>\n<\/ul>\n<p>\nHyundai et Kia rappellent plus de 570 000 v\u00e9hicules en raison d&#8217;un risque d&#8217;incendie et conseillent aux propri\u00e9taires de les garer \u00e0 l&#8217;ext\u00e9rieur jusqu&#8217;\u00e0 ce que les r\u00e9parations soient effectu\u00e9es. Le rappel est similaire \u00e0 celui d\u00e9j\u00e0 effectu\u00e9 sur d&#8217;autres v\u00e9hicules Kia l&#8217;ann\u00e9e derni\u00e8re et concerne le faisceau d&#8217;attelage de remorquage d\u2019origine.<\/p>\n<h3>Les v\u00e9hicules concern\u00e9s<\/h3>\n<p>\nLes v\u00e9hicules concern\u00e9s par le rappel sont les Hyundai Santa Fe 2019-2023, Hyundai Santa Fe Hybrid 2021-2023, Hyundai Santa Fe PHEV 2022-2023 et Hyundai Santa Cruz 2022. Le seul Kia concern\u00e9 est le monospace Carnival de 2022 et 2023, rapporte l\u2019Associated Press.<\/p>\n<h3>Quel est le probl\u00e8me<\/h3>\n<p>\nLe probl\u00e8me vient de la carte de circuit imprim\u00e9 du faisceau d&#8217;attelage \u00e9quipant certains v\u00e9hicules qui s&#8217;est av\u00e9r\u00e9e sensible \u00e0 l&#8217;intrusion d&#8217;eau via le connecteur \u00e0 4 broches du faisceau d&#8217;attelage. Cette intrusion peut provoquer un court-circuit, ce qui augmente le risque d&#8217;incendie. Hyundai pr\u00e9cise que le risque d&#8217;incendie est pr\u00e9sent que vous conduisiez le v\u00e9hicule ou qu&#8217;il soit gar\u00e9 avec le contact coup\u00e9.<\/p>\n<h3>La solution<\/h3>\n<p>\nLa solution consiste \u00e0 installer un nouvel ensemble de rallonge de c\u00e2ble &#8220;am\u00e9lior\u00e9&#8221; et &#8220;fabriqu\u00e9 avec un mat\u00e9riau imperm\u00e9able pour \u00e9viter les infiltrations d&#8217;eau&#8221;. En outre, le concessionnaire installera un nouveau fusible de 15 amp\u00e8res. En attendant la solution, Hyundai indique que les propri\u00e9taires peuvent amener leur v\u00e9hicule chez le concessionnaire pour faire retirer le fusible du module d&#8217;attelage afin d&#8217;\u00e9liminer le risque d&#8217;incendie imm\u00e9diat. Tous les v\u00e9hicules concern\u00e9s peuvent encore \u00eatre conduits en toute s\u00e9curit\u00e9, selon Hyundai, mais la recommandation de se garer \u00e0 l&#8217;ext\u00e9rieur et loin des structures reste en vigueur jusqu&#8217;\u00e0 ce que les travaux de rappel soient termin\u00e9s.<\/p>\n<p>\u00a0<\/p>\n<p>Avec des renseignements d\u2019Autoblog<\/p>\n<p>Le texte <a rel=\"nofollow\" href=\"https:\/\/annuelauto.ca\/hyundai-et-kia-rappellent-570-000-vehicules-pour-risque-dincendie\/\">Hyundai et Kia rappellent 570 000 v\u00e9hicules pour risque d\u2019incendie<\/a> provient de <a rel=\"nofollow\" href=\"https:\/\/annuelauto.ca\">L&#8217;annuel de l&#8217;automobile &#8211; Actualit\u00e9 automobile<\/a><\/p>\n<p><\/p>\n","protected":false},"excerpt":{"rendered":"<p>Les deux marques demandent aux propri\u00e9taires de se garer \u00e0 l&#8217;ext\u00e9rieur Le faisceau de remorquage serait susceptible de s&#8217;infiltrer dans l&#8217;eau. Cette intrusion peut provoquer un court-circuit, ce qui augmente le risque d&#8217;incendie Nous attendons de voir si le rappel passera du c\u00f4t\u00e9 canadien Hyundai et Kia rappellent plus de 570 000 v\u00e9hicules en raison [&hellip;]<\/p>\n","protected":false},"author":8,"featured_media":142105,"comment_status":"close","ping_status":"closed","sticky":false,"template":"","format":"standard","meta":{"_monsterinsights_skip_tracking":false,"_monsterinsights_sitenote_active":false,"_monsterinsights_sitenote_note":"","_monsterinsights_sitenote_category":0,"footnotes":""},"categories":[101],"tags":[],"yoast_head":"<!-- This site is optimized with the Yoast SEO plugin v23.2 - https:\/\/yoast.com\/wordpress\/plugins\/seo\/ -->\n<title>Hyundai et Kia rappellent 570 000 v\u00e9hicules pour risque d\u2019incendie - CanadaMotorJobs.com<\/title>\n<meta name=\"description\" content=\"Hyundai et Kia rappellent 570 000 v\u00e9hicules pour risque d\u2019incendie - Benoit Charette - Annuel automobile - CanadaMotorJobs.com.\" \/>\n<meta name=\"robots\" content=\"index, follow, max-snippet:-1, max-image-preview:large, max-video-preview:-1\" \/>\n<meta property=\"og:locale\" content=\"fr_CA\" \/>\n<meta property=\"og:type\" content=\"article\" \/>\n<meta property=\"og:title\" content=\"Hyundai et Kia rappellent 570 000 v\u00e9hicules pour risque d\u2019incendie - CanadaMotorJobs.com\" \/>\n<meta property=\"og:description\" content=\"Hyundai et Kia rappellent 570 000 v\u00e9hicules pour risque d\u2019incendie - Benoit Charette - Annuel automobile - CanadaMotorJobs.com.\" \/>\n<meta property=\"og:url\" content=\"https:\/\/news.canadamotorjobs.com\/fr\/hyundai-et-kia-rappellent-570-000-vehicules-pour-risque-dincendie\/\" \/>\n<meta property=\"og:site_name\" content=\"CanadaMotorJobs.com\" \/>\n<meta property=\"article:publisher\" content=\"https:\/\/www.facebook.com\/canadamotorjobs\/\" \/>\n<meta property=\"article:published_time\" content=\"2023-03-23T18:43:11+00:00\" \/>\n<meta property=\"article:modified_time\" content=\"2023-03-23T18:45:55+00:00\" \/>\n<meta property=\"og:image\" content=\"https:\/\/news.canadamotorjobs.com\/wp-content\/uploads\/2023\/03\/IMG_3848-1024x768-1.jpg\" \/>\n\t<meta property=\"og:image:width\" content=\"1024\" \/>\n\t<meta property=\"og:image:height\" content=\"768\" \/>\n\t<meta property=\"og:image:type\" content=\"image\/jpeg\" \/>\n<meta name=\"author\" content=\"Benoit Charette\" \/>\n<meta name=\"twitter:card\" content=\"summary_large_image\" \/>\n<meta name=\"twitter:creator\" content=\"@canadamotorjobs\" \/>\n<meta name=\"twitter:site\" content=\"@canadamotorjobs\" \/>\n<meta name=\"twitter:label1\" content=\"\u00c9crit par\" \/>\n\t<meta name=\"twitter:data1\" content=\"Benoit Charette\" \/>\n\t<meta name=\"twitter:label2\" content=\"Estimation du temps de lecture\" \/>\n\t<meta name=\"twitter:data2\" content=\"2 minutes\" \/>\n<!-- \/ Yoast SEO plugin. -->","yoast_head_json":{"title":"Hyundai et Kia rappellent 570 000 v\u00e9hicules pour risque d\u2019incendie - CanadaMotorJobs.com","description":"Hyundai et Kia rappellent 570 000 v\u00e9hicules pour risque d\u2019incendie - Benoit Charette - Annuel automobile - CanadaMotorJobs.com.","robots":{"index":"index","follow":"follow","max-snippet":"max-snippet:-1","max-image-preview":"max-image-preview:large","max-video-preview":"max-video-preview:-1"},"og_locale":"fr_CA","og_type":"article","og_title":"Hyundai et Kia rappellent 570 000 v\u00e9hicules pour risque d\u2019incendie - CanadaMotorJobs.com","og_description":"Hyundai et Kia rappellent 570 000 v\u00e9hicules pour risque d\u2019incendie - Benoit Charette - Annuel automobile - CanadaMotorJobs.com.","og_url":"https:\/\/news.canadamotorjobs.com\/fr\/hyundai-et-kia-rappellent-570-000-vehicules-pour-risque-dincendie\/","og_site_name":"CanadaMotorJobs.com","article_publisher":"https:\/\/www.facebook.com\/canadamotorjobs\/","article_published_time":"2023-03-23T18:43:11+00:00","article_modified_time":"2023-03-23T18:45:55+00:00","og_image":[{"width":1024,"height":768,"url":"https:\/\/news.canadamotorjobs.com\/wp-content\/uploads\/2023\/03\/IMG_3848-1024x768-1.jpg","type":"image\/jpeg"}],"author":"Benoit Charette","twitter_card":"summary_large_image","twitter_creator":"@canadamotorjobs","twitter_site":"@canadamotorjobs","twitter_misc":{"\u00c9crit par":"Benoit Charette","Estimation du temps de lecture":"2 minutes"},"schema":{"@context":"https:\/\/schema.org","@graph":[{"@type":"Article","@id":"https:\/\/news.canadamotorjobs.com\/fr\/hyundai-et-kia-rappellent-570-000-vehicules-pour-risque-dincendie\/#article","isPartOf":{"@id":"https:\/\/news.canadamotorjobs.com\/fr\/hyundai-et-kia-rappellent-570-000-vehicules-pour-risque-dincendie\/"},"author":{"name":"Benoit Charette","@id":"https:\/\/news.canadamotorjobs.com\/#\/schema\/person\/51793d1f87d44011d7bcc2ed99269a90"},"headline":"Hyundai et Kia rappellent 570 000 v\u00e9hicules pour risque d\u2019incendie","datePublished":"2023-03-23T18:43:11+00:00","dateModified":"2023-03-23T18:45:55+00:00","mainEntityOfPage":{"@id":"https:\/\/news.canadamotorjobs.com\/fr\/hyundai-et-kia-rappellent-570-000-vehicules-pour-risque-dincendie\/"},"wordCount":397,"publisher":{"@id":"https:\/\/news.canadamotorjobs.com\/#organization"},"image":{"@id":"https:\/\/news.canadamotorjobs.com\/fr\/hyundai-et-kia-rappellent-570-000-vehicules-pour-risque-dincendie\/#primaryimage"},"thumbnailUrl":"https:\/\/news.canadamotorjobs.com\/wp-content\/uploads\/2023\/03\/IMG_3848-1024x768-1.jpg","articleSection":["Annuel automobile"],"inLanguage":"fr-CA"},{"@type":"WebPage","@id":"https:\/\/news.canadamotorjobs.com\/fr\/hyundai-et-kia-rappellent-570-000-vehicules-pour-risque-dincendie\/","url":"https:\/\/news.canadamotorjobs.com\/fr\/hyundai-et-kia-rappellent-570-000-vehicules-pour-risque-dincendie\/","name":"Hyundai et Kia rappellent 570 000 v\u00e9hicules pour risque d\u2019incendie - CanadaMotorJobs.com","isPartOf":{"@id":"https:\/\/news.canadamotorjobs.com\/#website"},"primaryImageOfPage":{"@id":"https:\/\/news.canadamotorjobs.com\/fr\/hyundai-et-kia-rappellent-570-000-vehicules-pour-risque-dincendie\/#primaryimage"},"image":{"@id":"https:\/\/news.canadamotorjobs.com\/fr\/hyundai-et-kia-rappellent-570-000-vehicules-pour-risque-dincendie\/#primaryimage"},"thumbnailUrl":"https:\/\/news.canadamotorjobs.com\/wp-content\/uploads\/2023\/03\/IMG_3848-1024x768-1.jpg","datePublished":"2023-03-23T18:43:11+00:00","dateModified":"2023-03-23T18:45:55+00:00","description":"Hyundai et Kia rappellent 570 000 v\u00e9hicules pour risque d\u2019incendie - Benoit Charette - Annuel automobile - CanadaMotorJobs.com.","breadcrumb":{"@id":"https:\/\/news.canadamotorjobs.com\/fr\/hyundai-et-kia-rappellent-570-000-vehicules-pour-risque-dincendie\/#breadcrumb"},"inLanguage":"fr-CA","potentialAction":[{"@type":"ReadAction","target":["https:\/\/news.canadamotorjobs.com\/fr\/hyundai-et-kia-rappellent-570-000-vehicules-pour-risque-dincendie\/"]}]},{"@type":"ImageObject","inLanguage":"fr-CA","@id":"https:\/\/news.canadamotorjobs.com\/fr\/hyundai-et-kia-rappellent-570-000-vehicules-pour-risque-dincendie\/#primaryimage","url":"https:\/\/news.canadamotorjobs.com\/wp-content\/uploads\/2023\/03\/IMG_3848-1024x768-1.jpg","contentUrl":"https:\/\/news.canadamotorjobs.com\/wp-content\/uploads\/2023\/03\/IMG_3848-1024x768-1.jpg","width":1024,"height":768},{"@type":"BreadcrumbList","@id":"https:\/\/news.canadamotorjobs.com\/fr\/hyundai-et-kia-rappellent-570-000-vehicules-pour-risque-dincendie\/#breadcrumb","itemListElement":[{"@type":"ListItem","position":1,"name":"Home","item":"https:\/\/news.canadamotorjobs.com\/fr\/blog\/"},{"@type":"ListItem","position":2,"name":"Hyundai et Kia rappellent 570 000 v\u00e9hicules pour risque d\u2019incendie"}]},{"@type":"WebSite","@id":"https:\/\/news.canadamotorjobs.com\/#website","url":"https:\/\/news.canadamotorjobs.com\/","name":"CanadaMotorJobs.com","description":"Automotive Jobs","publisher":{"@id":"https:\/\/news.canadamotorjobs.com\/#organization"},"potentialAction":[{"@type":"SearchAction","target":{"@type":"EntryPoint","urlTemplate":"https:\/\/news.canadamotorjobs.com\/?s={search_term_string}"},"query-input":"required name=search_term_string"}],"inLanguage":"fr-CA"},{"@type":"Organization","@id":"https:\/\/news.canadamotorjobs.com\/#organization","name":"Canada Motor Jobs","url":"https:\/\/news.canadamotorjobs.com\/","logo":{"@type":"ImageObject","inLanguage":"fr-CA","@id":"https:\/\/news.canadamotorjobs.com\/#\/schema\/logo\/image\/","url":"https:\/\/news.canadamotorjobs.com\/wp-content\/uploads\/2022\/10\/logo-canada-motor-jobs-1.png","contentUrl":"https:\/\/news.canadamotorjobs.com\/wp-content\/uploads\/2022\/10\/logo-canada-motor-jobs-1.png","width":800,"height":400,"caption":"Canada Motor Jobs"},"image":{"@id":"https:\/\/news.canadamotorjobs.com\/#\/schema\/logo\/image\/"},"sameAs":["https:\/\/www.facebook.com\/canadamotorjobs\/","https:\/\/x.com\/canadamotorjobs","https:\/\/www.instagram.com\/canadamotorjobs\/","https:\/\/www.linkedin.com\/company\/canadamotorjobs"]},{"@type":"Person","@id":"https:\/\/news.canadamotorjobs.com\/#\/schema\/person\/51793d1f87d44011d7bcc2ed99269a90","name":"Benoit Charette","image":{"@type":"ImageObject","inLanguage":"fr-CA","@id":"https:\/\/news.canadamotorjobs.com\/#\/schema\/person\/image\/","url":"https:\/\/secure.gravatar.com\/avatar\/45f3d2eebcccd909668d7ce7ea7267b6?s=96&d=mm&r=g","contentUrl":"https:\/\/secure.gravatar.com\/avatar\/45f3d2eebcccd909668d7ce7ea7267b6?s=96&d=mm&r=g","caption":"Benoit Charette"},"description":"Benoit Charette \/ Propri\u00e9taire et r\u00e9dacteur en chef Benoit Charette pratique le journalisme automobile depuis bient\u00f4t 30 ans. Il a fait ses classes au c\u00f4t\u00e9 de Daniel H\u00e9raud et au Carnet de route de 1992 \u00e0 2001. Il est fondateur, copropri\u00e9taire et r\u00e9dacteur en chef de L\u2019Annuel de l\u2019automobile, qu\u2019il publie depuis 2001. Il a anim\u00e9 les \u00e9missions RPM et RPM+ sur V et les L\u00e9gendes de la route sur Historia. \u00c0 la radio depuis 1986, il reprend l\u2019antenne cette ann\u00e9e sur les ondes de Cogeco et participe pour la deuxi\u00e8me ann\u00e9e \u00e0 l\u2019\u00e9mission Passion Auto sur RDS en plus de mettre en ligne le site Web officiel de L\u2019Annuel de l\u2019automobile sur annuelauto.ca.","sameAs":["https:\/\/annuelauto.ca\/"],"url":"https:\/\/news.canadamotorjobs.com\/fr\/author\/benoit-charette\/"}]}},"_links":{"self":[{"href":"https:\/\/news.canadamotorjobs.com\/fr\/wp-json\/wp\/v2\/posts\/142103"}],"collection":[{"href":"https:\/\/news.canadamotorjobs.com\/fr\/wp-json\/wp\/v2\/posts"}],"about":[{"href":"https:\/\/news.canadamotorjobs.com\/fr\/wp-json\/wp\/v2\/types\/post"}],"author":[{"embeddable":true,"href":"https:\/\/news.canadamotorjobs.com\/fr\/wp-json\/wp\/v2\/users\/8"}],"replies":[{"embeddable":true,"href":"https:\/\/news.canadamotorjobs.com\/fr\/wp-json\/wp\/v2\/comments?post=142103"}],"version-history":[{"count":2,"href":"https:\/\/news.canadamotorjobs.com\/fr\/wp-json\/wp\/v2\/posts\/142103\/revisions"}],"predecessor-version":[{"id":142107,"href":"https:\/\/news.canadamotorjobs.com\/fr\/wp-json\/wp\/v2\/posts\/142103\/revisions\/142107"}],"wp:featuredmedia":[{"embeddable":true,"href":"https:\/\/news.canadamotorjobs.com\/fr\/wp-json\/wp\/v2\/media\/142105"}],"wp:attachment":[{"href":"https:\/\/news.canadamotorjobs.com\/fr\/wp-json\/wp\/v2\/media?parent=142103"}],"wp:term":[{"taxonomy":"category","embeddable":true,"href":"https:\/\/news.canadamotorjobs.com\/fr\/wp-json\/wp\/v2\/categories?post=142103"},{"taxonomy":"post_tag","embeddable":true,"href":"https:\/\/news.canadamotorjobs.com\/fr\/wp-json\/wp\/v2\/tags?post=142103"}],"curies":[{"name":"wp","href":"https:\/\/api.w.org\/{rel}","templated":true}]}}