{"id":142080,"date":"2023-03-23T14:01:14","date_gmt":"2023-03-23T18:01:14","guid":{"rendered":"https:\/\/news.canadamotorjobs.com\/?p=142080"},"modified":"2023-03-23T14:13:57","modified_gmt":"2023-03-23T18:13:57","slug":"porsche-aurait-abandonne-son-reve-de-f1","status":"publish","type":"post","link":"https:\/\/news.canadamotorjobs.com\/fr\/porsche-aurait-abandonne-son-reve-de-f1\/","title":{"rendered":"Porsche aurait abandonn\u00e9 son r\u00eave de F1"},"content":{"rendered":"<\/p>\n<ul><\/p>\n<li>Faute de partenaire, Porcshe mettrait fin au projet<\/li>\n<p><\/p>\n<li>Red Bull est maintenant avec Ford<\/li>\n<p><\/p>\n<li>Audi fera \u00e9quipe avec Sauber<\/li>\n<p>\n<\/ul>\n<p>\nPorsche aurait renonc\u00e9 \u00e0 rejoindre la grille de la F1. L&#8217;information provient de The Race, qui ne cite pas de source, mais semble disposer d&#8217;informations privil\u00e9gi\u00e9es sur ce dernier d\u00e9veloppement. La d\u00e9cision de la marque allemande d&#8217;arr\u00eater de chercher un partenaire est logique, puisqu&#8217;elle a essentiellement manqu\u00e9 la date limite. Lorsque Porsche et Audi ont annonc\u00e9 pour la premi\u00e8re fois leur intention de rejoindre la grille, le PDG de VW de l&#8217;\u00e9poque a d\u00e9clar\u00e9 que la r\u00e9glementation\u00a02026 \u00e9tait le seul moyen pour une nouvelle \u00e9quipe de participer et d&#8217;\u00eatre comp\u00e9titive.<\/p>\n<h3>\u00c0 propos de cette future r\u00e9glementation<\/h3>\n<p>\nLa r\u00e9glementation\u00a02026 sur les moteurs mettra toutes les \u00e9quipes sur un pied d&#8217;\u00e9galit\u00e9 tout en offrant une porte d&#8217;entr\u00e9e aux autres constructeurs. La nouvelle r\u00e9glementation est substantielle, mais elle se r\u00e9sume \u00e0 des unit\u00e9s de puissance moins ch\u00e8res et \u00e0 une r\u00e9partition de la puissance entre 50\u00a0% de moteurs \u00e0 combustion interne et 50\u00a0% de moteurs \u00e9lectriques. D&#8217;ici l\u00e0, les voitures de F1 fonctionneront \u00e9galement avec un carburant 100\u00a0% synth\u00e9tique et durable, ce qui constituait un atout majeur pour Porsche.<\/p>\n<h3>Une occasion rat\u00e9e<\/h3>\n<p>\nC&#8217;\u00e9tait l&#8217;occasion r\u00eav\u00e9e pour Porsche de montrer ce qu&#8217;elle pouvait faire avec des moteurs \u00e9lectriques et du carburant synth\u00e9tique. Audi a fini par trouver un partenaire en Sauber et a acquis une participation minoritaire qui augmentera dans les ann\u00e9es \u00e0 venir. Porsche, en revanche, semble avoir du mal \u00e0 s&#8217;imposer, m\u00eame si elle est en pourparlers avec deux des plus grands noms de l&#8217;industrie. Le partenariat potentiel le plus c\u00e9l\u00e8bre \u00e9tait celui entre Red Bull et Porsche, qui a \u00e9chou\u00e9 parce que la marque allemande voulait trop de contr\u00f4le. Red Bull s&#8217;est finalement associ\u00e9 \u00e0 Ford. Curieusement, Ford aura une certaine influence sur Red Bull, car l&#8217;accord est bien plus qu&#8217;un simple exercice d&#8217;image de marque.<\/p>\n<h3>M\u00eame McLaren a dit non<\/h3>\n<p>\nPorsche a \u00e9galement approch\u00e9 McLaren, mais les Britanniques n&#8217;ont pas accept\u00e9 que les droits d&#8217;appellation soient c\u00e9d\u00e9s et que leurs voitures portent uniquement le logo de Stuttgart. On peut d&#8217;ailleurs se demander comment ce partenariat aurait pu fonctionner, \u00e9tant donn\u00e9 qu&#8217;il y a un certain chevauchement entre les deux marques.<\/p>\n<p>\u00a0<\/p>\n<p>Avec des renseignements de Carbuzz (<a href=\"%22\">https:\/\/carbuzz.com\/news\/porsche-has-allegedly-given-up-on-its-formula-1-dream<\/a>)<\/p>\n<p>\u00a0<\/p>\n<p>\u00a0<\/p>\n<p>Le texte <a rel=\"nofollow\" href=\"https:\/\/annuelauto.ca\/porsche-aurait-abandonne-son-reve-de-f1\/\">Porsche aurait abandonn\u00e9 son r\u00eave de F1<\/a> provient de <a rel=\"nofollow\" href=\"https:\/\/annuelauto.ca\">L&#8217;annuel de l&#8217;automobile &#8211; Actualit\u00e9 automobile<\/a><\/p>\n<p><\/p>\n","protected":false},"excerpt":{"rendered":"<p>Faute de partenaire, Porcshe mettrait fin au projet Red Bull est maintenant avec Ford Audi fera \u00e9quipe avec Sauber Porsche aurait renonc\u00e9 \u00e0 rejoindre la grille de la F1. L&#8217;information provient de The Race, qui ne cite pas de source, mais semble disposer d&#8217;informations privil\u00e9gi\u00e9es sur ce dernier d\u00e9veloppement. La d\u00e9cision de la marque allemande [&hellip;]<\/p>\n","protected":false},"author":8,"featured_media":142082,"comment_status":"close","ping_status":"closed","sticky":false,"template":"","format":"standard","meta":{"_monsterinsights_skip_tracking":false,"_monsterinsights_sitenote_active":false,"_monsterinsights_sitenote_note":"","_monsterinsights_sitenote_category":0,"footnotes":""},"categories":[101],"tags":[],"yoast_head":"<!-- This site is optimized with the Yoast SEO plugin v23.2 - https:\/\/yoast.com\/wordpress\/plugins\/seo\/ -->\n<title>Porsche aurait abandonn\u00e9 son r\u00eave de F1 - CanadaMotorJobs.com<\/title>\n<meta name=\"description\" content=\"Porsche aurait abandonn\u00e9 son r\u00eave de F1 - Benoit Charette - Annuel automobile - CanadaMotorJobs.com.\" \/>\n<meta name=\"robots\" content=\"index, follow, max-snippet:-1, max-image-preview:large, max-video-preview:-1\" \/>\n<meta property=\"og:locale\" content=\"fr_CA\" \/>\n<meta property=\"og:type\" content=\"article\" \/>\n<meta property=\"og:title\" content=\"Porsche aurait abandonn\u00e9 son r\u00eave de F1 - CanadaMotorJobs.com\" \/>\n<meta property=\"og:description\" content=\"Porsche aurait abandonn\u00e9 son r\u00eave de F1 - Benoit Charette - Annuel automobile - CanadaMotorJobs.com.\" \/>\n<meta property=\"og:url\" content=\"https:\/\/news.canadamotorjobs.com\/fr\/porsche-aurait-abandonne-son-reve-de-f1\/\" \/>\n<meta property=\"og:site_name\" content=\"CanadaMotorJobs.com\" \/>\n<meta property=\"article:publisher\" content=\"https:\/\/www.facebook.com\/canadamotorjobs\/\" \/>\n<meta property=\"article:published_time\" content=\"2023-03-23T18:01:14+00:00\" \/>\n<meta property=\"article:modified_time\" content=\"2023-03-23T18:13:57+00:00\" \/>\n<meta property=\"og:image\" content=\"https:\/\/news.canadamotorjobs.com\/wp-content\/uploads\/2023\/03\/E9pOKduWQAQd9SK.jpg\" \/>\n\t<meta property=\"og:image:width\" content=\"1125\" \/>\n\t<meta property=\"og:image:height\" content=\"633\" \/>\n\t<meta property=\"og:image:type\" content=\"image\/jpeg\" \/>\n<meta name=\"author\" content=\"Benoit Charette\" \/>\n<meta name=\"twitter:card\" content=\"summary_large_image\" \/>\n<meta name=\"twitter:creator\" content=\"@canadamotorjobs\" \/>\n<meta name=\"twitter:site\" content=\"@canadamotorjobs\" \/>\n<meta name=\"twitter:label1\" content=\"\u00c9crit par\" \/>\n\t<meta name=\"twitter:data1\" content=\"Benoit Charette\" \/>\n\t<meta name=\"twitter:label2\" content=\"Estimation du temps de lecture\" \/>\n\t<meta name=\"twitter:data2\" content=\"2 minutes\" \/>\n<!-- \/ Yoast SEO plugin. -->","yoast_head_json":{"title":"Porsche aurait abandonn\u00e9 son r\u00eave de F1 - CanadaMotorJobs.com","description":"Porsche aurait abandonn\u00e9 son r\u00eave de F1 - Benoit Charette - Annuel automobile - CanadaMotorJobs.com.","robots":{"index":"index","follow":"follow","max-snippet":"max-snippet:-1","max-image-preview":"max-image-preview:large","max-video-preview":"max-video-preview:-1"},"og_locale":"fr_CA","og_type":"article","og_title":"Porsche aurait abandonn\u00e9 son r\u00eave de F1 - CanadaMotorJobs.com","og_description":"Porsche aurait abandonn\u00e9 son r\u00eave de F1 - Benoit Charette - Annuel automobile - CanadaMotorJobs.com.","og_url":"https:\/\/news.canadamotorjobs.com\/fr\/porsche-aurait-abandonne-son-reve-de-f1\/","og_site_name":"CanadaMotorJobs.com","article_publisher":"https:\/\/www.facebook.com\/canadamotorjobs\/","article_published_time":"2023-03-23T18:01:14+00:00","article_modified_time":"2023-03-23T18:13:57+00:00","og_image":[{"width":1125,"height":633,"url":"https:\/\/news.canadamotorjobs.com\/wp-content\/uploads\/2023\/03\/E9pOKduWQAQd9SK.jpg","type":"image\/jpeg"}],"author":"Benoit Charette","twitter_card":"summary_large_image","twitter_creator":"@canadamotorjobs","twitter_site":"@canadamotorjobs","twitter_misc":{"\u00c9crit par":"Benoit Charette","Estimation du temps de lecture":"2 minutes"},"schema":{"@context":"https:\/\/schema.org","@graph":[{"@type":"Article","@id":"https:\/\/news.canadamotorjobs.com\/fr\/porsche-aurait-abandonne-son-reve-de-f1\/#article","isPartOf":{"@id":"https:\/\/news.canadamotorjobs.com\/fr\/porsche-aurait-abandonne-son-reve-de-f1\/"},"author":{"name":"Benoit Charette","@id":"https:\/\/news.canadamotorjobs.com\/#\/schema\/person\/51793d1f87d44011d7bcc2ed99269a90"},"headline":"Porsche aurait abandonn\u00e9 son r\u00eave de F1","datePublished":"2023-03-23T18:01:14+00:00","dateModified":"2023-03-23T18:13:57+00:00","mainEntityOfPage":{"@id":"https:\/\/news.canadamotorjobs.com\/fr\/porsche-aurait-abandonne-son-reve-de-f1\/"},"wordCount":449,"publisher":{"@id":"https:\/\/news.canadamotorjobs.com\/#organization"},"image":{"@id":"https:\/\/news.canadamotorjobs.com\/fr\/porsche-aurait-abandonne-son-reve-de-f1\/#primaryimage"},"thumbnailUrl":"https:\/\/news.canadamotorjobs.com\/wp-content\/uploads\/2023\/03\/E9pOKduWQAQd9SK.jpg","articleSection":["Annuel automobile"],"inLanguage":"fr-CA"},{"@type":"WebPage","@id":"https:\/\/news.canadamotorjobs.com\/fr\/porsche-aurait-abandonne-son-reve-de-f1\/","url":"https:\/\/news.canadamotorjobs.com\/fr\/porsche-aurait-abandonne-son-reve-de-f1\/","name":"Porsche aurait abandonn\u00e9 son r\u00eave de F1 - CanadaMotorJobs.com","isPartOf":{"@id":"https:\/\/news.canadamotorjobs.com\/#website"},"primaryImageOfPage":{"@id":"https:\/\/news.canadamotorjobs.com\/fr\/porsche-aurait-abandonne-son-reve-de-f1\/#primaryimage"},"image":{"@id":"https:\/\/news.canadamotorjobs.com\/fr\/porsche-aurait-abandonne-son-reve-de-f1\/#primaryimage"},"thumbnailUrl":"https:\/\/news.canadamotorjobs.com\/wp-content\/uploads\/2023\/03\/E9pOKduWQAQd9SK.jpg","datePublished":"2023-03-23T18:01:14+00:00","dateModified":"2023-03-23T18:13:57+00:00","description":"Porsche aurait abandonn\u00e9 son r\u00eave de F1 - Benoit Charette - Annuel automobile - CanadaMotorJobs.com.","breadcrumb":{"@id":"https:\/\/news.canadamotorjobs.com\/fr\/porsche-aurait-abandonne-son-reve-de-f1\/#breadcrumb"},"inLanguage":"fr-CA","potentialAction":[{"@type":"ReadAction","target":["https:\/\/news.canadamotorjobs.com\/fr\/porsche-aurait-abandonne-son-reve-de-f1\/"]}]},{"@type":"ImageObject","inLanguage":"fr-CA","@id":"https:\/\/news.canadamotorjobs.com\/fr\/porsche-aurait-abandonne-son-reve-de-f1\/#primaryimage","url":"https:\/\/news.canadamotorjobs.com\/wp-content\/uploads\/2023\/03\/E9pOKduWQAQd9SK.jpg","contentUrl":"https:\/\/news.canadamotorjobs.com\/wp-content\/uploads\/2023\/03\/E9pOKduWQAQd9SK.jpg","width":1125,"height":633},{"@type":"BreadcrumbList","@id":"https:\/\/news.canadamotorjobs.com\/fr\/porsche-aurait-abandonne-son-reve-de-f1\/#breadcrumb","itemListElement":[{"@type":"ListItem","position":1,"name":"Home","item":"https:\/\/news.canadamotorjobs.com\/fr\/blog\/"},{"@type":"ListItem","position":2,"name":"Porsche aurait abandonn\u00e9 son r\u00eave de F1"}]},{"@type":"WebSite","@id":"https:\/\/news.canadamotorjobs.com\/#website","url":"https:\/\/news.canadamotorjobs.com\/","name":"CanadaMotorJobs.com","description":"Automotive Jobs","publisher":{"@id":"https:\/\/news.canadamotorjobs.com\/#organization"},"potentialAction":[{"@type":"SearchAction","target":{"@type":"EntryPoint","urlTemplate":"https:\/\/news.canadamotorjobs.com\/?s={search_term_string}"},"query-input":"required name=search_term_string"}],"inLanguage":"fr-CA"},{"@type":"Organization","@id":"https:\/\/news.canadamotorjobs.com\/#organization","name":"Canada Motor Jobs","url":"https:\/\/news.canadamotorjobs.com\/","logo":{"@type":"ImageObject","inLanguage":"fr-CA","@id":"https:\/\/news.canadamotorjobs.com\/#\/schema\/logo\/image\/","url":"https:\/\/news.canadamotorjobs.com\/wp-content\/uploads\/2022\/10\/logo-canada-motor-jobs-1.png","contentUrl":"https:\/\/news.canadamotorjobs.com\/wp-content\/uploads\/2022\/10\/logo-canada-motor-jobs-1.png","width":800,"height":400,"caption":"Canada Motor Jobs"},"image":{"@id":"https:\/\/news.canadamotorjobs.com\/#\/schema\/logo\/image\/"},"sameAs":["https:\/\/www.facebook.com\/canadamotorjobs\/","https:\/\/x.com\/canadamotorjobs","https:\/\/www.instagram.com\/canadamotorjobs\/","https:\/\/www.linkedin.com\/company\/canadamotorjobs"]},{"@type":"Person","@id":"https:\/\/news.canadamotorjobs.com\/#\/schema\/person\/51793d1f87d44011d7bcc2ed99269a90","name":"Benoit Charette","image":{"@type":"ImageObject","inLanguage":"fr-CA","@id":"https:\/\/news.canadamotorjobs.com\/#\/schema\/person\/image\/","url":"https:\/\/secure.gravatar.com\/avatar\/45f3d2eebcccd909668d7ce7ea7267b6?s=96&d=mm&r=g","contentUrl":"https:\/\/secure.gravatar.com\/avatar\/45f3d2eebcccd909668d7ce7ea7267b6?s=96&d=mm&r=g","caption":"Benoit Charette"},"description":"Benoit Charette \/ Propri\u00e9taire et r\u00e9dacteur en chef Benoit Charette pratique le journalisme automobile depuis bient\u00f4t 30 ans. Il a fait ses classes au c\u00f4t\u00e9 de Daniel H\u00e9raud et au Carnet de route de 1992 \u00e0 2001. Il est fondateur, copropri\u00e9taire et r\u00e9dacteur en chef de L\u2019Annuel de l\u2019automobile, qu\u2019il publie depuis 2001. Il a anim\u00e9 les \u00e9missions RPM et RPM+ sur V et les L\u00e9gendes de la route sur Historia. \u00c0 la radio depuis 1986, il reprend l\u2019antenne cette ann\u00e9e sur les ondes de Cogeco et participe pour la deuxi\u00e8me ann\u00e9e \u00e0 l\u2019\u00e9mission Passion Auto sur RDS en plus de mettre en ligne le site Web officiel de L\u2019Annuel de l\u2019automobile sur annuelauto.ca.","sameAs":["https:\/\/annuelauto.ca\/"],"url":"https:\/\/news.canadamotorjobs.com\/fr\/author\/benoit-charette\/"}]}},"_links":{"self":[{"href":"https:\/\/news.canadamotorjobs.com\/fr\/wp-json\/wp\/v2\/posts\/142080"}],"collection":[{"href":"https:\/\/news.canadamotorjobs.com\/fr\/wp-json\/wp\/v2\/posts"}],"about":[{"href":"https:\/\/news.canadamotorjobs.com\/fr\/wp-json\/wp\/v2\/types\/post"}],"author":[{"embeddable":true,"href":"https:\/\/news.canadamotorjobs.com\/fr\/wp-json\/wp\/v2\/users\/8"}],"replies":[{"embeddable":true,"href":"https:\/\/news.canadamotorjobs.com\/fr\/wp-json\/wp\/v2\/comments?post=142080"}],"version-history":[{"count":2,"href":"https:\/\/news.canadamotorjobs.com\/fr\/wp-json\/wp\/v2\/posts\/142080\/revisions"}],"predecessor-version":[{"id":142084,"href":"https:\/\/news.canadamotorjobs.com\/fr\/wp-json\/wp\/v2\/posts\/142080\/revisions\/142084"}],"wp:featuredmedia":[{"embeddable":true,"href":"https:\/\/news.canadamotorjobs.com\/fr\/wp-json\/wp\/v2\/media\/142082"}],"wp:attachment":[{"href":"https:\/\/news.canadamotorjobs.com\/fr\/wp-json\/wp\/v2\/media?parent=142080"}],"wp:term":[{"taxonomy":"category","embeddable":true,"href":"https:\/\/news.canadamotorjobs.com\/fr\/wp-json\/wp\/v2\/categories?post=142080"},{"taxonomy":"post_tag","embeddable":true,"href":"https:\/\/news.canadamotorjobs.com\/fr\/wp-json\/wp\/v2\/tags?post=142080"}],"curies":[{"name":"wp","href":"https:\/\/api.w.org\/{rel}","templated":true}]}}