{"id":142061,"date":"2023-03-23T11:11:57","date_gmt":"2023-03-23T15:11:57","guid":{"rendered":"https:\/\/news.canadamotorjobs.com\/?p=142061"},"modified":"2023-03-23T11:14:22","modified_gmt":"2023-03-23T15:14:22","slug":"ford-va-perdre-3-milliards-de-dollars-sur-les-ventes-de-ve-cette-annee","status":"publish","type":"post","link":"https:\/\/news.canadamotorjobs.com\/fr\/ford-va-perdre-3-milliards-de-dollars-sur-les-ventes-de-ve-cette-annee\/","title":{"rendered":"Ford va perdre 3 milliards de dollars sur les ventes de VE cette ann\u00e9e"},"content":{"rendered":"<\/p>\n<h3><strong>Ford devra continuer de se servir des profits g\u00e9n\u00e9r\u00e9s par les mod\u00e8les \u00e0 essence pour compenser les pertes des mod\u00e8les \u00e9lectriques. <\/strong><\/h3>\n<p>\nLe g\u00e9ant de Dearborn a annonc\u00e9 jeudi que les pertes de son unit\u00e9 de v\u00e9hicules \u00e9lectriques, appel\u00e9e Model e, augmenteront de pr\u00e8s de 50 % en 2023 par rapport aux 2,1 milliards de dollars de l&#8217;ann\u00e9e derni\u00e8re, alors qu&#8217;il continue d&#8217;investir dans l&#8217;augmentation de la production et le d\u00e9veloppement de produits de nouvelle g\u00e9n\u00e9ration sur une plateforme d\u00e9di\u00e9e aux v\u00e9hicules \u00e9lectriques. Ford a d\u00e9clar\u00e9 qu&#8217;il s&#8217;attendait \u00e0 un b\u00e9n\u00e9fice avant int\u00e9r\u00eats et imp\u00f4ts d&#8217;environ 7 milliards de dollars cette ann\u00e9e pour Ford Blue, son unit\u00e9 commerciale de combustion interne, et d&#8217;environ 6 milliards de dollars pour Ford Pro, son unit\u00e9 commerciale.<\/p>\n<h3>Les profits d\u2019une division compense les pertes de l\u2019autre<\/h3>\n<p>\nCes unit\u00e9s ont r\u00e9alis\u00e9 respectivement 6,8 milliards de dollars en 2022 et 3,2 milliards de dollars en 2022. C\u2019\u00e9tait toutefois la premi\u00e8re fois que Ford pr\u00e9sentait publiquement les r\u00e9sultats des trois unit\u00e9s, cr\u00e9\u00e9es dans le cadre d&#8217;une r\u00e9organisation \u00e0 l&#8217;\u00e9chelle de l&#8217;entreprise en 2022, alors qu&#8217;il modifie sa m\u00e9thode de pr\u00e9sentation financi\u00e8re.<\/p>\n<p>Jeudi, Ford a r\u00e9affirm\u00e9 ses objectifs pour l&#8217;ann\u00e9e 2023, \u00e0 savoir un b\u00e9n\u00e9fice avant int\u00e9r\u00eats et imp\u00f4ts ajust\u00e9 de 9 \u00e0 11 milliards de dollars et un flux de tr\u00e9sorerie disponible ajust\u00e9 d&#8217;environ 6 milliards de dollars. Il a \u00e9galement d\u00e9clar\u00e9 qu&#8217;il restait confiant dans ses projections selon lesquelles les marges de b\u00e9n\u00e9fice avant int\u00e9r\u00eats et imp\u00f4ts seraient de 8 pour cent pour le mod\u00e8le e et de 10 pour cent pour l&#8217;ensemble de l&#8217;entreprise d&#8217;ici la fin de 2026.<\/p>\n<h3>D\u2019autres pertes avant de voir des profits<\/h3>\n<p>\nLes pertes devraient augmenter cette ann\u00e9e en raison de l&#8217;argent d\u00e9pens\u00e9 pour construire des complexes de fabrication dans le Tennessee et le Kentucky et pour offrir d&#8217;autres chimies de batterie, a-t-il dit. Ford a d\u00e9clar\u00e9 qu\u2019elle serait &#8220;proche du seuil de rentabilit\u00e9 de la marge de contribution&#8221; pour les VE d&#8217;ici la fin de l&#8217;ann\u00e9e. Le constructeur automobile esp\u00e8re atteindre une capacit\u00e9 de production de 600 000 VE par an d&#8217;ici la fin de l&#8217;ann\u00e9e et \u00eatre en mesure d&#8217;en construire 2 millions par an d&#8217;ici 2026.<\/p>\n<p>Avec des renseignements d\u2019Automotive News<\/p>\n<p>Le texte <a rel=\"nofollow\" href=\"https:\/\/annuelauto.ca\/ford-va-perdre-3-milliards-de-dollars-sur-les-ventes-de-ve-cette-annee\/\">Ford va perdre 3 milliards de dollars sur les ventes de VE cette ann\u00e9e<\/a> provient de <a rel=\"nofollow\" href=\"https:\/\/annuelauto.ca\">L&#8217;annuel de l&#8217;automobile &#8211; Actualit\u00e9 automobile<\/a><\/p>\n<p><\/p>\n","protected":false},"excerpt":{"rendered":"<p>Ford devra continuer de se servir des profits g\u00e9n\u00e9r\u00e9s par les mod\u00e8les \u00e0 essence pour compenser les pertes des mod\u00e8les \u00e9lectriques. Le g\u00e9ant de Dearborn a annonc\u00e9 jeudi que les pertes de son unit\u00e9 de v\u00e9hicules \u00e9lectriques, appel\u00e9e Model e, augmenteront de pr\u00e8s de 50 % en 2023 par rapport aux 2,1 milliards de dollars [&hellip;]<\/p>\n","protected":false},"author":8,"featured_media":142063,"comment_status":"close","ping_status":"closed","sticky":false,"template":"","format":"standard","meta":{"_monsterinsights_skip_tracking":false,"_monsterinsights_sitenote_active":false,"_monsterinsights_sitenote_note":"","_monsterinsights_sitenote_category":0,"footnotes":""},"categories":[101],"tags":[],"yoast_head":"<!-- This site is optimized with the Yoast SEO plugin v23.2 - https:\/\/yoast.com\/wordpress\/plugins\/seo\/ -->\n<title>Ford va perdre 3 milliards de dollars sur les ventes de VE cette ann\u00e9e - CanadaMotorJobs.com<\/title>\n<meta name=\"description\" content=\"Ford va perdre 3 milliards de dollars sur les ventes de VE cette ann\u00e9e - Benoit Charette - Annuel automobile - CanadaMotorJobs.com.\" \/>\n<meta name=\"robots\" content=\"index, follow, max-snippet:-1, max-image-preview:large, max-video-preview:-1\" \/>\n<meta property=\"og:locale\" content=\"fr_CA\" \/>\n<meta property=\"og:type\" content=\"article\" \/>\n<meta property=\"og:title\" content=\"Ford va perdre 3 milliards de dollars sur les ventes de VE cette ann\u00e9e - CanadaMotorJobs.com\" \/>\n<meta property=\"og:description\" content=\"Ford va perdre 3 milliards de dollars sur les ventes de VE cette ann\u00e9e - Benoit Charette - Annuel automobile - CanadaMotorJobs.com.\" \/>\n<meta property=\"og:url\" content=\"https:\/\/news.canadamotorjobs.com\/fr\/ford-va-perdre-3-milliards-de-dollars-sur-les-ventes-de-ve-cette-annee\/\" \/>\n<meta property=\"og:site_name\" content=\"CanadaMotorJobs.com\" \/>\n<meta property=\"article:publisher\" content=\"https:\/\/www.facebook.com\/canadamotorjobs\/\" \/>\n<meta property=\"article:published_time\" content=\"2023-03-23T15:11:57+00:00\" \/>\n<meta property=\"article:modified_time\" content=\"2023-03-23T15:14:22+00:00\" \/>\n<meta property=\"og:image\" content=\"https:\/\/news.canadamotorjobs.com\/wp-content\/uploads\/2023\/03\/logo-electric-car-plug-electric-car-plug-ford-logo-editorial-conceptual-d-rendering-210727801.jpg\" \/>\n\t<meta property=\"og:image:width\" content=\"800\" \/>\n\t<meta property=\"og:image:height\" content=\"450\" \/>\n\t<meta property=\"og:image:type\" content=\"image\/jpeg\" \/>\n<meta name=\"author\" content=\"Benoit Charette\" \/>\n<meta name=\"twitter:card\" content=\"summary_large_image\" \/>\n<meta name=\"twitter:creator\" content=\"@canadamotorjobs\" \/>\n<meta name=\"twitter:site\" content=\"@canadamotorjobs\" \/>\n<meta name=\"twitter:label1\" content=\"\u00c9crit par\" \/>\n\t<meta name=\"twitter:data1\" content=\"Benoit Charette\" \/>\n\t<meta name=\"twitter:label2\" content=\"Estimation du temps de lecture\" \/>\n\t<meta name=\"twitter:data2\" content=\"2 minutes\" \/>\n<!-- \/ Yoast SEO plugin. -->","yoast_head_json":{"title":"Ford va perdre 3 milliards de dollars sur les ventes de VE cette ann\u00e9e - CanadaMotorJobs.com","description":"Ford va perdre 3 milliards de dollars sur les ventes de VE cette ann\u00e9e - Benoit Charette - Annuel automobile - CanadaMotorJobs.com.","robots":{"index":"index","follow":"follow","max-snippet":"max-snippet:-1","max-image-preview":"max-image-preview:large","max-video-preview":"max-video-preview:-1"},"og_locale":"fr_CA","og_type":"article","og_title":"Ford va perdre 3 milliards de dollars sur les ventes de VE cette ann\u00e9e - CanadaMotorJobs.com","og_description":"Ford va perdre 3 milliards de dollars sur les ventes de VE cette ann\u00e9e - Benoit Charette - Annuel automobile - CanadaMotorJobs.com.","og_url":"https:\/\/news.canadamotorjobs.com\/fr\/ford-va-perdre-3-milliards-de-dollars-sur-les-ventes-de-ve-cette-annee\/","og_site_name":"CanadaMotorJobs.com","article_publisher":"https:\/\/www.facebook.com\/canadamotorjobs\/","article_published_time":"2023-03-23T15:11:57+00:00","article_modified_time":"2023-03-23T15:14:22+00:00","og_image":[{"width":800,"height":450,"url":"https:\/\/news.canadamotorjobs.com\/wp-content\/uploads\/2023\/03\/logo-electric-car-plug-electric-car-plug-ford-logo-editorial-conceptual-d-rendering-210727801.jpg","type":"image\/jpeg"}],"author":"Benoit Charette","twitter_card":"summary_large_image","twitter_creator":"@canadamotorjobs","twitter_site":"@canadamotorjobs","twitter_misc":{"\u00c9crit par":"Benoit Charette","Estimation du temps de lecture":"2 minutes"},"schema":{"@context":"https:\/\/schema.org","@graph":[{"@type":"Article","@id":"https:\/\/news.canadamotorjobs.com\/fr\/ford-va-perdre-3-milliards-de-dollars-sur-les-ventes-de-ve-cette-annee\/#article","isPartOf":{"@id":"https:\/\/news.canadamotorjobs.com\/fr\/ford-va-perdre-3-milliards-de-dollars-sur-les-ventes-de-ve-cette-annee\/"},"author":{"name":"Benoit Charette","@id":"https:\/\/news.canadamotorjobs.com\/#\/schema\/person\/51793d1f87d44011d7bcc2ed99269a90"},"headline":"Ford va perdre 3 milliards de dollars sur les ventes de VE cette ann\u00e9e","datePublished":"2023-03-23T15:11:57+00:00","dateModified":"2023-03-23T15:14:22+00:00","mainEntityOfPage":{"@id":"https:\/\/news.canadamotorjobs.com\/fr\/ford-va-perdre-3-milliards-de-dollars-sur-les-ventes-de-ve-cette-annee\/"},"wordCount":462,"publisher":{"@id":"https:\/\/news.canadamotorjobs.com\/#organization"},"image":{"@id":"https:\/\/news.canadamotorjobs.com\/fr\/ford-va-perdre-3-milliards-de-dollars-sur-les-ventes-de-ve-cette-annee\/#primaryimage"},"thumbnailUrl":"https:\/\/news.canadamotorjobs.com\/wp-content\/uploads\/2023\/03\/logo-electric-car-plug-electric-car-plug-ford-logo-editorial-conceptual-d-rendering-210727801.jpg","articleSection":["Annuel automobile"],"inLanguage":"fr-CA"},{"@type":"WebPage","@id":"https:\/\/news.canadamotorjobs.com\/fr\/ford-va-perdre-3-milliards-de-dollars-sur-les-ventes-de-ve-cette-annee\/","url":"https:\/\/news.canadamotorjobs.com\/fr\/ford-va-perdre-3-milliards-de-dollars-sur-les-ventes-de-ve-cette-annee\/","name":"Ford va perdre 3 milliards de dollars sur les ventes de VE cette ann\u00e9e - CanadaMotorJobs.com","isPartOf":{"@id":"https:\/\/news.canadamotorjobs.com\/#website"},"primaryImageOfPage":{"@id":"https:\/\/news.canadamotorjobs.com\/fr\/ford-va-perdre-3-milliards-de-dollars-sur-les-ventes-de-ve-cette-annee\/#primaryimage"},"image":{"@id":"https:\/\/news.canadamotorjobs.com\/fr\/ford-va-perdre-3-milliards-de-dollars-sur-les-ventes-de-ve-cette-annee\/#primaryimage"},"thumbnailUrl":"https:\/\/news.canadamotorjobs.com\/wp-content\/uploads\/2023\/03\/logo-electric-car-plug-electric-car-plug-ford-logo-editorial-conceptual-d-rendering-210727801.jpg","datePublished":"2023-03-23T15:11:57+00:00","dateModified":"2023-03-23T15:14:22+00:00","description":"Ford va perdre 3 milliards de dollars sur les ventes de VE cette ann\u00e9e - Benoit Charette - Annuel automobile - CanadaMotorJobs.com.","breadcrumb":{"@id":"https:\/\/news.canadamotorjobs.com\/fr\/ford-va-perdre-3-milliards-de-dollars-sur-les-ventes-de-ve-cette-annee\/#breadcrumb"},"inLanguage":"fr-CA","potentialAction":[{"@type":"ReadAction","target":["https:\/\/news.canadamotorjobs.com\/fr\/ford-va-perdre-3-milliards-de-dollars-sur-les-ventes-de-ve-cette-annee\/"]}]},{"@type":"ImageObject","inLanguage":"fr-CA","@id":"https:\/\/news.canadamotorjobs.com\/fr\/ford-va-perdre-3-milliards-de-dollars-sur-les-ventes-de-ve-cette-annee\/#primaryimage","url":"https:\/\/news.canadamotorjobs.com\/wp-content\/uploads\/2023\/03\/logo-electric-car-plug-electric-car-plug-ford-logo-editorial-conceptual-d-rendering-210727801.jpg","contentUrl":"https:\/\/news.canadamotorjobs.com\/wp-content\/uploads\/2023\/03\/logo-electric-car-plug-electric-car-plug-ford-logo-editorial-conceptual-d-rendering-210727801.jpg","width":800,"height":450},{"@type":"BreadcrumbList","@id":"https:\/\/news.canadamotorjobs.com\/fr\/ford-va-perdre-3-milliards-de-dollars-sur-les-ventes-de-ve-cette-annee\/#breadcrumb","itemListElement":[{"@type":"ListItem","position":1,"name":"Home","item":"https:\/\/news.canadamotorjobs.com\/fr\/blog\/"},{"@type":"ListItem","position":2,"name":"Ford va perdre 3 milliards de dollars sur les ventes de VE cette ann\u00e9e"}]},{"@type":"WebSite","@id":"https:\/\/news.canadamotorjobs.com\/#website","url":"https:\/\/news.canadamotorjobs.com\/","name":"CanadaMotorJobs.com","description":"Automotive Jobs","publisher":{"@id":"https:\/\/news.canadamotorjobs.com\/#organization"},"potentialAction":[{"@type":"SearchAction","target":{"@type":"EntryPoint","urlTemplate":"https:\/\/news.canadamotorjobs.com\/?s={search_term_string}"},"query-input":"required name=search_term_string"}],"inLanguage":"fr-CA"},{"@type":"Organization","@id":"https:\/\/news.canadamotorjobs.com\/#organization","name":"Canada Motor Jobs","url":"https:\/\/news.canadamotorjobs.com\/","logo":{"@type":"ImageObject","inLanguage":"fr-CA","@id":"https:\/\/news.canadamotorjobs.com\/#\/schema\/logo\/image\/","url":"https:\/\/news.canadamotorjobs.com\/wp-content\/uploads\/2022\/10\/logo-canada-motor-jobs-1.png","contentUrl":"https:\/\/news.canadamotorjobs.com\/wp-content\/uploads\/2022\/10\/logo-canada-motor-jobs-1.png","width":800,"height":400,"caption":"Canada Motor Jobs"},"image":{"@id":"https:\/\/news.canadamotorjobs.com\/#\/schema\/logo\/image\/"},"sameAs":["https:\/\/www.facebook.com\/canadamotorjobs\/","https:\/\/x.com\/canadamotorjobs","https:\/\/www.instagram.com\/canadamotorjobs\/","https:\/\/www.linkedin.com\/company\/canadamotorjobs"]},{"@type":"Person","@id":"https:\/\/news.canadamotorjobs.com\/#\/schema\/person\/51793d1f87d44011d7bcc2ed99269a90","name":"Benoit Charette","image":{"@type":"ImageObject","inLanguage":"fr-CA","@id":"https:\/\/news.canadamotorjobs.com\/#\/schema\/person\/image\/","url":"https:\/\/secure.gravatar.com\/avatar\/45f3d2eebcccd909668d7ce7ea7267b6?s=96&d=mm&r=g","contentUrl":"https:\/\/secure.gravatar.com\/avatar\/45f3d2eebcccd909668d7ce7ea7267b6?s=96&d=mm&r=g","caption":"Benoit Charette"},"description":"Benoit Charette \/ Propri\u00e9taire et r\u00e9dacteur en chef Benoit Charette pratique le journalisme automobile depuis bient\u00f4t 30 ans. Il a fait ses classes au c\u00f4t\u00e9 de Daniel H\u00e9raud et au Carnet de route de 1992 \u00e0 2001. Il est fondateur, copropri\u00e9taire et r\u00e9dacteur en chef de L\u2019Annuel de l\u2019automobile, qu\u2019il publie depuis 2001. Il a anim\u00e9 les \u00e9missions RPM et RPM+ sur V et les L\u00e9gendes de la route sur Historia. \u00c0 la radio depuis 1986, il reprend l\u2019antenne cette ann\u00e9e sur les ondes de Cogeco et participe pour la deuxi\u00e8me ann\u00e9e \u00e0 l\u2019\u00e9mission Passion Auto sur RDS en plus de mettre en ligne le site Web officiel de L\u2019Annuel de l\u2019automobile sur annuelauto.ca.","sameAs":["https:\/\/annuelauto.ca\/"],"url":"https:\/\/news.canadamotorjobs.com\/fr\/author\/benoit-charette\/"}]}},"_links":{"self":[{"href":"https:\/\/news.canadamotorjobs.com\/fr\/wp-json\/wp\/v2\/posts\/142061"}],"collection":[{"href":"https:\/\/news.canadamotorjobs.com\/fr\/wp-json\/wp\/v2\/posts"}],"about":[{"href":"https:\/\/news.canadamotorjobs.com\/fr\/wp-json\/wp\/v2\/types\/post"}],"author":[{"embeddable":true,"href":"https:\/\/news.canadamotorjobs.com\/fr\/wp-json\/wp\/v2\/users\/8"}],"replies":[{"embeddable":true,"href":"https:\/\/news.canadamotorjobs.com\/fr\/wp-json\/wp\/v2\/comments?post=142061"}],"version-history":[{"count":2,"href":"https:\/\/news.canadamotorjobs.com\/fr\/wp-json\/wp\/v2\/posts\/142061\/revisions"}],"predecessor-version":[{"id":142065,"href":"https:\/\/news.canadamotorjobs.com\/fr\/wp-json\/wp\/v2\/posts\/142061\/revisions\/142065"}],"wp:featuredmedia":[{"embeddable":true,"href":"https:\/\/news.canadamotorjobs.com\/fr\/wp-json\/wp\/v2\/media\/142063"}],"wp:attachment":[{"href":"https:\/\/news.canadamotorjobs.com\/fr\/wp-json\/wp\/v2\/media?parent=142061"}],"wp:term":[{"taxonomy":"category","embeddable":true,"href":"https:\/\/news.canadamotorjobs.com\/fr\/wp-json\/wp\/v2\/categories?post=142061"},{"taxonomy":"post_tag","embeddable":true,"href":"https:\/\/news.canadamotorjobs.com\/fr\/wp-json\/wp\/v2\/tags?post=142061"}],"curies":[{"name":"wp","href":"https:\/\/api.w.org\/{rel}","templated":true}]}}