{"id":141996,"date":"2023-03-22T10:04:44","date_gmt":"2023-03-22T14:04:44","guid":{"rendered":"https:\/\/news.canadamotorjobs.com\/?p=141996"},"modified":"2023-03-22T10:15:56","modified_gmt":"2023-03-22T14:15:56","slug":"sondage-les-craintes-reliees-aux-ve-sevaporent-apres-lachat","status":"publish","type":"post","link":"https:\/\/news.canadamotorjobs.com\/fr\/sondage-les-craintes-reliees-aux-ve-sevaporent-apres-lachat\/","title":{"rendered":"Sondage : les craintes reli\u00e9es aux VE s\u2019\u00e9vaporent apr\u00e8s l\u2019achat"},"content":{"rendered":"<\/p>\n<p>Selon un sondage men\u00e9 par Plugshare pour l\u2019Association canadienne des automobiliste (CAA), 97 % des propri\u00e9taires de v\u00e9hicules \u00e9lectriques (VE) sont si satisfaits de leur v\u00e9hicule qu&#8217;ils n&#8217;h\u00e9siteraient pas \u00e0 en refaire l&#8217;achat. C&#8217;est le principal constat de ce sondage qui s&#8217;est pench\u00e9 sur les inqui\u00e9tudes des \u00e9lectromobilistes avant et apr\u00e8s avoir pris possession de leur v\u00e9hicule. Ce sondage s\u2019est fait aupr\u00e8s de 16 232 r\u00e9pondants entre le 21 novembre et le 11 d\u00e9cembre 2022.<\/p>\n<p>Les v\u00e9hicules \u00e9lectriques (VE) gagnent en popularit\u00e9 au Qu\u00e9bec. On en comptait plus de 170 000 dans la province \u00e0 la fin 2022, repr\u00e9sentant ainsi 42 % du parc z\u00e9ro \u00e9mission canadien. Le sondage confirme que l\u2019ensemble des inqui\u00e9tudes reli\u00e9es \u00e0 ce type de v\u00e9hicule diminuent drastiquement apr\u00e8s l\u2019achat.<\/p>\n<p>Le Qu\u00e9bec dispose d\u2019un r\u00e9seau g\u00e9n\u00e9reux de bornes de recharge publiques. D\u2019ailleurs, le gouvernement a annonc\u00e9 vouloir le bonifier en y injectant un investissement de 60 millions de dollars, ce qui repr\u00e9sente un ajout de 367 nouvelles bornes dans l\u2019ensemble de la province. Cette optimisation compl\u00e8tera les subventions allou\u00e9es \u00e0 l\u2019achat de VE, toutes des mesures incitant les Qu\u00e9b\u00e9cois \u00e0 faire le saut vers l\u2019\u00e9lectromobilit\u00e9.<\/p>\n<h3>\nL\u2019essayer c\u2019est l\u2019adopter<\/h3>\n<p>\nAutonomie, performance lors des grands froids et d\u00e9gradation de la batterie sont des sources d\u2019inqui\u00e9tude fr\u00e9quentes qui deviennent marginales une fois le v\u00e9hicule \u00e9lectrique acquis. Si la disponibilit\u00e9 des bornes lors des longs trajets demeure un irritant pour le tiers des Canadiens, c\u2019est toutefois au Qu\u00e9bec qu\u2019on trouve les \u00e9lectromobilistes les plus confiants : 68 % d\u2019entre eux ont r\u00e9pondu ne pas avoir d\u2019inqui\u00e9tudes \u00e0 trouver une borne de recharge rapide dans ces cas. Il est \u00e9galement pertinent de noter que les usagers utilisent les bornes publiques dans 30 % des cas uniquement, la majorit\u00e9 de la recharge se d\u00e9roulant \u00e0 maison.<\/p>\n<p>\u00a0<\/p>\n<p>Source\u00a0: CAA Qu\u00e9bec<\/p>\n<p>Le texte <a rel=\"nofollow\" href=\"https:\/\/annuelauto.ca\/sondage-les-craintes-reliees-aux-ve-sevaporent-apres-lachat\/\">Sondage : les craintes reli\u00e9es aux VE s\u2019\u00e9vaporent apr\u00e8s l\u2019achat<\/a> provient de <a rel=\"nofollow\" href=\"https:\/\/annuelauto.ca\">L&#8217;annuel de l&#8217;automobile &#8211; Actualit\u00e9 automobile<\/a><\/p>\n<p><\/p>\n","protected":false},"excerpt":{"rendered":"<p>Selon un sondage men\u00e9 par Plugshare pour l\u2019Association canadienne des automobiliste (CAA), 97 % des propri\u00e9taires de v\u00e9hicules \u00e9lectriques (VE) sont si satisfaits de leur v\u00e9hicule qu&#8217;ils n&#8217;h\u00e9siteraient pas \u00e0 en refaire l&#8217;achat. C&#8217;est le principal constat de ce sondage qui s&#8217;est pench\u00e9 sur les inqui\u00e9tudes des \u00e9lectromobilistes avant et apr\u00e8s avoir pris possession de [&hellip;]<\/p>\n","protected":false},"author":8,"featured_media":141998,"comment_status":"close","ping_status":"closed","sticky":false,"template":"","format":"standard","meta":{"_monsterinsights_skip_tracking":false,"_monsterinsights_sitenote_active":false,"_monsterinsights_sitenote_note":"","_monsterinsights_sitenote_category":0,"footnotes":""},"categories":[101],"tags":[],"yoast_head":"<!-- This site is optimized with the Yoast SEO plugin v23.2 - https:\/\/yoast.com\/wordpress\/plugins\/seo\/ -->\n<title>Sondage : les craintes reli\u00e9es aux VE s\u2019\u00e9vaporent apr\u00e8s l\u2019achat - CanadaMotorJobs.com<\/title>\n<meta name=\"description\" content=\"Sondage : les craintes reli\u00e9es aux VE s\u2019\u00e9vaporent apr\u00e8s l\u2019achat - Benoit Charette - Annuel automobile - CanadaMotorJobs.com.\" \/>\n<meta name=\"robots\" content=\"index, follow, max-snippet:-1, max-image-preview:large, max-video-preview:-1\" \/>\n<meta property=\"og:locale\" content=\"fr_CA\" \/>\n<meta property=\"og:type\" content=\"article\" \/>\n<meta property=\"og:title\" content=\"Sondage : les craintes reli\u00e9es aux VE s\u2019\u00e9vaporent apr\u00e8s l\u2019achat - CanadaMotorJobs.com\" \/>\n<meta property=\"og:description\" content=\"Sondage : les craintes reli\u00e9es aux VE s\u2019\u00e9vaporent apr\u00e8s l\u2019achat - Benoit Charette - Annuel automobile - CanadaMotorJobs.com.\" \/>\n<meta property=\"og:url\" content=\"https:\/\/news.canadamotorjobs.com\/fr\/sondage-les-craintes-reliees-aux-ve-sevaporent-apres-lachat\/\" \/>\n<meta property=\"og:site_name\" content=\"CanadaMotorJobs.com\" \/>\n<meta property=\"article:publisher\" content=\"https:\/\/www.facebook.com\/canadamotorjobs\/\" \/>\n<meta property=\"article:published_time\" content=\"2023-03-22T14:04:44+00:00\" \/>\n<meta property=\"article:modified_time\" content=\"2023-03-22T14:15:56+00:00\" \/>\n<meta property=\"og:image\" content=\"https:\/\/news.canadamotorjobs.com\/wp-content\/uploads\/2023\/03\/resize.jpg\" \/>\n\t<meta property=\"og:image:width\" content=\"1024\" \/>\n\t<meta property=\"og:image:height\" content=\"769\" \/>\n\t<meta property=\"og:image:type\" content=\"image\/jpeg\" \/>\n<meta name=\"author\" content=\"Benoit Charette\" \/>\n<meta name=\"twitter:card\" content=\"summary_large_image\" \/>\n<meta name=\"twitter:creator\" content=\"@canadamotorjobs\" \/>\n<meta name=\"twitter:site\" content=\"@canadamotorjobs\" \/>\n<meta name=\"twitter:label1\" content=\"\u00c9crit par\" \/>\n\t<meta name=\"twitter:data1\" content=\"Benoit Charette\" \/>\n\t<meta name=\"twitter:label2\" content=\"Estimation du temps de lecture\" \/>\n\t<meta name=\"twitter:data2\" content=\"2 minutes\" \/>\n<!-- \/ Yoast SEO plugin. -->","yoast_head_json":{"title":"Sondage : les craintes reli\u00e9es aux VE s\u2019\u00e9vaporent apr\u00e8s l\u2019achat - CanadaMotorJobs.com","description":"Sondage : les craintes reli\u00e9es aux VE s\u2019\u00e9vaporent apr\u00e8s l\u2019achat - Benoit Charette - Annuel automobile - CanadaMotorJobs.com.","robots":{"index":"index","follow":"follow","max-snippet":"max-snippet:-1","max-image-preview":"max-image-preview:large","max-video-preview":"max-video-preview:-1"},"og_locale":"fr_CA","og_type":"article","og_title":"Sondage : les craintes reli\u00e9es aux VE s\u2019\u00e9vaporent apr\u00e8s l\u2019achat - CanadaMotorJobs.com","og_description":"Sondage : les craintes reli\u00e9es aux VE s\u2019\u00e9vaporent apr\u00e8s l\u2019achat - Benoit Charette - Annuel automobile - CanadaMotorJobs.com.","og_url":"https:\/\/news.canadamotorjobs.com\/fr\/sondage-les-craintes-reliees-aux-ve-sevaporent-apres-lachat\/","og_site_name":"CanadaMotorJobs.com","article_publisher":"https:\/\/www.facebook.com\/canadamotorjobs\/","article_published_time":"2023-03-22T14:04:44+00:00","article_modified_time":"2023-03-22T14:15:56+00:00","og_image":[{"width":1024,"height":769,"url":"https:\/\/news.canadamotorjobs.com\/wp-content\/uploads\/2023\/03\/resize.jpg","type":"image\/jpeg"}],"author":"Benoit Charette","twitter_card":"summary_large_image","twitter_creator":"@canadamotorjobs","twitter_site":"@canadamotorjobs","twitter_misc":{"\u00c9crit par":"Benoit Charette","Estimation du temps de lecture":"2 minutes"},"schema":{"@context":"https:\/\/schema.org","@graph":[{"@type":"Article","@id":"https:\/\/news.canadamotorjobs.com\/fr\/sondage-les-craintes-reliees-aux-ve-sevaporent-apres-lachat\/#article","isPartOf":{"@id":"https:\/\/news.canadamotorjobs.com\/fr\/sondage-les-craintes-reliees-aux-ve-sevaporent-apres-lachat\/"},"author":{"name":"Benoit Charette","@id":"https:\/\/news.canadamotorjobs.com\/#\/schema\/person\/51793d1f87d44011d7bcc2ed99269a90"},"headline":"Sondage : les craintes reli\u00e9es aux VE s\u2019\u00e9vaporent apr\u00e8s l\u2019achat","datePublished":"2023-03-22T14:04:44+00:00","dateModified":"2023-03-22T14:15:56+00:00","mainEntityOfPage":{"@id":"https:\/\/news.canadamotorjobs.com\/fr\/sondage-les-craintes-reliees-aux-ve-sevaporent-apres-lachat\/"},"wordCount":366,"publisher":{"@id":"https:\/\/news.canadamotorjobs.com\/#organization"},"image":{"@id":"https:\/\/news.canadamotorjobs.com\/fr\/sondage-les-craintes-reliees-aux-ve-sevaporent-apres-lachat\/#primaryimage"},"thumbnailUrl":"https:\/\/news.canadamotorjobs.com\/wp-content\/uploads\/2023\/03\/resize.jpg","articleSection":["Annuel automobile"],"inLanguage":"fr-CA"},{"@type":"WebPage","@id":"https:\/\/news.canadamotorjobs.com\/fr\/sondage-les-craintes-reliees-aux-ve-sevaporent-apres-lachat\/","url":"https:\/\/news.canadamotorjobs.com\/fr\/sondage-les-craintes-reliees-aux-ve-sevaporent-apres-lachat\/","name":"Sondage : les craintes reli\u00e9es aux VE s\u2019\u00e9vaporent apr\u00e8s l\u2019achat - CanadaMotorJobs.com","isPartOf":{"@id":"https:\/\/news.canadamotorjobs.com\/#website"},"primaryImageOfPage":{"@id":"https:\/\/news.canadamotorjobs.com\/fr\/sondage-les-craintes-reliees-aux-ve-sevaporent-apres-lachat\/#primaryimage"},"image":{"@id":"https:\/\/news.canadamotorjobs.com\/fr\/sondage-les-craintes-reliees-aux-ve-sevaporent-apres-lachat\/#primaryimage"},"thumbnailUrl":"https:\/\/news.canadamotorjobs.com\/wp-content\/uploads\/2023\/03\/resize.jpg","datePublished":"2023-03-22T14:04:44+00:00","dateModified":"2023-03-22T14:15:56+00:00","description":"Sondage : les craintes reli\u00e9es aux VE s\u2019\u00e9vaporent apr\u00e8s l\u2019achat - Benoit Charette - Annuel automobile - CanadaMotorJobs.com.","breadcrumb":{"@id":"https:\/\/news.canadamotorjobs.com\/fr\/sondage-les-craintes-reliees-aux-ve-sevaporent-apres-lachat\/#breadcrumb"},"inLanguage":"fr-CA","potentialAction":[{"@type":"ReadAction","target":["https:\/\/news.canadamotorjobs.com\/fr\/sondage-les-craintes-reliees-aux-ve-sevaporent-apres-lachat\/"]}]},{"@type":"ImageObject","inLanguage":"fr-CA","@id":"https:\/\/news.canadamotorjobs.com\/fr\/sondage-les-craintes-reliees-aux-ve-sevaporent-apres-lachat\/#primaryimage","url":"https:\/\/news.canadamotorjobs.com\/wp-content\/uploads\/2023\/03\/resize.jpg","contentUrl":"https:\/\/news.canadamotorjobs.com\/wp-content\/uploads\/2023\/03\/resize.jpg","width":1024,"height":769},{"@type":"BreadcrumbList","@id":"https:\/\/news.canadamotorjobs.com\/fr\/sondage-les-craintes-reliees-aux-ve-sevaporent-apres-lachat\/#breadcrumb","itemListElement":[{"@type":"ListItem","position":1,"name":"Home","item":"https:\/\/news.canadamotorjobs.com\/fr\/blog\/"},{"@type":"ListItem","position":2,"name":"Sondage : les craintes reli\u00e9es aux VE s\u2019\u00e9vaporent apr\u00e8s l\u2019achat"}]},{"@type":"WebSite","@id":"https:\/\/news.canadamotorjobs.com\/#website","url":"https:\/\/news.canadamotorjobs.com\/","name":"CanadaMotorJobs.com","description":"Automotive Jobs","publisher":{"@id":"https:\/\/news.canadamotorjobs.com\/#organization"},"potentialAction":[{"@type":"SearchAction","target":{"@type":"EntryPoint","urlTemplate":"https:\/\/news.canadamotorjobs.com\/?s={search_term_string}"},"query-input":"required name=search_term_string"}],"inLanguage":"fr-CA"},{"@type":"Organization","@id":"https:\/\/news.canadamotorjobs.com\/#organization","name":"Canada Motor Jobs","url":"https:\/\/news.canadamotorjobs.com\/","logo":{"@type":"ImageObject","inLanguage":"fr-CA","@id":"https:\/\/news.canadamotorjobs.com\/#\/schema\/logo\/image\/","url":"https:\/\/news.canadamotorjobs.com\/wp-content\/uploads\/2022\/10\/logo-canada-motor-jobs-1.png","contentUrl":"https:\/\/news.canadamotorjobs.com\/wp-content\/uploads\/2022\/10\/logo-canada-motor-jobs-1.png","width":800,"height":400,"caption":"Canada Motor Jobs"},"image":{"@id":"https:\/\/news.canadamotorjobs.com\/#\/schema\/logo\/image\/"},"sameAs":["https:\/\/www.facebook.com\/canadamotorjobs\/","https:\/\/x.com\/canadamotorjobs","https:\/\/www.instagram.com\/canadamotorjobs\/","https:\/\/www.linkedin.com\/company\/canadamotorjobs"]},{"@type":"Person","@id":"https:\/\/news.canadamotorjobs.com\/#\/schema\/person\/51793d1f87d44011d7bcc2ed99269a90","name":"Benoit Charette","image":{"@type":"ImageObject","inLanguage":"fr-CA","@id":"https:\/\/news.canadamotorjobs.com\/#\/schema\/person\/image\/","url":"https:\/\/secure.gravatar.com\/avatar\/45f3d2eebcccd909668d7ce7ea7267b6?s=96&d=mm&r=g","contentUrl":"https:\/\/secure.gravatar.com\/avatar\/45f3d2eebcccd909668d7ce7ea7267b6?s=96&d=mm&r=g","caption":"Benoit Charette"},"description":"Benoit Charette \/ Propri\u00e9taire et r\u00e9dacteur en chef Benoit Charette pratique le journalisme automobile depuis bient\u00f4t 30 ans. Il a fait ses classes au c\u00f4t\u00e9 de Daniel H\u00e9raud et au Carnet de route de 1992 \u00e0 2001. Il est fondateur, copropri\u00e9taire et r\u00e9dacteur en chef de L\u2019Annuel de l\u2019automobile, qu\u2019il publie depuis 2001. Il a anim\u00e9 les \u00e9missions RPM et RPM+ sur V et les L\u00e9gendes de la route sur Historia. \u00c0 la radio depuis 1986, il reprend l\u2019antenne cette ann\u00e9e sur les ondes de Cogeco et participe pour la deuxi\u00e8me ann\u00e9e \u00e0 l\u2019\u00e9mission Passion Auto sur RDS en plus de mettre en ligne le site Web officiel de L\u2019Annuel de l\u2019automobile sur annuelauto.ca.","sameAs":["https:\/\/annuelauto.ca\/"],"url":"https:\/\/news.canadamotorjobs.com\/fr\/author\/benoit-charette\/"}]}},"_links":{"self":[{"href":"https:\/\/news.canadamotorjobs.com\/fr\/wp-json\/wp\/v2\/posts\/141996"}],"collection":[{"href":"https:\/\/news.canadamotorjobs.com\/fr\/wp-json\/wp\/v2\/posts"}],"about":[{"href":"https:\/\/news.canadamotorjobs.com\/fr\/wp-json\/wp\/v2\/types\/post"}],"author":[{"embeddable":true,"href":"https:\/\/news.canadamotorjobs.com\/fr\/wp-json\/wp\/v2\/users\/8"}],"replies":[{"embeddable":true,"href":"https:\/\/news.canadamotorjobs.com\/fr\/wp-json\/wp\/v2\/comments?post=141996"}],"version-history":[{"count":2,"href":"https:\/\/news.canadamotorjobs.com\/fr\/wp-json\/wp\/v2\/posts\/141996\/revisions"}],"predecessor-version":[{"id":142000,"href":"https:\/\/news.canadamotorjobs.com\/fr\/wp-json\/wp\/v2\/posts\/141996\/revisions\/142000"}],"wp:featuredmedia":[{"embeddable":true,"href":"https:\/\/news.canadamotorjobs.com\/fr\/wp-json\/wp\/v2\/media\/141998"}],"wp:attachment":[{"href":"https:\/\/news.canadamotorjobs.com\/fr\/wp-json\/wp\/v2\/media?parent=141996"}],"wp:term":[{"taxonomy":"category","embeddable":true,"href":"https:\/\/news.canadamotorjobs.com\/fr\/wp-json\/wp\/v2\/categories?post=141996"},{"taxonomy":"post_tag","embeddable":true,"href":"https:\/\/news.canadamotorjobs.com\/fr\/wp-json\/wp\/v2\/tags?post=141996"}],"curies":[{"name":"wp","href":"https:\/\/api.w.org\/{rel}","templated":true}]}}