{"id":141869,"date":"2023-03-20T20:52:42","date_gmt":"2023-03-21T00:52:42","guid":{"rendered":"https:\/\/news.canadamotorjobs.com\/?p=141869"},"modified":"2023-03-20T20:59:33","modified_gmt":"2023-03-21T00:59:33","slug":"toyota-presente-sa-plus-recente-monoplace-electrique-la-cwalk-s","status":"publish","type":"post","link":"https:\/\/news.canadamotorjobs.com\/fr\/toyota-presente-sa-plus-recente-monoplace-electrique-la-cwalk-s\/","title":{"rendered":"Toyota pr\u00e9sente sa plus r\u00e9cente monoplace \u00e9lectrique\u00a0: la C+walk\u00a0S"},"content":{"rendered":"<\/p>\n<p>Voici la plus r\u00e9cente nouveaut\u00e9 de <a href=\"https:\/\/annuelauto.ca\/toyota-va-construite-plus-de-gr-corolla-pour-repondre-a-la-demande\/\" target=\"_blank\" rel=\"noopener noreferrer\">Toyota<\/a>\u00a0: la C+walk\u00a0S, une monoplace \u00e9lectrique capable d\u2019atteindre&#8230; 6\u00a0km\/h sur le plat. De quoi d\u00e9coiffer son pilote\u00a0! Farce \u00e0 part, cette trottinette qui a \u00e9t\u00e9 lanc\u00e9e aujourd\u2019hui au Japon s\u2019ajoute \u00e0 la gamme grandissante d\u2019appareils de mobilit\u00e9 pour adultes du constructeur nippon.<\/p>\n<p>Depuis longtemps, Toyota propose \u00e0 sa client\u00e8le japonaise une vari\u00e9t\u00e9 de v\u00e9hicules dans le cadre d\u2019une philosophie de \u00ab\u00a0mobilit\u00e9 pour tous\u00a0\u00bb. Ainsi, on retrouve dans le catalogue de la marque de nombreux mod\u00e8les d\u2019autos et de camionnettes construites dans ses ateliers pour les personnes qui se d\u00e9placent en fauteuils roulants.<\/p>\n<p>Le vieillissement de la population japonaise a toutefois pouss\u00e9 le constructeur \u00e0 d\u00e9velopper une gamme de petits appareils destin\u00e9s \u00e0 favoriser la mobilit\u00e9 des personnes affect\u00e9es par divers <a href=\"https:\/\/annuelauto.ca\/hyundai-met-a-lessai-des-robots-livreurs-qui-ressemblent-a-r2d2-en-coree-du-sud\/\" target=\"_blank\" rel=\"noopener noreferrer\">handicaps physiques<\/a> et des personnes \u00e2g\u00e9es. Le C+walk S est de ceux-l\u00e0.<\/p>\n<p>Avec cette trottinette, Toyota cible des personnes capables de marcher seules, mais qui ont de la difficult\u00e9 \u00e0 le faire sur de longues distances et longtemps.<\/p>\n<p>Ce v\u00e9hicule \u00e0 trois roues peut se d\u00e9placer sur les trottoirs. Con\u00e7u pour \u00eatre confortable, il permet \u00e0 son utilisateur de se mouvoir \u00e0 des vitesses typiques des marcheurs. On facilite ainsi la communication avec quelqu\u2019un tout en se d\u00e9pla\u00e7ant c\u00f4te \u00e0 c\u00f4te.<\/p>\n<p>On trouve deux manettes de part et d\u2019autre du guidon ergonomique. Elles servent \u00e0 acc\u00e9l\u00e9rer, ralentir et freiner de la m\u00eame mani\u00e8re que le syst\u00e8me \u00e9lectronique de p\u00e9dale d\u2019acc\u00e9l\u00e9rateur-frein dont sont munis les v\u00e9hicules \u00e9lectriques modernes. Le C+walk\u00a0S a aussi une marche arri\u00e8re actionn\u00e9e par un bouton-pression.<\/p>\n<p>En outre, le C+walk\u00a0S est muni d\u2019un dispositif d\u2019aide \u00e0 la conduite d\u00e9tectant les obstacles. Cela contribue \u00e0 \u00e9viter les collisions avec des objets fixes ou mobiles.<\/p>\n<p>Selon Toyota, les moteurs \u00e9lectriques int\u00e9gr\u00e9s aux deux roues arri\u00e8re facilitent les d\u00e9placements sur une surface bossel\u00e9e ou en pente. Pour \u00e9viter une chute au conducteur, un dispositif de d\u00e9tection du roulis lat\u00e9ral peut aussi ralentir automatiquement le tricycle lors d\u2019un virage dans une pente. Un rayon de braquage de seulement 0,95 m rend le C+walk S facile \u00e0 man\u0153uvrer dans les espaces \u00e9troits et les trois roues sont chauss\u00e9es de pneus increvables.<\/p>\n<p>Enfin, la batterie au lithium-ion de 0,33\u00a0kWh est log\u00e9e au centre du guidon. D\u2019acc\u00e8s facile, elle ne p\u00e8se que 2,5\u00a0kg et permet de parcourir jusqu\u2019\u00e0 12\u00a0km avant de n\u00e9cessiter une recharge, qui dure tout au plus 2,5\u00a0heures.<\/p>\n<p>Au Japon, le C+walk S est en vente chez les concessionnaires Toyota et chez diverses autres entreprises commerciales. Propos\u00e9 avec un choix de couleurs, il est offert \u00e0 partir de 498\u00a0000\u00a0yens (environ 5\u00a0150\u00a0$).<\/p>\n<p><em>Photos : Toyota<\/em><\/p>\n<p>Le texte <a rel=\"nofollow\" href=\"https:\/\/annuelauto.ca\/toyota-presente-sa-plus-recente-monoplace-electrique-la-cwalk-s\/\">Toyota pr\u00e9sente sa plus r\u00e9cente monoplace \u00e9lectrique\u00a0: la C+walk\u00a0S<\/a> provient de <a rel=\"nofollow\" href=\"https:\/\/annuelauto.ca\">L&#8217;annuel de l&#8217;automobile &#8211; Actualit\u00e9 automobile<\/a><\/p>\n<p><\/p>\n","protected":false},"excerpt":{"rendered":"<p>Voici la plus r\u00e9cente nouveaut\u00e9 de Toyota\u00a0: la C+walk\u00a0S, une monoplace \u00e9lectrique capable d\u2019atteindre&#8230; 6\u00a0km\/h sur le plat. De quoi d\u00e9coiffer son pilote\u00a0! Farce \u00e0 part, cette trottinette qui a \u00e9t\u00e9 lanc\u00e9e aujourd\u2019hui au Japon s\u2019ajoute \u00e0 la gamme grandissante d\u2019appareils de mobilit\u00e9 pour adultes du constructeur nippon. Depuis longtemps, Toyota propose \u00e0 sa client\u00e8le [&hellip;]<\/p>\n","protected":false},"author":8,"featured_media":141871,"comment_status":"close","ping_status":"closed","sticky":false,"template":"","format":"standard","meta":{"_monsterinsights_skip_tracking":false,"_monsterinsights_sitenote_active":false,"_monsterinsights_sitenote_note":"","_monsterinsights_sitenote_category":0,"footnotes":""},"categories":[101],"tags":[],"yoast_head":"<!-- This site is optimized with the Yoast SEO plugin v23.2 - https:\/\/yoast.com\/wordpress\/plugins\/seo\/ -->\n<title>Toyota pr\u00e9sente sa plus r\u00e9cente monoplace \u00e9lectrique\u00a0: la C+walk\u00a0S - CanadaMotorJobs.com<\/title>\n<meta name=\"description\" content=\"Toyota pr\u00e9sente sa plus r\u00e9cente monoplace \u00e9lectrique\u00a0: la C+walk\u00a0S - Benoit Charette - Annuel automobile - CanadaMotorJobs.com.\" \/>\n<meta name=\"robots\" content=\"index, follow, max-snippet:-1, max-image-preview:large, max-video-preview:-1\" \/>\n<meta property=\"og:locale\" content=\"fr_CA\" \/>\n<meta property=\"og:type\" content=\"article\" \/>\n<meta property=\"og:title\" content=\"Toyota pr\u00e9sente sa plus r\u00e9cente monoplace \u00e9lectrique\u00a0: la C+walk\u00a0S - CanadaMotorJobs.com\" \/>\n<meta property=\"og:description\" content=\"Toyota pr\u00e9sente sa plus r\u00e9cente monoplace \u00e9lectrique\u00a0: la C+walk\u00a0S - Benoit Charette - Annuel automobile - CanadaMotorJobs.com.\" \/>\n<meta property=\"og:url\" content=\"https:\/\/news.canadamotorjobs.com\/fr\/toyota-presente-sa-plus-recente-monoplace-electrique-la-cwalk-s\/\" \/>\n<meta property=\"og:site_name\" content=\"CanadaMotorJobs.com\" \/>\n<meta property=\"article:publisher\" content=\"https:\/\/www.facebook.com\/canadamotorjobs\/\" \/>\n<meta property=\"article:published_time\" content=\"2023-03-21T00:52:42+00:00\" \/>\n<meta property=\"article:modified_time\" content=\"2023-03-21T00:59:33+00:00\" \/>\n<meta property=\"og:image\" content=\"https:\/\/news.canadamotorjobs.com\/wp-content\/uploads\/2023\/03\/Toyota-Cwalk-S-2023-1.jpg\" \/>\n\t<meta property=\"og:image:width\" content=\"1500\" \/>\n\t<meta property=\"og:image:height\" content=\"1000\" \/>\n\t<meta property=\"og:image:type\" content=\"image\/jpeg\" \/>\n<meta name=\"author\" content=\"Benoit Charette\" \/>\n<meta name=\"twitter:card\" content=\"summary_large_image\" \/>\n<meta name=\"twitter:creator\" content=\"@canadamotorjobs\" \/>\n<meta name=\"twitter:site\" content=\"@canadamotorjobs\" \/>\n<meta name=\"twitter:label1\" content=\"\u00c9crit par\" \/>\n\t<meta name=\"twitter:data1\" content=\"Benoit Charette\" \/>\n\t<meta name=\"twitter:label2\" content=\"Estimation du temps de lecture\" \/>\n\t<meta name=\"twitter:data2\" content=\"2 minutes\" \/>\n<!-- \/ Yoast SEO plugin. -->","yoast_head_json":{"title":"Toyota pr\u00e9sente sa plus r\u00e9cente monoplace \u00e9lectrique\u00a0: la C+walk\u00a0S - CanadaMotorJobs.com","description":"Toyota pr\u00e9sente sa plus r\u00e9cente monoplace \u00e9lectrique\u00a0: la C+walk\u00a0S - Benoit Charette - Annuel automobile - CanadaMotorJobs.com.","robots":{"index":"index","follow":"follow","max-snippet":"max-snippet:-1","max-image-preview":"max-image-preview:large","max-video-preview":"max-video-preview:-1"},"og_locale":"fr_CA","og_type":"article","og_title":"Toyota pr\u00e9sente sa plus r\u00e9cente monoplace \u00e9lectrique\u00a0: la C+walk\u00a0S - CanadaMotorJobs.com","og_description":"Toyota pr\u00e9sente sa plus r\u00e9cente monoplace \u00e9lectrique\u00a0: la C+walk\u00a0S - Benoit Charette - Annuel automobile - CanadaMotorJobs.com.","og_url":"https:\/\/news.canadamotorjobs.com\/fr\/toyota-presente-sa-plus-recente-monoplace-electrique-la-cwalk-s\/","og_site_name":"CanadaMotorJobs.com","article_publisher":"https:\/\/www.facebook.com\/canadamotorjobs\/","article_published_time":"2023-03-21T00:52:42+00:00","article_modified_time":"2023-03-21T00:59:33+00:00","og_image":[{"width":1500,"height":1000,"url":"https:\/\/news.canadamotorjobs.com\/wp-content\/uploads\/2023\/03\/Toyota-Cwalk-S-2023-1.jpg","type":"image\/jpeg"}],"author":"Benoit Charette","twitter_card":"summary_large_image","twitter_creator":"@canadamotorjobs","twitter_site":"@canadamotorjobs","twitter_misc":{"\u00c9crit par":"Benoit Charette","Estimation du temps de lecture":"2 minutes"},"schema":{"@context":"https:\/\/schema.org","@graph":[{"@type":"Article","@id":"https:\/\/news.canadamotorjobs.com\/fr\/toyota-presente-sa-plus-recente-monoplace-electrique-la-cwalk-s\/#article","isPartOf":{"@id":"https:\/\/news.canadamotorjobs.com\/fr\/toyota-presente-sa-plus-recente-monoplace-electrique-la-cwalk-s\/"},"author":{"name":"Benoit Charette","@id":"https:\/\/news.canadamotorjobs.com\/#\/schema\/person\/51793d1f87d44011d7bcc2ed99269a90"},"headline":"Toyota pr\u00e9sente sa plus r\u00e9cente monoplace \u00e9lectrique\u00a0: la C+walk\u00a0S","datePublished":"2023-03-21T00:52:42+00:00","dateModified":"2023-03-21T00:59:33+00:00","mainEntityOfPage":{"@id":"https:\/\/news.canadamotorjobs.com\/fr\/toyota-presente-sa-plus-recente-monoplace-electrique-la-cwalk-s\/"},"wordCount":514,"publisher":{"@id":"https:\/\/news.canadamotorjobs.com\/#organization"},"image":{"@id":"https:\/\/news.canadamotorjobs.com\/fr\/toyota-presente-sa-plus-recente-monoplace-electrique-la-cwalk-s\/#primaryimage"},"thumbnailUrl":"https:\/\/news.canadamotorjobs.com\/wp-content\/uploads\/2023\/03\/Toyota-Cwalk-S-2023-1.jpg","articleSection":["Annuel automobile"],"inLanguage":"fr-CA"},{"@type":"WebPage","@id":"https:\/\/news.canadamotorjobs.com\/fr\/toyota-presente-sa-plus-recente-monoplace-electrique-la-cwalk-s\/","url":"https:\/\/news.canadamotorjobs.com\/fr\/toyota-presente-sa-plus-recente-monoplace-electrique-la-cwalk-s\/","name":"Toyota pr\u00e9sente sa plus r\u00e9cente monoplace \u00e9lectrique\u00a0: la C+walk\u00a0S - CanadaMotorJobs.com","isPartOf":{"@id":"https:\/\/news.canadamotorjobs.com\/#website"},"primaryImageOfPage":{"@id":"https:\/\/news.canadamotorjobs.com\/fr\/toyota-presente-sa-plus-recente-monoplace-electrique-la-cwalk-s\/#primaryimage"},"image":{"@id":"https:\/\/news.canadamotorjobs.com\/fr\/toyota-presente-sa-plus-recente-monoplace-electrique-la-cwalk-s\/#primaryimage"},"thumbnailUrl":"https:\/\/news.canadamotorjobs.com\/wp-content\/uploads\/2023\/03\/Toyota-Cwalk-S-2023-1.jpg","datePublished":"2023-03-21T00:52:42+00:00","dateModified":"2023-03-21T00:59:33+00:00","description":"Toyota pr\u00e9sente sa plus r\u00e9cente monoplace \u00e9lectrique\u00a0: la C+walk\u00a0S - Benoit Charette - Annuel automobile - CanadaMotorJobs.com.","breadcrumb":{"@id":"https:\/\/news.canadamotorjobs.com\/fr\/toyota-presente-sa-plus-recente-monoplace-electrique-la-cwalk-s\/#breadcrumb"},"inLanguage":"fr-CA","potentialAction":[{"@type":"ReadAction","target":["https:\/\/news.canadamotorjobs.com\/fr\/toyota-presente-sa-plus-recente-monoplace-electrique-la-cwalk-s\/"]}]},{"@type":"ImageObject","inLanguage":"fr-CA","@id":"https:\/\/news.canadamotorjobs.com\/fr\/toyota-presente-sa-plus-recente-monoplace-electrique-la-cwalk-s\/#primaryimage","url":"https:\/\/news.canadamotorjobs.com\/wp-content\/uploads\/2023\/03\/Toyota-Cwalk-S-2023-1.jpg","contentUrl":"https:\/\/news.canadamotorjobs.com\/wp-content\/uploads\/2023\/03\/Toyota-Cwalk-S-2023-1.jpg","width":1500,"height":1000},{"@type":"BreadcrumbList","@id":"https:\/\/news.canadamotorjobs.com\/fr\/toyota-presente-sa-plus-recente-monoplace-electrique-la-cwalk-s\/#breadcrumb","itemListElement":[{"@type":"ListItem","position":1,"name":"Home","item":"https:\/\/news.canadamotorjobs.com\/fr\/blog\/"},{"@type":"ListItem","position":2,"name":"Toyota pr\u00e9sente sa plus r\u00e9cente monoplace \u00e9lectrique\u00a0: la C+walk\u00a0S"}]},{"@type":"WebSite","@id":"https:\/\/news.canadamotorjobs.com\/#website","url":"https:\/\/news.canadamotorjobs.com\/","name":"CanadaMotorJobs.com","description":"Automotive Jobs","publisher":{"@id":"https:\/\/news.canadamotorjobs.com\/#organization"},"potentialAction":[{"@type":"SearchAction","target":{"@type":"EntryPoint","urlTemplate":"https:\/\/news.canadamotorjobs.com\/?s={search_term_string}"},"query-input":"required name=search_term_string"}],"inLanguage":"fr-CA"},{"@type":"Organization","@id":"https:\/\/news.canadamotorjobs.com\/#organization","name":"Canada Motor Jobs","url":"https:\/\/news.canadamotorjobs.com\/","logo":{"@type":"ImageObject","inLanguage":"fr-CA","@id":"https:\/\/news.canadamotorjobs.com\/#\/schema\/logo\/image\/","url":"https:\/\/news.canadamotorjobs.com\/wp-content\/uploads\/2022\/10\/logo-canada-motor-jobs-1.png","contentUrl":"https:\/\/news.canadamotorjobs.com\/wp-content\/uploads\/2022\/10\/logo-canada-motor-jobs-1.png","width":800,"height":400,"caption":"Canada Motor Jobs"},"image":{"@id":"https:\/\/news.canadamotorjobs.com\/#\/schema\/logo\/image\/"},"sameAs":["https:\/\/www.facebook.com\/canadamotorjobs\/","https:\/\/x.com\/canadamotorjobs","https:\/\/www.instagram.com\/canadamotorjobs\/","https:\/\/www.linkedin.com\/company\/canadamotorjobs"]},{"@type":"Person","@id":"https:\/\/news.canadamotorjobs.com\/#\/schema\/person\/51793d1f87d44011d7bcc2ed99269a90","name":"Benoit Charette","image":{"@type":"ImageObject","inLanguage":"fr-CA","@id":"https:\/\/news.canadamotorjobs.com\/#\/schema\/person\/image\/","url":"https:\/\/secure.gravatar.com\/avatar\/45f3d2eebcccd909668d7ce7ea7267b6?s=96&d=mm&r=g","contentUrl":"https:\/\/secure.gravatar.com\/avatar\/45f3d2eebcccd909668d7ce7ea7267b6?s=96&d=mm&r=g","caption":"Benoit Charette"},"description":"Benoit Charette \/ Propri\u00e9taire et r\u00e9dacteur en chef Benoit Charette pratique le journalisme automobile depuis bient\u00f4t 30 ans. Il a fait ses classes au c\u00f4t\u00e9 de Daniel H\u00e9raud et au Carnet de route de 1992 \u00e0 2001. Il est fondateur, copropri\u00e9taire et r\u00e9dacteur en chef de L\u2019Annuel de l\u2019automobile, qu\u2019il publie depuis 2001. Il a anim\u00e9 les \u00e9missions RPM et RPM+ sur V et les L\u00e9gendes de la route sur Historia. \u00c0 la radio depuis 1986, il reprend l\u2019antenne cette ann\u00e9e sur les ondes de Cogeco et participe pour la deuxi\u00e8me ann\u00e9e \u00e0 l\u2019\u00e9mission Passion Auto sur RDS en plus de mettre en ligne le site Web officiel de L\u2019Annuel de l\u2019automobile sur annuelauto.ca.","sameAs":["https:\/\/annuelauto.ca\/"],"url":"https:\/\/news.canadamotorjobs.com\/fr\/author\/benoit-charette\/"}]}},"_links":{"self":[{"href":"https:\/\/news.canadamotorjobs.com\/fr\/wp-json\/wp\/v2\/posts\/141869"}],"collection":[{"href":"https:\/\/news.canadamotorjobs.com\/fr\/wp-json\/wp\/v2\/posts"}],"about":[{"href":"https:\/\/news.canadamotorjobs.com\/fr\/wp-json\/wp\/v2\/types\/post"}],"author":[{"embeddable":true,"href":"https:\/\/news.canadamotorjobs.com\/fr\/wp-json\/wp\/v2\/users\/8"}],"replies":[{"embeddable":true,"href":"https:\/\/news.canadamotorjobs.com\/fr\/wp-json\/wp\/v2\/comments?post=141869"}],"version-history":[{"count":2,"href":"https:\/\/news.canadamotorjobs.com\/fr\/wp-json\/wp\/v2\/posts\/141869\/revisions"}],"predecessor-version":[{"id":141873,"href":"https:\/\/news.canadamotorjobs.com\/fr\/wp-json\/wp\/v2\/posts\/141869\/revisions\/141873"}],"wp:featuredmedia":[{"embeddable":true,"href":"https:\/\/news.canadamotorjobs.com\/fr\/wp-json\/wp\/v2\/media\/141871"}],"wp:attachment":[{"href":"https:\/\/news.canadamotorjobs.com\/fr\/wp-json\/wp\/v2\/media?parent=141869"}],"wp:term":[{"taxonomy":"category","embeddable":true,"href":"https:\/\/news.canadamotorjobs.com\/fr\/wp-json\/wp\/v2\/categories?post=141869"},{"taxonomy":"post_tag","embeddable":true,"href":"https:\/\/news.canadamotorjobs.com\/fr\/wp-json\/wp\/v2\/tags?post=141869"}],"curies":[{"name":"wp","href":"https:\/\/api.w.org\/{rel}","templated":true}]}}