{"id":141846,"date":"2023-03-20T09:48:22","date_gmt":"2023-03-20T13:48:22","guid":{"rendered":"https:\/\/news.canadamotorjobs.com\/?p=141846"},"modified":"2023-03-20T10:00:19","modified_gmt":"2023-03-20T14:00:19","slug":"turquie-togg-lance-le-t10x-son-premier-modele-de-serie","status":"publish","type":"post","link":"https:\/\/news.canadamotorjobs.com\/fr\/turquie-togg-lance-le-t10x-son-premier-modele-de-serie\/","title":{"rendered":"Turquie\u00a0: Togg lance le T10X, son premier mod\u00e8le de s\u00e9rie"},"content":{"rendered":"<\/p>\n<p>Un carnet de commandes est d\u00e9sormais ouvert pour le <a href=\"https:\/\/annuelauto.ca\/la-nouvelle-marque-togg-un-pari-de-3-milliards-de-dollars-de-la-turquie\/\" target=\"_blank\" rel=\"noopener noreferrer\">Togg<\/a> T10X, le premier mod\u00e8le de s\u00e9rie du nouveau constructeur national turc. Les livraisons de cet utilitaire doivent commencer dans ce pays \u00e0 la fin de mars\u00a02023, alors que les exportations vers certains march\u00e9s d&#8217;Europe occidentale devraient d\u00e9buter d&#8217;ici la fin de l&#8217;ann\u00e9e prochaine, affirme le constructeur dans un communiqu\u00e9 publi\u00e9 ces derniers jours.<\/p>\n<p>D\u00e9voil\u00e9 en 2019 sous la forme d\u2019un concept appel\u00e9 C-SUV, le T10X reprend l\u2019essentiel des formes esquiss\u00e9es \u00e0 l\u2019\u00e9poque par les designers de Pininfarina. D\u2019allure massive, le mod\u00e8le de s\u00e9rie de ce nouveau <a href=\"https:\/\/annuelauto.ca\/hyundai-auto-canada-annonce-le-prix-de-la-ioniq-6-2023\/\" target=\"_blank\" rel=\"noopener noreferrer\">v\u00e9hicule \u00e9lectrique<\/a> a des dimensions proches de celles d\u2019un Tesla Mod\u00e8le Y. Leurs ch\u00e2ssis ont le m\u00eame empattement \u00e0 une dizaine de millim\u00e8tres pr\u00e8s. De plus, le Togg est tout juste 52 mm plus haut, 152 mm plus court et 29 mm plus \u00e9troit (r\u00e9troviseurs inclus).<\/p>\n<p>La version \u00e0 propulsion, qui est la premi\u00e8re \u00e0 \u00eatre offerte, a une motorisation de 160\u00a0kW (218\u00a0ch). Elle peut \u00eatre jumel\u00e9e \u00e0 une batterie de 52,4\u00a0kWh donnant une autonomie de 314\u00a0km selon les normes mondiales WLTP (pour <em>Worldwide harmonised Light vehicles Test Procedure<\/em>). Une batterie de 88,5\u00a0kWh permettant de parcourir jusqu\u2019\u00e0 523\u00a0km figure aussi au catalogue. Dans les deux cas, la consommation moyenne fr\u00f4le les 17\u00a0kWh\/100\u00a0km.<\/p>\n<p>Il faut admettre que ce V\u00c9 n\u2019est pas donn\u00e9. Le mod\u00e8le d\u2019entr\u00e9e de gamme \u00e0 deux roues motrices est offert \u00e0 partir de 953 000 livres turques, soit pr\u00e8s de 70 000 $. Une version \u00e0 traction int\u00e9grale plus puissante (et plus ch\u00e8re) sera propos\u00e9e en Turquie \u00e0 la fin d\u2019octobre 2023.<\/p>\n<p>Rappelons que cette nouvelle marque a \u00e9t\u00e9 cr\u00e9\u00e9e en 2018 \u00e0 l\u2019initiative du gouvernement de Recep Tayyip Erdo\u011fan. L\u2019objectif de cette entreprise est d\u2019engendrer une marque nationale exploitant \u00ab\u00a0la propri\u00e9t\u00e9 intellectuelle et industrielle turque pour d\u00e9velopper un nouvel \u00e9cosyst\u00e8me de mobilit\u00e9 transformationnel\u00a0\u00bb.<\/p>\n<p>Elle est issue d\u2019un partenariat r\u00e9unissant cinq grandes entreprises locales\u00a0: des \u00e9quipementiers et des assembleurs produisant en partenariat des v\u00e9hicules de certaines grandes marques, d\u2019o\u00f9 le nom Togg, acronyme de <em>T\u00fcrkiye&#8217;nin Otomobili Giri\u015fim Grubu<\/em> (Groupe d&#8217;entreprises automobiles de Turquie).<\/p>\n<p>Les v\u00e9hicules de cette marque seront assembl\u00e9s dans une usine construite \u00e0 Gemlik, une importante ville portuaire situ\u00e9e \u00e0 125\u00a0km au sud d\u2019Istanbul, la capitale. Dot\u00e9e d\u2019une capacit\u00e9 de production annuelle de 175\u00a0000 v\u00e9hicules, elle est voisine d\u2019une autre usine construite par la soci\u00e9t\u00e9 chinoise Siro, qui a \u00e9t\u00e9 invit\u00e9e \u00e0 co\u00fbt de subsides \u00e0 s\u2019\u00e9tablir en Turquie par le gouvernement Erdo\u011fan afin de produire localement des batteries au lithium-ion.<\/p>\n<p>Jusqu\u2019ici, ce constructeur n\u2019a pas \u00e9voqu\u00e9 d\u2019intention de commercialiser ses produits en Am\u00e9rique du Nord.<\/p>\n<p><em>Photos : Togg<\/em><\/p>\n<p>Le texte <a rel=\"nofollow\" href=\"https:\/\/annuelauto.ca\/turquie-togg-lance-le-t10x-son-premier-modele-de-serie\/\">Turquie\u00a0: Togg lance le T10X, son premier mod\u00e8le de s\u00e9rie<\/a> provient de <a rel=\"nofollow\" href=\"https:\/\/annuelauto.ca\">L&#8217;annuel de l&#8217;automobile &#8211; Actualit\u00e9 automobile<\/a><\/p>\n<p><\/p>\n","protected":false},"excerpt":{"rendered":"<p>Un carnet de commandes est d\u00e9sormais ouvert pour le Togg T10X, le premier mod\u00e8le de s\u00e9rie du nouveau constructeur national turc. Les livraisons de cet utilitaire doivent commencer dans ce pays \u00e0 la fin de mars\u00a02023, alors que les exportations vers certains march\u00e9s d&#8217;Europe occidentale devraient d\u00e9buter d&#8217;ici la fin de l&#8217;ann\u00e9e prochaine, affirme le [&hellip;]<\/p>\n","protected":false},"author":8,"featured_media":141848,"comment_status":"close","ping_status":"closed","sticky":false,"template":"","format":"standard","meta":{"_monsterinsights_skip_tracking":false,"_monsterinsights_sitenote_active":false,"_monsterinsights_sitenote_note":"","_monsterinsights_sitenote_category":0,"footnotes":""},"categories":[101],"tags":[],"yoast_head":"<!-- This site is optimized with the Yoast SEO plugin v23.2 - https:\/\/yoast.com\/wordpress\/plugins\/seo\/ -->\n<title>Turquie\u00a0: Togg lance le T10X, son premier mod\u00e8le de s\u00e9rie - CanadaMotorJobs.com<\/title>\n<meta name=\"description\" content=\"Turquie\u00a0: Togg lance le T10X, son premier mod\u00e8le de s\u00e9rie - Benoit Charette - Annuel automobile - CanadaMotorJobs.com.\" \/>\n<meta name=\"robots\" content=\"index, follow, max-snippet:-1, max-image-preview:large, max-video-preview:-1\" \/>\n<meta property=\"og:locale\" content=\"fr_CA\" \/>\n<meta property=\"og:type\" content=\"article\" \/>\n<meta property=\"og:title\" content=\"Turquie\u00a0: Togg lance le T10X, son premier mod\u00e8le de s\u00e9rie - CanadaMotorJobs.com\" \/>\n<meta property=\"og:description\" content=\"Turquie\u00a0: Togg lance le T10X, son premier mod\u00e8le de s\u00e9rie - Benoit Charette - Annuel automobile - CanadaMotorJobs.com.\" \/>\n<meta property=\"og:url\" content=\"https:\/\/news.canadamotorjobs.com\/fr\/turquie-togg-lance-le-t10x-son-premier-modele-de-serie\/\" \/>\n<meta property=\"og:site_name\" content=\"CanadaMotorJobs.com\" \/>\n<meta property=\"article:publisher\" content=\"https:\/\/www.facebook.com\/canadamotorjobs\/\" \/>\n<meta property=\"article:published_time\" content=\"2023-03-20T13:48:22+00:00\" \/>\n<meta property=\"article:modified_time\" content=\"2023-03-20T14:00:19+00:00\" \/>\n<meta property=\"og:image\" content=\"https:\/\/news.canadamotorjobs.com\/wp-content\/uploads\/2023\/03\/Togg-T10X-8.jpg\" \/>\n\t<meta property=\"og:image:width\" content=\"1500\" \/>\n\t<meta property=\"og:image:height\" content=\"1000\" \/>\n\t<meta property=\"og:image:type\" content=\"image\/jpeg\" \/>\n<meta name=\"author\" content=\"Benoit Charette\" \/>\n<meta name=\"twitter:card\" content=\"summary_large_image\" \/>\n<meta name=\"twitter:creator\" content=\"@canadamotorjobs\" \/>\n<meta name=\"twitter:site\" content=\"@canadamotorjobs\" \/>\n<meta name=\"twitter:label1\" content=\"\u00c9crit par\" \/>\n\t<meta name=\"twitter:data1\" content=\"Benoit Charette\" \/>\n\t<meta name=\"twitter:label2\" content=\"Estimation du temps de lecture\" \/>\n\t<meta name=\"twitter:data2\" content=\"2 minutes\" \/>\n<!-- \/ Yoast SEO plugin. -->","yoast_head_json":{"title":"Turquie\u00a0: Togg lance le T10X, son premier mod\u00e8le de s\u00e9rie - CanadaMotorJobs.com","description":"Turquie\u00a0: Togg lance le T10X, son premier mod\u00e8le de s\u00e9rie - Benoit Charette - Annuel automobile - CanadaMotorJobs.com.","robots":{"index":"index","follow":"follow","max-snippet":"max-snippet:-1","max-image-preview":"max-image-preview:large","max-video-preview":"max-video-preview:-1"},"og_locale":"fr_CA","og_type":"article","og_title":"Turquie\u00a0: Togg lance le T10X, son premier mod\u00e8le de s\u00e9rie - CanadaMotorJobs.com","og_description":"Turquie\u00a0: Togg lance le T10X, son premier mod\u00e8le de s\u00e9rie - Benoit Charette - Annuel automobile - CanadaMotorJobs.com.","og_url":"https:\/\/news.canadamotorjobs.com\/fr\/turquie-togg-lance-le-t10x-son-premier-modele-de-serie\/","og_site_name":"CanadaMotorJobs.com","article_publisher":"https:\/\/www.facebook.com\/canadamotorjobs\/","article_published_time":"2023-03-20T13:48:22+00:00","article_modified_time":"2023-03-20T14:00:19+00:00","og_image":[{"width":1500,"height":1000,"url":"https:\/\/news.canadamotorjobs.com\/wp-content\/uploads\/2023\/03\/Togg-T10X-8.jpg","type":"image\/jpeg"}],"author":"Benoit Charette","twitter_card":"summary_large_image","twitter_creator":"@canadamotorjobs","twitter_site":"@canadamotorjobs","twitter_misc":{"\u00c9crit par":"Benoit Charette","Estimation du temps de lecture":"2 minutes"},"schema":{"@context":"https:\/\/schema.org","@graph":[{"@type":"Article","@id":"https:\/\/news.canadamotorjobs.com\/fr\/turquie-togg-lance-le-t10x-son-premier-modele-de-serie\/#article","isPartOf":{"@id":"https:\/\/news.canadamotorjobs.com\/fr\/turquie-togg-lance-le-t10x-son-premier-modele-de-serie\/"},"author":{"name":"Benoit Charette","@id":"https:\/\/news.canadamotorjobs.com\/#\/schema\/person\/51793d1f87d44011d7bcc2ed99269a90"},"headline":"Turquie\u00a0: Togg lance le T10X, son premier mod\u00e8le de s\u00e9rie","datePublished":"2023-03-20T13:48:22+00:00","dateModified":"2023-03-20T14:00:19+00:00","mainEntityOfPage":{"@id":"https:\/\/news.canadamotorjobs.com\/fr\/turquie-togg-lance-le-t10x-son-premier-modele-de-serie\/"},"wordCount":512,"publisher":{"@id":"https:\/\/news.canadamotorjobs.com\/#organization"},"image":{"@id":"https:\/\/news.canadamotorjobs.com\/fr\/turquie-togg-lance-le-t10x-son-premier-modele-de-serie\/#primaryimage"},"thumbnailUrl":"https:\/\/news.canadamotorjobs.com\/wp-content\/uploads\/2023\/03\/Togg-T10X-8.jpg","articleSection":["Annuel automobile"],"inLanguage":"fr-CA"},{"@type":"WebPage","@id":"https:\/\/news.canadamotorjobs.com\/fr\/turquie-togg-lance-le-t10x-son-premier-modele-de-serie\/","url":"https:\/\/news.canadamotorjobs.com\/fr\/turquie-togg-lance-le-t10x-son-premier-modele-de-serie\/","name":"Turquie\u00a0: Togg lance le T10X, son premier mod\u00e8le de s\u00e9rie - CanadaMotorJobs.com","isPartOf":{"@id":"https:\/\/news.canadamotorjobs.com\/#website"},"primaryImageOfPage":{"@id":"https:\/\/news.canadamotorjobs.com\/fr\/turquie-togg-lance-le-t10x-son-premier-modele-de-serie\/#primaryimage"},"image":{"@id":"https:\/\/news.canadamotorjobs.com\/fr\/turquie-togg-lance-le-t10x-son-premier-modele-de-serie\/#primaryimage"},"thumbnailUrl":"https:\/\/news.canadamotorjobs.com\/wp-content\/uploads\/2023\/03\/Togg-T10X-8.jpg","datePublished":"2023-03-20T13:48:22+00:00","dateModified":"2023-03-20T14:00:19+00:00","description":"Turquie\u00a0: Togg lance le T10X, son premier mod\u00e8le de s\u00e9rie - Benoit Charette - Annuel automobile - CanadaMotorJobs.com.","breadcrumb":{"@id":"https:\/\/news.canadamotorjobs.com\/fr\/turquie-togg-lance-le-t10x-son-premier-modele-de-serie\/#breadcrumb"},"inLanguage":"fr-CA","potentialAction":[{"@type":"ReadAction","target":["https:\/\/news.canadamotorjobs.com\/fr\/turquie-togg-lance-le-t10x-son-premier-modele-de-serie\/"]}]},{"@type":"ImageObject","inLanguage":"fr-CA","@id":"https:\/\/news.canadamotorjobs.com\/fr\/turquie-togg-lance-le-t10x-son-premier-modele-de-serie\/#primaryimage","url":"https:\/\/news.canadamotorjobs.com\/wp-content\/uploads\/2023\/03\/Togg-T10X-8.jpg","contentUrl":"https:\/\/news.canadamotorjobs.com\/wp-content\/uploads\/2023\/03\/Togg-T10X-8.jpg","width":1500,"height":1000},{"@type":"BreadcrumbList","@id":"https:\/\/news.canadamotorjobs.com\/fr\/turquie-togg-lance-le-t10x-son-premier-modele-de-serie\/#breadcrumb","itemListElement":[{"@type":"ListItem","position":1,"name":"Home","item":"https:\/\/news.canadamotorjobs.com\/fr\/blog\/"},{"@type":"ListItem","position":2,"name":"Turquie\u00a0: Togg lance le T10X, son premier mod\u00e8le de s\u00e9rie"}]},{"@type":"WebSite","@id":"https:\/\/news.canadamotorjobs.com\/#website","url":"https:\/\/news.canadamotorjobs.com\/","name":"CanadaMotorJobs.com","description":"Automotive Jobs","publisher":{"@id":"https:\/\/news.canadamotorjobs.com\/#organization"},"potentialAction":[{"@type":"SearchAction","target":{"@type":"EntryPoint","urlTemplate":"https:\/\/news.canadamotorjobs.com\/?s={search_term_string}"},"query-input":"required name=search_term_string"}],"inLanguage":"fr-CA"},{"@type":"Organization","@id":"https:\/\/news.canadamotorjobs.com\/#organization","name":"Canada Motor Jobs","url":"https:\/\/news.canadamotorjobs.com\/","logo":{"@type":"ImageObject","inLanguage":"fr-CA","@id":"https:\/\/news.canadamotorjobs.com\/#\/schema\/logo\/image\/","url":"https:\/\/news.canadamotorjobs.com\/wp-content\/uploads\/2022\/10\/logo-canada-motor-jobs-1.png","contentUrl":"https:\/\/news.canadamotorjobs.com\/wp-content\/uploads\/2022\/10\/logo-canada-motor-jobs-1.png","width":800,"height":400,"caption":"Canada Motor Jobs"},"image":{"@id":"https:\/\/news.canadamotorjobs.com\/#\/schema\/logo\/image\/"},"sameAs":["https:\/\/www.facebook.com\/canadamotorjobs\/","https:\/\/x.com\/canadamotorjobs","https:\/\/www.instagram.com\/canadamotorjobs\/","https:\/\/www.linkedin.com\/company\/canadamotorjobs"]},{"@type":"Person","@id":"https:\/\/news.canadamotorjobs.com\/#\/schema\/person\/51793d1f87d44011d7bcc2ed99269a90","name":"Benoit Charette","image":{"@type":"ImageObject","inLanguage":"fr-CA","@id":"https:\/\/news.canadamotorjobs.com\/#\/schema\/person\/image\/","url":"https:\/\/secure.gravatar.com\/avatar\/45f3d2eebcccd909668d7ce7ea7267b6?s=96&d=mm&r=g","contentUrl":"https:\/\/secure.gravatar.com\/avatar\/45f3d2eebcccd909668d7ce7ea7267b6?s=96&d=mm&r=g","caption":"Benoit Charette"},"description":"Benoit Charette \/ Propri\u00e9taire et r\u00e9dacteur en chef Benoit Charette pratique le journalisme automobile depuis bient\u00f4t 30 ans. Il a fait ses classes au c\u00f4t\u00e9 de Daniel H\u00e9raud et au Carnet de route de 1992 \u00e0 2001. Il est fondateur, copropri\u00e9taire et r\u00e9dacteur en chef de L\u2019Annuel de l\u2019automobile, qu\u2019il publie depuis 2001. Il a anim\u00e9 les \u00e9missions RPM et RPM+ sur V et les L\u00e9gendes de la route sur Historia. \u00c0 la radio depuis 1986, il reprend l\u2019antenne cette ann\u00e9e sur les ondes de Cogeco et participe pour la deuxi\u00e8me ann\u00e9e \u00e0 l\u2019\u00e9mission Passion Auto sur RDS en plus de mettre en ligne le site Web officiel de L\u2019Annuel de l\u2019automobile sur annuelauto.ca.","sameAs":["https:\/\/annuelauto.ca\/"],"url":"https:\/\/news.canadamotorjobs.com\/fr\/author\/benoit-charette\/"}]}},"_links":{"self":[{"href":"https:\/\/news.canadamotorjobs.com\/fr\/wp-json\/wp\/v2\/posts\/141846"}],"collection":[{"href":"https:\/\/news.canadamotorjobs.com\/fr\/wp-json\/wp\/v2\/posts"}],"about":[{"href":"https:\/\/news.canadamotorjobs.com\/fr\/wp-json\/wp\/v2\/types\/post"}],"author":[{"embeddable":true,"href":"https:\/\/news.canadamotorjobs.com\/fr\/wp-json\/wp\/v2\/users\/8"}],"replies":[{"embeddable":true,"href":"https:\/\/news.canadamotorjobs.com\/fr\/wp-json\/wp\/v2\/comments?post=141846"}],"version-history":[{"count":2,"href":"https:\/\/news.canadamotorjobs.com\/fr\/wp-json\/wp\/v2\/posts\/141846\/revisions"}],"predecessor-version":[{"id":141850,"href":"https:\/\/news.canadamotorjobs.com\/fr\/wp-json\/wp\/v2\/posts\/141846\/revisions\/141850"}],"wp:featuredmedia":[{"embeddable":true,"href":"https:\/\/news.canadamotorjobs.com\/fr\/wp-json\/wp\/v2\/media\/141848"}],"wp:attachment":[{"href":"https:\/\/news.canadamotorjobs.com\/fr\/wp-json\/wp\/v2\/media?parent=141846"}],"wp:term":[{"taxonomy":"category","embeddable":true,"href":"https:\/\/news.canadamotorjobs.com\/fr\/wp-json\/wp\/v2\/categories?post=141846"},{"taxonomy":"post_tag","embeddable":true,"href":"https:\/\/news.canadamotorjobs.com\/fr\/wp-json\/wp\/v2\/tags?post=141846"}],"curies":[{"name":"wp","href":"https:\/\/api.w.org\/{rel}","templated":true}]}}