{"id":141815,"date":"2023-03-20T09:53:54","date_gmt":"2023-03-20T13:53:54","guid":{"rendered":"https:\/\/news.canadamotorjobs.com\/?p=141815"},"modified":"2023-03-20T10:00:13","modified_gmt":"2023-03-20T14:00:13","slug":"bmw-renomme-lensemble-de-sa-gamme-de-modeles","status":"publish","type":"post","link":"https:\/\/news.canadamotorjobs.com\/fr\/bmw-renomme-lensemble-de-sa-gamme-de-modeles\/","title":{"rendered":"BMW renomme l\u2019ensemble de sa gamme de mod\u00e8les"},"content":{"rendered":"<\/p>\n<ul><\/p>\n<li>BMW a d\u00e9pos\u00e9 43 demandes de noms aupr\u00e8s de l&#8217;Office allemand des marques et des brevets au cours des deux derni\u00e8res semaines.<\/li>\n<p><\/p>\n<li>BMW travaille sur de nombreuses nouvelles voitures \u00e9lectriques et va r\u00e9organiser l&#8217;ensemble du sch\u00e9ma de d\u00e9nomination de ses mod\u00e8les.<\/li>\n<p><\/p>\n<li>On veut mieux int\u00e9grer l\u2019ensemble des mod\u00e8les \u00e9lectrique \u00e0 venir<\/li>\n<p>\n<\/ul>\n<p>\nLes mod\u00e8les BMW actuels, comme la S\u00e9rie 3, ont un sch\u00e9ma de d\u00e9nomination en trois parties. Le premier chiffre correspond \u00e0 la s\u00e9rie du mod\u00e8le, les deux chiffres suivants d\u00e9signent son niveau de motorisation et le dernier \u00e9l\u00e9ment est l&#8217;un des trois suffixes suivants : d, i ou e. Le premier fait r\u00e9f\u00e9rence aux voitures \u00e0 moteur diesel, le deuxi\u00e8me aux v\u00e9hicules \u00e0 injection d&#8217;essence et le troisi\u00e8me aux mod\u00e8les hybrides \u00e9lectrifi\u00e9s. R\u00e9cemment, BMW a ajout\u00e9 la lettre i comme pr\u00e9fixe \u00e0 des voitures enti\u00e8rement \u00e9lectriques comme la i4. Le nouveau syst\u00e8me de d\u00e9nomination combinera apparemment les deux syst\u00e8mes de nomenclature, en renon\u00e7ant aux suffixes EV tels que &#8220;eDrive35&#8221; pour les mod\u00e8les \u00e9lectriques.<\/p>\n<h3>Une mani\u00e8re plus simple de comprendre les mod\u00e8les<\/h3>\n<p>\nDor\u00e9navant, la lettre indiquant la r\u00e9f\u00e9rence au carburant ira devant. Par exemple le mod\u00e8le i 750 s\u2019appliquera \u00e0 la S\u00e9rie 7 \u00e9lectrique alors que le X750 sera le nouveau nom du VUS X7. Cette m\u00eame logique sugg\u00e8re que le iX750 ferait r\u00e9f\u00e9rence \u00e0 la future version \u00e9lectrique du X7. En fait, BMW adoptera sa strat\u00e9gie de d\u00e9nomination des berlines pour les d\u00e9riv\u00e9s des berlines et des VUS, en abandonnant les suffixes sDrive et xDrive avec les d\u00e9signations int\u00e9gr\u00e9es des groupes motopropulseurs 35i, 40i et 50i. Nous pensons que le suffixe xDrive sera plut\u00f4t utilis\u00e9 comme suffixe autonome pour d\u00e9signer une transmission int\u00e9grale.<\/p>\n<h3>Il reste un peu de confusion<\/h3>\n<p>\nLes VUS et les voitures \u00e0 moteur thermique continueront d&#8217;\u00eatre propos\u00e9s \u00e0 l&#8217;avenir, comme l&#8217;ont confirm\u00e9 les m\u00e9dias allemands. Pour la s\u00e9rie 5, il s&#8217;agirait de la 530e (hybride), de la 530i (traditionnelle) et de la 530i xDrive (\u00e0 transmission int\u00e9grale). La version \u00e9lectrique serait propos\u00e9e sous les noms i530 et i530 xDrive, tandis que le nom iX540 d\u00e9signerait un VUS X5 \u00e9lectrique dot\u00e9 d&#8217;un groupe motopropulseur plus puissant. Ce qui peut pr\u00eater \u00e0 confusion, c&#8217;est que BMW produit actuellement le VUS \u00e9lectrique iX, qui a des d\u00e9signations suppl\u00e9mentaires en fonction du groupe motopropulseur. Par exemple, le mod\u00e8le haut de gamme est le iX M60. BMW conservera-t-il l&#8217;iX en tant que mod\u00e8le autonome, dans la m\u00eame veine que le XM ? Ou bien serait-il supprim\u00e9 et remplac\u00e9 par un VUS de taille similaire portant le nouveau nom ? Peut-\u00eatre BMW pourrait-il m\u00eame le renommer de la m\u00eame mani\u00e8re qu&#8217;Audi a renomm\u00e9 l&#8217;e-tron en Q8 e-tron. Toutes ces possibilit\u00e9s sont plausibles, mais nous pensons que les deux derni\u00e8res sont les plus logiques.<\/p>\n<h3>La simplicit\u00e9 serait la meilleure solution<\/h3>\n<p>\nNous doutons que BMW ajoute des badges excessivement longs \u00e0 ceux qui existent d\u00e9j\u00e0 pour le X5 et la M3, mais nous nous sommes d\u00e9j\u00e0 tromp\u00e9s. Nous vous tiendrons au courant d\u00e8s que nous en saurons plus.<\/p>\n<h3>Voici tous les nouveaux noms d\u00e9pos\u00e9s par BMW, class\u00e9s par s\u00e9rie de mod\u00e8les :<\/h3>\n<p>\nBMW S\u00e9rie 1\/i1:<\/p>\n<ul><\/p>\n<li>i120<\/li>\n<p><\/p>\n<li>i130<\/li>\n<p><\/p>\n<li>i140<\/li>\n<p>\n<\/ul>\n<p>\nBMW X1\/iX1:<\/p>\n<ul><\/p>\n<li>iX120<\/li>\n<p><\/p>\n<li>iX130<\/li>\n<p>\n<\/ul>\n<p>\nBMW X2\/iX2:<\/p>\n<ul><\/p>\n<li>iX220<\/li>\n<p><\/p>\n<li>iX230<\/li>\n<p><\/p>\n<li>iX240<\/li>\n<p>\n<\/ul>\n<p>\nBMW S\u00e9rie 3\/i3:<\/p>\n<ul><\/p>\n<li>i320<\/li>\n<p><\/p>\n<li>i330<\/li>\n<p><\/p>\n<li>i340<\/li>\n<p><\/p>\n<li>M350<\/li>\n<p>\n<\/ul>\n<p>\nBMW X3\/iX3:<\/p>\n<ul><\/p>\n<li>iX330<\/li>\n<p><\/p>\n<li>iX340<\/li>\n<p><\/p>\n<li>iX350<\/li>\n<p>\n<\/ul>\n<p>\nBMW S\u00e9rie 4\/i4:<\/p>\n<ul><\/p>\n<li>i420<\/li>\n<p><\/p>\n<li>i430<\/li>\n<p><\/p>\n<li>i450<\/li>\n<p>\n<\/ul>\n<p>\nBMW X4\/iX4:<\/p>\n<ul><\/p>\n<li>X420<\/li>\n<p><\/p>\n<li>iX430<\/li>\n<p><\/p>\n<li>iX440<\/li>\n<p>\n<\/ul>\n<p>\nBMW S\u00e9rie 5\/i5:<\/p>\n<ul><\/p>\n<li>i530<\/li>\n<p><\/p>\n<li>i550<\/li>\n<p>\n<\/ul>\n<p>\nBMW X5\/iX5:<\/p>\n<ul><\/p>\n<li>X540<\/li>\n<p><\/p>\n<li>X550<\/li>\n<p><\/p>\n<li>X560<\/li>\n<p><\/p>\n<li>iX540<\/li>\n<p><\/p>\n<li>iX550<\/li>\n<p><\/p>\n<li>iX560<\/li>\n<p>\n<\/ul>\n<p>\nBMW X6\/iX6:<\/p>\n<ul><\/p>\n<li>X640<\/li>\n<p><\/p>\n<li>X650<\/li>\n<p><\/p>\n<li>iX640<\/li>\n<p><\/p>\n<li>iX650<\/li>\n<p><\/p>\n<li>iX660<\/li>\n<p>\n<\/ul>\n<p>\nBMW S\u00e9rie 7\/i7:<\/p>\n<ul><\/p>\n<li>i740<\/li>\n<p><\/p>\n<li>i750<\/li>\n<p><\/p>\n<li>i760<\/li>\n<p>\n<\/ul>\n<p>\nBMW X7\/iX7:<\/p>\n<ul><\/p>\n<li>X740<\/li>\n<p><\/p>\n<li>X750<\/li>\n<p><\/p>\n<li>X760<\/li>\n<p><\/p>\n<li>iX740<\/li>\n<p><\/p>\n<li>iX750<\/li>\n<p><\/p>\n<li>iX760<\/li>\n<p>\n<\/ul>\n<p>\nAvec des renseignements de Carbuzz<\/p>\n<p>Le texte <a rel=\"nofollow\" href=\"https:\/\/annuelauto.ca\/bmw-renomme-lensemble-de-sa-gamme-de-modeles\/\">BMW renomme l\u2019ensemble de sa gamme de mod\u00e8les<\/a> provient de <a rel=\"nofollow\" href=\"https:\/\/annuelauto.ca\">L&#8217;annuel de l&#8217;automobile &#8211; Actualit\u00e9 automobile<\/a><\/p>\n<p><\/p>\n","protected":false},"excerpt":{"rendered":"<p>BMW a d\u00e9pos\u00e9 43 demandes de noms aupr\u00e8s de l&#8217;Office allemand des marques et des brevets au cours des deux derni\u00e8res semaines. BMW travaille sur de nombreuses nouvelles voitures \u00e9lectriques et va r\u00e9organiser l&#8217;ensemble du sch\u00e9ma de d\u00e9nomination de ses mod\u00e8les. On veut mieux int\u00e9grer l\u2019ensemble des mod\u00e8les \u00e9lectrique \u00e0 venir Les mod\u00e8les BMW actuels, [&hellip;]<\/p>\n","protected":false},"author":8,"featured_media":141817,"comment_status":"close","ping_status":"closed","sticky":false,"template":"","format":"standard","meta":{"_monsterinsights_skip_tracking":false,"_monsterinsights_sitenote_active":false,"_monsterinsights_sitenote_note":"","_monsterinsights_sitenote_category":0,"footnotes":""},"categories":[101],"tags":[],"yoast_head":"<!-- This site is optimized with the Yoast SEO plugin v23.2 - https:\/\/yoast.com\/wordpress\/plugins\/seo\/ -->\n<title>BMW renomme l\u2019ensemble de sa gamme de mod\u00e8les - CanadaMotorJobs.com<\/title>\n<meta name=\"description\" content=\"BMW renomme l\u2019ensemble de sa gamme de mod\u00e8les - Benoit Charette - Annuel automobile - CanadaMotorJobs.com.\" \/>\n<meta name=\"robots\" content=\"index, follow, max-snippet:-1, max-image-preview:large, max-video-preview:-1\" \/>\n<meta property=\"og:locale\" content=\"fr_CA\" \/>\n<meta property=\"og:type\" content=\"article\" \/>\n<meta property=\"og:title\" content=\"BMW renomme l\u2019ensemble de sa gamme de mod\u00e8les - CanadaMotorJobs.com\" \/>\n<meta property=\"og:description\" content=\"BMW renomme l\u2019ensemble de sa gamme de mod\u00e8les - Benoit Charette - Annuel automobile - CanadaMotorJobs.com.\" \/>\n<meta property=\"og:url\" content=\"https:\/\/news.canadamotorjobs.com\/fr\/bmw-renomme-lensemble-de-sa-gamme-de-modeles\/\" \/>\n<meta property=\"og:site_name\" content=\"CanadaMotorJobs.com\" \/>\n<meta property=\"article:publisher\" content=\"https:\/\/www.facebook.com\/canadamotorjobs\/\" \/>\n<meta property=\"article:published_time\" content=\"2023-03-20T13:53:54+00:00\" \/>\n<meta property=\"article:modified_time\" content=\"2023-03-20T14:00:13+00:00\" \/>\n<meta property=\"og:image\" content=\"https:\/\/news.canadamotorjobs.com\/wp-content\/uploads\/2023\/03\/BMW-Logo.png\" \/>\n\t<meta property=\"og:image:width\" content=\"3840\" \/>\n\t<meta property=\"og:image:height\" content=\"2160\" \/>\n\t<meta property=\"og:image:type\" content=\"image\/png\" \/>\n<meta name=\"author\" content=\"Benoit Charette\" \/>\n<meta name=\"twitter:card\" content=\"summary_large_image\" \/>\n<meta name=\"twitter:creator\" content=\"@canadamotorjobs\" \/>\n<meta name=\"twitter:site\" content=\"@canadamotorjobs\" \/>\n<meta name=\"twitter:label1\" content=\"\u00c9crit par\" \/>\n\t<meta name=\"twitter:data1\" content=\"Benoit Charette\" \/>\n\t<meta name=\"twitter:label2\" content=\"Estimation du temps de lecture\" \/>\n\t<meta name=\"twitter:data2\" content=\"3 minutes\" \/>\n<!-- \/ Yoast SEO plugin. -->","yoast_head_json":{"title":"BMW renomme l\u2019ensemble de sa gamme de mod\u00e8les - CanadaMotorJobs.com","description":"BMW renomme l\u2019ensemble de sa gamme de mod\u00e8les - Benoit Charette - Annuel automobile - CanadaMotorJobs.com.","robots":{"index":"index","follow":"follow","max-snippet":"max-snippet:-1","max-image-preview":"max-image-preview:large","max-video-preview":"max-video-preview:-1"},"og_locale":"fr_CA","og_type":"article","og_title":"BMW renomme l\u2019ensemble de sa gamme de mod\u00e8les - CanadaMotorJobs.com","og_description":"BMW renomme l\u2019ensemble de sa gamme de mod\u00e8les - Benoit Charette - Annuel automobile - CanadaMotorJobs.com.","og_url":"https:\/\/news.canadamotorjobs.com\/fr\/bmw-renomme-lensemble-de-sa-gamme-de-modeles\/","og_site_name":"CanadaMotorJobs.com","article_publisher":"https:\/\/www.facebook.com\/canadamotorjobs\/","article_published_time":"2023-03-20T13:53:54+00:00","article_modified_time":"2023-03-20T14:00:13+00:00","og_image":[{"width":3840,"height":2160,"url":"https:\/\/news.canadamotorjobs.com\/wp-content\/uploads\/2023\/03\/BMW-Logo.png","type":"image\/png"}],"author":"Benoit Charette","twitter_card":"summary_large_image","twitter_creator":"@canadamotorjobs","twitter_site":"@canadamotorjobs","twitter_misc":{"\u00c9crit par":"Benoit Charette","Estimation du temps de lecture":"3 minutes"},"schema":{"@context":"https:\/\/schema.org","@graph":[{"@type":"Article","@id":"https:\/\/news.canadamotorjobs.com\/fr\/bmw-renomme-lensemble-de-sa-gamme-de-modeles\/#article","isPartOf":{"@id":"https:\/\/news.canadamotorjobs.com\/fr\/bmw-renomme-lensemble-de-sa-gamme-de-modeles\/"},"author":{"name":"Benoit Charette","@id":"https:\/\/news.canadamotorjobs.com\/#\/schema\/person\/51793d1f87d44011d7bcc2ed99269a90"},"headline":"BMW renomme l\u2019ensemble de sa gamme de mod\u00e8les","datePublished":"2023-03-20T13:53:54+00:00","dateModified":"2023-03-20T14:00:13+00:00","mainEntityOfPage":{"@id":"https:\/\/news.canadamotorjobs.com\/fr\/bmw-renomme-lensemble-de-sa-gamme-de-modeles\/"},"wordCount":702,"publisher":{"@id":"https:\/\/news.canadamotorjobs.com\/#organization"},"image":{"@id":"https:\/\/news.canadamotorjobs.com\/fr\/bmw-renomme-lensemble-de-sa-gamme-de-modeles\/#primaryimage"},"thumbnailUrl":"https:\/\/news.canadamotorjobs.com\/wp-content\/uploads\/2023\/03\/BMW-Logo.png","articleSection":["Annuel automobile"],"inLanguage":"fr-CA"},{"@type":"WebPage","@id":"https:\/\/news.canadamotorjobs.com\/fr\/bmw-renomme-lensemble-de-sa-gamme-de-modeles\/","url":"https:\/\/news.canadamotorjobs.com\/fr\/bmw-renomme-lensemble-de-sa-gamme-de-modeles\/","name":"BMW renomme l\u2019ensemble de sa gamme de mod\u00e8les - CanadaMotorJobs.com","isPartOf":{"@id":"https:\/\/news.canadamotorjobs.com\/#website"},"primaryImageOfPage":{"@id":"https:\/\/news.canadamotorjobs.com\/fr\/bmw-renomme-lensemble-de-sa-gamme-de-modeles\/#primaryimage"},"image":{"@id":"https:\/\/news.canadamotorjobs.com\/fr\/bmw-renomme-lensemble-de-sa-gamme-de-modeles\/#primaryimage"},"thumbnailUrl":"https:\/\/news.canadamotorjobs.com\/wp-content\/uploads\/2023\/03\/BMW-Logo.png","datePublished":"2023-03-20T13:53:54+00:00","dateModified":"2023-03-20T14:00:13+00:00","description":"BMW renomme l\u2019ensemble de sa gamme de mod\u00e8les - Benoit Charette - Annuel automobile - CanadaMotorJobs.com.","breadcrumb":{"@id":"https:\/\/news.canadamotorjobs.com\/fr\/bmw-renomme-lensemble-de-sa-gamme-de-modeles\/#breadcrumb"},"inLanguage":"fr-CA","potentialAction":[{"@type":"ReadAction","target":["https:\/\/news.canadamotorjobs.com\/fr\/bmw-renomme-lensemble-de-sa-gamme-de-modeles\/"]}]},{"@type":"ImageObject","inLanguage":"fr-CA","@id":"https:\/\/news.canadamotorjobs.com\/fr\/bmw-renomme-lensemble-de-sa-gamme-de-modeles\/#primaryimage","url":"https:\/\/news.canadamotorjobs.com\/wp-content\/uploads\/2023\/03\/BMW-Logo.png","contentUrl":"https:\/\/news.canadamotorjobs.com\/wp-content\/uploads\/2023\/03\/BMW-Logo.png","width":3840,"height":2160},{"@type":"BreadcrumbList","@id":"https:\/\/news.canadamotorjobs.com\/fr\/bmw-renomme-lensemble-de-sa-gamme-de-modeles\/#breadcrumb","itemListElement":[{"@type":"ListItem","position":1,"name":"Home","item":"https:\/\/news.canadamotorjobs.com\/fr\/blog\/"},{"@type":"ListItem","position":2,"name":"BMW renomme l\u2019ensemble de sa gamme de mod\u00e8les"}]},{"@type":"WebSite","@id":"https:\/\/news.canadamotorjobs.com\/#website","url":"https:\/\/news.canadamotorjobs.com\/","name":"CanadaMotorJobs.com","description":"Automotive Jobs","publisher":{"@id":"https:\/\/news.canadamotorjobs.com\/#organization"},"potentialAction":[{"@type":"SearchAction","target":{"@type":"EntryPoint","urlTemplate":"https:\/\/news.canadamotorjobs.com\/?s={search_term_string}"},"query-input":"required name=search_term_string"}],"inLanguage":"fr-CA"},{"@type":"Organization","@id":"https:\/\/news.canadamotorjobs.com\/#organization","name":"Canada Motor Jobs","url":"https:\/\/news.canadamotorjobs.com\/","logo":{"@type":"ImageObject","inLanguage":"fr-CA","@id":"https:\/\/news.canadamotorjobs.com\/#\/schema\/logo\/image\/","url":"https:\/\/news.canadamotorjobs.com\/wp-content\/uploads\/2022\/10\/logo-canada-motor-jobs-1.png","contentUrl":"https:\/\/news.canadamotorjobs.com\/wp-content\/uploads\/2022\/10\/logo-canada-motor-jobs-1.png","width":800,"height":400,"caption":"Canada Motor Jobs"},"image":{"@id":"https:\/\/news.canadamotorjobs.com\/#\/schema\/logo\/image\/"},"sameAs":["https:\/\/www.facebook.com\/canadamotorjobs\/","https:\/\/x.com\/canadamotorjobs","https:\/\/www.instagram.com\/canadamotorjobs\/","https:\/\/www.linkedin.com\/company\/canadamotorjobs"]},{"@type":"Person","@id":"https:\/\/news.canadamotorjobs.com\/#\/schema\/person\/51793d1f87d44011d7bcc2ed99269a90","name":"Benoit Charette","image":{"@type":"ImageObject","inLanguage":"fr-CA","@id":"https:\/\/news.canadamotorjobs.com\/#\/schema\/person\/image\/","url":"https:\/\/secure.gravatar.com\/avatar\/45f3d2eebcccd909668d7ce7ea7267b6?s=96&d=mm&r=g","contentUrl":"https:\/\/secure.gravatar.com\/avatar\/45f3d2eebcccd909668d7ce7ea7267b6?s=96&d=mm&r=g","caption":"Benoit Charette"},"description":"Benoit Charette \/ Propri\u00e9taire et r\u00e9dacteur en chef Benoit Charette pratique le journalisme automobile depuis bient\u00f4t 30 ans. Il a fait ses classes au c\u00f4t\u00e9 de Daniel H\u00e9raud et au Carnet de route de 1992 \u00e0 2001. Il est fondateur, copropri\u00e9taire et r\u00e9dacteur en chef de L\u2019Annuel de l\u2019automobile, qu\u2019il publie depuis 2001. Il a anim\u00e9 les \u00e9missions RPM et RPM+ sur V et les L\u00e9gendes de la route sur Historia. \u00c0 la radio depuis 1986, il reprend l\u2019antenne cette ann\u00e9e sur les ondes de Cogeco et participe pour la deuxi\u00e8me ann\u00e9e \u00e0 l\u2019\u00e9mission Passion Auto sur RDS en plus de mettre en ligne le site Web officiel de L\u2019Annuel de l\u2019automobile sur annuelauto.ca.","sameAs":["https:\/\/annuelauto.ca\/"],"url":"https:\/\/news.canadamotorjobs.com\/fr\/author\/benoit-charette\/"}]}},"_links":{"self":[{"href":"https:\/\/news.canadamotorjobs.com\/fr\/wp-json\/wp\/v2\/posts\/141815"}],"collection":[{"href":"https:\/\/news.canadamotorjobs.com\/fr\/wp-json\/wp\/v2\/posts"}],"about":[{"href":"https:\/\/news.canadamotorjobs.com\/fr\/wp-json\/wp\/v2\/types\/post"}],"author":[{"embeddable":true,"href":"https:\/\/news.canadamotorjobs.com\/fr\/wp-json\/wp\/v2\/users\/8"}],"replies":[{"embeddable":true,"href":"https:\/\/news.canadamotorjobs.com\/fr\/wp-json\/wp\/v2\/comments?post=141815"}],"version-history":[{"count":2,"href":"https:\/\/news.canadamotorjobs.com\/fr\/wp-json\/wp\/v2\/posts\/141815\/revisions"}],"predecessor-version":[{"id":141819,"href":"https:\/\/news.canadamotorjobs.com\/fr\/wp-json\/wp\/v2\/posts\/141815\/revisions\/141819"}],"wp:featuredmedia":[{"embeddable":true,"href":"https:\/\/news.canadamotorjobs.com\/fr\/wp-json\/wp\/v2\/media\/141817"}],"wp:attachment":[{"href":"https:\/\/news.canadamotorjobs.com\/fr\/wp-json\/wp\/v2\/media?parent=141815"}],"wp:term":[{"taxonomy":"category","embeddable":true,"href":"https:\/\/news.canadamotorjobs.com\/fr\/wp-json\/wp\/v2\/categories?post=141815"},{"taxonomy":"post_tag","embeddable":true,"href":"https:\/\/news.canadamotorjobs.com\/fr\/wp-json\/wp\/v2\/tags?post=141815"}],"curies":[{"name":"wp","href":"https:\/\/api.w.org\/{rel}","templated":true}]}}