{"id":141712,"date":"2023-03-17T08:23:11","date_gmt":"2023-03-17T12:23:11","guid":{"rendered":"https:\/\/news.canadamotorjobs.com\/?p=141712"},"modified":"2023-03-17T08:28:55","modified_gmt":"2023-03-17T12:28:55","slug":"hyundai-auto-canada-annonce-le-prix-de-la-ioniq-6-2023","status":"publish","type":"post","link":"https:\/\/news.canadamotorjobs.com\/fr\/hyundai-auto-canada-annonce-le-prix-de-la-ioniq-6-2023\/","title":{"rendered":"Hyundai Auto Canada annonce le prix de la IONIQ 6 2023"},"content":{"rendered":"<\/p>\n<p><strong>\u00a0<\/strong><\/p>\n<ul><\/p>\n<li><strong>PDSF \u00e0 partir de 54 999 $ pour la version IONIQ 6 Preferred RWD <\/strong><\/li>\n<p><\/p>\n<li><strong>Version AWD \u00e0 partir de 57 999\u00a0$<\/strong><\/li>\n<p><\/p>\n<li><strong>En vente chez les concessionnaires Hyundai \u00e0 travers le Canada d\u00e8s ce printemps<\/strong><\/li>\n<p>\n<\/ul>\n<p>\nHyundai Auto Canada a annonc\u00e9 les prix de sa berline \u00e9lectrique IONIQ 6. Toutes les versions vendues au Canada seront dot\u00e9es d&#8217;une batterie de de 77,4 kWh et les clients pourront opter pour une configuration \u00e0 moteur arri\u00e8re uniquement ou \u00e0 moteur avant et arri\u00e8re pour la traction int\u00e9grale.<\/p>\n<p>L\u2019IONIQ 6 Preferred RWD (propulsion) de grande autonomie affiche un PDSF de 54 999 $\u00a0CA et une autonomie estim\u00e9e par Ressources naturelles Canada de 581 kilom\u00e8tres [i]. Les versions AWD (traction int\u00e9grale) \u00e0 deux moteurs affichent pour leur part un PDSF \u00e0 partir de 57\u00a0999\u00a0$ et une autonomie jusqu&#8217;\u00e0 509 kilom\u00e8tres. Les IONIQ 6 commenceront \u00e0 faire leur arriv\u00e9e chez les concessionnaires Hyundai partout au Canada ce printemps. \u00c0 ce prix, vous devez ajouter le <em>Transport et pr\u00e9paration de 1 925 $<\/em><\/p>\n<h3>M\u00eame plateforme que l\u2019Ioniq 5<\/h3>\n<p>\nL\u2019IONIQ 6 est le deuxi\u00e8me v\u00e9hicule de Hyundai construit sur la plateforme modulaire \u00e9lectrique mondiale E-GMP que l\u2019on trouve aussi sous le Ioniq 5.<\/p>\n<h3>Bien \u00e9quip\u00e9<\/h3>\n<p>\n\u00a0<\/p>\n<p>L\u2019IONIQ 6 offre de s\u00e9rie<\/p>\n<ul><\/p>\n<li>Recharge ultra-rapide de 800 volts, 350\u00a0kW<\/li>\n<p><\/p>\n<li>Pr\u00e9chauffage de batterie, pr\u00e9paration \u00e0 la recharge<\/li>\n<p><\/p>\n<li>Alerte de collision dans les angles morts et assistance \u00e0 l&#8217;\u00e9vitement de collision transversale arri\u00e8re<\/li>\n<p><\/p>\n<li>Assistance au maintien de voie (LKA) et assistance de suivi de voie (LFA)<\/li>\n<p><\/p>\n<li>Assistance \u00e0 la conduite sur autoroute (HDA), r\u00e9gulateur de vitesse intelligent avec fonction arr\u00eat\/d\u00e9marrage<\/li>\n<p><\/p>\n<li>Volant et si\u00e8ges avant chauffants<\/li>\n<p><\/p>\n<li>Coffre \u00e9lectrique<\/li>\n<p><\/p>\n<li>Syst\u00e8me de surveillance de la pression des pneus (TPMS)<\/li>\n<p><\/p>\n<li>Cam\u00e9ra de recul avec lignes de guidage dynamiques<\/li>\n<p><\/p>\n<li>Poign\u00e9es de porti\u00e8re \u00e9lectriques affleurantes<\/li>\n<p><\/p>\n<li>Roues de 18 po en alliage avec pneus P225\/55<\/li>\n<p><\/p>\n<li>Volant gain\u00e9 de cuir avec pixels lumineux interactifs<\/li>\n<p><\/p>\n<li>Instrumentation sur \u00e9cran ACL de 12,3 po<\/li>\n<p><\/p>\n<li>Syst\u00e8me d&#8217;infodivertissement sur \u00e9cran de 12,3 po avec navigation<\/li>\n<p><\/p>\n<li>Android Auto\/Apple CarPlay<\/li>\n<p><\/p>\n<li>Prise USB avant (type A) donn\u00e9es\/recharge<\/li>\n<p><\/p>\n<li>Deux prises USB (type C) de recharge int\u00e9gr\u00e9es \u00e0 la console<\/li>\n<p><\/p>\n<li>Deux prises USB (type C) de recharge arri\u00e8re<\/li>\n<p><\/p>\n<li>Services connect\u00e9s Bluelink d\u2019une dur\u00e9e de trois ans<\/li>\n<p><\/p>\n<li>Capacit\u00e9 de mise \u00e0 jour logicielle \u00e0 distance<\/li>\n<p>\n<\/ul>\n<p>\n\u00a0<\/p>\n<p>\u00a0<\/p>\n<p>\u00a0<\/p>\n<p>Le texte <a rel=\"nofollow\" href=\"https:\/\/annuelauto.ca\/hyundai-auto-canada-annonce-le-prix-de-la-ioniq-6-2023\/\">Hyundai Auto Canada annonce le prix de la IONIQ 6 2023<\/a> provient de <a rel=\"nofollow\" href=\"https:\/\/annuelauto.ca\">L&#8217;annuel de l&#8217;automobile &#8211; Actualit\u00e9 automobile<\/a><\/p>\n<p><\/p>\n","protected":false},"excerpt":{"rendered":"<p>\u00a0 PDSF \u00e0 partir de 54 999 $ pour la version IONIQ 6 Preferred RWD Version AWD \u00e0 partir de 57 999\u00a0$ En vente chez les concessionnaires Hyundai \u00e0 travers le Canada d\u00e8s ce printemps Hyundai Auto Canada a annonc\u00e9 les prix de sa berline \u00e9lectrique IONIQ 6. Toutes les versions vendues au Canada seront [&hellip;]<\/p>\n","protected":false},"author":8,"featured_media":141714,"comment_status":"close","ping_status":"closed","sticky":false,"template":"","format":"standard","meta":{"_monsterinsights_skip_tracking":false,"_monsterinsights_sitenote_active":false,"_monsterinsights_sitenote_note":"","_monsterinsights_sitenote_category":0,"footnotes":""},"categories":[101],"tags":[],"yoast_head":"<!-- This site is optimized with the Yoast SEO plugin v23.2 - https:\/\/yoast.com\/wordpress\/plugins\/seo\/ -->\n<title>Hyundai Auto Canada annonce le prix de la IONIQ 6 2023 - CanadaMotorJobs.com<\/title>\n<meta name=\"description\" content=\"Hyundai Auto Canada annonce le prix de la IONIQ 6 2023 - Benoit Charette - Annuel automobile - CanadaMotorJobs.com.\" \/>\n<meta name=\"robots\" content=\"index, follow, max-snippet:-1, max-image-preview:large, max-video-preview:-1\" \/>\n<meta property=\"og:locale\" content=\"fr_CA\" \/>\n<meta property=\"og:type\" content=\"article\" \/>\n<meta property=\"og:title\" content=\"Hyundai Auto Canada annonce le prix de la IONIQ 6 2023 - CanadaMotorJobs.com\" \/>\n<meta property=\"og:description\" content=\"Hyundai Auto Canada annonce le prix de la IONIQ 6 2023 - Benoit Charette - Annuel automobile - CanadaMotorJobs.com.\" \/>\n<meta property=\"og:url\" content=\"https:\/\/news.canadamotorjobs.com\/fr\/hyundai-auto-canada-annonce-le-prix-de-la-ioniq-6-2023\/\" \/>\n<meta property=\"og:site_name\" content=\"CanadaMotorJobs.com\" \/>\n<meta property=\"article:publisher\" content=\"https:\/\/www.facebook.com\/canadamotorjobs\/\" \/>\n<meta property=\"article:published_time\" content=\"2023-03-17T12:23:11+00:00\" \/>\n<meta property=\"article:modified_time\" content=\"2023-03-17T12:28:55+00:00\" \/>\n<meta property=\"og:image\" content=\"https:\/\/news.canadamotorjobs.com\/wp-content\/uploads\/2023\/03\/Large-52924-2023IONIQ6.jpg\" \/>\n\t<meta property=\"og:image:width\" content=\"1198\" \/>\n\t<meta property=\"og:image:height\" content=\"800\" \/>\n\t<meta property=\"og:image:type\" content=\"image\/jpeg\" \/>\n<meta name=\"author\" content=\"Benoit Charette\" \/>\n<meta name=\"twitter:card\" content=\"summary_large_image\" \/>\n<meta name=\"twitter:creator\" content=\"@canadamotorjobs\" \/>\n<meta name=\"twitter:site\" content=\"@canadamotorjobs\" \/>\n<meta name=\"twitter:label1\" content=\"\u00c9crit par\" \/>\n\t<meta name=\"twitter:data1\" content=\"Benoit Charette\" \/>\n\t<meta name=\"twitter:label2\" content=\"Estimation du temps de lecture\" \/>\n\t<meta name=\"twitter:data2\" content=\"2 minutes\" \/>\n<!-- \/ Yoast SEO plugin. -->","yoast_head_json":{"title":"Hyundai Auto Canada annonce le prix de la IONIQ 6 2023 - CanadaMotorJobs.com","description":"Hyundai Auto Canada annonce le prix de la IONIQ 6 2023 - Benoit Charette - Annuel automobile - CanadaMotorJobs.com.","robots":{"index":"index","follow":"follow","max-snippet":"max-snippet:-1","max-image-preview":"max-image-preview:large","max-video-preview":"max-video-preview:-1"},"og_locale":"fr_CA","og_type":"article","og_title":"Hyundai Auto Canada annonce le prix de la IONIQ 6 2023 - CanadaMotorJobs.com","og_description":"Hyundai Auto Canada annonce le prix de la IONIQ 6 2023 - Benoit Charette - Annuel automobile - CanadaMotorJobs.com.","og_url":"https:\/\/news.canadamotorjobs.com\/fr\/hyundai-auto-canada-annonce-le-prix-de-la-ioniq-6-2023\/","og_site_name":"CanadaMotorJobs.com","article_publisher":"https:\/\/www.facebook.com\/canadamotorjobs\/","article_published_time":"2023-03-17T12:23:11+00:00","article_modified_time":"2023-03-17T12:28:55+00:00","og_image":[{"width":1198,"height":800,"url":"https:\/\/news.canadamotorjobs.com\/wp-content\/uploads\/2023\/03\/Large-52924-2023IONIQ6.jpg","type":"image\/jpeg"}],"author":"Benoit Charette","twitter_card":"summary_large_image","twitter_creator":"@canadamotorjobs","twitter_site":"@canadamotorjobs","twitter_misc":{"\u00c9crit par":"Benoit Charette","Estimation du temps de lecture":"2 minutes"},"schema":{"@context":"https:\/\/schema.org","@graph":[{"@type":"Article","@id":"https:\/\/news.canadamotorjobs.com\/fr\/hyundai-auto-canada-annonce-le-prix-de-la-ioniq-6-2023\/#article","isPartOf":{"@id":"https:\/\/news.canadamotorjobs.com\/fr\/hyundai-auto-canada-annonce-le-prix-de-la-ioniq-6-2023\/"},"author":{"name":"Benoit Charette","@id":"https:\/\/news.canadamotorjobs.com\/#\/schema\/person\/51793d1f87d44011d7bcc2ed99269a90"},"headline":"Hyundai Auto Canada annonce le prix de la IONIQ 6 2023","datePublished":"2023-03-17T12:23:11+00:00","dateModified":"2023-03-17T12:28:55+00:00","mainEntityOfPage":{"@id":"https:\/\/news.canadamotorjobs.com\/fr\/hyundai-auto-canada-annonce-le-prix-de-la-ioniq-6-2023\/"},"wordCount":396,"publisher":{"@id":"https:\/\/news.canadamotorjobs.com\/#organization"},"image":{"@id":"https:\/\/news.canadamotorjobs.com\/fr\/hyundai-auto-canada-annonce-le-prix-de-la-ioniq-6-2023\/#primaryimage"},"thumbnailUrl":"https:\/\/news.canadamotorjobs.com\/wp-content\/uploads\/2023\/03\/Large-52924-2023IONIQ6.jpg","articleSection":["Annuel automobile"],"inLanguage":"fr-CA"},{"@type":"WebPage","@id":"https:\/\/news.canadamotorjobs.com\/fr\/hyundai-auto-canada-annonce-le-prix-de-la-ioniq-6-2023\/","url":"https:\/\/news.canadamotorjobs.com\/fr\/hyundai-auto-canada-annonce-le-prix-de-la-ioniq-6-2023\/","name":"Hyundai Auto Canada annonce le prix de la IONIQ 6 2023 - CanadaMotorJobs.com","isPartOf":{"@id":"https:\/\/news.canadamotorjobs.com\/#website"},"primaryImageOfPage":{"@id":"https:\/\/news.canadamotorjobs.com\/fr\/hyundai-auto-canada-annonce-le-prix-de-la-ioniq-6-2023\/#primaryimage"},"image":{"@id":"https:\/\/news.canadamotorjobs.com\/fr\/hyundai-auto-canada-annonce-le-prix-de-la-ioniq-6-2023\/#primaryimage"},"thumbnailUrl":"https:\/\/news.canadamotorjobs.com\/wp-content\/uploads\/2023\/03\/Large-52924-2023IONIQ6.jpg","datePublished":"2023-03-17T12:23:11+00:00","dateModified":"2023-03-17T12:28:55+00:00","description":"Hyundai Auto Canada annonce le prix de la IONIQ 6 2023 - Benoit Charette - Annuel automobile - CanadaMotorJobs.com.","breadcrumb":{"@id":"https:\/\/news.canadamotorjobs.com\/fr\/hyundai-auto-canada-annonce-le-prix-de-la-ioniq-6-2023\/#breadcrumb"},"inLanguage":"fr-CA","potentialAction":[{"@type":"ReadAction","target":["https:\/\/news.canadamotorjobs.com\/fr\/hyundai-auto-canada-annonce-le-prix-de-la-ioniq-6-2023\/"]}]},{"@type":"ImageObject","inLanguage":"fr-CA","@id":"https:\/\/news.canadamotorjobs.com\/fr\/hyundai-auto-canada-annonce-le-prix-de-la-ioniq-6-2023\/#primaryimage","url":"https:\/\/news.canadamotorjobs.com\/wp-content\/uploads\/2023\/03\/Large-52924-2023IONIQ6.jpg","contentUrl":"https:\/\/news.canadamotorjobs.com\/wp-content\/uploads\/2023\/03\/Large-52924-2023IONIQ6.jpg","width":1198,"height":800},{"@type":"BreadcrumbList","@id":"https:\/\/news.canadamotorjobs.com\/fr\/hyundai-auto-canada-annonce-le-prix-de-la-ioniq-6-2023\/#breadcrumb","itemListElement":[{"@type":"ListItem","position":1,"name":"Home","item":"https:\/\/news.canadamotorjobs.com\/fr\/blog\/"},{"@type":"ListItem","position":2,"name":"Hyundai Auto Canada annonce le prix de la IONIQ 6 2023"}]},{"@type":"WebSite","@id":"https:\/\/news.canadamotorjobs.com\/#website","url":"https:\/\/news.canadamotorjobs.com\/","name":"CanadaMotorJobs.com","description":"Automotive Jobs","publisher":{"@id":"https:\/\/news.canadamotorjobs.com\/#organization"},"potentialAction":[{"@type":"SearchAction","target":{"@type":"EntryPoint","urlTemplate":"https:\/\/news.canadamotorjobs.com\/?s={search_term_string}"},"query-input":"required name=search_term_string"}],"inLanguage":"fr-CA"},{"@type":"Organization","@id":"https:\/\/news.canadamotorjobs.com\/#organization","name":"Canada Motor Jobs","url":"https:\/\/news.canadamotorjobs.com\/","logo":{"@type":"ImageObject","inLanguage":"fr-CA","@id":"https:\/\/news.canadamotorjobs.com\/#\/schema\/logo\/image\/","url":"https:\/\/news.canadamotorjobs.com\/wp-content\/uploads\/2022\/10\/logo-canada-motor-jobs-1.png","contentUrl":"https:\/\/news.canadamotorjobs.com\/wp-content\/uploads\/2022\/10\/logo-canada-motor-jobs-1.png","width":800,"height":400,"caption":"Canada Motor Jobs"},"image":{"@id":"https:\/\/news.canadamotorjobs.com\/#\/schema\/logo\/image\/"},"sameAs":["https:\/\/www.facebook.com\/canadamotorjobs\/","https:\/\/x.com\/canadamotorjobs","https:\/\/www.instagram.com\/canadamotorjobs\/","https:\/\/www.linkedin.com\/company\/canadamotorjobs"]},{"@type":"Person","@id":"https:\/\/news.canadamotorjobs.com\/#\/schema\/person\/51793d1f87d44011d7bcc2ed99269a90","name":"Benoit Charette","image":{"@type":"ImageObject","inLanguage":"fr-CA","@id":"https:\/\/news.canadamotorjobs.com\/#\/schema\/person\/image\/","url":"https:\/\/secure.gravatar.com\/avatar\/45f3d2eebcccd909668d7ce7ea7267b6?s=96&d=mm&r=g","contentUrl":"https:\/\/secure.gravatar.com\/avatar\/45f3d2eebcccd909668d7ce7ea7267b6?s=96&d=mm&r=g","caption":"Benoit Charette"},"description":"Benoit Charette \/ Propri\u00e9taire et r\u00e9dacteur en chef Benoit Charette pratique le journalisme automobile depuis bient\u00f4t 30 ans. Il a fait ses classes au c\u00f4t\u00e9 de Daniel H\u00e9raud et au Carnet de route de 1992 \u00e0 2001. Il est fondateur, copropri\u00e9taire et r\u00e9dacteur en chef de L\u2019Annuel de l\u2019automobile, qu\u2019il publie depuis 2001. Il a anim\u00e9 les \u00e9missions RPM et RPM+ sur V et les L\u00e9gendes de la route sur Historia. \u00c0 la radio depuis 1986, il reprend l\u2019antenne cette ann\u00e9e sur les ondes de Cogeco et participe pour la deuxi\u00e8me ann\u00e9e \u00e0 l\u2019\u00e9mission Passion Auto sur RDS en plus de mettre en ligne le site Web officiel de L\u2019Annuel de l\u2019automobile sur annuelauto.ca.","sameAs":["https:\/\/annuelauto.ca\/"],"url":"https:\/\/news.canadamotorjobs.com\/fr\/author\/benoit-charette\/"}]}},"_links":{"self":[{"href":"https:\/\/news.canadamotorjobs.com\/fr\/wp-json\/wp\/v2\/posts\/141712"}],"collection":[{"href":"https:\/\/news.canadamotorjobs.com\/fr\/wp-json\/wp\/v2\/posts"}],"about":[{"href":"https:\/\/news.canadamotorjobs.com\/fr\/wp-json\/wp\/v2\/types\/post"}],"author":[{"embeddable":true,"href":"https:\/\/news.canadamotorjobs.com\/fr\/wp-json\/wp\/v2\/users\/8"}],"replies":[{"embeddable":true,"href":"https:\/\/news.canadamotorjobs.com\/fr\/wp-json\/wp\/v2\/comments?post=141712"}],"version-history":[{"count":2,"href":"https:\/\/news.canadamotorjobs.com\/fr\/wp-json\/wp\/v2\/posts\/141712\/revisions"}],"predecessor-version":[{"id":141716,"href":"https:\/\/news.canadamotorjobs.com\/fr\/wp-json\/wp\/v2\/posts\/141712\/revisions\/141716"}],"wp:featuredmedia":[{"embeddable":true,"href":"https:\/\/news.canadamotorjobs.com\/fr\/wp-json\/wp\/v2\/media\/141714"}],"wp:attachment":[{"href":"https:\/\/news.canadamotorjobs.com\/fr\/wp-json\/wp\/v2\/media?parent=141712"}],"wp:term":[{"taxonomy":"category","embeddable":true,"href":"https:\/\/news.canadamotorjobs.com\/fr\/wp-json\/wp\/v2\/categories?post=141712"},{"taxonomy":"post_tag","embeddable":true,"href":"https:\/\/news.canadamotorjobs.com\/fr\/wp-json\/wp\/v2\/tags?post=141712"}],"curies":[{"name":"wp","href":"https:\/\/api.w.org\/{rel}","templated":true}]}}