{"id":141692,"date":"2023-03-16T08:14:02","date_gmt":"2023-03-16T12:14:02","guid":{"rendered":"https:\/\/news.canadamotorjobs.com\/?p=141692"},"modified":"2023-03-16T08:16:11","modified_gmt":"2023-03-16T12:16:11","slug":"voici-le-concept-id-2-all-de-volkswagen","status":"publish","type":"post","link":"https:\/\/news.canadamotorjobs.com\/fr\/voici-le-concept-id-2-all-de-volkswagen\/","title":{"rendered":"Voici le concept ID.2 All de Volkswagen"},"content":{"rendered":"<\/p>\n<ul><\/p>\n<li>La version de production devrait arriver en Europe en 2025.<\/li>\n<p><\/p>\n<li>Ce mod\u00e8le est une petite voiture \u00e9lectrique \u00e0 hayon dont le prix de d\u00e9part devrait \u00eatre inf\u00e9rieur \u00e0 25\u00a0000 euros.<\/li>\n<p><\/p>\n<li>Volkswagen souhaite lancer 10 nouveaux v\u00e9hicules \u00e9lectriques dans le monde d&#8217;ici 2026, dont ce mod\u00e8le.<\/li>\n<p>\n<\/ul>\n<p>\nImpossible de dire pour le moment si ce mod\u00e8le europ\u00e9en traversera l\u2019Atlantique. Soyons honn\u00eates, les chances sont faibles. Volkswagen parlait de cette voiture depuis un certain temps et l\u2019a d\u00e9voil\u00e9 hier. M\u00eame si l&#8217;ID. 2all ne fait pas directement r\u00e9f\u00e9rence \u00e0 d&#8217;anciens mod\u00e8les, son style g\u00e9n\u00e9ral rappelle celui de la Golf.<\/p>\n<h3>Un int\u00e9rieur plus moderne<\/h3>\n<p>\nL&#8217;int\u00e9rieur du concept est r\u00e9solument plus moderne, avec ses deux \u00e9crans s\u00e9par\u00e9s install\u00e9s sur un tableau de bord relativement d\u00e9pourvu de fonctionnalit\u00e9s. La taille du concept se situe entre la Golf et la plus petite Polo. Ce qui est attrayant pour l\u2019Europe est son prix \u00e0 25\u00a0000 euros (36\u00a0000 dollars). L\u2019espace est bon avec une capacit\u00e9 de chargement de 1 330 litres avec la banquette arri\u00e8re rabattue, soit 353 litres de plus que la GTI 2023. Volks annonce 223 chevaux \u00e0 partir d&#8217;un seul moteur install\u00e9 sur l&#8217;essieu avant, faisant ainsi de l&#8217;ID. 2all le premier mod\u00e8le \u00e0 traction \u00e0 utiliser la plateforme MEB.<\/p>\n<h3>Une batterie de bonne taille<\/h3>\n<p>\nLa taille de la batterie n&#8217;est pas encore pr\u00e9cis\u00e9e, mais elle devrait \u00eatre suffisante pour offrir une autonomie d&#8217;environ 450 kilom\u00e8tres selon la m\u00e9thode d&#8217;essai WLTP. Les temps de charge devraient \u00e9galement \u00eatre assez courts puisque le constructeur affirme que la batterie pourra passer de 10 % \u00e0 80 % de charge en seulement 20 minutes environ \u00e0 l&#8217;aide d&#8217;un chargeur rapide. Le mod\u00e8le de production de l&#8217;ID. 2all sera l&#8217;un des 10 nouveaux v\u00e9hicules \u00e9lectriques qui seront lanc\u00e9s d&#8217;ici 2026 chez VW. Les autres mod\u00e8les connus comprennent l&#8217;ID.Buzz \u00e0 empattement long, l&#8217;ID. 3 et la nouvelle ID. 7, tous trois lanc\u00e9s cette ann\u00e9e.<\/p>\n<p>\u00a0<\/p>\n<p>Le texte <a rel=\"nofollow\" href=\"https:\/\/annuelauto.ca\/voici-le-concept-id-2-all-de-volkswagen\/\">Voici le concept ID.2 All de Volkswagen<\/a> provient de <a rel=\"nofollow\" href=\"https:\/\/annuelauto.ca\">L&#8217;annuel de l&#8217;automobile &#8211; Actualit\u00e9 automobile<\/a><\/p>\n<p><\/p>\n","protected":false},"excerpt":{"rendered":"<p>La version de production devrait arriver en Europe en 2025. Ce mod\u00e8le est une petite voiture \u00e9lectrique \u00e0 hayon dont le prix de d\u00e9part devrait \u00eatre inf\u00e9rieur \u00e0 25\u00a0000 euros. Volkswagen souhaite lancer 10 nouveaux v\u00e9hicules \u00e9lectriques dans le monde d&#8217;ici 2026, dont ce mod\u00e8le. Impossible de dire pour le moment si ce mod\u00e8le europ\u00e9en [&hellip;]<\/p>\n","protected":false},"author":8,"featured_media":141694,"comment_status":"close","ping_status":"closed","sticky":false,"template":"","format":"standard","meta":{"_monsterinsights_skip_tracking":false,"_monsterinsights_sitenote_active":false,"_monsterinsights_sitenote_note":"","_monsterinsights_sitenote_category":0,"footnotes":""},"categories":[101],"tags":[],"yoast_head":"<!-- This site is optimized with the Yoast SEO plugin v23.2 - https:\/\/yoast.com\/wordpress\/plugins\/seo\/ -->\n<title>Voici le concept ID.2 All de Volkswagen - CanadaMotorJobs.com<\/title>\n<meta name=\"description\" content=\"Voici le concept ID.2 All de Volkswagen - Benoit Charette - Annuel automobile - CanadaMotorJobs.com.\" \/>\n<meta name=\"robots\" content=\"index, follow, max-snippet:-1, max-image-preview:large, max-video-preview:-1\" \/>\n<meta property=\"og:locale\" content=\"fr_CA\" \/>\n<meta property=\"og:type\" content=\"article\" \/>\n<meta property=\"og:title\" content=\"Voici le concept ID.2 All de Volkswagen - CanadaMotorJobs.com\" \/>\n<meta property=\"og:description\" content=\"Voici le concept ID.2 All de Volkswagen - Benoit Charette - Annuel automobile - CanadaMotorJobs.com.\" \/>\n<meta property=\"og:url\" content=\"https:\/\/news.canadamotorjobs.com\/fr\/voici-le-concept-id-2-all-de-volkswagen\/\" \/>\n<meta property=\"og:site_name\" content=\"CanadaMotorJobs.com\" \/>\n<meta property=\"article:publisher\" content=\"https:\/\/www.facebook.com\/canadamotorjobs\/\" \/>\n<meta property=\"article:published_time\" content=\"2023-03-16T12:14:02+00:00\" \/>\n<meta property=\"article:modified_time\" content=\"2023-03-16T12:16:11+00:00\" \/>\n<meta property=\"og:image\" content=\"https:\/\/news.canadamotorjobs.com\/wp-content\/uploads\/2023\/03\/DB2023AU00185_small1.jpg\" \/>\n\t<meta property=\"og:image:width\" content=\"1024\" \/>\n\t<meta property=\"og:image:height\" content=\"683\" \/>\n\t<meta property=\"og:image:type\" content=\"image\/jpeg\" \/>\n<meta name=\"author\" content=\"Benoit Charette\" \/>\n<meta name=\"twitter:card\" content=\"summary_large_image\" \/>\n<meta name=\"twitter:creator\" content=\"@canadamotorjobs\" \/>\n<meta name=\"twitter:site\" content=\"@canadamotorjobs\" \/>\n<meta name=\"twitter:label1\" content=\"\u00c9crit par\" \/>\n\t<meta name=\"twitter:data1\" content=\"Benoit Charette\" \/>\n\t<meta name=\"twitter:label2\" content=\"Estimation du temps de lecture\" \/>\n\t<meta name=\"twitter:data2\" content=\"2 minutes\" \/>\n<!-- \/ Yoast SEO plugin. -->","yoast_head_json":{"title":"Voici le concept ID.2 All de Volkswagen - CanadaMotorJobs.com","description":"Voici le concept ID.2 All de Volkswagen - Benoit Charette - Annuel automobile - CanadaMotorJobs.com.","robots":{"index":"index","follow":"follow","max-snippet":"max-snippet:-1","max-image-preview":"max-image-preview:large","max-video-preview":"max-video-preview:-1"},"og_locale":"fr_CA","og_type":"article","og_title":"Voici le concept ID.2 All de Volkswagen - CanadaMotorJobs.com","og_description":"Voici le concept ID.2 All de Volkswagen - Benoit Charette - Annuel automobile - CanadaMotorJobs.com.","og_url":"https:\/\/news.canadamotorjobs.com\/fr\/voici-le-concept-id-2-all-de-volkswagen\/","og_site_name":"CanadaMotorJobs.com","article_publisher":"https:\/\/www.facebook.com\/canadamotorjobs\/","article_published_time":"2023-03-16T12:14:02+00:00","article_modified_time":"2023-03-16T12:16:11+00:00","og_image":[{"width":1024,"height":683,"url":"https:\/\/news.canadamotorjobs.com\/wp-content\/uploads\/2023\/03\/DB2023AU00185_small1.jpg","type":"image\/jpeg"}],"author":"Benoit Charette","twitter_card":"summary_large_image","twitter_creator":"@canadamotorjobs","twitter_site":"@canadamotorjobs","twitter_misc":{"\u00c9crit par":"Benoit Charette","Estimation du temps de lecture":"2 minutes"},"schema":{"@context":"https:\/\/schema.org","@graph":[{"@type":"Article","@id":"https:\/\/news.canadamotorjobs.com\/fr\/voici-le-concept-id-2-all-de-volkswagen\/#article","isPartOf":{"@id":"https:\/\/news.canadamotorjobs.com\/fr\/voici-le-concept-id-2-all-de-volkswagen\/"},"author":{"name":"Benoit Charette","@id":"https:\/\/news.canadamotorjobs.com\/#\/schema\/person\/51793d1f87d44011d7bcc2ed99269a90"},"headline":"Voici le concept ID.2 All de Volkswagen","datePublished":"2023-03-16T12:14:02+00:00","dateModified":"2023-03-16T12:16:11+00:00","mainEntityOfPage":{"@id":"https:\/\/news.canadamotorjobs.com\/fr\/voici-le-concept-id-2-all-de-volkswagen\/"},"wordCount":365,"publisher":{"@id":"https:\/\/news.canadamotorjobs.com\/#organization"},"image":{"@id":"https:\/\/news.canadamotorjobs.com\/fr\/voici-le-concept-id-2-all-de-volkswagen\/#primaryimage"},"thumbnailUrl":"https:\/\/news.canadamotorjobs.com\/wp-content\/uploads\/2023\/03\/DB2023AU00185_small1.jpg","articleSection":["Annuel automobile"],"inLanguage":"fr-CA"},{"@type":"WebPage","@id":"https:\/\/news.canadamotorjobs.com\/fr\/voici-le-concept-id-2-all-de-volkswagen\/","url":"https:\/\/news.canadamotorjobs.com\/fr\/voici-le-concept-id-2-all-de-volkswagen\/","name":"Voici le concept ID.2 All de Volkswagen - CanadaMotorJobs.com","isPartOf":{"@id":"https:\/\/news.canadamotorjobs.com\/#website"},"primaryImageOfPage":{"@id":"https:\/\/news.canadamotorjobs.com\/fr\/voici-le-concept-id-2-all-de-volkswagen\/#primaryimage"},"image":{"@id":"https:\/\/news.canadamotorjobs.com\/fr\/voici-le-concept-id-2-all-de-volkswagen\/#primaryimage"},"thumbnailUrl":"https:\/\/news.canadamotorjobs.com\/wp-content\/uploads\/2023\/03\/DB2023AU00185_small1.jpg","datePublished":"2023-03-16T12:14:02+00:00","dateModified":"2023-03-16T12:16:11+00:00","description":"Voici le concept ID.2 All de Volkswagen - Benoit Charette - Annuel automobile - CanadaMotorJobs.com.","breadcrumb":{"@id":"https:\/\/news.canadamotorjobs.com\/fr\/voici-le-concept-id-2-all-de-volkswagen\/#breadcrumb"},"inLanguage":"fr-CA","potentialAction":[{"@type":"ReadAction","target":["https:\/\/news.canadamotorjobs.com\/fr\/voici-le-concept-id-2-all-de-volkswagen\/"]}]},{"@type":"ImageObject","inLanguage":"fr-CA","@id":"https:\/\/news.canadamotorjobs.com\/fr\/voici-le-concept-id-2-all-de-volkswagen\/#primaryimage","url":"https:\/\/news.canadamotorjobs.com\/wp-content\/uploads\/2023\/03\/DB2023AU00185_small1.jpg","contentUrl":"https:\/\/news.canadamotorjobs.com\/wp-content\/uploads\/2023\/03\/DB2023AU00185_small1.jpg","width":1024,"height":683},{"@type":"BreadcrumbList","@id":"https:\/\/news.canadamotorjobs.com\/fr\/voici-le-concept-id-2-all-de-volkswagen\/#breadcrumb","itemListElement":[{"@type":"ListItem","position":1,"name":"Home","item":"https:\/\/news.canadamotorjobs.com\/fr\/blog\/"},{"@type":"ListItem","position":2,"name":"Voici le concept ID.2 All de Volkswagen"}]},{"@type":"WebSite","@id":"https:\/\/news.canadamotorjobs.com\/#website","url":"https:\/\/news.canadamotorjobs.com\/","name":"CanadaMotorJobs.com","description":"Automotive Jobs","publisher":{"@id":"https:\/\/news.canadamotorjobs.com\/#organization"},"potentialAction":[{"@type":"SearchAction","target":{"@type":"EntryPoint","urlTemplate":"https:\/\/news.canadamotorjobs.com\/?s={search_term_string}"},"query-input":"required name=search_term_string"}],"inLanguage":"fr-CA"},{"@type":"Organization","@id":"https:\/\/news.canadamotorjobs.com\/#organization","name":"Canada Motor Jobs","url":"https:\/\/news.canadamotorjobs.com\/","logo":{"@type":"ImageObject","inLanguage":"fr-CA","@id":"https:\/\/news.canadamotorjobs.com\/#\/schema\/logo\/image\/","url":"https:\/\/news.canadamotorjobs.com\/wp-content\/uploads\/2022\/10\/logo-canada-motor-jobs-1.png","contentUrl":"https:\/\/news.canadamotorjobs.com\/wp-content\/uploads\/2022\/10\/logo-canada-motor-jobs-1.png","width":800,"height":400,"caption":"Canada Motor Jobs"},"image":{"@id":"https:\/\/news.canadamotorjobs.com\/#\/schema\/logo\/image\/"},"sameAs":["https:\/\/www.facebook.com\/canadamotorjobs\/","https:\/\/x.com\/canadamotorjobs","https:\/\/www.instagram.com\/canadamotorjobs\/","https:\/\/www.linkedin.com\/company\/canadamotorjobs"]},{"@type":"Person","@id":"https:\/\/news.canadamotorjobs.com\/#\/schema\/person\/51793d1f87d44011d7bcc2ed99269a90","name":"Benoit Charette","image":{"@type":"ImageObject","inLanguage":"fr-CA","@id":"https:\/\/news.canadamotorjobs.com\/#\/schema\/person\/image\/","url":"https:\/\/secure.gravatar.com\/avatar\/45f3d2eebcccd909668d7ce7ea7267b6?s=96&d=mm&r=g","contentUrl":"https:\/\/secure.gravatar.com\/avatar\/45f3d2eebcccd909668d7ce7ea7267b6?s=96&d=mm&r=g","caption":"Benoit Charette"},"description":"Benoit Charette \/ Propri\u00e9taire et r\u00e9dacteur en chef Benoit Charette pratique le journalisme automobile depuis bient\u00f4t 30 ans. Il a fait ses classes au c\u00f4t\u00e9 de Daniel H\u00e9raud et au Carnet de route de 1992 \u00e0 2001. Il est fondateur, copropri\u00e9taire et r\u00e9dacteur en chef de L\u2019Annuel de l\u2019automobile, qu\u2019il publie depuis 2001. Il a anim\u00e9 les \u00e9missions RPM et RPM+ sur V et les L\u00e9gendes de la route sur Historia. \u00c0 la radio depuis 1986, il reprend l\u2019antenne cette ann\u00e9e sur les ondes de Cogeco et participe pour la deuxi\u00e8me ann\u00e9e \u00e0 l\u2019\u00e9mission Passion Auto sur RDS en plus de mettre en ligne le site Web officiel de L\u2019Annuel de l\u2019automobile sur annuelauto.ca.","sameAs":["https:\/\/annuelauto.ca\/"],"url":"https:\/\/news.canadamotorjobs.com\/fr\/author\/benoit-charette\/"}]}},"_links":{"self":[{"href":"https:\/\/news.canadamotorjobs.com\/fr\/wp-json\/wp\/v2\/posts\/141692"}],"collection":[{"href":"https:\/\/news.canadamotorjobs.com\/fr\/wp-json\/wp\/v2\/posts"}],"about":[{"href":"https:\/\/news.canadamotorjobs.com\/fr\/wp-json\/wp\/v2\/types\/post"}],"author":[{"embeddable":true,"href":"https:\/\/news.canadamotorjobs.com\/fr\/wp-json\/wp\/v2\/users\/8"}],"replies":[{"embeddable":true,"href":"https:\/\/news.canadamotorjobs.com\/fr\/wp-json\/wp\/v2\/comments?post=141692"}],"version-history":[{"count":2,"href":"https:\/\/news.canadamotorjobs.com\/fr\/wp-json\/wp\/v2\/posts\/141692\/revisions"}],"predecessor-version":[{"id":141696,"href":"https:\/\/news.canadamotorjobs.com\/fr\/wp-json\/wp\/v2\/posts\/141692\/revisions\/141696"}],"wp:featuredmedia":[{"embeddable":true,"href":"https:\/\/news.canadamotorjobs.com\/fr\/wp-json\/wp\/v2\/media\/141694"}],"wp:attachment":[{"href":"https:\/\/news.canadamotorjobs.com\/fr\/wp-json\/wp\/v2\/media?parent=141692"}],"wp:term":[{"taxonomy":"category","embeddable":true,"href":"https:\/\/news.canadamotorjobs.com\/fr\/wp-json\/wp\/v2\/categories?post=141692"},{"taxonomy":"post_tag","embeddable":true,"href":"https:\/\/news.canadamotorjobs.com\/fr\/wp-json\/wp\/v2\/tags?post=141692"}],"curies":[{"name":"wp","href":"https:\/\/api.w.org\/{rel}","templated":true}]}}