{"id":141669,"date":"2023-03-16T07:36:22","date_gmt":"2023-03-16T11:36:22","guid":{"rendered":"https:\/\/news.canadamotorjobs.com\/?p=141669"},"modified":"2023-03-16T07:46:19","modified_gmt":"2023-03-16T11:46:19","slug":"le-hyundai-ioniq-5-2024-aura-un-essuie-glace-a-larriere","status":"publish","type":"post","link":"https:\/\/news.canadamotorjobs.com\/fr\/le-hyundai-ioniq-5-2024-aura-un-essuie-glace-a-larriere\/","title":{"rendered":"Le Hyundai Ioniq 5 2024 aura un essuie-glace \u00e0 l\u2019arri\u00e8re"},"content":{"rendered":"<\/p>\n<p>Voil\u00e0 une nouvelle qui peut sembler anodine, mais si l&#8217;on consid\u00e8re que toutes les Ioniq 5 n&#8217;ont pas d&#8217;essuie-glace arri\u00e8re &#8211; un point de frustration constant pour tout lek propri\u00e9taires de ce mod\u00e8le &#8211; c&#8217;est une affaire plus importante que vous ne le pensez.<br \/>\nHyundai a refus\u00e9 de confirmer quoi que ce soit, mais des sources proches de Hyundai nous ont dit que la gamme Ioniq 5 recevra finalement un essuie-glace arri\u00e8re. Des photos de mod\u00e8les 2024 qui circulent en habit de camouflage montrent bien un essuie-glace \u00e0 l\u2019arri\u00e8re.<\/p>\n<h3>Un oubli g\u00eanant<\/h3>\n<p>\nLors de la pr\u00e9sentation de presse \u00e0 San Diego, il pleuvait tr\u00e8s fort et tous les journalistes pr\u00e9sents ont d\u00e9plor\u00e9 l\u2019absence d\u2019essuie-glace \u00e0 l\u2019arri\u00e8re. Pour certains VUS, l&#8217;absence d&#8217;essuie-glace n&#8217;est pas une transgression majeure. Mais il y a quelque chose dans le hayon de la Ioniq 5 qui fait que la vitre arri\u00e8re accumule facilement la neige, la pluie, la poussi\u00e8re et la salet\u00e9. Apr\u00e8s quelques minutes, elle est g\u00e9n\u00e9ralement assez sale pour n\u00e9cessiter un arr\u00eat \u00e0 une station-service (quelle horreur !) afin d&#8217;essuyer cette vitre et de r\u00e9tablir la visibilit\u00e9 arri\u00e8re. Un essuie-glace entra\u00eenera probablement un peu plus de tra\u00een\u00e9e, ce qui peut r\u00e9duire l&#8217;autonomie globale de la Ioniq 5, mais les avantages l&#8217;emportent largement sur les inconv\u00e9nients.<\/p>\n<h3>Que dire de la Ioniq 5 N<\/h3>\n<p>\nIl n&#8217;est pas encore clair si la Ioniq 5 recevra l&#8217;essuie-glace arri\u00e8re en m\u00eame temps que la Ioniq 5 N, et il n&#8217;y a pas de confirmation si cela fera partie d&#8217;un plus grand rafra\u00eechissement du produit pour l&#8217;ann\u00e9e-mod\u00e8le 2024. C&#8217;est ce qu&#8217;ont dit certaines sources, mais Hyundai a refus\u00e9 de confirmer les affirmations de ces m\u00eames sources. \u00c9tant donn\u00e9 que la 5 N sera pr\u00e9sent\u00e9e au Festival de vitesse de Goodwood &#8211; bien que sous la forme du prototype que nous avons vu ici &#8211; peut-\u00eatre obtiendrons-nous plus d&#8217;informations sur l&#8217;essuie-glace arri\u00e8re \u00e0 ce moment-l\u00e0.<\/p>\n<p>Avec des renseignements de Car and Driver<\/p>\n<p>Le texte <a rel=\"nofollow\" href=\"https:\/\/annuelauto.ca\/le-hyundai-ioniq-5-2024-aura-un-essuie-glace-a-larriere\/\">Le Hyundai Ioniq 5 2024 aura un essuie-glace \u00e0 l\u2019arri\u00e8re<\/a> provient de <a rel=\"nofollow\" href=\"https:\/\/annuelauto.ca\">L&#8217;annuel de l&#8217;automobile &#8211; Actualit\u00e9 automobile<\/a><\/p>\n<p><\/p>\n","protected":false},"excerpt":{"rendered":"<p>Voil\u00e0 une nouvelle qui peut sembler anodine, mais si l&#8217;on consid\u00e8re que toutes les Ioniq 5 n&#8217;ont pas d&#8217;essuie-glace arri\u00e8re &#8211; un point de frustration constant pour tout lek propri\u00e9taires de ce mod\u00e8le &#8211; c&#8217;est une affaire plus importante que vous ne le pensez. Hyundai a refus\u00e9 de confirmer quoi que ce soit, mais des [&hellip;]<\/p>\n","protected":false},"author":8,"featured_media":141671,"comment_status":"close","ping_status":"closed","sticky":false,"template":"","format":"standard","meta":{"_monsterinsights_skip_tracking":false,"_monsterinsights_sitenote_active":false,"_monsterinsights_sitenote_note":"","_monsterinsights_sitenote_category":0,"footnotes":""},"categories":[101],"tags":[],"yoast_head":"<!-- This site is optimized with the Yoast SEO plugin v23.2 - https:\/\/yoast.com\/wordpress\/plugins\/seo\/ -->\n<title>Le Hyundai Ioniq 5 2024 aura un essuie-glace \u00e0 l\u2019arri\u00e8re - CanadaMotorJobs.com<\/title>\n<meta name=\"description\" content=\"Le Hyundai Ioniq 5 2024 aura un essuie-glace \u00e0 l\u2019arri\u00e8re - Benoit Charette - Annuel automobile - CanadaMotorJobs.com.\" \/>\n<meta name=\"robots\" content=\"index, follow, max-snippet:-1, max-image-preview:large, max-video-preview:-1\" \/>\n<meta property=\"og:locale\" content=\"fr_CA\" \/>\n<meta property=\"og:type\" content=\"article\" \/>\n<meta property=\"og:title\" content=\"Le Hyundai Ioniq 5 2024 aura un essuie-glace \u00e0 l\u2019arri\u00e8re - CanadaMotorJobs.com\" \/>\n<meta property=\"og:description\" content=\"Le Hyundai Ioniq 5 2024 aura un essuie-glace \u00e0 l\u2019arri\u00e8re - Benoit Charette - Annuel automobile - CanadaMotorJobs.com.\" \/>\n<meta property=\"og:url\" content=\"https:\/\/news.canadamotorjobs.com\/fr\/le-hyundai-ioniq-5-2024-aura-un-essuie-glace-a-larriere\/\" \/>\n<meta property=\"og:site_name\" content=\"CanadaMotorJobs.com\" \/>\n<meta property=\"article:publisher\" content=\"https:\/\/www.facebook.com\/canadamotorjobs\/\" \/>\n<meta property=\"article:published_time\" content=\"2023-03-16T11:36:22+00:00\" \/>\n<meta property=\"article:modified_time\" content=\"2023-03-16T11:46:19+00:00\" \/>\n<meta property=\"og:image\" content=\"https:\/\/news.canadamotorjobs.com\/wp-content\/uploads\/2023\/03\/2024-hyundai-ioniq-5-n-prototype19-640b46b97b90b.jpg\" \/>\n\t<meta property=\"og:image:width\" content=\"1200\" \/>\n\t<meta property=\"og:image:height\" content=\"764\" \/>\n\t<meta property=\"og:image:type\" content=\"image\/jpeg\" \/>\n<meta name=\"author\" content=\"Benoit Charette\" \/>\n<meta name=\"twitter:card\" content=\"summary_large_image\" \/>\n<meta name=\"twitter:creator\" content=\"@canadamotorjobs\" \/>\n<meta name=\"twitter:site\" content=\"@canadamotorjobs\" \/>\n<meta name=\"twitter:label1\" content=\"\u00c9crit par\" \/>\n\t<meta name=\"twitter:data1\" content=\"Benoit Charette\" \/>\n\t<meta name=\"twitter:label2\" content=\"Estimation du temps de lecture\" \/>\n\t<meta name=\"twitter:data2\" content=\"2 minutes\" \/>\n<!-- \/ Yoast SEO plugin. -->","yoast_head_json":{"title":"Le Hyundai Ioniq 5 2024 aura un essuie-glace \u00e0 l\u2019arri\u00e8re - CanadaMotorJobs.com","description":"Le Hyundai Ioniq 5 2024 aura un essuie-glace \u00e0 l\u2019arri\u00e8re - Benoit Charette - Annuel automobile - CanadaMotorJobs.com.","robots":{"index":"index","follow":"follow","max-snippet":"max-snippet:-1","max-image-preview":"max-image-preview:large","max-video-preview":"max-video-preview:-1"},"og_locale":"fr_CA","og_type":"article","og_title":"Le Hyundai Ioniq 5 2024 aura un essuie-glace \u00e0 l\u2019arri\u00e8re - CanadaMotorJobs.com","og_description":"Le Hyundai Ioniq 5 2024 aura un essuie-glace \u00e0 l\u2019arri\u00e8re - Benoit Charette - Annuel automobile - CanadaMotorJobs.com.","og_url":"https:\/\/news.canadamotorjobs.com\/fr\/le-hyundai-ioniq-5-2024-aura-un-essuie-glace-a-larriere\/","og_site_name":"CanadaMotorJobs.com","article_publisher":"https:\/\/www.facebook.com\/canadamotorjobs\/","article_published_time":"2023-03-16T11:36:22+00:00","article_modified_time":"2023-03-16T11:46:19+00:00","og_image":[{"width":1200,"height":764,"url":"https:\/\/news.canadamotorjobs.com\/wp-content\/uploads\/2023\/03\/2024-hyundai-ioniq-5-n-prototype19-640b46b97b90b.jpg","type":"image\/jpeg"}],"author":"Benoit Charette","twitter_card":"summary_large_image","twitter_creator":"@canadamotorjobs","twitter_site":"@canadamotorjobs","twitter_misc":{"\u00c9crit par":"Benoit Charette","Estimation du temps de lecture":"2 minutes"},"schema":{"@context":"https:\/\/schema.org","@graph":[{"@type":"Article","@id":"https:\/\/news.canadamotorjobs.com\/fr\/le-hyundai-ioniq-5-2024-aura-un-essuie-glace-a-larriere\/#article","isPartOf":{"@id":"https:\/\/news.canadamotorjobs.com\/fr\/le-hyundai-ioniq-5-2024-aura-un-essuie-glace-a-larriere\/"},"author":{"name":"Benoit Charette","@id":"https:\/\/news.canadamotorjobs.com\/#\/schema\/person\/51793d1f87d44011d7bcc2ed99269a90"},"headline":"Le Hyundai Ioniq 5 2024 aura un essuie-glace \u00e0 l\u2019arri\u00e8re","datePublished":"2023-03-16T11:36:22+00:00","dateModified":"2023-03-16T11:46:19+00:00","mainEntityOfPage":{"@id":"https:\/\/news.canadamotorjobs.com\/fr\/le-hyundai-ioniq-5-2024-aura-un-essuie-glace-a-larriere\/"},"wordCount":394,"publisher":{"@id":"https:\/\/news.canadamotorjobs.com\/#organization"},"image":{"@id":"https:\/\/news.canadamotorjobs.com\/fr\/le-hyundai-ioniq-5-2024-aura-un-essuie-glace-a-larriere\/#primaryimage"},"thumbnailUrl":"https:\/\/news.canadamotorjobs.com\/wp-content\/uploads\/2023\/03\/2024-hyundai-ioniq-5-n-prototype19-640b46b97b90b.jpg","articleSection":["Annuel automobile"],"inLanguage":"fr-CA"},{"@type":"WebPage","@id":"https:\/\/news.canadamotorjobs.com\/fr\/le-hyundai-ioniq-5-2024-aura-un-essuie-glace-a-larriere\/","url":"https:\/\/news.canadamotorjobs.com\/fr\/le-hyundai-ioniq-5-2024-aura-un-essuie-glace-a-larriere\/","name":"Le Hyundai Ioniq 5 2024 aura un essuie-glace \u00e0 l\u2019arri\u00e8re - CanadaMotorJobs.com","isPartOf":{"@id":"https:\/\/news.canadamotorjobs.com\/#website"},"primaryImageOfPage":{"@id":"https:\/\/news.canadamotorjobs.com\/fr\/le-hyundai-ioniq-5-2024-aura-un-essuie-glace-a-larriere\/#primaryimage"},"image":{"@id":"https:\/\/news.canadamotorjobs.com\/fr\/le-hyundai-ioniq-5-2024-aura-un-essuie-glace-a-larriere\/#primaryimage"},"thumbnailUrl":"https:\/\/news.canadamotorjobs.com\/wp-content\/uploads\/2023\/03\/2024-hyundai-ioniq-5-n-prototype19-640b46b97b90b.jpg","datePublished":"2023-03-16T11:36:22+00:00","dateModified":"2023-03-16T11:46:19+00:00","description":"Le Hyundai Ioniq 5 2024 aura un essuie-glace \u00e0 l\u2019arri\u00e8re - Benoit Charette - Annuel automobile - CanadaMotorJobs.com.","breadcrumb":{"@id":"https:\/\/news.canadamotorjobs.com\/fr\/le-hyundai-ioniq-5-2024-aura-un-essuie-glace-a-larriere\/#breadcrumb"},"inLanguage":"fr-CA","potentialAction":[{"@type":"ReadAction","target":["https:\/\/news.canadamotorjobs.com\/fr\/le-hyundai-ioniq-5-2024-aura-un-essuie-glace-a-larriere\/"]}]},{"@type":"ImageObject","inLanguage":"fr-CA","@id":"https:\/\/news.canadamotorjobs.com\/fr\/le-hyundai-ioniq-5-2024-aura-un-essuie-glace-a-larriere\/#primaryimage","url":"https:\/\/news.canadamotorjobs.com\/wp-content\/uploads\/2023\/03\/2024-hyundai-ioniq-5-n-prototype19-640b46b97b90b.jpg","contentUrl":"https:\/\/news.canadamotorjobs.com\/wp-content\/uploads\/2023\/03\/2024-hyundai-ioniq-5-n-prototype19-640b46b97b90b.jpg","width":1200,"height":764},{"@type":"BreadcrumbList","@id":"https:\/\/news.canadamotorjobs.com\/fr\/le-hyundai-ioniq-5-2024-aura-un-essuie-glace-a-larriere\/#breadcrumb","itemListElement":[{"@type":"ListItem","position":1,"name":"Home","item":"https:\/\/news.canadamotorjobs.com\/fr\/blog\/"},{"@type":"ListItem","position":2,"name":"Le Hyundai Ioniq 5 2024 aura un essuie-glace \u00e0 l\u2019arri\u00e8re"}]},{"@type":"WebSite","@id":"https:\/\/news.canadamotorjobs.com\/#website","url":"https:\/\/news.canadamotorjobs.com\/","name":"CanadaMotorJobs.com","description":"Automotive Jobs","publisher":{"@id":"https:\/\/news.canadamotorjobs.com\/#organization"},"potentialAction":[{"@type":"SearchAction","target":{"@type":"EntryPoint","urlTemplate":"https:\/\/news.canadamotorjobs.com\/?s={search_term_string}"},"query-input":"required name=search_term_string"}],"inLanguage":"fr-CA"},{"@type":"Organization","@id":"https:\/\/news.canadamotorjobs.com\/#organization","name":"Canada Motor Jobs","url":"https:\/\/news.canadamotorjobs.com\/","logo":{"@type":"ImageObject","inLanguage":"fr-CA","@id":"https:\/\/news.canadamotorjobs.com\/#\/schema\/logo\/image\/","url":"https:\/\/news.canadamotorjobs.com\/wp-content\/uploads\/2022\/10\/logo-canada-motor-jobs-1.png","contentUrl":"https:\/\/news.canadamotorjobs.com\/wp-content\/uploads\/2022\/10\/logo-canada-motor-jobs-1.png","width":800,"height":400,"caption":"Canada Motor Jobs"},"image":{"@id":"https:\/\/news.canadamotorjobs.com\/#\/schema\/logo\/image\/"},"sameAs":["https:\/\/www.facebook.com\/canadamotorjobs\/","https:\/\/x.com\/canadamotorjobs","https:\/\/www.instagram.com\/canadamotorjobs\/","https:\/\/www.linkedin.com\/company\/canadamotorjobs"]},{"@type":"Person","@id":"https:\/\/news.canadamotorjobs.com\/#\/schema\/person\/51793d1f87d44011d7bcc2ed99269a90","name":"Benoit Charette","image":{"@type":"ImageObject","inLanguage":"fr-CA","@id":"https:\/\/news.canadamotorjobs.com\/#\/schema\/person\/image\/","url":"https:\/\/secure.gravatar.com\/avatar\/45f3d2eebcccd909668d7ce7ea7267b6?s=96&d=mm&r=g","contentUrl":"https:\/\/secure.gravatar.com\/avatar\/45f3d2eebcccd909668d7ce7ea7267b6?s=96&d=mm&r=g","caption":"Benoit Charette"},"description":"Benoit Charette \/ Propri\u00e9taire et r\u00e9dacteur en chef Benoit Charette pratique le journalisme automobile depuis bient\u00f4t 30 ans. Il a fait ses classes au c\u00f4t\u00e9 de Daniel H\u00e9raud et au Carnet de route de 1992 \u00e0 2001. Il est fondateur, copropri\u00e9taire et r\u00e9dacteur en chef de L\u2019Annuel de l\u2019automobile, qu\u2019il publie depuis 2001. Il a anim\u00e9 les \u00e9missions RPM et RPM+ sur V et les L\u00e9gendes de la route sur Historia. \u00c0 la radio depuis 1986, il reprend l\u2019antenne cette ann\u00e9e sur les ondes de Cogeco et participe pour la deuxi\u00e8me ann\u00e9e \u00e0 l\u2019\u00e9mission Passion Auto sur RDS en plus de mettre en ligne le site Web officiel de L\u2019Annuel de l\u2019automobile sur annuelauto.ca.","sameAs":["https:\/\/annuelauto.ca\/"],"url":"https:\/\/news.canadamotorjobs.com\/fr\/author\/benoit-charette\/"}]}},"_links":{"self":[{"href":"https:\/\/news.canadamotorjobs.com\/fr\/wp-json\/wp\/v2\/posts\/141669"}],"collection":[{"href":"https:\/\/news.canadamotorjobs.com\/fr\/wp-json\/wp\/v2\/posts"}],"about":[{"href":"https:\/\/news.canadamotorjobs.com\/fr\/wp-json\/wp\/v2\/types\/post"}],"author":[{"embeddable":true,"href":"https:\/\/news.canadamotorjobs.com\/fr\/wp-json\/wp\/v2\/users\/8"}],"replies":[{"embeddable":true,"href":"https:\/\/news.canadamotorjobs.com\/fr\/wp-json\/wp\/v2\/comments?post=141669"}],"version-history":[{"count":2,"href":"https:\/\/news.canadamotorjobs.com\/fr\/wp-json\/wp\/v2\/posts\/141669\/revisions"}],"predecessor-version":[{"id":141673,"href":"https:\/\/news.canadamotorjobs.com\/fr\/wp-json\/wp\/v2\/posts\/141669\/revisions\/141673"}],"wp:featuredmedia":[{"embeddable":true,"href":"https:\/\/news.canadamotorjobs.com\/fr\/wp-json\/wp\/v2\/media\/141671"}],"wp:attachment":[{"href":"https:\/\/news.canadamotorjobs.com\/fr\/wp-json\/wp\/v2\/media?parent=141669"}],"wp:term":[{"taxonomy":"category","embeddable":true,"href":"https:\/\/news.canadamotorjobs.com\/fr\/wp-json\/wp\/v2\/categories?post=141669"},{"taxonomy":"post_tag","embeddable":true,"href":"https:\/\/news.canadamotorjobs.com\/fr\/wp-json\/wp\/v2\/tags?post=141669"}],"curies":[{"name":"wp","href":"https:\/\/api.w.org\/{rel}","templated":true}]}}