{"id":141619,"date":"2023-03-15T11:21:41","date_gmt":"2023-03-15T15:21:41","guid":{"rendered":"https:\/\/news.canadamotorjobs.com\/?p=141619"},"modified":"2023-03-15T11:29:36","modified_gmt":"2023-03-15T15:29:36","slug":"une-action-collective-vient-detre-acceptee-contre-toyota","status":"publish","type":"post","link":"https:\/\/news.canadamotorjobs.com\/fr\/une-action-collective-vient-detre-acceptee-contre-toyota\/","title":{"rendered":"Une action collective vient d\u2019\u00eatre accept\u00e9e contre Toyota"},"content":{"rendered":"<\/p>\n<p>Le vendredi 10 mars dernier, deux cabinets d\u2019avocats ont d\u00e9pos\u00e9 une demande d\u2019autorisation d\u2019action collective contre Toyota. Les avocats Me Guy Paquette et Me Annie Montplaisir du cabinet Paquette Gadler et Me Fredy Adams du cabinet Adams Avocat ont d\u00e9pos\u00e9 une demande d\u2019autorisation d\u2019exercer une action collective contre Toyota.<\/p>\n<h3>De quoi s\u2019agit-il ?<\/h3>\n<p>\nLes Qu\u00e9b\u00e9cois ayant acquis un v\u00e9hicule Toyota RAV4, Corolla ou Lexus NX et RX, fabriqu\u00e9 en Ontario, devraient \u00eatre d\u00e9dommag\u00e9s pour des frais de transport \u00ab\u00a0disproportionn\u00e9s et abusifs\u00a0\u00bb, peut-on lire dans la demande qui a \u00e9t\u00e9 d\u00e9pos\u00e9e hier au palais de justice de Montr\u00e9al. Le requ\u00e9rant, Yvon Denault, a achet\u00e9, en f\u00e9vrier 2022, un VUS de marque Toyota RAV4. Sauf qu\u2019\u00e0 la conclusion du contrat, son concessionnaire lui a factur\u00e9 des frais additionnels de 1 890\u00a0$ pour le transport et la pr\u00e9paration. On estime que le co\u00fbt de transport pour ces v\u00e9hicules fabriqu\u00e9s \u00e0 l\u2019usine de Woodstock et Cambridge en Ontario est de 350\u00a0$ \u00e0 525\u00a0$. Pour la pr\u00e9paration c\u2019est un travail qui prend entre 60 et 90 minutes.<\/p>\n<h3>Un montant jug\u00e9 abusif<\/h3>\n<p>\nLa requ\u00eate soul\u00e8ve ici une violation de l\u2019article\u00a08 de la Loi sur la protection du consommateur \u00ab\u00a0compte tenu du co\u00fbt r\u00e9el du transport, sachant que les usines de fabrication se situent \u00e0 quelques centaines de kilom\u00e8tres des grandes villes centrales du Qu\u00e9bec\u00a0\u00bb. Par cons\u00e9quent, la partie demanderesse r\u00e9clame une somme de 500\u00a0$ pour chaque membre du groupe, \u00e0 titre de dommage punitif, mais \u00e9galement le remboursement de la diff\u00e9rence entre le montant factur\u00e9 pour les frais de transport et \u00ab\u00a0le co\u00fbt r\u00e9el\u00a0\u00bb de ce service.<\/p>\n<h3>Qui est inscrit ?<\/h3>\n<p>\nCette action collective concerne toutes les personnes physiques ou morales qui sont li\u00e9es par un contrat de vente \u00e0 temp\u00e9rament ou un contrat de location pour l\u2019un de ces mod\u00e8les dans les trois derni\u00e8res ann\u00e9es, soit depuis le 10 mars 2020. Vous n\u2019avez aucune d\u00e9marche \u00e0 faire, sauf si vous d\u00e9sirez vous exclure du groupe. Votre nom sera ajout\u00e9 aux propri\u00e9taires concern\u00e9s.<\/p>\n<p>\u00a0<\/p>\n<p>Avec des renseignements du droit inc.<\/p>\n<p>\u00a0<\/p>\n<p>Le texte <a rel=\"nofollow\" href=\"https:\/\/annuelauto.ca\/une-action-collective-vient-detre-acceptee-contre-toyota\/\">Une action collective vient d\u2019\u00eatre accept\u00e9e contre Toyota<\/a> provient de <a rel=\"nofollow\" href=\"https:\/\/annuelauto.ca\">L&#8217;annuel de l&#8217;automobile &#8211; Actualit\u00e9 automobile<\/a><\/p>\n<p><\/p>\n","protected":false},"excerpt":{"rendered":"<p>Le vendredi 10 mars dernier, deux cabinets d\u2019avocats ont d\u00e9pos\u00e9 une demande d\u2019autorisation d\u2019action collective contre Toyota. Les avocats Me Guy Paquette et Me Annie Montplaisir du cabinet Paquette Gadler et Me Fredy Adams du cabinet Adams Avocat ont d\u00e9pos\u00e9 une demande d\u2019autorisation d\u2019exercer une action collective contre Toyota. De quoi s\u2019agit-il ? Les Qu\u00e9b\u00e9cois [&hellip;]<\/p>\n","protected":false},"author":8,"featured_media":141621,"comment_status":"close","ping_status":"closed","sticky":false,"template":"","format":"standard","meta":{"_monsterinsights_skip_tracking":false,"_monsterinsights_sitenote_active":false,"_monsterinsights_sitenote_note":"","_monsterinsights_sitenote_category":0,"footnotes":""},"categories":[101],"tags":[],"yoast_head":"<!-- This site is optimized with the Yoast SEO plugin v23.2 - https:\/\/yoast.com\/wordpress\/plugins\/seo\/ -->\n<title>Une action collective vient d\u2019\u00eatre accept\u00e9e contre Toyota - CanadaMotorJobs.com<\/title>\n<meta name=\"description\" content=\"Une action collective vient d\u2019\u00eatre accept\u00e9e contre Toyota - Benoit Charette - Annuel automobile - CanadaMotorJobs.com.\" \/>\n<meta name=\"robots\" content=\"index, follow, max-snippet:-1, max-image-preview:large, max-video-preview:-1\" \/>\n<meta property=\"og:locale\" content=\"fr_CA\" \/>\n<meta property=\"og:type\" content=\"article\" \/>\n<meta property=\"og:title\" content=\"Une action collective vient d\u2019\u00eatre accept\u00e9e contre Toyota - CanadaMotorJobs.com\" \/>\n<meta property=\"og:description\" content=\"Une action collective vient d\u2019\u00eatre accept\u00e9e contre Toyota - Benoit Charette - Annuel automobile - CanadaMotorJobs.com.\" \/>\n<meta property=\"og:url\" content=\"https:\/\/news.canadamotorjobs.com\/fr\/une-action-collective-vient-detre-acceptee-contre-toyota\/\" \/>\n<meta property=\"og:site_name\" content=\"CanadaMotorJobs.com\" \/>\n<meta property=\"article:publisher\" content=\"https:\/\/www.facebook.com\/canadamotorjobs\/\" \/>\n<meta property=\"article:published_time\" content=\"2023-03-15T15:21:41+00:00\" \/>\n<meta property=\"article:modified_time\" content=\"2023-03-15T15:29:36+00:00\" \/>\n<meta property=\"og:image\" content=\"https:\/\/news.canadamotorjobs.com\/wp-content\/uploads\/2023\/03\/2021-toyota-rav4-prime.jpg\" \/>\n\t<meta property=\"og:image:width\" content=\"1920\" \/>\n\t<meta property=\"og:image:height\" content=\"1080\" \/>\n\t<meta property=\"og:image:type\" content=\"image\/jpeg\" \/>\n<meta name=\"author\" content=\"Benoit Charette\" \/>\n<meta name=\"twitter:card\" content=\"summary_large_image\" \/>\n<meta name=\"twitter:creator\" content=\"@canadamotorjobs\" \/>\n<meta name=\"twitter:site\" content=\"@canadamotorjobs\" \/>\n<meta name=\"twitter:label1\" content=\"\u00c9crit par\" \/>\n\t<meta name=\"twitter:data1\" content=\"Benoit Charette\" \/>\n\t<meta name=\"twitter:label2\" content=\"Estimation du temps de lecture\" \/>\n\t<meta name=\"twitter:data2\" content=\"2 minutes\" \/>\n<!-- \/ Yoast SEO plugin. -->","yoast_head_json":{"title":"Une action collective vient d\u2019\u00eatre accept\u00e9e contre Toyota - CanadaMotorJobs.com","description":"Une action collective vient d\u2019\u00eatre accept\u00e9e contre Toyota - Benoit Charette - Annuel automobile - CanadaMotorJobs.com.","robots":{"index":"index","follow":"follow","max-snippet":"max-snippet:-1","max-image-preview":"max-image-preview:large","max-video-preview":"max-video-preview:-1"},"og_locale":"fr_CA","og_type":"article","og_title":"Une action collective vient d\u2019\u00eatre accept\u00e9e contre Toyota - CanadaMotorJobs.com","og_description":"Une action collective vient d\u2019\u00eatre accept\u00e9e contre Toyota - Benoit Charette - Annuel automobile - CanadaMotorJobs.com.","og_url":"https:\/\/news.canadamotorjobs.com\/fr\/une-action-collective-vient-detre-acceptee-contre-toyota\/","og_site_name":"CanadaMotorJobs.com","article_publisher":"https:\/\/www.facebook.com\/canadamotorjobs\/","article_published_time":"2023-03-15T15:21:41+00:00","article_modified_time":"2023-03-15T15:29:36+00:00","og_image":[{"width":1920,"height":1080,"url":"https:\/\/news.canadamotorjobs.com\/wp-content\/uploads\/2023\/03\/2021-toyota-rav4-prime.jpg","type":"image\/jpeg"}],"author":"Benoit Charette","twitter_card":"summary_large_image","twitter_creator":"@canadamotorjobs","twitter_site":"@canadamotorjobs","twitter_misc":{"\u00c9crit par":"Benoit Charette","Estimation du temps de lecture":"2 minutes"},"schema":{"@context":"https:\/\/schema.org","@graph":[{"@type":"Article","@id":"https:\/\/news.canadamotorjobs.com\/fr\/une-action-collective-vient-detre-acceptee-contre-toyota\/#article","isPartOf":{"@id":"https:\/\/news.canadamotorjobs.com\/fr\/une-action-collective-vient-detre-acceptee-contre-toyota\/"},"author":{"name":"Benoit Charette","@id":"https:\/\/news.canadamotorjobs.com\/#\/schema\/person\/51793d1f87d44011d7bcc2ed99269a90"},"headline":"Une action collective vient d\u2019\u00eatre accept\u00e9e contre Toyota","datePublished":"2023-03-15T15:21:41+00:00","dateModified":"2023-03-15T15:29:36+00:00","mainEntityOfPage":{"@id":"https:\/\/news.canadamotorjobs.com\/fr\/une-action-collective-vient-detre-acceptee-contre-toyota\/"},"wordCount":395,"publisher":{"@id":"https:\/\/news.canadamotorjobs.com\/#organization"},"image":{"@id":"https:\/\/news.canadamotorjobs.com\/fr\/une-action-collective-vient-detre-acceptee-contre-toyota\/#primaryimage"},"thumbnailUrl":"https:\/\/news.canadamotorjobs.com\/wp-content\/uploads\/2023\/03\/2021-toyota-rav4-prime.jpg","articleSection":["Annuel automobile"],"inLanguage":"fr-CA"},{"@type":"WebPage","@id":"https:\/\/news.canadamotorjobs.com\/fr\/une-action-collective-vient-detre-acceptee-contre-toyota\/","url":"https:\/\/news.canadamotorjobs.com\/fr\/une-action-collective-vient-detre-acceptee-contre-toyota\/","name":"Une action collective vient d\u2019\u00eatre accept\u00e9e contre Toyota - CanadaMotorJobs.com","isPartOf":{"@id":"https:\/\/news.canadamotorjobs.com\/#website"},"primaryImageOfPage":{"@id":"https:\/\/news.canadamotorjobs.com\/fr\/une-action-collective-vient-detre-acceptee-contre-toyota\/#primaryimage"},"image":{"@id":"https:\/\/news.canadamotorjobs.com\/fr\/une-action-collective-vient-detre-acceptee-contre-toyota\/#primaryimage"},"thumbnailUrl":"https:\/\/news.canadamotorjobs.com\/wp-content\/uploads\/2023\/03\/2021-toyota-rav4-prime.jpg","datePublished":"2023-03-15T15:21:41+00:00","dateModified":"2023-03-15T15:29:36+00:00","description":"Une action collective vient d\u2019\u00eatre accept\u00e9e contre Toyota - Benoit Charette - Annuel automobile - CanadaMotorJobs.com.","breadcrumb":{"@id":"https:\/\/news.canadamotorjobs.com\/fr\/une-action-collective-vient-detre-acceptee-contre-toyota\/#breadcrumb"},"inLanguage":"fr-CA","potentialAction":[{"@type":"ReadAction","target":["https:\/\/news.canadamotorjobs.com\/fr\/une-action-collective-vient-detre-acceptee-contre-toyota\/"]}]},{"@type":"ImageObject","inLanguage":"fr-CA","@id":"https:\/\/news.canadamotorjobs.com\/fr\/une-action-collective-vient-detre-acceptee-contre-toyota\/#primaryimage","url":"https:\/\/news.canadamotorjobs.com\/wp-content\/uploads\/2023\/03\/2021-toyota-rav4-prime.jpg","contentUrl":"https:\/\/news.canadamotorjobs.com\/wp-content\/uploads\/2023\/03\/2021-toyota-rav4-prime.jpg","width":1920,"height":1080},{"@type":"BreadcrumbList","@id":"https:\/\/news.canadamotorjobs.com\/fr\/une-action-collective-vient-detre-acceptee-contre-toyota\/#breadcrumb","itemListElement":[{"@type":"ListItem","position":1,"name":"Home","item":"https:\/\/news.canadamotorjobs.com\/fr\/blog\/"},{"@type":"ListItem","position":2,"name":"Une action collective vient d\u2019\u00eatre accept\u00e9e contre Toyota"}]},{"@type":"WebSite","@id":"https:\/\/news.canadamotorjobs.com\/#website","url":"https:\/\/news.canadamotorjobs.com\/","name":"CanadaMotorJobs.com","description":"Automotive Jobs","publisher":{"@id":"https:\/\/news.canadamotorjobs.com\/#organization"},"potentialAction":[{"@type":"SearchAction","target":{"@type":"EntryPoint","urlTemplate":"https:\/\/news.canadamotorjobs.com\/?s={search_term_string}"},"query-input":"required name=search_term_string"}],"inLanguage":"fr-CA"},{"@type":"Organization","@id":"https:\/\/news.canadamotorjobs.com\/#organization","name":"Canada Motor Jobs","url":"https:\/\/news.canadamotorjobs.com\/","logo":{"@type":"ImageObject","inLanguage":"fr-CA","@id":"https:\/\/news.canadamotorjobs.com\/#\/schema\/logo\/image\/","url":"https:\/\/news.canadamotorjobs.com\/wp-content\/uploads\/2022\/10\/logo-canada-motor-jobs-1.png","contentUrl":"https:\/\/news.canadamotorjobs.com\/wp-content\/uploads\/2022\/10\/logo-canada-motor-jobs-1.png","width":800,"height":400,"caption":"Canada Motor Jobs"},"image":{"@id":"https:\/\/news.canadamotorjobs.com\/#\/schema\/logo\/image\/"},"sameAs":["https:\/\/www.facebook.com\/canadamotorjobs\/","https:\/\/x.com\/canadamotorjobs","https:\/\/www.instagram.com\/canadamotorjobs\/","https:\/\/www.linkedin.com\/company\/canadamotorjobs"]},{"@type":"Person","@id":"https:\/\/news.canadamotorjobs.com\/#\/schema\/person\/51793d1f87d44011d7bcc2ed99269a90","name":"Benoit Charette","image":{"@type":"ImageObject","inLanguage":"fr-CA","@id":"https:\/\/news.canadamotorjobs.com\/#\/schema\/person\/image\/","url":"https:\/\/secure.gravatar.com\/avatar\/45f3d2eebcccd909668d7ce7ea7267b6?s=96&d=mm&r=g","contentUrl":"https:\/\/secure.gravatar.com\/avatar\/45f3d2eebcccd909668d7ce7ea7267b6?s=96&d=mm&r=g","caption":"Benoit Charette"},"description":"Benoit Charette \/ Propri\u00e9taire et r\u00e9dacteur en chef Benoit Charette pratique le journalisme automobile depuis bient\u00f4t 30 ans. Il a fait ses classes au c\u00f4t\u00e9 de Daniel H\u00e9raud et au Carnet de route de 1992 \u00e0 2001. Il est fondateur, copropri\u00e9taire et r\u00e9dacteur en chef de L\u2019Annuel de l\u2019automobile, qu\u2019il publie depuis 2001. Il a anim\u00e9 les \u00e9missions RPM et RPM+ sur V et les L\u00e9gendes de la route sur Historia. \u00c0 la radio depuis 1986, il reprend l\u2019antenne cette ann\u00e9e sur les ondes de Cogeco et participe pour la deuxi\u00e8me ann\u00e9e \u00e0 l\u2019\u00e9mission Passion Auto sur RDS en plus de mettre en ligne le site Web officiel de L\u2019Annuel de l\u2019automobile sur annuelauto.ca.","sameAs":["https:\/\/annuelauto.ca\/"],"url":"https:\/\/news.canadamotorjobs.com\/fr\/author\/benoit-charette\/"}]}},"_links":{"self":[{"href":"https:\/\/news.canadamotorjobs.com\/fr\/wp-json\/wp\/v2\/posts\/141619"}],"collection":[{"href":"https:\/\/news.canadamotorjobs.com\/fr\/wp-json\/wp\/v2\/posts"}],"about":[{"href":"https:\/\/news.canadamotorjobs.com\/fr\/wp-json\/wp\/v2\/types\/post"}],"author":[{"embeddable":true,"href":"https:\/\/news.canadamotorjobs.com\/fr\/wp-json\/wp\/v2\/users\/8"}],"replies":[{"embeddable":true,"href":"https:\/\/news.canadamotorjobs.com\/fr\/wp-json\/wp\/v2\/comments?post=141619"}],"version-history":[{"count":2,"href":"https:\/\/news.canadamotorjobs.com\/fr\/wp-json\/wp\/v2\/posts\/141619\/revisions"}],"predecessor-version":[{"id":141623,"href":"https:\/\/news.canadamotorjobs.com\/fr\/wp-json\/wp\/v2\/posts\/141619\/revisions\/141623"}],"wp:featuredmedia":[{"embeddable":true,"href":"https:\/\/news.canadamotorjobs.com\/fr\/wp-json\/wp\/v2\/media\/141621"}],"wp:attachment":[{"href":"https:\/\/news.canadamotorjobs.com\/fr\/wp-json\/wp\/v2\/media?parent=141619"}],"wp:term":[{"taxonomy":"category","embeddable":true,"href":"https:\/\/news.canadamotorjobs.com\/fr\/wp-json\/wp\/v2\/categories?post=141619"},{"taxonomy":"post_tag","embeddable":true,"href":"https:\/\/news.canadamotorjobs.com\/fr\/wp-json\/wp\/v2\/tags?post=141619"}],"curies":[{"name":"wp","href":"https:\/\/api.w.org\/{rel}","templated":true}]}}