{"id":141515,"date":"2023-03-14T07:38:22","date_gmt":"2023-03-14T11:38:22","guid":{"rendered":"https:\/\/news.canadamotorjobs.com\/?p=141515"},"modified":"2023-03-14T07:44:15","modified_gmt":"2023-03-14T11:44:15","slug":"volkswagen-annonce-des-investissements-de-264-milliards-sur-cinq-ans","status":"publish","type":"post","link":"https:\/\/news.canadamotorjobs.com\/fr\/volkswagen-annonce-des-investissements-de-264-milliards-sur-cinq-ans\/","title":{"rendered":"Volkswagen annonce des investissements de 264 milliards sur cinq ans"},"content":{"rendered":"<\/p>\n<p>Le groupe Volkswagen a d\u00e9clar\u00e9, hier, qu&#8217;il investirait 180 milliards d&#8217;euros (264 milliards de dollars) au cours des cinq prochaines ann\u00e9es dans des domaines tels que la production de cellules de batteries, la num\u00e9risation en Chine et l&#8217;expansion de sa pr\u00e9sence en Am\u00e9rique du Nord, tandis que les d\u00e9penses dans les moteurs \u00e0 combustion diminueront.<\/p>\n<h3>Des montants distribu\u00e9s \u00e0 toutes les divisions<\/h3>\n<p>\nPlus des deux tiers du budget d&#8217;investissement quinquennal &#8211; 122 milliards d&#8217;euros (179 milliards de dollars) &#8211; sont allou\u00e9s aux V\u00c9 et aux logiciels, alors que le groupe, dont les marques comprennent Porsche, Audi, Bentley, VW et Skoda, intensifie ses efforts pour d\u00e9fier la dominance de Tesla. Le constructeur automobile augmente ses d\u00e9penses globales de 13\u00a0% par rapport \u00e0 sa derni\u00e8re mise \u00e0 jour annuelle. L&#8217;investissement de VW dans la technologie des moteurs \u00e0 combustion interne atteindra son apog\u00e9e en 2025, lorsque les nouvelles normes d&#8217;\u00e9missions Euro 7 entreront en vigueur dans l&#8217;Union europ\u00e9enne, puis diminuera \u00e0 partir de ce moment-l\u00e0, alors que VW s&#8217;efforce d&#8217;atteindre son objectif de 50\u00a0% de ventes de v\u00e9hicules enti\u00e8rement \u00e9lectriques \u00e0 l&#8217;\u00e9chelle mondiale d&#8217;ici 2030.<\/p>\n<h3>Des investissements technologiques aussi<\/h3>\n<p>\nVW a d\u00e9clar\u00e9 qu&#8217;il mettait la derni\u00e8re main \u00e0 un logiciel de haute performance pour ses marques haut de gamme et de luxe, qui pourrait \u00e0 moyen terme \u00eatre appliqu\u00e9 \u00e0 l&#8217;ensemble de l&#8217;entreprise, dans le but d&#8217;am\u00e9liorer les op\u00e9rations de son unit\u00e9 logicielle Cariad. L&#8217;unit\u00e9 a d\u00e9pass\u00e9 son budget et a pris du retard par rapport \u00e0 ses objectifs, subissant une perte d&#8217;exploitation de 2 milliards d&#8217;euros en 2022 pour un chiffre d&#8217;affaires de 800 millions d&#8217;euros, selon le rapport annuel du constructeur automobile publi\u00e9 mardi. VW investit \u00e9galement en Chine, son plus grand march\u00e9, afin d&#8217;am\u00e9liorer la comp\u00e9titivit\u00e9 des mod\u00e8les locaux et d&#8217;enrayer la chute de ses parts de march\u00e9, en particulier dans le domaine des v\u00e9hicules \u00e9lectriques. Volks a aussi annonc\u00e9 l\u2019ouverture d\u2019une usine de batteries au Canada, hier.<\/p>\n<h3>Maintenir les profits<\/h3>\n<p>\nLa marge b\u00e9n\u00e9ficiaire pour 2022 se situe dans la partie sup\u00e9rieure de ses pr\u00e9visions, \u00e0 8,1\u00a0%, avec des ventes et des b\u00e9n\u00e9fices sup\u00e9rieurs au niveau de 2021, malgr\u00e9 les turbulences de la cha\u00eene d&#8217;approvisionnement qui font chuter son flux de tr\u00e9sorerie net bien en de\u00e7\u00e0 de l&#8217;objectif. Les investissements &#8220;substantiels&#8221; dans le secteur des batteries de VW et les d\u00e9penses dans les moteurs \u00e0 combustion pour se conformer aux r\u00e9glementations en mati\u00e8re d&#8217;\u00e9missions &#8220;constitueront une pr\u00e9occupation majeure pour les investisseurs&#8221; qui s&#8217;inqui\u00e8tent de l&#8217;impact sur les flux de tr\u00e9sorerie, annoncent les analystes.<\/p>\n<p>\u00a0<\/p>\n<p>Avec des renseignements d\u2019Automotive News<\/p>\n<p>\u00a0<\/p>\n<p>\u00a0<\/p>\n<p>\u00a0<\/p>\n<p>Le texte <a rel=\"nofollow\" href=\"https:\/\/annuelauto.ca\/volkswagen-annonce-des-investissements-de-264-milliards-sur-cinq-ans\/\">Volkswagen annonce des investissements de 264 milliards sur cinq ans<\/a> provient de <a rel=\"nofollow\" href=\"https:\/\/annuelauto.ca\">L&#8217;annuel de l&#8217;automobile &#8211; Actualit\u00e9 automobile<\/a><\/p>\n<p><\/p>\n","protected":false},"excerpt":{"rendered":"<p>Le groupe Volkswagen a d\u00e9clar\u00e9, hier, qu&#8217;il investirait 180 milliards d&#8217;euros (264 milliards de dollars) au cours des cinq prochaines ann\u00e9es dans des domaines tels que la production de cellules de batteries, la num\u00e9risation en Chine et l&#8217;expansion de sa pr\u00e9sence en Am\u00e9rique du Nord, tandis que les d\u00e9penses dans les moteurs \u00e0 combustion diminueront. [&hellip;]<\/p>\n","protected":false},"author":8,"featured_media":141517,"comment_status":"close","ping_status":"closed","sticky":false,"template":"","format":"standard","meta":{"_monsterinsights_skip_tracking":false,"_monsterinsights_sitenote_active":false,"_monsterinsights_sitenote_note":"","_monsterinsights_sitenote_category":0,"footnotes":""},"categories":[101],"tags":[],"yoast_head":"<!-- This site is optimized with the Yoast SEO plugin v23.2 - https:\/\/yoast.com\/wordpress\/plugins\/seo\/ -->\n<title>Volkswagen annonce des investissements de 264 milliards sur cinq ans - CanadaMotorJobs.com<\/title>\n<meta name=\"description\" content=\"Volkswagen annonce des investissements de 264 milliards sur cinq ans - Benoit Charette - Annuel automobile - CanadaMotorJobs.com.\" \/>\n<meta name=\"robots\" content=\"index, follow, max-snippet:-1, max-image-preview:large, max-video-preview:-1\" \/>\n<meta property=\"og:locale\" content=\"fr_CA\" \/>\n<meta property=\"og:type\" content=\"article\" \/>\n<meta property=\"og:title\" content=\"Volkswagen annonce des investissements de 264 milliards sur cinq ans - CanadaMotorJobs.com\" \/>\n<meta property=\"og:description\" content=\"Volkswagen annonce des investissements de 264 milliards sur cinq ans - Benoit Charette - Annuel automobile - CanadaMotorJobs.com.\" \/>\n<meta property=\"og:url\" content=\"https:\/\/news.canadamotorjobs.com\/fr\/volkswagen-annonce-des-investissements-de-264-milliards-sur-cinq-ans\/\" \/>\n<meta property=\"og:site_name\" content=\"CanadaMotorJobs.com\" \/>\n<meta property=\"article:publisher\" content=\"https:\/\/www.facebook.com\/canadamotorjobs\/\" \/>\n<meta property=\"article:published_time\" content=\"2023-03-14T11:38:22+00:00\" \/>\n<meta property=\"article:modified_time\" content=\"2023-03-14T11:44:15+00:00\" \/>\n<meta property=\"og:image\" content=\"https:\/\/news.canadamotorjobs.com\/wp-content\/uploads\/2023\/03\/volkswagen-plant_100514454_h.jpg\" \/>\n\t<meta property=\"og:image:width\" content=\"1920\" \/>\n\t<meta property=\"og:image:height\" content=\"1257\" \/>\n\t<meta property=\"og:image:type\" content=\"image\/jpeg\" \/>\n<meta name=\"author\" content=\"Benoit Charette\" \/>\n<meta name=\"twitter:card\" content=\"summary_large_image\" \/>\n<meta name=\"twitter:creator\" content=\"@canadamotorjobs\" \/>\n<meta name=\"twitter:site\" content=\"@canadamotorjobs\" \/>\n<meta name=\"twitter:label1\" content=\"\u00c9crit par\" \/>\n\t<meta name=\"twitter:data1\" content=\"Benoit Charette\" \/>\n\t<meta name=\"twitter:label2\" content=\"Estimation du temps de lecture\" \/>\n\t<meta name=\"twitter:data2\" content=\"2 minutes\" \/>\n<!-- \/ Yoast SEO plugin. -->","yoast_head_json":{"title":"Volkswagen annonce des investissements de 264 milliards sur cinq ans - CanadaMotorJobs.com","description":"Volkswagen annonce des investissements de 264 milliards sur cinq ans - Benoit Charette - Annuel automobile - CanadaMotorJobs.com.","robots":{"index":"index","follow":"follow","max-snippet":"max-snippet:-1","max-image-preview":"max-image-preview:large","max-video-preview":"max-video-preview:-1"},"og_locale":"fr_CA","og_type":"article","og_title":"Volkswagen annonce des investissements de 264 milliards sur cinq ans - CanadaMotorJobs.com","og_description":"Volkswagen annonce des investissements de 264 milliards sur cinq ans - Benoit Charette - Annuel automobile - CanadaMotorJobs.com.","og_url":"https:\/\/news.canadamotorjobs.com\/fr\/volkswagen-annonce-des-investissements-de-264-milliards-sur-cinq-ans\/","og_site_name":"CanadaMotorJobs.com","article_publisher":"https:\/\/www.facebook.com\/canadamotorjobs\/","article_published_time":"2023-03-14T11:38:22+00:00","article_modified_time":"2023-03-14T11:44:15+00:00","og_image":[{"width":1920,"height":1257,"url":"https:\/\/news.canadamotorjobs.com\/wp-content\/uploads\/2023\/03\/volkswagen-plant_100514454_h.jpg","type":"image\/jpeg"}],"author":"Benoit Charette","twitter_card":"summary_large_image","twitter_creator":"@canadamotorjobs","twitter_site":"@canadamotorjobs","twitter_misc":{"\u00c9crit par":"Benoit Charette","Estimation du temps de lecture":"2 minutes"},"schema":{"@context":"https:\/\/schema.org","@graph":[{"@type":"Article","@id":"https:\/\/news.canadamotorjobs.com\/fr\/volkswagen-annonce-des-investissements-de-264-milliards-sur-cinq-ans\/#article","isPartOf":{"@id":"https:\/\/news.canadamotorjobs.com\/fr\/volkswagen-annonce-des-investissements-de-264-milliards-sur-cinq-ans\/"},"author":{"name":"Benoit Charette","@id":"https:\/\/news.canadamotorjobs.com\/#\/schema\/person\/51793d1f87d44011d7bcc2ed99269a90"},"headline":"Volkswagen annonce des investissements de 264 milliards sur cinq ans","datePublished":"2023-03-14T11:38:22+00:00","dateModified":"2023-03-14T11:44:15+00:00","mainEntityOfPage":{"@id":"https:\/\/news.canadamotorjobs.com\/fr\/volkswagen-annonce-des-investissements-de-264-milliards-sur-cinq-ans\/"},"wordCount":491,"publisher":{"@id":"https:\/\/news.canadamotorjobs.com\/#organization"},"image":{"@id":"https:\/\/news.canadamotorjobs.com\/fr\/volkswagen-annonce-des-investissements-de-264-milliards-sur-cinq-ans\/#primaryimage"},"thumbnailUrl":"https:\/\/news.canadamotorjobs.com\/wp-content\/uploads\/2023\/03\/volkswagen-plant_100514454_h.jpg","articleSection":["Annuel automobile"],"inLanguage":"fr-CA"},{"@type":"WebPage","@id":"https:\/\/news.canadamotorjobs.com\/fr\/volkswagen-annonce-des-investissements-de-264-milliards-sur-cinq-ans\/","url":"https:\/\/news.canadamotorjobs.com\/fr\/volkswagen-annonce-des-investissements-de-264-milliards-sur-cinq-ans\/","name":"Volkswagen annonce des investissements de 264 milliards sur cinq ans - CanadaMotorJobs.com","isPartOf":{"@id":"https:\/\/news.canadamotorjobs.com\/#website"},"primaryImageOfPage":{"@id":"https:\/\/news.canadamotorjobs.com\/fr\/volkswagen-annonce-des-investissements-de-264-milliards-sur-cinq-ans\/#primaryimage"},"image":{"@id":"https:\/\/news.canadamotorjobs.com\/fr\/volkswagen-annonce-des-investissements-de-264-milliards-sur-cinq-ans\/#primaryimage"},"thumbnailUrl":"https:\/\/news.canadamotorjobs.com\/wp-content\/uploads\/2023\/03\/volkswagen-plant_100514454_h.jpg","datePublished":"2023-03-14T11:38:22+00:00","dateModified":"2023-03-14T11:44:15+00:00","description":"Volkswagen annonce des investissements de 264 milliards sur cinq ans - Benoit Charette - Annuel automobile - CanadaMotorJobs.com.","breadcrumb":{"@id":"https:\/\/news.canadamotorjobs.com\/fr\/volkswagen-annonce-des-investissements-de-264-milliards-sur-cinq-ans\/#breadcrumb"},"inLanguage":"fr-CA","potentialAction":[{"@type":"ReadAction","target":["https:\/\/news.canadamotorjobs.com\/fr\/volkswagen-annonce-des-investissements-de-264-milliards-sur-cinq-ans\/"]}]},{"@type":"ImageObject","inLanguage":"fr-CA","@id":"https:\/\/news.canadamotorjobs.com\/fr\/volkswagen-annonce-des-investissements-de-264-milliards-sur-cinq-ans\/#primaryimage","url":"https:\/\/news.canadamotorjobs.com\/wp-content\/uploads\/2023\/03\/volkswagen-plant_100514454_h.jpg","contentUrl":"https:\/\/news.canadamotorjobs.com\/wp-content\/uploads\/2023\/03\/volkswagen-plant_100514454_h.jpg","width":1920,"height":1257},{"@type":"BreadcrumbList","@id":"https:\/\/news.canadamotorjobs.com\/fr\/volkswagen-annonce-des-investissements-de-264-milliards-sur-cinq-ans\/#breadcrumb","itemListElement":[{"@type":"ListItem","position":1,"name":"Home","item":"https:\/\/news.canadamotorjobs.com\/fr\/blog\/"},{"@type":"ListItem","position":2,"name":"Volkswagen annonce des investissements de 264 milliards sur cinq ans"}]},{"@type":"WebSite","@id":"https:\/\/news.canadamotorjobs.com\/#website","url":"https:\/\/news.canadamotorjobs.com\/","name":"CanadaMotorJobs.com","description":"Automotive Jobs","publisher":{"@id":"https:\/\/news.canadamotorjobs.com\/#organization"},"potentialAction":[{"@type":"SearchAction","target":{"@type":"EntryPoint","urlTemplate":"https:\/\/news.canadamotorjobs.com\/?s={search_term_string}"},"query-input":"required name=search_term_string"}],"inLanguage":"fr-CA"},{"@type":"Organization","@id":"https:\/\/news.canadamotorjobs.com\/#organization","name":"Canada Motor Jobs","url":"https:\/\/news.canadamotorjobs.com\/","logo":{"@type":"ImageObject","inLanguage":"fr-CA","@id":"https:\/\/news.canadamotorjobs.com\/#\/schema\/logo\/image\/","url":"https:\/\/news.canadamotorjobs.com\/wp-content\/uploads\/2022\/10\/logo-canada-motor-jobs-1.png","contentUrl":"https:\/\/news.canadamotorjobs.com\/wp-content\/uploads\/2022\/10\/logo-canada-motor-jobs-1.png","width":800,"height":400,"caption":"Canada Motor Jobs"},"image":{"@id":"https:\/\/news.canadamotorjobs.com\/#\/schema\/logo\/image\/"},"sameAs":["https:\/\/www.facebook.com\/canadamotorjobs\/","https:\/\/x.com\/canadamotorjobs","https:\/\/www.instagram.com\/canadamotorjobs\/","https:\/\/www.linkedin.com\/company\/canadamotorjobs"]},{"@type":"Person","@id":"https:\/\/news.canadamotorjobs.com\/#\/schema\/person\/51793d1f87d44011d7bcc2ed99269a90","name":"Benoit Charette","image":{"@type":"ImageObject","inLanguage":"fr-CA","@id":"https:\/\/news.canadamotorjobs.com\/#\/schema\/person\/image\/","url":"https:\/\/secure.gravatar.com\/avatar\/45f3d2eebcccd909668d7ce7ea7267b6?s=96&d=mm&r=g","contentUrl":"https:\/\/secure.gravatar.com\/avatar\/45f3d2eebcccd909668d7ce7ea7267b6?s=96&d=mm&r=g","caption":"Benoit Charette"},"description":"Benoit Charette \/ Propri\u00e9taire et r\u00e9dacteur en chef Benoit Charette pratique le journalisme automobile depuis bient\u00f4t 30 ans. Il a fait ses classes au c\u00f4t\u00e9 de Daniel H\u00e9raud et au Carnet de route de 1992 \u00e0 2001. Il est fondateur, copropri\u00e9taire et r\u00e9dacteur en chef de L\u2019Annuel de l\u2019automobile, qu\u2019il publie depuis 2001. Il a anim\u00e9 les \u00e9missions RPM et RPM+ sur V et les L\u00e9gendes de la route sur Historia. \u00c0 la radio depuis 1986, il reprend l\u2019antenne cette ann\u00e9e sur les ondes de Cogeco et participe pour la deuxi\u00e8me ann\u00e9e \u00e0 l\u2019\u00e9mission Passion Auto sur RDS en plus de mettre en ligne le site Web officiel de L\u2019Annuel de l\u2019automobile sur annuelauto.ca.","sameAs":["https:\/\/annuelauto.ca\/"],"url":"https:\/\/news.canadamotorjobs.com\/fr\/author\/benoit-charette\/"}]}},"_links":{"self":[{"href":"https:\/\/news.canadamotorjobs.com\/fr\/wp-json\/wp\/v2\/posts\/141515"}],"collection":[{"href":"https:\/\/news.canadamotorjobs.com\/fr\/wp-json\/wp\/v2\/posts"}],"about":[{"href":"https:\/\/news.canadamotorjobs.com\/fr\/wp-json\/wp\/v2\/types\/post"}],"author":[{"embeddable":true,"href":"https:\/\/news.canadamotorjobs.com\/fr\/wp-json\/wp\/v2\/users\/8"}],"replies":[{"embeddable":true,"href":"https:\/\/news.canadamotorjobs.com\/fr\/wp-json\/wp\/v2\/comments?post=141515"}],"version-history":[{"count":2,"href":"https:\/\/news.canadamotorjobs.com\/fr\/wp-json\/wp\/v2\/posts\/141515\/revisions"}],"predecessor-version":[{"id":141519,"href":"https:\/\/news.canadamotorjobs.com\/fr\/wp-json\/wp\/v2\/posts\/141515\/revisions\/141519"}],"wp:featuredmedia":[{"embeddable":true,"href":"https:\/\/news.canadamotorjobs.com\/fr\/wp-json\/wp\/v2\/media\/141517"}],"wp:attachment":[{"href":"https:\/\/news.canadamotorjobs.com\/fr\/wp-json\/wp\/v2\/media?parent=141515"}],"wp:term":[{"taxonomy":"category","embeddable":true,"href":"https:\/\/news.canadamotorjobs.com\/fr\/wp-json\/wp\/v2\/categories?post=141515"},{"taxonomy":"post_tag","embeddable":true,"href":"https:\/\/news.canadamotorjobs.com\/fr\/wp-json\/wp\/v2\/tags?post=141515"}],"curies":[{"name":"wp","href":"https:\/\/api.w.org\/{rel}","templated":true}]}}