{"id":141492,"date":"2023-03-14T06:56:02","date_gmt":"2023-03-14T10:56:02","guid":{"rendered":"https:\/\/news.canadamotorjobs.com\/?p=141492"},"modified":"2023-03-14T07:00:51","modified_gmt":"2023-03-14T11:00:51","slug":"porsche-va-augmenter-ses-prix-de-manieres-significatives","status":"publish","type":"post","link":"https:\/\/news.canadamotorjobs.com\/fr\/porsche-va-augmenter-ses-prix-de-manieres-significatives\/","title":{"rendered":"Porsche va augmenter ses prix de mani\u00e8res significatives"},"content":{"rendered":"<\/p>\n<p>Porsche a confirm\u00e9 qu&#8217;elle imposerait des &#8220;augmentations de prix significatives&#8221; sur ses mod\u00e8les lorsque les nouveaux v\u00e9hicules 2023 arriveront au milieu de l\u2019ann\u00e9e. Tout cela dans le but de maintenir ses marges b\u00e9n\u00e9ficiaires \u00e0 20\u00a0% \u00e0 long terme.<\/p>\n<h3>Des profits n\u00e9cessaires pour payer le virage \u00e9lectrique<\/h3>\n<p>\nL&#8217;annonce a \u00e9t\u00e9 faite par Lutz Meschke, directeur financier de Porsche. La marque allemande a r\u00e9alis\u00e9 des b\u00e9n\u00e9fices d\u2019exploitation de 6,8 milliards d&#8217;euros (10 milliards de dollars) avec un rendement de 18\u00a0% en 2022. Les augmentations de prix aideront beaucoup \u00e0 nous assurer que les marges d&#8217;exploitation du groupe sont solides&#8221;, a d\u00e9clar\u00e9 M. Meschke.<\/p>\n<h3>Et ce n\u2019est pas tout<\/h3>\n<p>\nEn plus des augmentations de prix qui seront appliqu\u00e9es \u00e0 l&#8217;ensemble de la gamme, Porsche a d\u00e9clar\u00e9 qu&#8217;il pr\u00e9voyait de vendre ses prochains Macan, 718 Boxster et Cayenne tout \u00e9lectriques \u00e0 des prix de vente conseill\u00e9s de 10 \u00e0 15\u00a0% plus \u00e9lev\u00e9s que les variantes \u00e0 moteur \u00e0 combustion interne, le constructeur allemand estimant que ses clients accepteraient ces prix plus \u00e9lev\u00e9s.<\/p>\n<h3>50\u00a0% de v\u00e9hicules \u00e9lectriques d\u2019ici 2025<\/h3>\n<p>\nPorsche souhaite que ses ventes soient compos\u00e9es \u00e0 50\u00a0% de v\u00e9hicules \u00e9lectriques et hybrides rechargeables d&#8217;ici 2025 et \u00e0 80\u00a0% d&#8217;ici 2030. La soci\u00e9t\u00e9 est donc en train d&#8217;investir massivement dans de nouveaux v\u00e9hicules \u00e9lectriques, notamment dans un tout nouveau VUS qui sera plus grand que le Cayenne et qui devrait \u00eatre d\u00e9voil\u00e9 vers la fin de la d\u00e9cennie, apr\u00e8s le Macan, le 718 Boxster et le Cayenne \u00e9lectriques.<\/p>\n<h3>Mise \u00e0 jour des mod\u00e8les actuels<\/h3>\n<p>\nEn outre, la soci\u00e9t\u00e9 allemande pr\u00e9voit de mettre \u00e0 jour sa g\u00e9n\u00e9ration actuelle de VUS Cayenne, qui continuera \u00e0 \u00eatre vendue aux c\u00f4t\u00e9s de la version \u00e9lectrique \u00e0 venir, mais qui ne sera pas li\u00e9e en architecture sous-jacente. La r\u00e9vision apportera, entre autres, une batterie plus grande pour la variante hybride rechargeable, ce qui devrait augmenter l&#8217;autonomie de la batterie seule \u00e0 80\u00a0km, contre environ 41-48\u00a0km actuellement (WLTP). La Panamera PHEV b\u00e9n\u00e9ficiera \u00e9galement de la mise \u00e0 jour du bloc-batterie, a d\u00e9clar\u00e9 Oliver Blume, PDG de Porsche, lors du m\u00eame appel.<\/p>\n<p>Avec des renseignements d\u2019Autocar<\/p>\n<p>Le texte <a rel=\"nofollow\" href=\"https:\/\/annuelauto.ca\/porsche-va-augmenter-ses-prix-de-manieres-significatives\/\">Porsche va augmenter ses prix de mani\u00e8res significatives<\/a> provient de <a rel=\"nofollow\" href=\"https:\/\/annuelauto.ca\">L&#8217;annuel de l&#8217;automobile &#8211; Actualit\u00e9 automobile<\/a><\/p>\n<p><\/p>\n","protected":false},"excerpt":{"rendered":"<p>Porsche a confirm\u00e9 qu&#8217;elle imposerait des &#8220;augmentations de prix significatives&#8221; sur ses mod\u00e8les lorsque les nouveaux v\u00e9hicules 2023 arriveront au milieu de l\u2019ann\u00e9e. Tout cela dans le but de maintenir ses marges b\u00e9n\u00e9ficiaires \u00e0 20\u00a0% \u00e0 long terme. Des profits n\u00e9cessaires pour payer le virage \u00e9lectrique L&#8217;annonce a \u00e9t\u00e9 faite par Lutz Meschke, directeur financier [&hellip;]<\/p>\n","protected":false},"author":8,"featured_media":141494,"comment_status":"close","ping_status":"closed","sticky":false,"template":"","format":"standard","meta":{"_monsterinsights_skip_tracking":false,"_monsterinsights_sitenote_active":false,"_monsterinsights_sitenote_note":"","_monsterinsights_sitenote_category":0,"footnotes":""},"categories":[101],"tags":[],"yoast_head":"<!-- This site is optimized with the Yoast SEO plugin v23.2 - https:\/\/yoast.com\/wordpress\/plugins\/seo\/ -->\n<title>Porsche va augmenter ses prix de mani\u00e8res significatives - CanadaMotorJobs.com<\/title>\n<meta name=\"description\" content=\"Porsche va augmenter ses prix de mani\u00e8res significatives - Benoit Charette - Annuel automobile - CanadaMotorJobs.com.\" \/>\n<meta name=\"robots\" content=\"index, follow, max-snippet:-1, max-image-preview:large, max-video-preview:-1\" \/>\n<meta property=\"og:locale\" content=\"fr_CA\" \/>\n<meta property=\"og:type\" content=\"article\" \/>\n<meta property=\"og:title\" content=\"Porsche va augmenter ses prix de mani\u00e8res significatives - CanadaMotorJobs.com\" \/>\n<meta property=\"og:description\" content=\"Porsche va augmenter ses prix de mani\u00e8res significatives - Benoit Charette - Annuel automobile - CanadaMotorJobs.com.\" \/>\n<meta property=\"og:url\" content=\"https:\/\/news.canadamotorjobs.com\/fr\/porsche-va-augmenter-ses-prix-de-manieres-significatives\/\" \/>\n<meta property=\"og:site_name\" content=\"CanadaMotorJobs.com\" \/>\n<meta property=\"article:publisher\" content=\"https:\/\/www.facebook.com\/canadamotorjobs\/\" \/>\n<meta property=\"article:published_time\" content=\"2023-03-14T10:56:02+00:00\" \/>\n<meta property=\"article:modified_time\" content=\"2023-03-14T11:00:51+00:00\" \/>\n<meta property=\"og:image\" content=\"https:\/\/news.canadamotorjobs.com\/wp-content\/uploads\/2023\/03\/Untitled-design-2020-07-27T154132.106.png\" \/>\n\t<meta property=\"og:image:width\" content=\"1324\" \/>\n\t<meta property=\"og:image:height\" content=\"744\" \/>\n\t<meta property=\"og:image:type\" content=\"image\/png\" \/>\n<meta name=\"author\" content=\"Benoit Charette\" \/>\n<meta name=\"twitter:card\" content=\"summary_large_image\" \/>\n<meta name=\"twitter:creator\" content=\"@canadamotorjobs\" \/>\n<meta name=\"twitter:site\" content=\"@canadamotorjobs\" \/>\n<meta name=\"twitter:label1\" content=\"\u00c9crit par\" \/>\n\t<meta name=\"twitter:data1\" content=\"Benoit Charette\" \/>\n\t<meta name=\"twitter:label2\" content=\"Estimation du temps de lecture\" \/>\n\t<meta name=\"twitter:data2\" content=\"2 minutes\" \/>\n<!-- \/ Yoast SEO plugin. -->","yoast_head_json":{"title":"Porsche va augmenter ses prix de mani\u00e8res significatives - CanadaMotorJobs.com","description":"Porsche va augmenter ses prix de mani\u00e8res significatives - Benoit Charette - Annuel automobile - CanadaMotorJobs.com.","robots":{"index":"index","follow":"follow","max-snippet":"max-snippet:-1","max-image-preview":"max-image-preview:large","max-video-preview":"max-video-preview:-1"},"og_locale":"fr_CA","og_type":"article","og_title":"Porsche va augmenter ses prix de mani\u00e8res significatives - CanadaMotorJobs.com","og_description":"Porsche va augmenter ses prix de mani\u00e8res significatives - Benoit Charette - Annuel automobile - CanadaMotorJobs.com.","og_url":"https:\/\/news.canadamotorjobs.com\/fr\/porsche-va-augmenter-ses-prix-de-manieres-significatives\/","og_site_name":"CanadaMotorJobs.com","article_publisher":"https:\/\/www.facebook.com\/canadamotorjobs\/","article_published_time":"2023-03-14T10:56:02+00:00","article_modified_time":"2023-03-14T11:00:51+00:00","og_image":[{"width":1324,"height":744,"url":"https:\/\/news.canadamotorjobs.com\/wp-content\/uploads\/2023\/03\/Untitled-design-2020-07-27T154132.106.png","type":"image\/png"}],"author":"Benoit Charette","twitter_card":"summary_large_image","twitter_creator":"@canadamotorjobs","twitter_site":"@canadamotorjobs","twitter_misc":{"\u00c9crit par":"Benoit Charette","Estimation du temps de lecture":"2 minutes"},"schema":{"@context":"https:\/\/schema.org","@graph":[{"@type":"Article","@id":"https:\/\/news.canadamotorjobs.com\/fr\/porsche-va-augmenter-ses-prix-de-manieres-significatives\/#article","isPartOf":{"@id":"https:\/\/news.canadamotorjobs.com\/fr\/porsche-va-augmenter-ses-prix-de-manieres-significatives\/"},"author":{"name":"Benoit Charette","@id":"https:\/\/news.canadamotorjobs.com\/#\/schema\/person\/51793d1f87d44011d7bcc2ed99269a90"},"headline":"Porsche va augmenter ses prix de mani\u00e8res significatives","datePublished":"2023-03-14T10:56:02+00:00","dateModified":"2023-03-14T11:00:51+00:00","mainEntityOfPage":{"@id":"https:\/\/news.canadamotorjobs.com\/fr\/porsche-va-augmenter-ses-prix-de-manieres-significatives\/"},"wordCount":394,"publisher":{"@id":"https:\/\/news.canadamotorjobs.com\/#organization"},"image":{"@id":"https:\/\/news.canadamotorjobs.com\/fr\/porsche-va-augmenter-ses-prix-de-manieres-significatives\/#primaryimage"},"thumbnailUrl":"https:\/\/news.canadamotorjobs.com\/wp-content\/uploads\/2023\/03\/Untitled-design-2020-07-27T154132.106.png","articleSection":["Annuel automobile"],"inLanguage":"fr-CA"},{"@type":"WebPage","@id":"https:\/\/news.canadamotorjobs.com\/fr\/porsche-va-augmenter-ses-prix-de-manieres-significatives\/","url":"https:\/\/news.canadamotorjobs.com\/fr\/porsche-va-augmenter-ses-prix-de-manieres-significatives\/","name":"Porsche va augmenter ses prix de mani\u00e8res significatives - CanadaMotorJobs.com","isPartOf":{"@id":"https:\/\/news.canadamotorjobs.com\/#website"},"primaryImageOfPage":{"@id":"https:\/\/news.canadamotorjobs.com\/fr\/porsche-va-augmenter-ses-prix-de-manieres-significatives\/#primaryimage"},"image":{"@id":"https:\/\/news.canadamotorjobs.com\/fr\/porsche-va-augmenter-ses-prix-de-manieres-significatives\/#primaryimage"},"thumbnailUrl":"https:\/\/news.canadamotorjobs.com\/wp-content\/uploads\/2023\/03\/Untitled-design-2020-07-27T154132.106.png","datePublished":"2023-03-14T10:56:02+00:00","dateModified":"2023-03-14T11:00:51+00:00","description":"Porsche va augmenter ses prix de mani\u00e8res significatives - Benoit Charette - Annuel automobile - CanadaMotorJobs.com.","breadcrumb":{"@id":"https:\/\/news.canadamotorjobs.com\/fr\/porsche-va-augmenter-ses-prix-de-manieres-significatives\/#breadcrumb"},"inLanguage":"fr-CA","potentialAction":[{"@type":"ReadAction","target":["https:\/\/news.canadamotorjobs.com\/fr\/porsche-va-augmenter-ses-prix-de-manieres-significatives\/"]}]},{"@type":"ImageObject","inLanguage":"fr-CA","@id":"https:\/\/news.canadamotorjobs.com\/fr\/porsche-va-augmenter-ses-prix-de-manieres-significatives\/#primaryimage","url":"https:\/\/news.canadamotorjobs.com\/wp-content\/uploads\/2023\/03\/Untitled-design-2020-07-27T154132.106.png","contentUrl":"https:\/\/news.canadamotorjobs.com\/wp-content\/uploads\/2023\/03\/Untitled-design-2020-07-27T154132.106.png","width":1324,"height":744},{"@type":"BreadcrumbList","@id":"https:\/\/news.canadamotorjobs.com\/fr\/porsche-va-augmenter-ses-prix-de-manieres-significatives\/#breadcrumb","itemListElement":[{"@type":"ListItem","position":1,"name":"Home","item":"https:\/\/news.canadamotorjobs.com\/fr\/blog\/"},{"@type":"ListItem","position":2,"name":"Porsche va augmenter ses prix de mani\u00e8res significatives"}]},{"@type":"WebSite","@id":"https:\/\/news.canadamotorjobs.com\/#website","url":"https:\/\/news.canadamotorjobs.com\/","name":"CanadaMotorJobs.com","description":"Automotive Jobs","publisher":{"@id":"https:\/\/news.canadamotorjobs.com\/#organization"},"potentialAction":[{"@type":"SearchAction","target":{"@type":"EntryPoint","urlTemplate":"https:\/\/news.canadamotorjobs.com\/?s={search_term_string}"},"query-input":"required name=search_term_string"}],"inLanguage":"fr-CA"},{"@type":"Organization","@id":"https:\/\/news.canadamotorjobs.com\/#organization","name":"Canada Motor Jobs","url":"https:\/\/news.canadamotorjobs.com\/","logo":{"@type":"ImageObject","inLanguage":"fr-CA","@id":"https:\/\/news.canadamotorjobs.com\/#\/schema\/logo\/image\/","url":"https:\/\/news.canadamotorjobs.com\/wp-content\/uploads\/2022\/10\/logo-canada-motor-jobs-1.png","contentUrl":"https:\/\/news.canadamotorjobs.com\/wp-content\/uploads\/2022\/10\/logo-canada-motor-jobs-1.png","width":800,"height":400,"caption":"Canada Motor Jobs"},"image":{"@id":"https:\/\/news.canadamotorjobs.com\/#\/schema\/logo\/image\/"},"sameAs":["https:\/\/www.facebook.com\/canadamotorjobs\/","https:\/\/x.com\/canadamotorjobs","https:\/\/www.instagram.com\/canadamotorjobs\/","https:\/\/www.linkedin.com\/company\/canadamotorjobs"]},{"@type":"Person","@id":"https:\/\/news.canadamotorjobs.com\/#\/schema\/person\/51793d1f87d44011d7bcc2ed99269a90","name":"Benoit Charette","image":{"@type":"ImageObject","inLanguage":"fr-CA","@id":"https:\/\/news.canadamotorjobs.com\/#\/schema\/person\/image\/","url":"https:\/\/secure.gravatar.com\/avatar\/45f3d2eebcccd909668d7ce7ea7267b6?s=96&d=mm&r=g","contentUrl":"https:\/\/secure.gravatar.com\/avatar\/45f3d2eebcccd909668d7ce7ea7267b6?s=96&d=mm&r=g","caption":"Benoit Charette"},"description":"Benoit Charette \/ Propri\u00e9taire et r\u00e9dacteur en chef Benoit Charette pratique le journalisme automobile depuis bient\u00f4t 30 ans. Il a fait ses classes au c\u00f4t\u00e9 de Daniel H\u00e9raud et au Carnet de route de 1992 \u00e0 2001. Il est fondateur, copropri\u00e9taire et r\u00e9dacteur en chef de L\u2019Annuel de l\u2019automobile, qu\u2019il publie depuis 2001. Il a anim\u00e9 les \u00e9missions RPM et RPM+ sur V et les L\u00e9gendes de la route sur Historia. \u00c0 la radio depuis 1986, il reprend l\u2019antenne cette ann\u00e9e sur les ondes de Cogeco et participe pour la deuxi\u00e8me ann\u00e9e \u00e0 l\u2019\u00e9mission Passion Auto sur RDS en plus de mettre en ligne le site Web officiel de L\u2019Annuel de l\u2019automobile sur annuelauto.ca.","sameAs":["https:\/\/annuelauto.ca\/"],"url":"https:\/\/news.canadamotorjobs.com\/fr\/author\/benoit-charette\/"}]}},"_links":{"self":[{"href":"https:\/\/news.canadamotorjobs.com\/fr\/wp-json\/wp\/v2\/posts\/141492"}],"collection":[{"href":"https:\/\/news.canadamotorjobs.com\/fr\/wp-json\/wp\/v2\/posts"}],"about":[{"href":"https:\/\/news.canadamotorjobs.com\/fr\/wp-json\/wp\/v2\/types\/post"}],"author":[{"embeddable":true,"href":"https:\/\/news.canadamotorjobs.com\/fr\/wp-json\/wp\/v2\/users\/8"}],"replies":[{"embeddable":true,"href":"https:\/\/news.canadamotorjobs.com\/fr\/wp-json\/wp\/v2\/comments?post=141492"}],"version-history":[{"count":2,"href":"https:\/\/news.canadamotorjobs.com\/fr\/wp-json\/wp\/v2\/posts\/141492\/revisions"}],"predecessor-version":[{"id":141496,"href":"https:\/\/news.canadamotorjobs.com\/fr\/wp-json\/wp\/v2\/posts\/141492\/revisions\/141496"}],"wp:featuredmedia":[{"embeddable":true,"href":"https:\/\/news.canadamotorjobs.com\/fr\/wp-json\/wp\/v2\/media\/141494"}],"wp:attachment":[{"href":"https:\/\/news.canadamotorjobs.com\/fr\/wp-json\/wp\/v2\/media?parent=141492"}],"wp:term":[{"taxonomy":"category","embeddable":true,"href":"https:\/\/news.canadamotorjobs.com\/fr\/wp-json\/wp\/v2\/categories?post=141492"},{"taxonomy":"post_tag","embeddable":true,"href":"https:\/\/news.canadamotorjobs.com\/fr\/wp-json\/wp\/v2\/tags?post=141492"}],"curies":[{"name":"wp","href":"https:\/\/api.w.org\/{rel}","templated":true}]}}