{"id":141473,"date":"2023-03-13T17:34:12","date_gmt":"2023-03-13T21:34:12","guid":{"rendered":"https:\/\/news.canadamotorjobs.com\/?p=141473"},"modified":"2023-03-13T17:45:08","modified_gmt":"2023-03-13T21:45:08","slug":"vw-choisit-st-thomas-en-ontario-pour-sa-premiere-usine-de-cellules-de-batteries-en-amerique-du-nord","status":"publish","type":"post","link":"https:\/\/news.canadamotorjobs.com\/fr\/vw-choisit-st-thomas-en-ontario-pour-sa-premiere-usine-de-cellules-de-batteries-en-amerique-du-nord\/","title":{"rendered":"VW choisit St Thomas en Ontario pour sa premi\u00e8re usine de cellules de batteries en Am\u00e9rique du Nord"},"content":{"rendered":"<\/p>\n<p>Ca y est, la d\u00e9cision a \u00e9t\u00e9 rendue aujourd\u2019hui et c\u2019est la ville de St-Thomas qui va accueillir l\u2019usine annonc\u00e9e de cellules de batteries de VW et sa filiale interne PowerCo.\u00a0 Les d\u00e9tails financiers n&#8217;ont pas \u00e9t\u00e9 imm\u00e9diatement divulgu\u00e9s. Volkswagen a d\u00e9clar\u00e9 que l&#8217;usine devrait commencer \u00e0 produire des cellules de batterie en 2027.<\/p>\n<h3>Un terrain de 1\u00a0500 acres<\/h3>\n<p>\nEn ao\u00fbt 2022, Volkswagen a sign\u00e9 un protocole d&#8217;accord avec le gouvernement canadien pour coop\u00e9rer \u00e0 la mise en place d&#8217;une cha\u00eene d&#8217;approvisionnement pour les v\u00e9hicules \u00e9lectriques \u00e0 batterie. En d\u00e9cembre, le constructeur automobile a d\u00e9sign\u00e9 le Canada comme &#8220;une option logique&#8221; pour l&#8217;implantation de l&#8217;usine, tout en pr\u00e9cisant que d&#8217;autres pays \u00e9taient \u00e9galement envisag\u00e9s. Le site de la nouvelle usine de St Thomas est bord\u00e9 par deux lignes de chemin de fer et dispose de bonnes liaisons routi\u00e8res et de services publics. Le terrain de 1 500 acres est plus grand que l\u2019usine de Toyota \u00e0 Woodstock qui fait 1\u00a0000 acres. Un bilan complet de l&#8217;investissement, ainsi qu&#8217;un \u00e9ventuel soutien gouvernemental au projet, sera annonc\u00e9 lors d&#8217;un prochain \u00e9v\u00e9nement \u00e0 Saint-Thomas.<\/p>\n<h3>Des batteries qui partiront vers les \u00c9tats-Unis<\/h3>\n<p>\nLe 3 mars, VW a annonc\u00e9 son intention de construire une usine d&#8217;assemblage de 2 milliards de dollars am\u00e9ricains \u00e0 Blythewood, en Caroline du Sud. L&#8217;usine assemblera des VUS et des camionnettes \u00e9lectriques \u00e0 batterie pour la nouvelle marque Scout Motors de Volkswagen. Volkswagen fabrique le ID4 dans son complexe de Chattanooga au Tennessee. L&#8217;entreprise a d\u00e9clar\u00e9 que le Canada offrait les &#8220;conditions id\u00e9ales&#8221; pour soutenir les plans d&#8217;\u00e9lectrification de Volkswagen en Am\u00e9rique du Nord. Elle a indiqu\u00e9 que l&#8217;approvisionnement local en mati\u00e8res premi\u00e8res et un large acc\u00e8s \u00e0 une \u00e9lectricit\u00e9 propre constituaient deux des principaux arguments en faveur de l&#8217;implantation de l&#8217;usine \u00e0 Saint-Thomas.<\/p>\n<p>\u00a0<\/p>\n<p>Avec des renseignements d\u2019Automotive News<\/p>\n<p>Le texte <a rel=\"nofollow\" href=\"https:\/\/annuelauto.ca\/vw-choisit-st-thomas-en-ontario-pour-sa-premiere-usine-de-cellules-de-batteries-en-amerique-du-nord\/\">VW choisit St Thomas en Ontario pour sa premi\u00e8re usine de cellules de batteries en Am\u00e9rique du Nord<\/a> provient de <a rel=\"nofollow\" href=\"https:\/\/annuelauto.ca\">L&#8217;annuel de l&#8217;automobile &#8211; Actualit\u00e9 automobile<\/a><\/p>\n<p><\/p>\n","protected":false},"excerpt":{"rendered":"<p>Ca y est, la d\u00e9cision a \u00e9t\u00e9 rendue aujourd\u2019hui et c\u2019est la ville de St-Thomas qui va accueillir l\u2019usine annonc\u00e9e de cellules de batteries de VW et sa filiale interne PowerCo.\u00a0 Les d\u00e9tails financiers n&#8217;ont pas \u00e9t\u00e9 imm\u00e9diatement divulgu\u00e9s. Volkswagen a d\u00e9clar\u00e9 que l&#8217;usine devrait commencer \u00e0 produire des cellules de batterie en 2027. Un [&hellip;]<\/p>\n","protected":false},"author":8,"featured_media":141475,"comment_status":"close","ping_status":"closed","sticky":false,"template":"","format":"standard","meta":{"_monsterinsights_skip_tracking":false,"_monsterinsights_sitenote_active":false,"_monsterinsights_sitenote_note":"","_monsterinsights_sitenote_category":0,"footnotes":""},"categories":[101],"tags":[],"yoast_head":"<!-- This site is optimized with the Yoast SEO plugin v23.2 - https:\/\/yoast.com\/wordpress\/plugins\/seo\/ -->\n<title>VW choisit St Thomas en Ontario pour sa premi\u00e8re usine de cellules de batteries en Am\u00e9rique du Nord - CanadaMotorJobs.com<\/title>\n<meta name=\"description\" content=\"VW choisit St Thomas en Ontario pour sa premi\u00e8re usine de cellules de batteries en Am\u00e9rique du Nord - Benoit Charette - Annuel automobile - CanadaMotorJobs.com.\" \/>\n<meta name=\"robots\" content=\"index, follow, max-snippet:-1, max-image-preview:large, max-video-preview:-1\" \/>\n<meta property=\"og:locale\" content=\"fr_CA\" \/>\n<meta property=\"og:type\" content=\"article\" \/>\n<meta property=\"og:title\" content=\"VW choisit St Thomas en Ontario pour sa premi\u00e8re usine de cellules de batteries en Am\u00e9rique du Nord - CanadaMotorJobs.com\" \/>\n<meta property=\"og:description\" content=\"VW choisit St Thomas en Ontario pour sa premi\u00e8re usine de cellules de batteries en Am\u00e9rique du Nord - Benoit Charette - Annuel automobile - CanadaMotorJobs.com.\" \/>\n<meta property=\"og:url\" content=\"https:\/\/news.canadamotorjobs.com\/fr\/vw-choisit-st-thomas-en-ontario-pour-sa-premiere-usine-de-cellules-de-batteries-en-amerique-du-nord\/\" \/>\n<meta property=\"og:site_name\" content=\"CanadaMotorJobs.com\" \/>\n<meta property=\"article:publisher\" content=\"https:\/\/www.facebook.com\/canadamotorjobs\/\" \/>\n<meta property=\"article:published_time\" content=\"2023-03-13T21:34:12+00:00\" \/>\n<meta property=\"article:modified_time\" content=\"2023-03-13T21:45:08+00:00\" \/>\n<meta property=\"og:image\" content=\"https:\/\/news.canadamotorjobs.com\/wp-content\/uploads\/2023\/03\/volkswagen-electric-id-rebrand-design_dezeen_2364_col_11-822x822-1.jpg\" \/>\n\t<meta property=\"og:image:width\" content=\"905\" \/>\n\t<meta property=\"og:image:height\" content=\"509\" \/>\n\t<meta property=\"og:image:type\" content=\"image\/jpeg\" \/>\n<meta name=\"author\" content=\"Benoit Charette\" \/>\n<meta name=\"twitter:card\" content=\"summary_large_image\" \/>\n<meta name=\"twitter:creator\" content=\"@canadamotorjobs\" \/>\n<meta name=\"twitter:site\" content=\"@canadamotorjobs\" \/>\n<meta name=\"twitter:label1\" content=\"\u00c9crit par\" \/>\n\t<meta name=\"twitter:data1\" content=\"Benoit Charette\" \/>\n\t<meta name=\"twitter:label2\" content=\"Estimation du temps de lecture\" \/>\n\t<meta name=\"twitter:data2\" content=\"2 minutes\" \/>\n<!-- \/ Yoast SEO plugin. -->","yoast_head_json":{"title":"VW choisit St Thomas en Ontario pour sa premi\u00e8re usine de cellules de batteries en Am\u00e9rique du Nord - CanadaMotorJobs.com","description":"VW choisit St Thomas en Ontario pour sa premi\u00e8re usine de cellules de batteries en Am\u00e9rique du Nord - Benoit Charette - Annuel automobile - CanadaMotorJobs.com.","robots":{"index":"index","follow":"follow","max-snippet":"max-snippet:-1","max-image-preview":"max-image-preview:large","max-video-preview":"max-video-preview:-1"},"og_locale":"fr_CA","og_type":"article","og_title":"VW choisit St Thomas en Ontario pour sa premi\u00e8re usine de cellules de batteries en Am\u00e9rique du Nord - CanadaMotorJobs.com","og_description":"VW choisit St Thomas en Ontario pour sa premi\u00e8re usine de cellules de batteries en Am\u00e9rique du Nord - Benoit Charette - Annuel automobile - CanadaMotorJobs.com.","og_url":"https:\/\/news.canadamotorjobs.com\/fr\/vw-choisit-st-thomas-en-ontario-pour-sa-premiere-usine-de-cellules-de-batteries-en-amerique-du-nord\/","og_site_name":"CanadaMotorJobs.com","article_publisher":"https:\/\/www.facebook.com\/canadamotorjobs\/","article_published_time":"2023-03-13T21:34:12+00:00","article_modified_time":"2023-03-13T21:45:08+00:00","og_image":[{"width":905,"height":509,"url":"https:\/\/news.canadamotorjobs.com\/wp-content\/uploads\/2023\/03\/volkswagen-electric-id-rebrand-design_dezeen_2364_col_11-822x822-1.jpg","type":"image\/jpeg"}],"author":"Benoit Charette","twitter_card":"summary_large_image","twitter_creator":"@canadamotorjobs","twitter_site":"@canadamotorjobs","twitter_misc":{"\u00c9crit par":"Benoit Charette","Estimation du temps de lecture":"2 minutes"},"schema":{"@context":"https:\/\/schema.org","@graph":[{"@type":"Article","@id":"https:\/\/news.canadamotorjobs.com\/fr\/vw-choisit-st-thomas-en-ontario-pour-sa-premiere-usine-de-cellules-de-batteries-en-amerique-du-nord\/#article","isPartOf":{"@id":"https:\/\/news.canadamotorjobs.com\/fr\/vw-choisit-st-thomas-en-ontario-pour-sa-premiere-usine-de-cellules-de-batteries-en-amerique-du-nord\/"},"author":{"name":"Benoit Charette","@id":"https:\/\/news.canadamotorjobs.com\/#\/schema\/person\/51793d1f87d44011d7bcc2ed99269a90"},"headline":"VW choisit St Thomas en Ontario pour sa premi\u00e8re usine de cellules de batteries en Am\u00e9rique du Nord","datePublished":"2023-03-13T21:34:12+00:00","dateModified":"2023-03-13T21:45:08+00:00","mainEntityOfPage":{"@id":"https:\/\/news.canadamotorjobs.com\/fr\/vw-choisit-st-thomas-en-ontario-pour-sa-premiere-usine-de-cellules-de-batteries-en-amerique-du-nord\/"},"wordCount":378,"publisher":{"@id":"https:\/\/news.canadamotorjobs.com\/#organization"},"image":{"@id":"https:\/\/news.canadamotorjobs.com\/fr\/vw-choisit-st-thomas-en-ontario-pour-sa-premiere-usine-de-cellules-de-batteries-en-amerique-du-nord\/#primaryimage"},"thumbnailUrl":"https:\/\/news.canadamotorjobs.com\/wp-content\/uploads\/2023\/03\/volkswagen-electric-id-rebrand-design_dezeen_2364_col_11-822x822-1.jpg","articleSection":["Annuel automobile"],"inLanguage":"fr-CA"},{"@type":"WebPage","@id":"https:\/\/news.canadamotorjobs.com\/fr\/vw-choisit-st-thomas-en-ontario-pour-sa-premiere-usine-de-cellules-de-batteries-en-amerique-du-nord\/","url":"https:\/\/news.canadamotorjobs.com\/fr\/vw-choisit-st-thomas-en-ontario-pour-sa-premiere-usine-de-cellules-de-batteries-en-amerique-du-nord\/","name":"VW choisit St Thomas en Ontario pour sa premi\u00e8re usine de cellules de batteries en Am\u00e9rique du Nord - CanadaMotorJobs.com","isPartOf":{"@id":"https:\/\/news.canadamotorjobs.com\/#website"},"primaryImageOfPage":{"@id":"https:\/\/news.canadamotorjobs.com\/fr\/vw-choisit-st-thomas-en-ontario-pour-sa-premiere-usine-de-cellules-de-batteries-en-amerique-du-nord\/#primaryimage"},"image":{"@id":"https:\/\/news.canadamotorjobs.com\/fr\/vw-choisit-st-thomas-en-ontario-pour-sa-premiere-usine-de-cellules-de-batteries-en-amerique-du-nord\/#primaryimage"},"thumbnailUrl":"https:\/\/news.canadamotorjobs.com\/wp-content\/uploads\/2023\/03\/volkswagen-electric-id-rebrand-design_dezeen_2364_col_11-822x822-1.jpg","datePublished":"2023-03-13T21:34:12+00:00","dateModified":"2023-03-13T21:45:08+00:00","description":"VW choisit St Thomas en Ontario pour sa premi\u00e8re usine de cellules de batteries en Am\u00e9rique du Nord - Benoit Charette - Annuel automobile - CanadaMotorJobs.com.","breadcrumb":{"@id":"https:\/\/news.canadamotorjobs.com\/fr\/vw-choisit-st-thomas-en-ontario-pour-sa-premiere-usine-de-cellules-de-batteries-en-amerique-du-nord\/#breadcrumb"},"inLanguage":"fr-CA","potentialAction":[{"@type":"ReadAction","target":["https:\/\/news.canadamotorjobs.com\/fr\/vw-choisit-st-thomas-en-ontario-pour-sa-premiere-usine-de-cellules-de-batteries-en-amerique-du-nord\/"]}]},{"@type":"ImageObject","inLanguage":"fr-CA","@id":"https:\/\/news.canadamotorjobs.com\/fr\/vw-choisit-st-thomas-en-ontario-pour-sa-premiere-usine-de-cellules-de-batteries-en-amerique-du-nord\/#primaryimage","url":"https:\/\/news.canadamotorjobs.com\/wp-content\/uploads\/2023\/03\/volkswagen-electric-id-rebrand-design_dezeen_2364_col_11-822x822-1.jpg","contentUrl":"https:\/\/news.canadamotorjobs.com\/wp-content\/uploads\/2023\/03\/volkswagen-electric-id-rebrand-design_dezeen_2364_col_11-822x822-1.jpg","width":905,"height":509},{"@type":"BreadcrumbList","@id":"https:\/\/news.canadamotorjobs.com\/fr\/vw-choisit-st-thomas-en-ontario-pour-sa-premiere-usine-de-cellules-de-batteries-en-amerique-du-nord\/#breadcrumb","itemListElement":[{"@type":"ListItem","position":1,"name":"Home","item":"https:\/\/news.canadamotorjobs.com\/fr\/blog\/"},{"@type":"ListItem","position":2,"name":"VW choisit St Thomas en Ontario pour sa premi\u00e8re usine de cellules de batteries en Am\u00e9rique du Nord"}]},{"@type":"WebSite","@id":"https:\/\/news.canadamotorjobs.com\/#website","url":"https:\/\/news.canadamotorjobs.com\/","name":"CanadaMotorJobs.com","description":"Automotive Jobs","publisher":{"@id":"https:\/\/news.canadamotorjobs.com\/#organization"},"potentialAction":[{"@type":"SearchAction","target":{"@type":"EntryPoint","urlTemplate":"https:\/\/news.canadamotorjobs.com\/?s={search_term_string}"},"query-input":"required name=search_term_string"}],"inLanguage":"fr-CA"},{"@type":"Organization","@id":"https:\/\/news.canadamotorjobs.com\/#organization","name":"Canada Motor Jobs","url":"https:\/\/news.canadamotorjobs.com\/","logo":{"@type":"ImageObject","inLanguage":"fr-CA","@id":"https:\/\/news.canadamotorjobs.com\/#\/schema\/logo\/image\/","url":"https:\/\/news.canadamotorjobs.com\/wp-content\/uploads\/2022\/10\/logo-canada-motor-jobs-1.png","contentUrl":"https:\/\/news.canadamotorjobs.com\/wp-content\/uploads\/2022\/10\/logo-canada-motor-jobs-1.png","width":800,"height":400,"caption":"Canada Motor Jobs"},"image":{"@id":"https:\/\/news.canadamotorjobs.com\/#\/schema\/logo\/image\/"},"sameAs":["https:\/\/www.facebook.com\/canadamotorjobs\/","https:\/\/x.com\/canadamotorjobs","https:\/\/www.instagram.com\/canadamotorjobs\/","https:\/\/www.linkedin.com\/company\/canadamotorjobs"]},{"@type":"Person","@id":"https:\/\/news.canadamotorjobs.com\/#\/schema\/person\/51793d1f87d44011d7bcc2ed99269a90","name":"Benoit Charette","image":{"@type":"ImageObject","inLanguage":"fr-CA","@id":"https:\/\/news.canadamotorjobs.com\/#\/schema\/person\/image\/","url":"https:\/\/secure.gravatar.com\/avatar\/45f3d2eebcccd909668d7ce7ea7267b6?s=96&d=mm&r=g","contentUrl":"https:\/\/secure.gravatar.com\/avatar\/45f3d2eebcccd909668d7ce7ea7267b6?s=96&d=mm&r=g","caption":"Benoit Charette"},"description":"Benoit Charette \/ Propri\u00e9taire et r\u00e9dacteur en chef Benoit Charette pratique le journalisme automobile depuis bient\u00f4t 30 ans. Il a fait ses classes au c\u00f4t\u00e9 de Daniel H\u00e9raud et au Carnet de route de 1992 \u00e0 2001. Il est fondateur, copropri\u00e9taire et r\u00e9dacteur en chef de L\u2019Annuel de l\u2019automobile, qu\u2019il publie depuis 2001. Il a anim\u00e9 les \u00e9missions RPM et RPM+ sur V et les L\u00e9gendes de la route sur Historia. \u00c0 la radio depuis 1986, il reprend l\u2019antenne cette ann\u00e9e sur les ondes de Cogeco et participe pour la deuxi\u00e8me ann\u00e9e \u00e0 l\u2019\u00e9mission Passion Auto sur RDS en plus de mettre en ligne le site Web officiel de L\u2019Annuel de l\u2019automobile sur annuelauto.ca.","sameAs":["https:\/\/annuelauto.ca\/"],"url":"https:\/\/news.canadamotorjobs.com\/fr\/author\/benoit-charette\/"}]}},"_links":{"self":[{"href":"https:\/\/news.canadamotorjobs.com\/fr\/wp-json\/wp\/v2\/posts\/141473"}],"collection":[{"href":"https:\/\/news.canadamotorjobs.com\/fr\/wp-json\/wp\/v2\/posts"}],"about":[{"href":"https:\/\/news.canadamotorjobs.com\/fr\/wp-json\/wp\/v2\/types\/post"}],"author":[{"embeddable":true,"href":"https:\/\/news.canadamotorjobs.com\/fr\/wp-json\/wp\/v2\/users\/8"}],"replies":[{"embeddable":true,"href":"https:\/\/news.canadamotorjobs.com\/fr\/wp-json\/wp\/v2\/comments?post=141473"}],"version-history":[{"count":2,"href":"https:\/\/news.canadamotorjobs.com\/fr\/wp-json\/wp\/v2\/posts\/141473\/revisions"}],"predecessor-version":[{"id":141477,"href":"https:\/\/news.canadamotorjobs.com\/fr\/wp-json\/wp\/v2\/posts\/141473\/revisions\/141477"}],"wp:featuredmedia":[{"embeddable":true,"href":"https:\/\/news.canadamotorjobs.com\/fr\/wp-json\/wp\/v2\/media\/141475"}],"wp:attachment":[{"href":"https:\/\/news.canadamotorjobs.com\/fr\/wp-json\/wp\/v2\/media?parent=141473"}],"wp:term":[{"taxonomy":"category","embeddable":true,"href":"https:\/\/news.canadamotorjobs.com\/fr\/wp-json\/wp\/v2\/categories?post=141473"},{"taxonomy":"post_tag","embeddable":true,"href":"https:\/\/news.canadamotorjobs.com\/fr\/wp-json\/wp\/v2\/tags?post=141473"}],"curies":[{"name":"wp","href":"https:\/\/api.w.org\/{rel}","templated":true}]}}