{"id":141412,"date":"2023-03-13T06:38:04","date_gmt":"2023-03-13T10:38:04","guid":{"rendered":"https:\/\/news.canadamotorjobs.com\/?p=141412"},"modified":"2023-03-13T06:46:27","modified_gmt":"2023-03-13T10:46:27","slug":"porsche-prepare-un-vus-7-places-electriques-pour-2027","status":"publish","type":"post","link":"https:\/\/news.canadamotorjobs.com\/fr\/porsche-prepare-un-vus-7-places-electriques-pour-2027\/","title":{"rendered":"Porsche pr\u00e9pare un VUS 7 places \u00e9lectriques pour 2027"},"content":{"rendered":"<\/p>\n<p>Un VUS encore plus spacieux et prestigieux que le Cayenne est en pr\u00e9paration chez Porsche. La filiale de Volkswagen se pr\u00e9pare \u00e0 affronter le BMW iX et le Mercedes Benz EQS VUC. Le projet porte le nom de code K1 et il sera stylis\u00e9 comme un coup\u00e9 sur\u00e9lev\u00e9.<\/p>\n<h3>Un projet qui bourdonne depuis 3 ans<\/h3>\n<p>\nCon\u00e7u et planifi\u00e9 depuis d\u00e9j\u00e0 trois ans, ce VUS sera le cinqui\u00e8me mod\u00e8le \u00e9lectrique de Porsche apr\u00e8s la Taycan, le Macan \u00e9lectrique de l&#8217;ann\u00e9e prochaine, un couple Porsche Boxster\/Porsche Cayman \u00e9lectrique pr\u00e9vu pour 2025 et une version \u00e9lectrique du Cayenne dont le lancement est provisoirement pr\u00e9vu pour 2026. Selon les informations recueillies, le coup\u00e9 sur\u00e9lev\u00e9 aura une silhouette unique, avec un capot court par rapport aux normes Porsche, un pare-brise fortement inclin\u00e9 et un toit incurv\u00e9 qui se prolonge par un hayon de type coup\u00e9. Pour donner \u00e0 la nouvelle Porsche des capacit\u00e9s tout-terrain ad\u00e9quates, elle sera dot\u00e9e d&#8217;une suspension pneumatique \u00e0 r\u00e9glages multiples. Le K1 empruntera la plateforme SSP Sport (Scalable Systems Platform) du groupe Volkswagen, a confirm\u00e9 M. Blume. C\u2019est cette m\u00eame plateforme qui va servir de base au Macan \u00e9lectrique l\u2019an prochain.<\/p>\n<h3>Beaucoup de puissance \u00e0 l\u2019index<\/h3>\n<p>\nSelon les informations recueillies par des sources chez Porsche, la K1 utilisera un syst\u00e8me \u00e9lectrique de 920 V pour une recharge encore plus rapide que les mod\u00e8les bas\u00e9s sur le ch\u00e2ssis PPE de Porsche, ainsi qu&#8217;un syst\u00e8me de refroidissement de l&#8217;huile pour les moteurs \u00e9lectriques. L\u2019ensemble de batteries que le K1 pourrait utiliser n&#8217;a pas encore \u00e9t\u00e9 d\u00e9voil\u00e9, mais on s&#8217;attend \u00e0 ce qu&#8217;il adopte une disposition cellule-ch\u00e2ssis pour une meilleure int\u00e9grit\u00e9 structurelle, avec une capacit\u00e9 \u00e9nerg\u00e9tique de plus de 100 kWh et une autonomie WLTP de plus de 700 km dans sa forme la plus performante.\u00a0 Parmi les autres technologies de ch\u00e2ssis pr\u00e9vues pour le K1, citons la direction \u00e0 quatre roues directrices \u00e0 commande \u00e9lectronique qui offrira jusqu&#8217;\u00e0 5 degr\u00e9s d&#8217;angle de braquage aux roues arri\u00e8re afin d&#8217;accro\u00eetre la maniabilit\u00e9 \u00e0 faible vitesse en ville et l&#8217;agilit\u00e9 \u00e0 plus grande vitesse.<\/p>\n<p>Avec des renseignements d\u2019Autocar<\/p>\n<p>Le texte <a rel=\"nofollow\" href=\"https:\/\/annuelauto.ca\/porsche-prepare-un-vus-7-places-electriques-pour-2027\/\">Porsche pr\u00e9pare un VUS 7 places \u00e9lectriques pour 2027<\/a> provient de <a rel=\"nofollow\" href=\"https:\/\/annuelauto.ca\">L&#8217;annuel de l&#8217;automobile &#8211; Actualit\u00e9 automobile<\/a><\/p>\n<p><\/p>\n","protected":false},"excerpt":{"rendered":"<p>Un VUS encore plus spacieux et prestigieux que le Cayenne est en pr\u00e9paration chez Porsche. La filiale de Volkswagen se pr\u00e9pare \u00e0 affronter le BMW iX et le Mercedes Benz EQS VUC. Le projet porte le nom de code K1 et il sera stylis\u00e9 comme un coup\u00e9 sur\u00e9lev\u00e9. Un projet qui bourdonne depuis 3 ans [&hellip;]<\/p>\n","protected":false},"author":8,"featured_media":141414,"comment_status":"close","ping_status":"closed","sticky":false,"template":"","format":"standard","meta":{"_monsterinsights_skip_tracking":false,"_monsterinsights_sitenote_active":false,"_monsterinsights_sitenote_note":"","_monsterinsights_sitenote_category":0,"footnotes":""},"categories":[101],"tags":[],"yoast_head":"<!-- This site is optimized with the Yoast SEO plugin v23.2 - https:\/\/yoast.com\/wordpress\/plugins\/seo\/ -->\n<title>Porsche pr\u00e9pare un VUS 7 places \u00e9lectriques pour 2027 - CanadaMotorJobs.com<\/title>\n<meta name=\"description\" content=\"Porsche pr\u00e9pare un VUS 7 places \u00e9lectriques pour 2027 - Benoit Charette - Annuel automobile - CanadaMotorJobs.com.\" \/>\n<meta name=\"robots\" content=\"index, follow, max-snippet:-1, max-image-preview:large, max-video-preview:-1\" \/>\n<meta property=\"og:locale\" content=\"fr_CA\" \/>\n<meta property=\"og:type\" content=\"article\" \/>\n<meta property=\"og:title\" content=\"Porsche pr\u00e9pare un VUS 7 places \u00e9lectriques pour 2027 - CanadaMotorJobs.com\" \/>\n<meta property=\"og:description\" content=\"Porsche pr\u00e9pare un VUS 7 places \u00e9lectriques pour 2027 - Benoit Charette - Annuel automobile - CanadaMotorJobs.com.\" \/>\n<meta property=\"og:url\" content=\"https:\/\/news.canadamotorjobs.com\/fr\/porsche-prepare-un-vus-7-places-electriques-pour-2027\/\" \/>\n<meta property=\"og:site_name\" content=\"CanadaMotorJobs.com\" \/>\n<meta property=\"article:publisher\" content=\"https:\/\/www.facebook.com\/canadamotorjobs\/\" \/>\n<meta property=\"article:published_time\" content=\"2023-03-13T10:38:04+00:00\" \/>\n<meta property=\"article:modified_time\" content=\"2023-03-13T10:46:27+00:00\" \/>\n<meta property=\"og:image\" content=\"https:\/\/news.canadamotorjobs.com\/wp-content\/uploads\/2023\/03\/Porsche_K1.jpg\" \/>\n\t<meta property=\"og:image:width\" content=\"650\" \/>\n\t<meta property=\"og:image:height\" content=\"350\" \/>\n\t<meta property=\"og:image:type\" content=\"image\/jpeg\" \/>\n<meta name=\"author\" content=\"Benoit Charette\" \/>\n<meta name=\"twitter:card\" content=\"summary_large_image\" \/>\n<meta name=\"twitter:creator\" content=\"@canadamotorjobs\" \/>\n<meta name=\"twitter:site\" content=\"@canadamotorjobs\" \/>\n<meta name=\"twitter:label1\" content=\"\u00c9crit par\" \/>\n\t<meta name=\"twitter:data1\" content=\"Benoit Charette\" \/>\n\t<meta name=\"twitter:label2\" content=\"Estimation du temps de lecture\" \/>\n\t<meta name=\"twitter:data2\" content=\"2 minutes\" \/>\n<!-- \/ Yoast SEO plugin. -->","yoast_head_json":{"title":"Porsche pr\u00e9pare un VUS 7 places \u00e9lectriques pour 2027 - CanadaMotorJobs.com","description":"Porsche pr\u00e9pare un VUS 7 places \u00e9lectriques pour 2027 - Benoit Charette - Annuel automobile - CanadaMotorJobs.com.","robots":{"index":"index","follow":"follow","max-snippet":"max-snippet:-1","max-image-preview":"max-image-preview:large","max-video-preview":"max-video-preview:-1"},"og_locale":"fr_CA","og_type":"article","og_title":"Porsche pr\u00e9pare un VUS 7 places \u00e9lectriques pour 2027 - CanadaMotorJobs.com","og_description":"Porsche pr\u00e9pare un VUS 7 places \u00e9lectriques pour 2027 - Benoit Charette - Annuel automobile - CanadaMotorJobs.com.","og_url":"https:\/\/news.canadamotorjobs.com\/fr\/porsche-prepare-un-vus-7-places-electriques-pour-2027\/","og_site_name":"CanadaMotorJobs.com","article_publisher":"https:\/\/www.facebook.com\/canadamotorjobs\/","article_published_time":"2023-03-13T10:38:04+00:00","article_modified_time":"2023-03-13T10:46:27+00:00","og_image":[{"width":650,"height":350,"url":"https:\/\/news.canadamotorjobs.com\/wp-content\/uploads\/2023\/03\/Porsche_K1.jpg","type":"image\/jpeg"}],"author":"Benoit Charette","twitter_card":"summary_large_image","twitter_creator":"@canadamotorjobs","twitter_site":"@canadamotorjobs","twitter_misc":{"\u00c9crit par":"Benoit Charette","Estimation du temps de lecture":"2 minutes"},"schema":{"@context":"https:\/\/schema.org","@graph":[{"@type":"Article","@id":"https:\/\/news.canadamotorjobs.com\/fr\/porsche-prepare-un-vus-7-places-electriques-pour-2027\/#article","isPartOf":{"@id":"https:\/\/news.canadamotorjobs.com\/fr\/porsche-prepare-un-vus-7-places-electriques-pour-2027\/"},"author":{"name":"Benoit Charette","@id":"https:\/\/news.canadamotorjobs.com\/#\/schema\/person\/51793d1f87d44011d7bcc2ed99269a90"},"headline":"Porsche pr\u00e9pare un VUS 7 places \u00e9lectriques pour 2027","datePublished":"2023-03-13T10:38:04+00:00","dateModified":"2023-03-13T10:46:27+00:00","mainEntityOfPage":{"@id":"https:\/\/news.canadamotorjobs.com\/fr\/porsche-prepare-un-vus-7-places-electriques-pour-2027\/"},"wordCount":400,"publisher":{"@id":"https:\/\/news.canadamotorjobs.com\/#organization"},"image":{"@id":"https:\/\/news.canadamotorjobs.com\/fr\/porsche-prepare-un-vus-7-places-electriques-pour-2027\/#primaryimage"},"thumbnailUrl":"https:\/\/news.canadamotorjobs.com\/wp-content\/uploads\/2023\/03\/Porsche_K1.jpg","articleSection":["Annuel automobile"],"inLanguage":"fr-CA"},{"@type":"WebPage","@id":"https:\/\/news.canadamotorjobs.com\/fr\/porsche-prepare-un-vus-7-places-electriques-pour-2027\/","url":"https:\/\/news.canadamotorjobs.com\/fr\/porsche-prepare-un-vus-7-places-electriques-pour-2027\/","name":"Porsche pr\u00e9pare un VUS 7 places \u00e9lectriques pour 2027 - CanadaMotorJobs.com","isPartOf":{"@id":"https:\/\/news.canadamotorjobs.com\/#website"},"primaryImageOfPage":{"@id":"https:\/\/news.canadamotorjobs.com\/fr\/porsche-prepare-un-vus-7-places-electriques-pour-2027\/#primaryimage"},"image":{"@id":"https:\/\/news.canadamotorjobs.com\/fr\/porsche-prepare-un-vus-7-places-electriques-pour-2027\/#primaryimage"},"thumbnailUrl":"https:\/\/news.canadamotorjobs.com\/wp-content\/uploads\/2023\/03\/Porsche_K1.jpg","datePublished":"2023-03-13T10:38:04+00:00","dateModified":"2023-03-13T10:46:27+00:00","description":"Porsche pr\u00e9pare un VUS 7 places \u00e9lectriques pour 2027 - Benoit Charette - Annuel automobile - CanadaMotorJobs.com.","breadcrumb":{"@id":"https:\/\/news.canadamotorjobs.com\/fr\/porsche-prepare-un-vus-7-places-electriques-pour-2027\/#breadcrumb"},"inLanguage":"fr-CA","potentialAction":[{"@type":"ReadAction","target":["https:\/\/news.canadamotorjobs.com\/fr\/porsche-prepare-un-vus-7-places-electriques-pour-2027\/"]}]},{"@type":"ImageObject","inLanguage":"fr-CA","@id":"https:\/\/news.canadamotorjobs.com\/fr\/porsche-prepare-un-vus-7-places-electriques-pour-2027\/#primaryimage","url":"https:\/\/news.canadamotorjobs.com\/wp-content\/uploads\/2023\/03\/Porsche_K1.jpg","contentUrl":"https:\/\/news.canadamotorjobs.com\/wp-content\/uploads\/2023\/03\/Porsche_K1.jpg","width":650,"height":350},{"@type":"BreadcrumbList","@id":"https:\/\/news.canadamotorjobs.com\/fr\/porsche-prepare-un-vus-7-places-electriques-pour-2027\/#breadcrumb","itemListElement":[{"@type":"ListItem","position":1,"name":"Home","item":"https:\/\/news.canadamotorjobs.com\/fr\/blog\/"},{"@type":"ListItem","position":2,"name":"Porsche pr\u00e9pare un VUS 7 places \u00e9lectriques pour 2027"}]},{"@type":"WebSite","@id":"https:\/\/news.canadamotorjobs.com\/#website","url":"https:\/\/news.canadamotorjobs.com\/","name":"CanadaMotorJobs.com","description":"Automotive Jobs","publisher":{"@id":"https:\/\/news.canadamotorjobs.com\/#organization"},"potentialAction":[{"@type":"SearchAction","target":{"@type":"EntryPoint","urlTemplate":"https:\/\/news.canadamotorjobs.com\/?s={search_term_string}"},"query-input":"required name=search_term_string"}],"inLanguage":"fr-CA"},{"@type":"Organization","@id":"https:\/\/news.canadamotorjobs.com\/#organization","name":"Canada Motor Jobs","url":"https:\/\/news.canadamotorjobs.com\/","logo":{"@type":"ImageObject","inLanguage":"fr-CA","@id":"https:\/\/news.canadamotorjobs.com\/#\/schema\/logo\/image\/","url":"https:\/\/news.canadamotorjobs.com\/wp-content\/uploads\/2022\/10\/logo-canada-motor-jobs-1.png","contentUrl":"https:\/\/news.canadamotorjobs.com\/wp-content\/uploads\/2022\/10\/logo-canada-motor-jobs-1.png","width":800,"height":400,"caption":"Canada Motor Jobs"},"image":{"@id":"https:\/\/news.canadamotorjobs.com\/#\/schema\/logo\/image\/"},"sameAs":["https:\/\/www.facebook.com\/canadamotorjobs\/","https:\/\/x.com\/canadamotorjobs","https:\/\/www.instagram.com\/canadamotorjobs\/","https:\/\/www.linkedin.com\/company\/canadamotorjobs"]},{"@type":"Person","@id":"https:\/\/news.canadamotorjobs.com\/#\/schema\/person\/51793d1f87d44011d7bcc2ed99269a90","name":"Benoit Charette","image":{"@type":"ImageObject","inLanguage":"fr-CA","@id":"https:\/\/news.canadamotorjobs.com\/#\/schema\/person\/image\/","url":"https:\/\/secure.gravatar.com\/avatar\/45f3d2eebcccd909668d7ce7ea7267b6?s=96&d=mm&r=g","contentUrl":"https:\/\/secure.gravatar.com\/avatar\/45f3d2eebcccd909668d7ce7ea7267b6?s=96&d=mm&r=g","caption":"Benoit Charette"},"description":"Benoit Charette \/ Propri\u00e9taire et r\u00e9dacteur en chef Benoit Charette pratique le journalisme automobile depuis bient\u00f4t 30 ans. Il a fait ses classes au c\u00f4t\u00e9 de Daniel H\u00e9raud et au Carnet de route de 1992 \u00e0 2001. Il est fondateur, copropri\u00e9taire et r\u00e9dacteur en chef de L\u2019Annuel de l\u2019automobile, qu\u2019il publie depuis 2001. Il a anim\u00e9 les \u00e9missions RPM et RPM+ sur V et les L\u00e9gendes de la route sur Historia. \u00c0 la radio depuis 1986, il reprend l\u2019antenne cette ann\u00e9e sur les ondes de Cogeco et participe pour la deuxi\u00e8me ann\u00e9e \u00e0 l\u2019\u00e9mission Passion Auto sur RDS en plus de mettre en ligne le site Web officiel de L\u2019Annuel de l\u2019automobile sur annuelauto.ca.","sameAs":["https:\/\/annuelauto.ca\/"],"url":"https:\/\/news.canadamotorjobs.com\/fr\/author\/benoit-charette\/"}]}},"_links":{"self":[{"href":"https:\/\/news.canadamotorjobs.com\/fr\/wp-json\/wp\/v2\/posts\/141412"}],"collection":[{"href":"https:\/\/news.canadamotorjobs.com\/fr\/wp-json\/wp\/v2\/posts"}],"about":[{"href":"https:\/\/news.canadamotorjobs.com\/fr\/wp-json\/wp\/v2\/types\/post"}],"author":[{"embeddable":true,"href":"https:\/\/news.canadamotorjobs.com\/fr\/wp-json\/wp\/v2\/users\/8"}],"replies":[{"embeddable":true,"href":"https:\/\/news.canadamotorjobs.com\/fr\/wp-json\/wp\/v2\/comments?post=141412"}],"version-history":[{"count":2,"href":"https:\/\/news.canadamotorjobs.com\/fr\/wp-json\/wp\/v2\/posts\/141412\/revisions"}],"predecessor-version":[{"id":141416,"href":"https:\/\/news.canadamotorjobs.com\/fr\/wp-json\/wp\/v2\/posts\/141412\/revisions\/141416"}],"wp:featuredmedia":[{"embeddable":true,"href":"https:\/\/news.canadamotorjobs.com\/fr\/wp-json\/wp\/v2\/media\/141414"}],"wp:attachment":[{"href":"https:\/\/news.canadamotorjobs.com\/fr\/wp-json\/wp\/v2\/media?parent=141412"}],"wp:term":[{"taxonomy":"category","embeddable":true,"href":"https:\/\/news.canadamotorjobs.com\/fr\/wp-json\/wp\/v2\/categories?post=141412"},{"taxonomy":"post_tag","embeddable":true,"href":"https:\/\/news.canadamotorjobs.com\/fr\/wp-json\/wp\/v2\/tags?post=141412"}],"curies":[{"name":"wp","href":"https:\/\/api.w.org\/{rel}","templated":true}]}}