{"id":141370,"date":"2023-03-11T07:40:47","date_gmt":"2023-03-11T12:40:47","guid":{"rendered":"https:\/\/news.canadamotorjobs.com\/?p=141370"},"modified":"2023-03-11T07:46:34","modified_gmt":"2023-03-11T12:46:34","slug":"nissan-eprouve-des-problemes-de-production-avec-son-modele-ariya","status":"publish","type":"post","link":"https:\/\/news.canadamotorjobs.com\/fr\/nissan-eprouve-des-problemes-de-production-avec-son-modele-ariya\/","title":{"rendered":"Nissan \u00e9prouve des probl\u00e8mes de production avec son mod\u00e8le Ariya"},"content":{"rendered":"<\/p>\n<p>Dans le fran\u00e7ais populaire, un aria est un tracas, un embarras, c\u2019est aussi un grand air d\u2019op\u00e9ra. Nissan qui produit son mod\u00e8le Ariya au Japon conna\u00eet toutes sortes de probl\u00e8mes de production qui s\u2019accordent plus \u00e0 la premi\u00e8re d\u00e9finition du mot alors que l\u2019on voudrait sans doute que tout sonne aussi bien qu\u2019un grand air d\u2019op\u00e9ra<\/p>\n<h3>Il est o\u00f9 le probl\u00e8me<\/h3>\n<p>\nL\u2019Ariya a mis trois longues ann\u00e9es \u00e0 arriver sur le march\u00e9 et Nissan a fait une travers\u00e9e du d\u00e9sert avant de pouvoir mettre finalement la production en marche. Maintenant que\u00a0 le mod\u00e8le est en concession, l\u2019usine de production accumule les retards et les probl\u00e8mes. La ligne de production de l&#8217;Ariya a \u00e9t\u00e9 construite gr\u00e2ce \u00e0 un investissement initial de 243 millions de dollars. Depuis ses d\u00e9buts, des sources internes chez Nissan affirment que la production a rencontr\u00e9 des probl\u00e8mes avec le syst\u00e8me de fabrication hautement automatis\u00e9 de l&#8217;usine intelligente et que la production est inf\u00e9rieure d&#8217;au moins un tiers aux pr\u00e9visions.<\/p>\n<h3>Des retards de livraison<\/h3>\n<p>\nL\u2019usine de Tochigi produit toutes sortes de v\u00e9hicules \u00e0 essence et \u00e9lectrique et depuis le r\u00e9outillage de cette usine, la mise en \u0153uvre s\u2019est av\u00e9r\u00e9e tr\u00e8s difficile et un d\u00e9fi difficile \u00e0 relever selon plusieurs employ\u00e9s. Nissan a pris beaucoup de retard dans la livraison des mod\u00e8les Ariya un peu partout sur la plan\u00e8te. Il y a aussi p\u00e9nurie d&#8217;approvisionnement en semi-conducteurs, des perturbations dans les livraisons de composants et de la cha\u00eene de peinture de l&#8217;usine.<\/p>\n<h3>Une occasion perdue<\/h3>\n<p>\nNissan a indiqu\u00e9 qu&#8217;elle s&#8217;effor\u00e7ait de r\u00e9tablir pleinement la capacit\u00e9 de production de l&#8217;usine. Aujourd&#8217;hui, les analystes estiment que ce manque \u00e0 gagner est une occasion manqu\u00e9e de tirer parti de l&#8217;enthousiasme suscit\u00e9 par l&#8217;Ariya. Il s&#8217;agissait de tester la demande pour le premier des 19 nouveaux v\u00e9hicules \u00e9lectriques que Nissan pr\u00e9voit de lancer d&#8217;ici \u00e0 2030 et rater une premi\u00e8re impression co\u00fbte cher. Ces revers ont \u00e9galement nui aux projets de croissance des ventes de voitures \u00e9lectriques du constructeur japonais. Nissan qui a domin\u00e9 le march\u00e9 plan\u00e9taire avec la Leaf est en voie de perdre son combat face \u00e0 des concurrents plus proactifs.<\/p>\n<p>\u00a0<\/p>\n<p>Avec des renseignements de Reuters<\/p>\n<p>\u00a0<\/p>\n<p>Le texte <a rel=\"nofollow\" href=\"https:\/\/annuelauto.ca\/nissan-eprouve-des-problemes-de-production-avec-son-modele-ariya\/\">Nissan \u00e9prouve des probl\u00e8mes de production avec son mod\u00e8le Ariya<\/a> provient de <a rel=\"nofollow\" href=\"https:\/\/annuelauto.ca\">L&#8217;annuel de l&#8217;automobile &#8211; Actualit\u00e9 automobile<\/a><\/p>\n<p><\/p>\n","protected":false},"excerpt":{"rendered":"<p>Dans le fran\u00e7ais populaire, un aria est un tracas, un embarras, c\u2019est aussi un grand air d\u2019op\u00e9ra. Nissan qui produit son mod\u00e8le Ariya au Japon conna\u00eet toutes sortes de probl\u00e8mes de production qui s\u2019accordent plus \u00e0 la premi\u00e8re d\u00e9finition du mot alors que l\u2019on voudrait sans doute que tout sonne aussi bien qu\u2019un grand air [&hellip;]<\/p>\n","protected":false},"author":8,"featured_media":141372,"comment_status":"close","ping_status":"closed","sticky":false,"template":"","format":"standard","meta":{"_monsterinsights_skip_tracking":false,"_monsterinsights_sitenote_active":false,"_monsterinsights_sitenote_note":"","_monsterinsights_sitenote_category":0,"footnotes":""},"categories":[101],"tags":[],"yoast_head":"<!-- This site is optimized with the Yoast SEO plugin v23.2 - https:\/\/yoast.com\/wordpress\/plugins\/seo\/ -->\n<title>Nissan \u00e9prouve des probl\u00e8mes de production avec son mod\u00e8le Ariya - CanadaMotorJobs.com<\/title>\n<meta name=\"description\" content=\"Nissan \u00e9prouve des probl\u00e8mes de production avec son mod\u00e8le Ariya - Benoit Charette - Annuel automobile - CanadaMotorJobs.com.\" \/>\n<meta name=\"robots\" content=\"index, follow, max-snippet:-1, max-image-preview:large, max-video-preview:-1\" \/>\n<meta property=\"og:locale\" content=\"fr_CA\" \/>\n<meta property=\"og:type\" content=\"article\" \/>\n<meta property=\"og:title\" content=\"Nissan \u00e9prouve des probl\u00e8mes de production avec son mod\u00e8le Ariya - CanadaMotorJobs.com\" \/>\n<meta property=\"og:description\" content=\"Nissan \u00e9prouve des probl\u00e8mes de production avec son mod\u00e8le Ariya - Benoit Charette - Annuel automobile - CanadaMotorJobs.com.\" \/>\n<meta property=\"og:url\" content=\"https:\/\/news.canadamotorjobs.com\/fr\/nissan-eprouve-des-problemes-de-production-avec-son-modele-ariya\/\" \/>\n<meta property=\"og:site_name\" content=\"CanadaMotorJobs.com\" \/>\n<meta property=\"article:publisher\" content=\"https:\/\/www.facebook.com\/canadamotorjobs\/\" \/>\n<meta property=\"article:published_time\" content=\"2023-03-11T12:40:47+00:00\" \/>\n<meta property=\"article:modified_time\" content=\"2023-03-11T12:46:34+00:00\" \/>\n<meta property=\"og:image\" content=\"https:\/\/news.canadamotorjobs.com\/wp-content\/uploads\/2023\/03\/Nissan-Ariya-2023-10.jpg\" \/>\n\t<meta property=\"og:image:width\" content=\"1400\" \/>\n\t<meta property=\"og:image:height\" content=\"913\" \/>\n\t<meta property=\"og:image:type\" content=\"image\/jpeg\" \/>\n<meta name=\"author\" content=\"Benoit Charette\" \/>\n<meta name=\"twitter:card\" content=\"summary_large_image\" \/>\n<meta name=\"twitter:creator\" content=\"@canadamotorjobs\" \/>\n<meta name=\"twitter:site\" content=\"@canadamotorjobs\" \/>\n<meta name=\"twitter:label1\" content=\"\u00c9crit par\" \/>\n\t<meta name=\"twitter:data1\" content=\"Benoit Charette\" \/>\n\t<meta name=\"twitter:label2\" content=\"Estimation du temps de lecture\" \/>\n\t<meta name=\"twitter:data2\" content=\"2 minutes\" \/>\n<!-- \/ Yoast SEO plugin. -->","yoast_head_json":{"title":"Nissan \u00e9prouve des probl\u00e8mes de production avec son mod\u00e8le Ariya - CanadaMotorJobs.com","description":"Nissan \u00e9prouve des probl\u00e8mes de production avec son mod\u00e8le Ariya - Benoit Charette - Annuel automobile - CanadaMotorJobs.com.","robots":{"index":"index","follow":"follow","max-snippet":"max-snippet:-1","max-image-preview":"max-image-preview:large","max-video-preview":"max-video-preview:-1"},"og_locale":"fr_CA","og_type":"article","og_title":"Nissan \u00e9prouve des probl\u00e8mes de production avec son mod\u00e8le Ariya - CanadaMotorJobs.com","og_description":"Nissan \u00e9prouve des probl\u00e8mes de production avec son mod\u00e8le Ariya - Benoit Charette - Annuel automobile - CanadaMotorJobs.com.","og_url":"https:\/\/news.canadamotorjobs.com\/fr\/nissan-eprouve-des-problemes-de-production-avec-son-modele-ariya\/","og_site_name":"CanadaMotorJobs.com","article_publisher":"https:\/\/www.facebook.com\/canadamotorjobs\/","article_published_time":"2023-03-11T12:40:47+00:00","article_modified_time":"2023-03-11T12:46:34+00:00","og_image":[{"width":1400,"height":913,"url":"https:\/\/news.canadamotorjobs.com\/wp-content\/uploads\/2023\/03\/Nissan-Ariya-2023-10.jpg","type":"image\/jpeg"}],"author":"Benoit Charette","twitter_card":"summary_large_image","twitter_creator":"@canadamotorjobs","twitter_site":"@canadamotorjobs","twitter_misc":{"\u00c9crit par":"Benoit Charette","Estimation du temps de lecture":"2 minutes"},"schema":{"@context":"https:\/\/schema.org","@graph":[{"@type":"Article","@id":"https:\/\/news.canadamotorjobs.com\/fr\/nissan-eprouve-des-problemes-de-production-avec-son-modele-ariya\/#article","isPartOf":{"@id":"https:\/\/news.canadamotorjobs.com\/fr\/nissan-eprouve-des-problemes-de-production-avec-son-modele-ariya\/"},"author":{"name":"Benoit Charette","@id":"https:\/\/news.canadamotorjobs.com\/#\/schema\/person\/51793d1f87d44011d7bcc2ed99269a90"},"headline":"Nissan \u00e9prouve des probl\u00e8mes de production avec son mod\u00e8le Ariya","datePublished":"2023-03-11T12:40:47+00:00","dateModified":"2023-03-11T12:46:34+00:00","mainEntityOfPage":{"@id":"https:\/\/news.canadamotorjobs.com\/fr\/nissan-eprouve-des-problemes-de-production-avec-son-modele-ariya\/"},"wordCount":442,"publisher":{"@id":"https:\/\/news.canadamotorjobs.com\/#organization"},"image":{"@id":"https:\/\/news.canadamotorjobs.com\/fr\/nissan-eprouve-des-problemes-de-production-avec-son-modele-ariya\/#primaryimage"},"thumbnailUrl":"https:\/\/news.canadamotorjobs.com\/wp-content\/uploads\/2023\/03\/Nissan-Ariya-2023-10.jpg","articleSection":["Annuel automobile"],"inLanguage":"fr-CA"},{"@type":"WebPage","@id":"https:\/\/news.canadamotorjobs.com\/fr\/nissan-eprouve-des-problemes-de-production-avec-son-modele-ariya\/","url":"https:\/\/news.canadamotorjobs.com\/fr\/nissan-eprouve-des-problemes-de-production-avec-son-modele-ariya\/","name":"Nissan \u00e9prouve des probl\u00e8mes de production avec son mod\u00e8le Ariya - CanadaMotorJobs.com","isPartOf":{"@id":"https:\/\/news.canadamotorjobs.com\/#website"},"primaryImageOfPage":{"@id":"https:\/\/news.canadamotorjobs.com\/fr\/nissan-eprouve-des-problemes-de-production-avec-son-modele-ariya\/#primaryimage"},"image":{"@id":"https:\/\/news.canadamotorjobs.com\/fr\/nissan-eprouve-des-problemes-de-production-avec-son-modele-ariya\/#primaryimage"},"thumbnailUrl":"https:\/\/news.canadamotorjobs.com\/wp-content\/uploads\/2023\/03\/Nissan-Ariya-2023-10.jpg","datePublished":"2023-03-11T12:40:47+00:00","dateModified":"2023-03-11T12:46:34+00:00","description":"Nissan \u00e9prouve des probl\u00e8mes de production avec son mod\u00e8le Ariya - Benoit Charette - Annuel automobile - CanadaMotorJobs.com.","breadcrumb":{"@id":"https:\/\/news.canadamotorjobs.com\/fr\/nissan-eprouve-des-problemes-de-production-avec-son-modele-ariya\/#breadcrumb"},"inLanguage":"fr-CA","potentialAction":[{"@type":"ReadAction","target":["https:\/\/news.canadamotorjobs.com\/fr\/nissan-eprouve-des-problemes-de-production-avec-son-modele-ariya\/"]}]},{"@type":"ImageObject","inLanguage":"fr-CA","@id":"https:\/\/news.canadamotorjobs.com\/fr\/nissan-eprouve-des-problemes-de-production-avec-son-modele-ariya\/#primaryimage","url":"https:\/\/news.canadamotorjobs.com\/wp-content\/uploads\/2023\/03\/Nissan-Ariya-2023-10.jpg","contentUrl":"https:\/\/news.canadamotorjobs.com\/wp-content\/uploads\/2023\/03\/Nissan-Ariya-2023-10.jpg","width":1400,"height":913},{"@type":"BreadcrumbList","@id":"https:\/\/news.canadamotorjobs.com\/fr\/nissan-eprouve-des-problemes-de-production-avec-son-modele-ariya\/#breadcrumb","itemListElement":[{"@type":"ListItem","position":1,"name":"Home","item":"https:\/\/news.canadamotorjobs.com\/fr\/blog\/"},{"@type":"ListItem","position":2,"name":"Nissan \u00e9prouve des probl\u00e8mes de production avec son mod\u00e8le Ariya"}]},{"@type":"WebSite","@id":"https:\/\/news.canadamotorjobs.com\/#website","url":"https:\/\/news.canadamotorjobs.com\/","name":"CanadaMotorJobs.com","description":"Automotive Jobs","publisher":{"@id":"https:\/\/news.canadamotorjobs.com\/#organization"},"potentialAction":[{"@type":"SearchAction","target":{"@type":"EntryPoint","urlTemplate":"https:\/\/news.canadamotorjobs.com\/?s={search_term_string}"},"query-input":"required name=search_term_string"}],"inLanguage":"fr-CA"},{"@type":"Organization","@id":"https:\/\/news.canadamotorjobs.com\/#organization","name":"Canada Motor Jobs","url":"https:\/\/news.canadamotorjobs.com\/","logo":{"@type":"ImageObject","inLanguage":"fr-CA","@id":"https:\/\/news.canadamotorjobs.com\/#\/schema\/logo\/image\/","url":"https:\/\/news.canadamotorjobs.com\/wp-content\/uploads\/2022\/10\/logo-canada-motor-jobs-1.png","contentUrl":"https:\/\/news.canadamotorjobs.com\/wp-content\/uploads\/2022\/10\/logo-canada-motor-jobs-1.png","width":800,"height":400,"caption":"Canada Motor Jobs"},"image":{"@id":"https:\/\/news.canadamotorjobs.com\/#\/schema\/logo\/image\/"},"sameAs":["https:\/\/www.facebook.com\/canadamotorjobs\/","https:\/\/x.com\/canadamotorjobs","https:\/\/www.instagram.com\/canadamotorjobs\/","https:\/\/www.linkedin.com\/company\/canadamotorjobs"]},{"@type":"Person","@id":"https:\/\/news.canadamotorjobs.com\/#\/schema\/person\/51793d1f87d44011d7bcc2ed99269a90","name":"Benoit Charette","image":{"@type":"ImageObject","inLanguage":"fr-CA","@id":"https:\/\/news.canadamotorjobs.com\/#\/schema\/person\/image\/","url":"https:\/\/secure.gravatar.com\/avatar\/45f3d2eebcccd909668d7ce7ea7267b6?s=96&d=mm&r=g","contentUrl":"https:\/\/secure.gravatar.com\/avatar\/45f3d2eebcccd909668d7ce7ea7267b6?s=96&d=mm&r=g","caption":"Benoit Charette"},"description":"Benoit Charette \/ Propri\u00e9taire et r\u00e9dacteur en chef Benoit Charette pratique le journalisme automobile depuis bient\u00f4t 30 ans. Il a fait ses classes au c\u00f4t\u00e9 de Daniel H\u00e9raud et au Carnet de route de 1992 \u00e0 2001. Il est fondateur, copropri\u00e9taire et r\u00e9dacteur en chef de L\u2019Annuel de l\u2019automobile, qu\u2019il publie depuis 2001. Il a anim\u00e9 les \u00e9missions RPM et RPM+ sur V et les L\u00e9gendes de la route sur Historia. \u00c0 la radio depuis 1986, il reprend l\u2019antenne cette ann\u00e9e sur les ondes de Cogeco et participe pour la deuxi\u00e8me ann\u00e9e \u00e0 l\u2019\u00e9mission Passion Auto sur RDS en plus de mettre en ligne le site Web officiel de L\u2019Annuel de l\u2019automobile sur annuelauto.ca.","sameAs":["https:\/\/annuelauto.ca\/"],"url":"https:\/\/news.canadamotorjobs.com\/fr\/author\/benoit-charette\/"}]}},"_links":{"self":[{"href":"https:\/\/news.canadamotorjobs.com\/fr\/wp-json\/wp\/v2\/posts\/141370"}],"collection":[{"href":"https:\/\/news.canadamotorjobs.com\/fr\/wp-json\/wp\/v2\/posts"}],"about":[{"href":"https:\/\/news.canadamotorjobs.com\/fr\/wp-json\/wp\/v2\/types\/post"}],"author":[{"embeddable":true,"href":"https:\/\/news.canadamotorjobs.com\/fr\/wp-json\/wp\/v2\/users\/8"}],"replies":[{"embeddable":true,"href":"https:\/\/news.canadamotorjobs.com\/fr\/wp-json\/wp\/v2\/comments?post=141370"}],"version-history":[{"count":2,"href":"https:\/\/news.canadamotorjobs.com\/fr\/wp-json\/wp\/v2\/posts\/141370\/revisions"}],"predecessor-version":[{"id":141374,"href":"https:\/\/news.canadamotorjobs.com\/fr\/wp-json\/wp\/v2\/posts\/141370\/revisions\/141374"}],"wp:featuredmedia":[{"embeddable":true,"href":"https:\/\/news.canadamotorjobs.com\/fr\/wp-json\/wp\/v2\/media\/141372"}],"wp:attachment":[{"href":"https:\/\/news.canadamotorjobs.com\/fr\/wp-json\/wp\/v2\/media?parent=141370"}],"wp:term":[{"taxonomy":"category","embeddable":true,"href":"https:\/\/news.canadamotorjobs.com\/fr\/wp-json\/wp\/v2\/categories?post=141370"},{"taxonomy":"post_tag","embeddable":true,"href":"https:\/\/news.canadamotorjobs.com\/fr\/wp-json\/wp\/v2\/tags?post=141370"}],"curies":[{"name":"wp","href":"https:\/\/api.w.org\/{rel}","templated":true}]}}