{"id":141347,"date":"2023-03-11T06:38:34","date_gmt":"2023-03-11T11:38:34","guid":{"rendered":"https:\/\/news.canadamotorjobs.com\/?p=141347"},"modified":"2023-03-11T06:45:52","modified_gmt":"2023-03-11T11:45:52","slug":"mazda-cx-30","status":"publish","type":"post","link":"https:\/\/news.canadamotorjobs.com\/fr\/mazda-cx-30\/","title":{"rendered":"Mazda CX-30"},"content":{"rendered":"<\/p>\n<p>Il y a diff\u00e9rentes raisons de vouloir parler du CX-30 ces jours-ci. La premi\u00e8re est la plus simple\u00a0: c\u2019est le seul petit VUS qui reste au catalogue de Mazda en 2023 \u00e9tant donn\u00e9 que le CX-3 a quitt\u00e9 l\u2019ann\u00e9e derni\u00e8re. C\u2019est aussi le premier d\u2019une nouvelle gamme d\u2019utilitaires sign\u00e9s Mazda qui se veulent des v\u00e9hicules de luxe, plus pr\u00e8s d\u2019un Infiniti ou d\u2019un Acura que d\u2019un Nissan ou d\u2019un Honda, si vous voulez, mais \u00e9videmment, \u00e0 la fa\u00e7on de Mazda.<\/p>\n<p>Aussi, c\u2019est un petit VUS qui fait partie de la gamme de v\u00e9hicules non \u00e9lectrifi\u00e9s qui est la moins \u00e9nergivore sur le march\u00e9 nord-am\u00e9ricain. Pour le dire autrement, Mazda a la gamme de v\u00e9hicules \u00e0 essence qui, si on fait la moyenne de la consommation de chacun de ses v\u00e9hicules, est la plus faible sur le continent. Pour les gens qui refusent de consid\u00e9rer l\u2019achat d\u2019un v\u00e9hicule hybride ou \u00e9lectrique, c\u2019est donc probablement le meilleur choix en mati\u00e8re de consommation de carburant, \u00e9tant donn\u00e9 qu\u2019elle demeure raisonnable, dans les circonstances.<\/p>\n<p>Par exemple, le CX-30 affiche une consommation moyenne qui peut \u00eatre aussi basse que 7,7 litres aux 100 kilom\u00e8tres, selon Mazda Canada. C\u2019est quand m\u00eame impressionnant, c\u2019est une moyenne que m\u00eame les berlines compactes n\u2019arrivaient pas \u00e0 atteindre il y a dix ans. Et l\u00e0, m\u00eame si en r\u00e9alit\u00e9 la consommation moyenne du CX-30 \u2013 en plein hiver, en tout cas \u2013 avoisine plut\u00f4t les 9,5 \u00e0 10 litres aux 100 kilom\u00e8tres, c\u2019est quand m\u00eame tr\u00e8s bien\u2026 pour un v\u00e9hicule non-hybride.<\/p>\n<p>C\u00f4t\u00e9 comportement, le CX-30 n\u2019est pas particuli\u00e8rement explosif, mais sa cylindr\u00e9e fait bien l\u2019affaire la plupart du temps. Sous le capot se trouve un 4 cylindres de 2 litres ou de 2,5 litres, selon la version, qui font respectivement 155 et 186 chevaux de puissance. Comme on a essay\u00e9 la version GT, on a eu droit \u00e0 la \u00abgrosse\u00bb m\u00e9canique. Notez qu\u2019un GT turbo est aussi au catalogue et que lui a droit \u00e0 250 chevaux, ce qui est pas mal mieux.<\/p>\n<p>Mais son prix est plus \u00e9lev\u00e9. Le GT 4RM essay\u00e9 co\u00fbte au bas mot 36\u00a0000 $. Il faut ajouter 2400$ pour le moteur turbo. Le prix de base du CX-30 est d\u2019un peu plus de 27\u00a0000 $.<\/p>\n<p>Et c\u2019est un peu l\u00e0 o\u00f9 \u00e7a commence \u00e0 agacer\u00a0: le CX-30 se veut un petit VUS qui a la fiche technique d\u2019un VUS de luxe, mais qui est vendu par un constructeur plus pr\u00e8s du grand public. Alors la question qui se pose est celle-ci\u00a0: quelles sont les caract\u00e9ristiques qui en font un v\u00e9hicule plus luxueux que la moyenne?<\/p>\n<p>Et la r\u00e9ponse n\u2019est pas \u00e9vidente. L\u2019affichage t\u00eate haute est devenu ces derni\u00e8res ann\u00e9es une banalit\u00e9. On le trouve dans des v\u00e9hicules Hyundai. Le syst\u00e8me multim\u00e9dia Mazda Connect est tr\u00e8s chouette, mais il est d\u00e9pass\u00e9 depuis des ann\u00e9es par ses concurrents, qui affichent CarPlay et Android Auto en version sans fil. On n\u2019a pas \u00e7a \u00e0 bord des v\u00e9hicules Mazda.<\/p>\n<p>M\u00eame la m\u00e9canique n\u2019a pas ce petit \u00aboumph!\u00bb qui ferait la diff\u00e9rence. La bo\u00eete de transmission a six rapports et elle fait du bon boulot, mais elle n\u2019a pas la douceur des bo\u00eetes \u00e0 8 ou 9 rapports de mod\u00e8les concurrents. Elle donne un petit air vieillot \u00e0 ce v\u00e9hicule.<\/p>\n<p>Et l\u2019espace est un peu limit\u00e9, m\u00eame \u00e0 l\u2019arri\u00e8re, o\u00f9 la banquette est un peu juste pour deux grandes personnes ou trois enfants.<\/p>\n<p>Bref, on peine \u00e0 voir o\u00f9 se trouve le luxe cach\u00e9 \u00e0 bord du CX-30. C\u2019est un peu dommage, car Mazda est en train de perdre de cette belle r\u00e9putation que la marque poss\u00e8de depuis plus d\u2019une dizaine d\u2019ann\u00e9es et qui a fait son succ\u00e8s au Qu\u00e9bec.<\/p>\n<p>Esp\u00e9rons que les nouveaux mod\u00e8les, comme le CX-90 qui s\u2019en vient ce printemps, auront de quoi de plus \u00e0 offrir pour justifier le virage haut de gamme de la marque japonaise.<\/p>\n<p>\u00a0<\/p>\n<p>\u00a0<\/p>\n<p>\u00a0<\/p>\n<p>Le texte <a rel=\"nofollow\" href=\"https:\/\/annuelauto.ca\/mazda-cx-30\/\">Mazda CX-30<\/a> provient de <a rel=\"nofollow\" href=\"https:\/\/annuelauto.ca\">L&#8217;annuel de l&#8217;automobile &#8211; Actualit\u00e9 automobile<\/a><\/p>\n<p><\/p>\n","protected":false},"excerpt":{"rendered":"<p>Il y a diff\u00e9rentes raisons de vouloir parler du CX-30 ces jours-ci. La premi\u00e8re est la plus simple\u00a0: c\u2019est le seul petit VUS qui reste au catalogue de Mazda en 2023 \u00e9tant donn\u00e9 que le CX-3 a quitt\u00e9 l\u2019ann\u00e9e derni\u00e8re. C\u2019est aussi le premier d\u2019une nouvelle gamme d\u2019utilitaires sign\u00e9s Mazda qui se veulent des v\u00e9hicules [&hellip;]<\/p>\n","protected":false},"author":8,"featured_media":141349,"comment_status":"close","ping_status":"closed","sticky":false,"template":"","format":"standard","meta":{"_monsterinsights_skip_tracking":false,"_monsterinsights_sitenote_active":false,"_monsterinsights_sitenote_note":"","_monsterinsights_sitenote_category":0,"footnotes":""},"categories":[101],"tags":[],"yoast_head":"<!-- This site is optimized with the Yoast SEO plugin v23.2 - https:\/\/yoast.com\/wordpress\/plugins\/seo\/ -->\n<title>Mazda CX-30 - CanadaMotorJobs.com<\/title>\n<meta name=\"description\" content=\"Mazda CX-30 - Benoit Charette - Annuel automobile - CanadaMotorJobs.com.\" \/>\n<meta name=\"robots\" content=\"index, follow, max-snippet:-1, max-image-preview:large, max-video-preview:-1\" \/>\n<meta property=\"og:locale\" content=\"fr_CA\" \/>\n<meta property=\"og:type\" content=\"article\" \/>\n<meta property=\"og:title\" content=\"Mazda CX-30 - CanadaMotorJobs.com\" \/>\n<meta property=\"og:description\" content=\"Mazda CX-30 - Benoit Charette - Annuel automobile - CanadaMotorJobs.com.\" \/>\n<meta property=\"og:url\" content=\"https:\/\/news.canadamotorjobs.com\/fr\/mazda-cx-30\/\" \/>\n<meta property=\"og:site_name\" content=\"CanadaMotorJobs.com\" \/>\n<meta property=\"article:publisher\" content=\"https:\/\/www.facebook.com\/canadamotorjobs\/\" \/>\n<meta property=\"article:published_time\" content=\"2023-03-11T11:38:34+00:00\" \/>\n<meta property=\"article:modified_time\" content=\"2023-03-11T11:45:52+00:00\" \/>\n<meta property=\"og:image\" content=\"https:\/\/news.canadamotorjobs.com\/wp-content\/uploads\/2023\/03\/2023_CX-30_-5.jpg\" \/>\n\t<meta property=\"og:image:width\" content=\"1200\" \/>\n\t<meta property=\"og:image:height\" content=\"800\" \/>\n\t<meta property=\"og:image:type\" content=\"image\/jpeg\" \/>\n<meta name=\"author\" content=\"Benoit Charette\" \/>\n<meta name=\"twitter:card\" content=\"summary_large_image\" \/>\n<meta name=\"twitter:creator\" content=\"@canadamotorjobs\" \/>\n<meta name=\"twitter:site\" content=\"@canadamotorjobs\" \/>\n<meta name=\"twitter:label1\" content=\"\u00c9crit par\" \/>\n\t<meta name=\"twitter:data1\" content=\"Benoit Charette\" \/>\n\t<meta name=\"twitter:label2\" content=\"Estimation du temps de lecture\" \/>\n\t<meta name=\"twitter:data2\" content=\"4 minutes\" \/>\n<!-- \/ Yoast SEO plugin. -->","yoast_head_json":{"title":"Mazda CX-30 - CanadaMotorJobs.com","description":"Mazda CX-30 - Benoit Charette - Annuel automobile - CanadaMotorJobs.com.","robots":{"index":"index","follow":"follow","max-snippet":"max-snippet:-1","max-image-preview":"max-image-preview:large","max-video-preview":"max-video-preview:-1"},"og_locale":"fr_CA","og_type":"article","og_title":"Mazda CX-30 - CanadaMotorJobs.com","og_description":"Mazda CX-30 - Benoit Charette - Annuel automobile - CanadaMotorJobs.com.","og_url":"https:\/\/news.canadamotorjobs.com\/fr\/mazda-cx-30\/","og_site_name":"CanadaMotorJobs.com","article_publisher":"https:\/\/www.facebook.com\/canadamotorjobs\/","article_published_time":"2023-03-11T11:38:34+00:00","article_modified_time":"2023-03-11T11:45:52+00:00","og_image":[{"width":1200,"height":800,"url":"https:\/\/news.canadamotorjobs.com\/wp-content\/uploads\/2023\/03\/2023_CX-30_-5.jpg","type":"image\/jpeg"}],"author":"Benoit Charette","twitter_card":"summary_large_image","twitter_creator":"@canadamotorjobs","twitter_site":"@canadamotorjobs","twitter_misc":{"\u00c9crit par":"Benoit Charette","Estimation du temps de lecture":"4 minutes"},"schema":{"@context":"https:\/\/schema.org","@graph":[{"@type":"Article","@id":"https:\/\/news.canadamotorjobs.com\/fr\/mazda-cx-30\/#article","isPartOf":{"@id":"https:\/\/news.canadamotorjobs.com\/fr\/mazda-cx-30\/"},"author":{"name":"Benoit Charette","@id":"https:\/\/news.canadamotorjobs.com\/#\/schema\/person\/51793d1f87d44011d7bcc2ed99269a90"},"headline":"Mazda CX-30","datePublished":"2023-03-11T11:38:34+00:00","dateModified":"2023-03-11T11:45:52+00:00","mainEntityOfPage":{"@id":"https:\/\/news.canadamotorjobs.com\/fr\/mazda-cx-30\/"},"wordCount":718,"publisher":{"@id":"https:\/\/news.canadamotorjobs.com\/#organization"},"image":{"@id":"https:\/\/news.canadamotorjobs.com\/fr\/mazda-cx-30\/#primaryimage"},"thumbnailUrl":"https:\/\/news.canadamotorjobs.com\/wp-content\/uploads\/2023\/03\/2023_CX-30_-5.jpg","articleSection":["Annuel automobile"],"inLanguage":"fr-CA"},{"@type":"WebPage","@id":"https:\/\/news.canadamotorjobs.com\/fr\/mazda-cx-30\/","url":"https:\/\/news.canadamotorjobs.com\/fr\/mazda-cx-30\/","name":"Mazda CX-30 - CanadaMotorJobs.com","isPartOf":{"@id":"https:\/\/news.canadamotorjobs.com\/#website"},"primaryImageOfPage":{"@id":"https:\/\/news.canadamotorjobs.com\/fr\/mazda-cx-30\/#primaryimage"},"image":{"@id":"https:\/\/news.canadamotorjobs.com\/fr\/mazda-cx-30\/#primaryimage"},"thumbnailUrl":"https:\/\/news.canadamotorjobs.com\/wp-content\/uploads\/2023\/03\/2023_CX-30_-5.jpg","datePublished":"2023-03-11T11:38:34+00:00","dateModified":"2023-03-11T11:45:52+00:00","description":"Mazda CX-30 - Benoit Charette - Annuel automobile - CanadaMotorJobs.com.","breadcrumb":{"@id":"https:\/\/news.canadamotorjobs.com\/fr\/mazda-cx-30\/#breadcrumb"},"inLanguage":"fr-CA","potentialAction":[{"@type":"ReadAction","target":["https:\/\/news.canadamotorjobs.com\/fr\/mazda-cx-30\/"]}]},{"@type":"ImageObject","inLanguage":"fr-CA","@id":"https:\/\/news.canadamotorjobs.com\/fr\/mazda-cx-30\/#primaryimage","url":"https:\/\/news.canadamotorjobs.com\/wp-content\/uploads\/2023\/03\/2023_CX-30_-5.jpg","contentUrl":"https:\/\/news.canadamotorjobs.com\/wp-content\/uploads\/2023\/03\/2023_CX-30_-5.jpg","width":1200,"height":800},{"@type":"BreadcrumbList","@id":"https:\/\/news.canadamotorjobs.com\/fr\/mazda-cx-30\/#breadcrumb","itemListElement":[{"@type":"ListItem","position":1,"name":"Home","item":"https:\/\/news.canadamotorjobs.com\/fr\/blog\/"},{"@type":"ListItem","position":2,"name":"Mazda CX-30"}]},{"@type":"WebSite","@id":"https:\/\/news.canadamotorjobs.com\/#website","url":"https:\/\/news.canadamotorjobs.com\/","name":"CanadaMotorJobs.com","description":"Automotive Jobs","publisher":{"@id":"https:\/\/news.canadamotorjobs.com\/#organization"},"potentialAction":[{"@type":"SearchAction","target":{"@type":"EntryPoint","urlTemplate":"https:\/\/news.canadamotorjobs.com\/?s={search_term_string}"},"query-input":"required name=search_term_string"}],"inLanguage":"fr-CA"},{"@type":"Organization","@id":"https:\/\/news.canadamotorjobs.com\/#organization","name":"Canada Motor Jobs","url":"https:\/\/news.canadamotorjobs.com\/","logo":{"@type":"ImageObject","inLanguage":"fr-CA","@id":"https:\/\/news.canadamotorjobs.com\/#\/schema\/logo\/image\/","url":"https:\/\/news.canadamotorjobs.com\/wp-content\/uploads\/2022\/10\/logo-canada-motor-jobs-1.png","contentUrl":"https:\/\/news.canadamotorjobs.com\/wp-content\/uploads\/2022\/10\/logo-canada-motor-jobs-1.png","width":800,"height":400,"caption":"Canada Motor Jobs"},"image":{"@id":"https:\/\/news.canadamotorjobs.com\/#\/schema\/logo\/image\/"},"sameAs":["https:\/\/www.facebook.com\/canadamotorjobs\/","https:\/\/x.com\/canadamotorjobs","https:\/\/www.instagram.com\/canadamotorjobs\/","https:\/\/www.linkedin.com\/company\/canadamotorjobs"]},{"@type":"Person","@id":"https:\/\/news.canadamotorjobs.com\/#\/schema\/person\/51793d1f87d44011d7bcc2ed99269a90","name":"Benoit Charette","image":{"@type":"ImageObject","inLanguage":"fr-CA","@id":"https:\/\/news.canadamotorjobs.com\/#\/schema\/person\/image\/","url":"https:\/\/secure.gravatar.com\/avatar\/45f3d2eebcccd909668d7ce7ea7267b6?s=96&d=mm&r=g","contentUrl":"https:\/\/secure.gravatar.com\/avatar\/45f3d2eebcccd909668d7ce7ea7267b6?s=96&d=mm&r=g","caption":"Benoit Charette"},"description":"Benoit Charette \/ Propri\u00e9taire et r\u00e9dacteur en chef Benoit Charette pratique le journalisme automobile depuis bient\u00f4t 30 ans. Il a fait ses classes au c\u00f4t\u00e9 de Daniel H\u00e9raud et au Carnet de route de 1992 \u00e0 2001. Il est fondateur, copropri\u00e9taire et r\u00e9dacteur en chef de L\u2019Annuel de l\u2019automobile, qu\u2019il publie depuis 2001. Il a anim\u00e9 les \u00e9missions RPM et RPM+ sur V et les L\u00e9gendes de la route sur Historia. \u00c0 la radio depuis 1986, il reprend l\u2019antenne cette ann\u00e9e sur les ondes de Cogeco et participe pour la deuxi\u00e8me ann\u00e9e \u00e0 l\u2019\u00e9mission Passion Auto sur RDS en plus de mettre en ligne le site Web officiel de L\u2019Annuel de l\u2019automobile sur annuelauto.ca.","sameAs":["https:\/\/annuelauto.ca\/"],"url":"https:\/\/news.canadamotorjobs.com\/fr\/author\/benoit-charette\/"}]}},"_links":{"self":[{"href":"https:\/\/news.canadamotorjobs.com\/fr\/wp-json\/wp\/v2\/posts\/141347"}],"collection":[{"href":"https:\/\/news.canadamotorjobs.com\/fr\/wp-json\/wp\/v2\/posts"}],"about":[{"href":"https:\/\/news.canadamotorjobs.com\/fr\/wp-json\/wp\/v2\/types\/post"}],"author":[{"embeddable":true,"href":"https:\/\/news.canadamotorjobs.com\/fr\/wp-json\/wp\/v2\/users\/8"}],"replies":[{"embeddable":true,"href":"https:\/\/news.canadamotorjobs.com\/fr\/wp-json\/wp\/v2\/comments?post=141347"}],"version-history":[{"count":2,"href":"https:\/\/news.canadamotorjobs.com\/fr\/wp-json\/wp\/v2\/posts\/141347\/revisions"}],"predecessor-version":[{"id":141351,"href":"https:\/\/news.canadamotorjobs.com\/fr\/wp-json\/wp\/v2\/posts\/141347\/revisions\/141351"}],"wp:featuredmedia":[{"embeddable":true,"href":"https:\/\/news.canadamotorjobs.com\/fr\/wp-json\/wp\/v2\/media\/141349"}],"wp:attachment":[{"href":"https:\/\/news.canadamotorjobs.com\/fr\/wp-json\/wp\/v2\/media?parent=141347"}],"wp:term":[{"taxonomy":"category","embeddable":true,"href":"https:\/\/news.canadamotorjobs.com\/fr\/wp-json\/wp\/v2\/categories?post=141347"},{"taxonomy":"post_tag","embeddable":true,"href":"https:\/\/news.canadamotorjobs.com\/fr\/wp-json\/wp\/v2\/tags?post=141347"}],"curies":[{"name":"wp","href":"https:\/\/api.w.org\/{rel}","templated":true}]}}