{"id":141324,"date":"2023-03-10T09:09:34","date_gmt":"2023-03-10T14:09:34","guid":{"rendered":"https:\/\/news.canadamotorjobs.com\/?p=141324"},"modified":"2023-03-10T09:15:35","modified_gmt":"2023-03-10T14:15:35","slug":"gm-encourage-les-departs-volontaires-et-ford-europe-licencie-1-100-employes-en-espagne","status":"publish","type":"post","link":"https:\/\/news.canadamotorjobs.com\/fr\/gm-encourage-les-departs-volontaires-et-ford-europe-licencie-1-100-employes-en-espagne\/","title":{"rendered":"GM encourage les d\u00e9parts volontaires et Ford Europe licencie 1\u00a0100 employ\u00e9s en Espagne"},"content":{"rendered":"<\/p>\n<p>Pour ceux qui doutent encore du fardeau fiscal impos\u00e9 par la transition \u00e9lectrique, nous avons cette semaine deux exemples \u00e9loquents. Dans un premier temps GM a d\u00e9clar\u00e9 qu&#8217;il cherchait \u00e0 r\u00e9duire les co\u00fbts gr\u00e2ce \u00e0 l&#8217;attrition et \u00e0 un programme de d\u00e9part volontaire dans le cadre duquel les employ\u00e9s \u00e9ligibles recevraient une somme forfaitaire et d&#8217;autres indemnit\u00e9s de d\u00e9part en fonction de leur anciennet\u00e9 au sein de l&#8217;entreprise. Les rachats co\u00fbteraient \u00e0 l&#8217;entreprise 1,5 milliard de dollars avant imp\u00f4ts cette ann\u00e9e.<\/p>\n<h3>\nUne proposition pour tous les employ\u00e9s<\/h3>\n<p>\nLe programme de d\u00e9part volontaire sera propos\u00e9 \u00e0 tous les salari\u00e9s am\u00e9ricains ayant au moins cinq ans d&#8217;anciennet\u00e9 et aux cadres internationaux travaillant pour l&#8217;entreprise depuis au moins deux ans, a d\u00e9clar\u00e9 un porte-parole de GM. Dans un communiqu\u00e9, l&#8217;entreprise a d\u00e9clar\u00e9 que les employ\u00e9s \u00e9taient &#8220;fortement encourag\u00e9s \u00e0 envisager&#8221; le programme. Un peu inqui\u00e9tant, non. On veut ainsi \u00e9viter les mises \u00e0 pied qui n\u2019ont jamais bonne presse, alors que les d\u00e9parts volontaires passent mieux. GM emploie 167\u00a0000 personnes dans le monde, dont 124\u00a0000 en Am\u00e9rique du Nord. Ce chiffre comprend plus de 42\u00a0000 membres du syndicat United Auto Workers.<\/p>\n<h3>\nUn programme de d\u00e9part volontaire et des profits records<\/h3>\n<p>\nLe plus ironique dans cette affaire est que GM a connu des profits records en 2022. Mais GM affirme qu\u2019elle doit \u00e9conomiser 2 milliards de dollars au cours des deux prochaines ann\u00e9es pour faire face aux co\u00fbts de la transition \u00e9lectrique. GM a d\u00e9clar\u00e9 qu&#8217;il investirait 35 milliards de dollars d&#8217;ici \u00e0 2025 pour passer aux V\u00c9S.<\/p>\n<h3>\nPendant ce temps, Ford ne fait pas dans la dentelle<\/h3>\n<p>\nDans le m\u00eame ordre d&#8217;id\u00e9es, Ford a annonc\u00e9 en f\u00e9vrier son intention de supprimer 3 800 emplois en Europe, en invoquant des conditions \u00e9conomiques difficiles et son orientation majeure vers les v\u00e9hicules \u00e9lectriques. Hier Ford a annonc\u00e9 qu\u2019elle allait supprimer 1 100 emplois dans son usine situ\u00e9e \u00e0 Valence, dans l&#8217;est de l&#8217;Espagne. Les licenciements, qui ont \u00e9t\u00e9 d\u00e9cid\u00e9s en accord avec les syndicats, font partie des changements apport\u00e9s par l&#8217;entreprise et le plan de production de v\u00e9hicules \u00e9lectriques entra\u00eenera des suppressions d&#8217;emplois suppl\u00e9mentaires dans les mois \u00e0 venir<\/p>\n<p>Avec des renseignements de CNN<\/p>\n<p>Le texte <a rel=\"nofollow\" href=\"https:\/\/annuelauto.ca\/gm-encourage-les-departs-volontaires-et-ford-europe-licencie-1-100-employes-en-espagne\/\">GM encourage les d\u00e9parts volontaires et Ford Europe licencie 1\u00a0100 employ\u00e9s en Espagne<\/a> provient de <a rel=\"nofollow\" href=\"https:\/\/annuelauto.ca\">L&#8217;annuel de l&#8217;automobile &#8211; Actualit\u00e9 automobile<\/a><\/p>\n<p><\/p>\n","protected":false},"excerpt":{"rendered":"<p>Pour ceux qui doutent encore du fardeau fiscal impos\u00e9 par la transition \u00e9lectrique, nous avons cette semaine deux exemples \u00e9loquents. Dans un premier temps GM a d\u00e9clar\u00e9 qu&#8217;il cherchait \u00e0 r\u00e9duire les co\u00fbts gr\u00e2ce \u00e0 l&#8217;attrition et \u00e0 un programme de d\u00e9part volontaire dans le cadre duquel les employ\u00e9s \u00e9ligibles recevraient une somme forfaitaire et [&hellip;]<\/p>\n","protected":false},"author":8,"featured_media":141326,"comment_status":"close","ping_status":"closed","sticky":false,"template":"","format":"standard","meta":{"_monsterinsights_skip_tracking":false,"_monsterinsights_sitenote_active":false,"_monsterinsights_sitenote_note":"","_monsterinsights_sitenote_category":0,"footnotes":""},"categories":[101],"tags":[],"yoast_head":"<!-- This site is optimized with the Yoast SEO plugin v23.2 - https:\/\/yoast.com\/wordpress\/plugins\/seo\/ -->\n<title>GM encourage les d\u00e9parts volontaires et Ford Europe licencie 1\u00a0100 employ\u00e9s en Espagne - CanadaMotorJobs.com<\/title>\n<meta name=\"description\" content=\"GM encourage les d\u00e9parts volontaires et Ford Europe licencie 1\u00a0100 employ\u00e9s en Espagne - Benoit Charette - Annuel automobile - CanadaMotorJobs.com.\" \/>\n<meta name=\"robots\" content=\"index, follow, max-snippet:-1, max-image-preview:large, max-video-preview:-1\" \/>\n<meta property=\"og:locale\" content=\"fr_CA\" \/>\n<meta property=\"og:type\" content=\"article\" \/>\n<meta property=\"og:title\" content=\"GM encourage les d\u00e9parts volontaires et Ford Europe licencie 1\u00a0100 employ\u00e9s en Espagne - CanadaMotorJobs.com\" \/>\n<meta property=\"og:description\" content=\"GM encourage les d\u00e9parts volontaires et Ford Europe licencie 1\u00a0100 employ\u00e9s en Espagne - Benoit Charette - Annuel automobile - CanadaMotorJobs.com.\" \/>\n<meta property=\"og:url\" content=\"https:\/\/news.canadamotorjobs.com\/fr\/gm-encourage-les-departs-volontaires-et-ford-europe-licencie-1-100-employes-en-espagne\/\" \/>\n<meta property=\"og:site_name\" content=\"CanadaMotorJobs.com\" \/>\n<meta property=\"article:publisher\" content=\"https:\/\/www.facebook.com\/canadamotorjobs\/\" \/>\n<meta property=\"article:published_time\" content=\"2023-03-10T14:09:34+00:00\" \/>\n<meta property=\"article:modified_time\" content=\"2023-03-10T14:15:35+00:00\" \/>\n<meta property=\"og:image\" content=\"https:\/\/news.canadamotorjobs.com\/wp-content\/uploads\/2023\/03\/Renaissance_Center_riverfront_view_2022.jpg\" \/>\n\t<meta property=\"og:image:width\" content=\"1200\" \/>\n\t<meta property=\"og:image:height\" content=\"800\" \/>\n\t<meta property=\"og:image:type\" content=\"image\/jpeg\" \/>\n<meta name=\"author\" content=\"Benoit Charette\" \/>\n<meta name=\"twitter:card\" content=\"summary_large_image\" \/>\n<meta name=\"twitter:creator\" content=\"@canadamotorjobs\" \/>\n<meta name=\"twitter:site\" content=\"@canadamotorjobs\" \/>\n<meta name=\"twitter:label1\" content=\"\u00c9crit par\" \/>\n\t<meta name=\"twitter:data1\" content=\"Benoit Charette\" \/>\n\t<meta name=\"twitter:label2\" content=\"Estimation du temps de lecture\" \/>\n\t<meta name=\"twitter:data2\" content=\"2 minutes\" \/>\n<!-- \/ Yoast SEO plugin. -->","yoast_head_json":{"title":"GM encourage les d\u00e9parts volontaires et Ford Europe licencie 1\u00a0100 employ\u00e9s en Espagne - CanadaMotorJobs.com","description":"GM encourage les d\u00e9parts volontaires et Ford Europe licencie 1\u00a0100 employ\u00e9s en Espagne - Benoit Charette - Annuel automobile - CanadaMotorJobs.com.","robots":{"index":"index","follow":"follow","max-snippet":"max-snippet:-1","max-image-preview":"max-image-preview:large","max-video-preview":"max-video-preview:-1"},"og_locale":"fr_CA","og_type":"article","og_title":"GM encourage les d\u00e9parts volontaires et Ford Europe licencie 1\u00a0100 employ\u00e9s en Espagne - CanadaMotorJobs.com","og_description":"GM encourage les d\u00e9parts volontaires et Ford Europe licencie 1\u00a0100 employ\u00e9s en Espagne - Benoit Charette - Annuel automobile - CanadaMotorJobs.com.","og_url":"https:\/\/news.canadamotorjobs.com\/fr\/gm-encourage-les-departs-volontaires-et-ford-europe-licencie-1-100-employes-en-espagne\/","og_site_name":"CanadaMotorJobs.com","article_publisher":"https:\/\/www.facebook.com\/canadamotorjobs\/","article_published_time":"2023-03-10T14:09:34+00:00","article_modified_time":"2023-03-10T14:15:35+00:00","og_image":[{"width":1200,"height":800,"url":"https:\/\/news.canadamotorjobs.com\/wp-content\/uploads\/2023\/03\/Renaissance_Center_riverfront_view_2022.jpg","type":"image\/jpeg"}],"author":"Benoit Charette","twitter_card":"summary_large_image","twitter_creator":"@canadamotorjobs","twitter_site":"@canadamotorjobs","twitter_misc":{"\u00c9crit par":"Benoit Charette","Estimation du temps de lecture":"2 minutes"},"schema":{"@context":"https:\/\/schema.org","@graph":[{"@type":"Article","@id":"https:\/\/news.canadamotorjobs.com\/fr\/gm-encourage-les-departs-volontaires-et-ford-europe-licencie-1-100-employes-en-espagne\/#article","isPartOf":{"@id":"https:\/\/news.canadamotorjobs.com\/fr\/gm-encourage-les-departs-volontaires-et-ford-europe-licencie-1-100-employes-en-espagne\/"},"author":{"name":"Benoit Charette","@id":"https:\/\/news.canadamotorjobs.com\/#\/schema\/person\/51793d1f87d44011d7bcc2ed99269a90"},"headline":"GM encourage les d\u00e9parts volontaires et Ford Europe licencie 1\u00a0100 employ\u00e9s en Espagne","datePublished":"2023-03-10T14:09:34+00:00","dateModified":"2023-03-10T14:15:35+00:00","mainEntityOfPage":{"@id":"https:\/\/news.canadamotorjobs.com\/fr\/gm-encourage-les-departs-volontaires-et-ford-europe-licencie-1-100-employes-en-espagne\/"},"wordCount":431,"publisher":{"@id":"https:\/\/news.canadamotorjobs.com\/#organization"},"image":{"@id":"https:\/\/news.canadamotorjobs.com\/fr\/gm-encourage-les-departs-volontaires-et-ford-europe-licencie-1-100-employes-en-espagne\/#primaryimage"},"thumbnailUrl":"https:\/\/news.canadamotorjobs.com\/wp-content\/uploads\/2023\/03\/Renaissance_Center_riverfront_view_2022.jpg","articleSection":["Annuel automobile"],"inLanguage":"fr-CA"},{"@type":"WebPage","@id":"https:\/\/news.canadamotorjobs.com\/fr\/gm-encourage-les-departs-volontaires-et-ford-europe-licencie-1-100-employes-en-espagne\/","url":"https:\/\/news.canadamotorjobs.com\/fr\/gm-encourage-les-departs-volontaires-et-ford-europe-licencie-1-100-employes-en-espagne\/","name":"GM encourage les d\u00e9parts volontaires et Ford Europe licencie 1\u00a0100 employ\u00e9s en Espagne - CanadaMotorJobs.com","isPartOf":{"@id":"https:\/\/news.canadamotorjobs.com\/#website"},"primaryImageOfPage":{"@id":"https:\/\/news.canadamotorjobs.com\/fr\/gm-encourage-les-departs-volontaires-et-ford-europe-licencie-1-100-employes-en-espagne\/#primaryimage"},"image":{"@id":"https:\/\/news.canadamotorjobs.com\/fr\/gm-encourage-les-departs-volontaires-et-ford-europe-licencie-1-100-employes-en-espagne\/#primaryimage"},"thumbnailUrl":"https:\/\/news.canadamotorjobs.com\/wp-content\/uploads\/2023\/03\/Renaissance_Center_riverfront_view_2022.jpg","datePublished":"2023-03-10T14:09:34+00:00","dateModified":"2023-03-10T14:15:35+00:00","description":"GM encourage les d\u00e9parts volontaires et Ford Europe licencie 1\u00a0100 employ\u00e9s en Espagne - Benoit Charette - Annuel automobile - CanadaMotorJobs.com.","breadcrumb":{"@id":"https:\/\/news.canadamotorjobs.com\/fr\/gm-encourage-les-departs-volontaires-et-ford-europe-licencie-1-100-employes-en-espagne\/#breadcrumb"},"inLanguage":"fr-CA","potentialAction":[{"@type":"ReadAction","target":["https:\/\/news.canadamotorjobs.com\/fr\/gm-encourage-les-departs-volontaires-et-ford-europe-licencie-1-100-employes-en-espagne\/"]}]},{"@type":"ImageObject","inLanguage":"fr-CA","@id":"https:\/\/news.canadamotorjobs.com\/fr\/gm-encourage-les-departs-volontaires-et-ford-europe-licencie-1-100-employes-en-espagne\/#primaryimage","url":"https:\/\/news.canadamotorjobs.com\/wp-content\/uploads\/2023\/03\/Renaissance_Center_riverfront_view_2022.jpg","contentUrl":"https:\/\/news.canadamotorjobs.com\/wp-content\/uploads\/2023\/03\/Renaissance_Center_riverfront_view_2022.jpg","width":1200,"height":800},{"@type":"BreadcrumbList","@id":"https:\/\/news.canadamotorjobs.com\/fr\/gm-encourage-les-departs-volontaires-et-ford-europe-licencie-1-100-employes-en-espagne\/#breadcrumb","itemListElement":[{"@type":"ListItem","position":1,"name":"Home","item":"https:\/\/news.canadamotorjobs.com\/fr\/blog\/"},{"@type":"ListItem","position":2,"name":"GM encourage les d\u00e9parts volontaires et Ford Europe licencie 1\u00a0100 employ\u00e9s en Espagne"}]},{"@type":"WebSite","@id":"https:\/\/news.canadamotorjobs.com\/#website","url":"https:\/\/news.canadamotorjobs.com\/","name":"CanadaMotorJobs.com","description":"Automotive Jobs","publisher":{"@id":"https:\/\/news.canadamotorjobs.com\/#organization"},"potentialAction":[{"@type":"SearchAction","target":{"@type":"EntryPoint","urlTemplate":"https:\/\/news.canadamotorjobs.com\/?s={search_term_string}"},"query-input":"required name=search_term_string"}],"inLanguage":"fr-CA"},{"@type":"Organization","@id":"https:\/\/news.canadamotorjobs.com\/#organization","name":"Canada Motor Jobs","url":"https:\/\/news.canadamotorjobs.com\/","logo":{"@type":"ImageObject","inLanguage":"fr-CA","@id":"https:\/\/news.canadamotorjobs.com\/#\/schema\/logo\/image\/","url":"https:\/\/news.canadamotorjobs.com\/wp-content\/uploads\/2022\/10\/logo-canada-motor-jobs-1.png","contentUrl":"https:\/\/news.canadamotorjobs.com\/wp-content\/uploads\/2022\/10\/logo-canada-motor-jobs-1.png","width":800,"height":400,"caption":"Canada Motor Jobs"},"image":{"@id":"https:\/\/news.canadamotorjobs.com\/#\/schema\/logo\/image\/"},"sameAs":["https:\/\/www.facebook.com\/canadamotorjobs\/","https:\/\/x.com\/canadamotorjobs","https:\/\/www.instagram.com\/canadamotorjobs\/","https:\/\/www.linkedin.com\/company\/canadamotorjobs"]},{"@type":"Person","@id":"https:\/\/news.canadamotorjobs.com\/#\/schema\/person\/51793d1f87d44011d7bcc2ed99269a90","name":"Benoit Charette","image":{"@type":"ImageObject","inLanguage":"fr-CA","@id":"https:\/\/news.canadamotorjobs.com\/#\/schema\/person\/image\/","url":"https:\/\/secure.gravatar.com\/avatar\/45f3d2eebcccd909668d7ce7ea7267b6?s=96&d=mm&r=g","contentUrl":"https:\/\/secure.gravatar.com\/avatar\/45f3d2eebcccd909668d7ce7ea7267b6?s=96&d=mm&r=g","caption":"Benoit Charette"},"description":"Benoit Charette \/ Propri\u00e9taire et r\u00e9dacteur en chef Benoit Charette pratique le journalisme automobile depuis bient\u00f4t 30 ans. Il a fait ses classes au c\u00f4t\u00e9 de Daniel H\u00e9raud et au Carnet de route de 1992 \u00e0 2001. Il est fondateur, copropri\u00e9taire et r\u00e9dacteur en chef de L\u2019Annuel de l\u2019automobile, qu\u2019il publie depuis 2001. Il a anim\u00e9 les \u00e9missions RPM et RPM+ sur V et les L\u00e9gendes de la route sur Historia. \u00c0 la radio depuis 1986, il reprend l\u2019antenne cette ann\u00e9e sur les ondes de Cogeco et participe pour la deuxi\u00e8me ann\u00e9e \u00e0 l\u2019\u00e9mission Passion Auto sur RDS en plus de mettre en ligne le site Web officiel de L\u2019Annuel de l\u2019automobile sur annuelauto.ca.","sameAs":["https:\/\/annuelauto.ca\/"],"url":"https:\/\/news.canadamotorjobs.com\/fr\/author\/benoit-charette\/"}]}},"_links":{"self":[{"href":"https:\/\/news.canadamotorjobs.com\/fr\/wp-json\/wp\/v2\/posts\/141324"}],"collection":[{"href":"https:\/\/news.canadamotorjobs.com\/fr\/wp-json\/wp\/v2\/posts"}],"about":[{"href":"https:\/\/news.canadamotorjobs.com\/fr\/wp-json\/wp\/v2\/types\/post"}],"author":[{"embeddable":true,"href":"https:\/\/news.canadamotorjobs.com\/fr\/wp-json\/wp\/v2\/users\/8"}],"replies":[{"embeddable":true,"href":"https:\/\/news.canadamotorjobs.com\/fr\/wp-json\/wp\/v2\/comments?post=141324"}],"version-history":[{"count":2,"href":"https:\/\/news.canadamotorjobs.com\/fr\/wp-json\/wp\/v2\/posts\/141324\/revisions"}],"predecessor-version":[{"id":141328,"href":"https:\/\/news.canadamotorjobs.com\/fr\/wp-json\/wp\/v2\/posts\/141324\/revisions\/141328"}],"wp:featuredmedia":[{"embeddable":true,"href":"https:\/\/news.canadamotorjobs.com\/fr\/wp-json\/wp\/v2\/media\/141326"}],"wp:attachment":[{"href":"https:\/\/news.canadamotorjobs.com\/fr\/wp-json\/wp\/v2\/media?parent=141324"}],"wp:term":[{"taxonomy":"category","embeddable":true,"href":"https:\/\/news.canadamotorjobs.com\/fr\/wp-json\/wp\/v2\/categories?post=141324"},{"taxonomy":"post_tag","embeddable":true,"href":"https:\/\/news.canadamotorjobs.com\/fr\/wp-json\/wp\/v2\/tags?post=141324"}],"curies":[{"name":"wp","href":"https:\/\/api.w.org\/{rel}","templated":true}]}}