{"id":141297,"date":"2023-03-09T18:20:41","date_gmt":"2023-03-09T23:20:41","guid":{"rendered":"https:\/\/news.canadamotorjobs.com\/?p=141297"},"modified":"2023-03-09T18:28:51","modified_gmt":"2023-03-09T23:28:51","slug":"la-fin-des-voitures-a-combustion-en-2035-est-irrealiste-croit-59-de-lindustrie","status":"publish","type":"post","link":"https:\/\/news.canadamotorjobs.com\/fr\/la-fin-des-voitures-a-combustion-en-2035-est-irrealiste-croit-59-de-lindustrie\/","title":{"rendered":"La fin des voitures \u00e0 combustion en 2035 est irr\u00e9aliste croit 59 % de l\u2019industrie"},"content":{"rendered":"<\/p>\n<p>Ce chiffre provient d\u2019une \u00e9tude europ\u00e9enne men\u00e9e par ABB Robotics and Automotive Manufacturing Solutions qui r\u00e9v\u00e8le que 59 % des personnes interrog\u00e9es doutaient de la possibilit\u00e9 de passer aux v\u00e9hicules \u00e9lectriques dans les d\u00e9lais impartis par les l\u00e9gislateurs. Parmi les raisons invoqu\u00e9es figurent les difficult\u00e9s rencontr\u00e9es par l&#8217;industrie automobile pour s&#8217;adapter \u00e0 une nouvelle cha\u00eene d&#8217;approvisionnement en batteries, les inqui\u00e9tudes concernant les niveaux \u00e9lev\u00e9s d&#8217;investissement en capital requis, les p\u00e9nuries de mati\u00e8res premi\u00e8res et le manque de capacit\u00e9 du r\u00e9seau et de l&#8217;infrastructure de recharge.<\/p>\n<h3>\nDes fissures qui commencent \u00e0 appara\u00eetre<\/h3>\n<p>\nPlus t\u00f4t cette semaine, l&#8217;Allemagne et l&#8217;Italie ont menac\u00e9 de faire \u00e9chouer l&#8217;interdiction du moteur \u00e0 combustion interne en Europe si des concessions ne sont pas faites en faveur des carburants synth\u00e9tiques qui pourraient maintenir le moteur \u00e0 combustion en vie, et il appara\u00eet maintenant que plus de la moiti\u00e9 des experts de l&#8217;industrie automobile interrog\u00e9s pensent que le passage massif aux v\u00e9hicules \u00e9lectriques n&#8217;est de toute fa\u00e7on pas r\u00e9alisable dans les d\u00e9lais r\u00e9glementaires.<\/p>\n<h3>\nUne enqu\u00eate \u00e0 l\u2019interne<\/h3>\n<p>\nLes quelque 600 participants \u00e0 l&#8217;enqu\u00eate comprenaient des experts travaillant directement pour des constructeurs automobiles, ainsi que des fournisseurs, des ing\u00e9nieurs et des cadres employ\u00e9s dans l&#8217;industrie automobile. Seuls 11 % d&#8217;entre eux estiment que tous les objectifs r\u00e9gionaux pour l&#8217;adoption des VE d&#8217;ici \u00e0 2030-40 sont r\u00e9alistes, tandis que 18 % d&#8217;entre eux affirment que les objectifs actuels ne seront jamais atteints. L&#8217;\u00e9tude a \u00e9galement demand\u00e9 \u00e0 ces m\u00eames experts s&#8217;ils pensaient que l&#8217;industrie automobile pouvait produire de mani\u00e8re durable. Les r\u00e9sultats ont \u00e9t\u00e9 plus positifs : seuls 4 % ont sugg\u00e9r\u00e9 que ce n&#8217;\u00e9tait pas possible, mais pr\u00e8s d&#8217;un quart ont d\u00e9clar\u00e9 que les co\u00fbts pour les fabricants repr\u00e9sentaient un d\u00e9fi.<br \/>\nEt vous, pensez-vous que les r\u00e9gulateurs devront revoir leurs objectifs ambitieux en mati\u00e8re de v\u00e9hicules \u00e9lectriques ?<\/p>\n<p>Avec des renseignements de Carscoops<\/p>\n<p>Le texte <a rel=\"nofollow\" href=\"https:\/\/annuelauto.ca\/la-fin-des-voitures-a-combustion-en-2035-est-irrealiste-croit-59-de-lindustrie\/\">La fin des voitures \u00e0 combustion en 2035 est irr\u00e9aliste croit 59 % de l\u2019industrie<\/a> provient de <a rel=\"nofollow\" href=\"https:\/\/annuelauto.ca\">L&#8217;annuel de l&#8217;automobile &#8211; Actualit\u00e9 automobile<\/a><\/p>\n<p><\/p>\n","protected":false},"excerpt":{"rendered":"<p>Ce chiffre provient d\u2019une \u00e9tude europ\u00e9enne men\u00e9e par ABB Robotics and Automotive Manufacturing Solutions qui r\u00e9v\u00e8le que 59 % des personnes interrog\u00e9es doutaient de la possibilit\u00e9 de passer aux v\u00e9hicules \u00e9lectriques dans les d\u00e9lais impartis par les l\u00e9gislateurs. Parmi les raisons invoqu\u00e9es figurent les difficult\u00e9s rencontr\u00e9es par l&#8217;industrie automobile pour s&#8217;adapter \u00e0 une nouvelle cha\u00eene [&hellip;]<\/p>\n","protected":false},"author":8,"featured_media":141299,"comment_status":"close","ping_status":"closed","sticky":false,"template":"","format":"standard","meta":{"_monsterinsights_skip_tracking":false,"_monsterinsights_sitenote_active":false,"_monsterinsights_sitenote_note":"","_monsterinsights_sitenote_category":0,"footnotes":""},"categories":[101],"tags":[],"yoast_head":"<!-- This site is optimized with the Yoast SEO plugin v23.2 - https:\/\/yoast.com\/wordpress\/plugins\/seo\/ -->\n<title>La fin des voitures \u00e0 combustion en 2035 est irr\u00e9aliste croit 59 % de l\u2019industrie - CanadaMotorJobs.com<\/title>\n<meta name=\"description\" content=\"La fin des voitures \u00e0 combustion en 2035 est irr\u00e9aliste croit 59 % de l\u2019industrie - Benoit Charette - Annuel automobile - CanadaMotorJobs.com.\" \/>\n<meta name=\"robots\" content=\"index, follow, max-snippet:-1, max-image-preview:large, max-video-preview:-1\" \/>\n<meta property=\"og:locale\" content=\"fr_CA\" \/>\n<meta property=\"og:type\" content=\"article\" \/>\n<meta property=\"og:title\" content=\"La fin des voitures \u00e0 combustion en 2035 est irr\u00e9aliste croit 59 % de l\u2019industrie - CanadaMotorJobs.com\" \/>\n<meta property=\"og:description\" content=\"La fin des voitures \u00e0 combustion en 2035 est irr\u00e9aliste croit 59 % de l\u2019industrie - Benoit Charette - Annuel automobile - CanadaMotorJobs.com.\" \/>\n<meta property=\"og:url\" content=\"https:\/\/news.canadamotorjobs.com\/fr\/la-fin-des-voitures-a-combustion-en-2035-est-irrealiste-croit-59-de-lindustrie\/\" \/>\n<meta property=\"og:site_name\" content=\"CanadaMotorJobs.com\" \/>\n<meta property=\"article:publisher\" content=\"https:\/\/www.facebook.com\/canadamotorjobs\/\" \/>\n<meta property=\"article:published_time\" content=\"2023-03-09T23:20:41+00:00\" \/>\n<meta property=\"article:modified_time\" content=\"2023-03-09T23:28:51+00:00\" \/>\n<meta property=\"og:image\" content=\"https:\/\/news.canadamotorjobs.com\/wp-content\/uploads\/2023\/03\/2021-bornes-berthierville.jpg\" \/>\n\t<meta property=\"og:image:width\" content=\"2048\" \/>\n\t<meta property=\"og:image:height\" content=\"1172\" \/>\n\t<meta property=\"og:image:type\" content=\"image\/jpeg\" \/>\n<meta name=\"author\" content=\"Benoit Charette\" \/>\n<meta name=\"twitter:card\" content=\"summary_large_image\" \/>\n<meta name=\"twitter:creator\" content=\"@canadamotorjobs\" \/>\n<meta name=\"twitter:site\" content=\"@canadamotorjobs\" \/>\n<meta name=\"twitter:label1\" content=\"\u00c9crit par\" \/>\n\t<meta name=\"twitter:data1\" content=\"Benoit Charette\" \/>\n\t<meta name=\"twitter:label2\" content=\"Estimation du temps de lecture\" \/>\n\t<meta name=\"twitter:data2\" content=\"2 minutes\" \/>\n<!-- \/ Yoast SEO plugin. -->","yoast_head_json":{"title":"La fin des voitures \u00e0 combustion en 2035 est irr\u00e9aliste croit 59 % de l\u2019industrie - CanadaMotorJobs.com","description":"La fin des voitures \u00e0 combustion en 2035 est irr\u00e9aliste croit 59 % de l\u2019industrie - Benoit Charette - Annuel automobile - CanadaMotorJobs.com.","robots":{"index":"index","follow":"follow","max-snippet":"max-snippet:-1","max-image-preview":"max-image-preview:large","max-video-preview":"max-video-preview:-1"},"og_locale":"fr_CA","og_type":"article","og_title":"La fin des voitures \u00e0 combustion en 2035 est irr\u00e9aliste croit 59 % de l\u2019industrie - CanadaMotorJobs.com","og_description":"La fin des voitures \u00e0 combustion en 2035 est irr\u00e9aliste croit 59 % de l\u2019industrie - Benoit Charette - Annuel automobile - CanadaMotorJobs.com.","og_url":"https:\/\/news.canadamotorjobs.com\/fr\/la-fin-des-voitures-a-combustion-en-2035-est-irrealiste-croit-59-de-lindustrie\/","og_site_name":"CanadaMotorJobs.com","article_publisher":"https:\/\/www.facebook.com\/canadamotorjobs\/","article_published_time":"2023-03-09T23:20:41+00:00","article_modified_time":"2023-03-09T23:28:51+00:00","og_image":[{"width":2048,"height":1172,"url":"https:\/\/news.canadamotorjobs.com\/wp-content\/uploads\/2023\/03\/2021-bornes-berthierville.jpg","type":"image\/jpeg"}],"author":"Benoit Charette","twitter_card":"summary_large_image","twitter_creator":"@canadamotorjobs","twitter_site":"@canadamotorjobs","twitter_misc":{"\u00c9crit par":"Benoit Charette","Estimation du temps de lecture":"2 minutes"},"schema":{"@context":"https:\/\/schema.org","@graph":[{"@type":"Article","@id":"https:\/\/news.canadamotorjobs.com\/fr\/la-fin-des-voitures-a-combustion-en-2035-est-irrealiste-croit-59-de-lindustrie\/#article","isPartOf":{"@id":"https:\/\/news.canadamotorjobs.com\/fr\/la-fin-des-voitures-a-combustion-en-2035-est-irrealiste-croit-59-de-lindustrie\/"},"author":{"name":"Benoit Charette","@id":"https:\/\/news.canadamotorjobs.com\/#\/schema\/person\/51793d1f87d44011d7bcc2ed99269a90"},"headline":"La fin des voitures \u00e0 combustion en 2035 est irr\u00e9aliste croit 59 % de l\u2019industrie","datePublished":"2023-03-09T23:20:41+00:00","dateModified":"2023-03-09T23:28:51+00:00","mainEntityOfPage":{"@id":"https:\/\/news.canadamotorjobs.com\/fr\/la-fin-des-voitures-a-combustion-en-2035-est-irrealiste-croit-59-de-lindustrie\/"},"wordCount":391,"publisher":{"@id":"https:\/\/news.canadamotorjobs.com\/#organization"},"image":{"@id":"https:\/\/news.canadamotorjobs.com\/fr\/la-fin-des-voitures-a-combustion-en-2035-est-irrealiste-croit-59-de-lindustrie\/#primaryimage"},"thumbnailUrl":"https:\/\/news.canadamotorjobs.com\/wp-content\/uploads\/2023\/03\/2021-bornes-berthierville.jpg","articleSection":["Annuel automobile"],"inLanguage":"fr-CA"},{"@type":"WebPage","@id":"https:\/\/news.canadamotorjobs.com\/fr\/la-fin-des-voitures-a-combustion-en-2035-est-irrealiste-croit-59-de-lindustrie\/","url":"https:\/\/news.canadamotorjobs.com\/fr\/la-fin-des-voitures-a-combustion-en-2035-est-irrealiste-croit-59-de-lindustrie\/","name":"La fin des voitures \u00e0 combustion en 2035 est irr\u00e9aliste croit 59 % de l\u2019industrie - CanadaMotorJobs.com","isPartOf":{"@id":"https:\/\/news.canadamotorjobs.com\/#website"},"primaryImageOfPage":{"@id":"https:\/\/news.canadamotorjobs.com\/fr\/la-fin-des-voitures-a-combustion-en-2035-est-irrealiste-croit-59-de-lindustrie\/#primaryimage"},"image":{"@id":"https:\/\/news.canadamotorjobs.com\/fr\/la-fin-des-voitures-a-combustion-en-2035-est-irrealiste-croit-59-de-lindustrie\/#primaryimage"},"thumbnailUrl":"https:\/\/news.canadamotorjobs.com\/wp-content\/uploads\/2023\/03\/2021-bornes-berthierville.jpg","datePublished":"2023-03-09T23:20:41+00:00","dateModified":"2023-03-09T23:28:51+00:00","description":"La fin des voitures \u00e0 combustion en 2035 est irr\u00e9aliste croit 59 % de l\u2019industrie - Benoit Charette - Annuel automobile - CanadaMotorJobs.com.","breadcrumb":{"@id":"https:\/\/news.canadamotorjobs.com\/fr\/la-fin-des-voitures-a-combustion-en-2035-est-irrealiste-croit-59-de-lindustrie\/#breadcrumb"},"inLanguage":"fr-CA","potentialAction":[{"@type":"ReadAction","target":["https:\/\/news.canadamotorjobs.com\/fr\/la-fin-des-voitures-a-combustion-en-2035-est-irrealiste-croit-59-de-lindustrie\/"]}]},{"@type":"ImageObject","inLanguage":"fr-CA","@id":"https:\/\/news.canadamotorjobs.com\/fr\/la-fin-des-voitures-a-combustion-en-2035-est-irrealiste-croit-59-de-lindustrie\/#primaryimage","url":"https:\/\/news.canadamotorjobs.com\/wp-content\/uploads\/2023\/03\/2021-bornes-berthierville.jpg","contentUrl":"https:\/\/news.canadamotorjobs.com\/wp-content\/uploads\/2023\/03\/2021-bornes-berthierville.jpg","width":2048,"height":1172},{"@type":"BreadcrumbList","@id":"https:\/\/news.canadamotorjobs.com\/fr\/la-fin-des-voitures-a-combustion-en-2035-est-irrealiste-croit-59-de-lindustrie\/#breadcrumb","itemListElement":[{"@type":"ListItem","position":1,"name":"Home","item":"https:\/\/news.canadamotorjobs.com\/fr\/blog\/"},{"@type":"ListItem","position":2,"name":"La fin des voitures \u00e0 combustion en 2035 est irr\u00e9aliste croit 59 % de l\u2019industrie"}]},{"@type":"WebSite","@id":"https:\/\/news.canadamotorjobs.com\/#website","url":"https:\/\/news.canadamotorjobs.com\/","name":"CanadaMotorJobs.com","description":"Automotive Jobs","publisher":{"@id":"https:\/\/news.canadamotorjobs.com\/#organization"},"potentialAction":[{"@type":"SearchAction","target":{"@type":"EntryPoint","urlTemplate":"https:\/\/news.canadamotorjobs.com\/?s={search_term_string}"},"query-input":"required name=search_term_string"}],"inLanguage":"fr-CA"},{"@type":"Organization","@id":"https:\/\/news.canadamotorjobs.com\/#organization","name":"Canada Motor Jobs","url":"https:\/\/news.canadamotorjobs.com\/","logo":{"@type":"ImageObject","inLanguage":"fr-CA","@id":"https:\/\/news.canadamotorjobs.com\/#\/schema\/logo\/image\/","url":"https:\/\/news.canadamotorjobs.com\/wp-content\/uploads\/2022\/10\/logo-canada-motor-jobs-1.png","contentUrl":"https:\/\/news.canadamotorjobs.com\/wp-content\/uploads\/2022\/10\/logo-canada-motor-jobs-1.png","width":800,"height":400,"caption":"Canada Motor Jobs"},"image":{"@id":"https:\/\/news.canadamotorjobs.com\/#\/schema\/logo\/image\/"},"sameAs":["https:\/\/www.facebook.com\/canadamotorjobs\/","https:\/\/x.com\/canadamotorjobs","https:\/\/www.instagram.com\/canadamotorjobs\/","https:\/\/www.linkedin.com\/company\/canadamotorjobs"]},{"@type":"Person","@id":"https:\/\/news.canadamotorjobs.com\/#\/schema\/person\/51793d1f87d44011d7bcc2ed99269a90","name":"Benoit Charette","image":{"@type":"ImageObject","inLanguage":"fr-CA","@id":"https:\/\/news.canadamotorjobs.com\/#\/schema\/person\/image\/","url":"https:\/\/secure.gravatar.com\/avatar\/45f3d2eebcccd909668d7ce7ea7267b6?s=96&d=mm&r=g","contentUrl":"https:\/\/secure.gravatar.com\/avatar\/45f3d2eebcccd909668d7ce7ea7267b6?s=96&d=mm&r=g","caption":"Benoit Charette"},"description":"Benoit Charette \/ Propri\u00e9taire et r\u00e9dacteur en chef Benoit Charette pratique le journalisme automobile depuis bient\u00f4t 30 ans. Il a fait ses classes au c\u00f4t\u00e9 de Daniel H\u00e9raud et au Carnet de route de 1992 \u00e0 2001. Il est fondateur, copropri\u00e9taire et r\u00e9dacteur en chef de L\u2019Annuel de l\u2019automobile, qu\u2019il publie depuis 2001. Il a anim\u00e9 les \u00e9missions RPM et RPM+ sur V et les L\u00e9gendes de la route sur Historia. \u00c0 la radio depuis 1986, il reprend l\u2019antenne cette ann\u00e9e sur les ondes de Cogeco et participe pour la deuxi\u00e8me ann\u00e9e \u00e0 l\u2019\u00e9mission Passion Auto sur RDS en plus de mettre en ligne le site Web officiel de L\u2019Annuel de l\u2019automobile sur annuelauto.ca.","sameAs":["https:\/\/annuelauto.ca\/"],"url":"https:\/\/news.canadamotorjobs.com\/fr\/author\/benoit-charette\/"}]}},"_links":{"self":[{"href":"https:\/\/news.canadamotorjobs.com\/fr\/wp-json\/wp\/v2\/posts\/141297"}],"collection":[{"href":"https:\/\/news.canadamotorjobs.com\/fr\/wp-json\/wp\/v2\/posts"}],"about":[{"href":"https:\/\/news.canadamotorjobs.com\/fr\/wp-json\/wp\/v2\/types\/post"}],"author":[{"embeddable":true,"href":"https:\/\/news.canadamotorjobs.com\/fr\/wp-json\/wp\/v2\/users\/8"}],"replies":[{"embeddable":true,"href":"https:\/\/news.canadamotorjobs.com\/fr\/wp-json\/wp\/v2\/comments?post=141297"}],"version-history":[{"count":2,"href":"https:\/\/news.canadamotorjobs.com\/fr\/wp-json\/wp\/v2\/posts\/141297\/revisions"}],"predecessor-version":[{"id":141301,"href":"https:\/\/news.canadamotorjobs.com\/fr\/wp-json\/wp\/v2\/posts\/141297\/revisions\/141301"}],"wp:featuredmedia":[{"embeddable":true,"href":"https:\/\/news.canadamotorjobs.com\/fr\/wp-json\/wp\/v2\/media\/141299"}],"wp:attachment":[{"href":"https:\/\/news.canadamotorjobs.com\/fr\/wp-json\/wp\/v2\/media?parent=141297"}],"wp:term":[{"taxonomy":"category","embeddable":true,"href":"https:\/\/news.canadamotorjobs.com\/fr\/wp-json\/wp\/v2\/categories?post=141297"},{"taxonomy":"post_tag","embeddable":true,"href":"https:\/\/news.canadamotorjobs.com\/fr\/wp-json\/wp\/v2\/tags?post=141297"}],"curies":[{"name":"wp","href":"https:\/\/api.w.org\/{rel}","templated":true}]}}