{"id":141228,"date":"2023-03-08T06:39:11","date_gmt":"2023-03-08T11:39:11","guid":{"rendered":"https:\/\/news.canadamotorjobs.com\/?p=141228"},"modified":"2023-03-08T06:44:18","modified_gmt":"2023-03-08T11:44:18","slug":"assurer-une-voiture-electrique-continue-de-couter-plus-cher","status":"publish","type":"post","link":"https:\/\/news.canadamotorjobs.com\/fr\/assurer-une-voiture-electrique-continue-de-couter-plus-cher\/","title":{"rendered":"Assurer une voiture \u00e9lectrique continue de co\u00fbter plus cher\u2026"},"content":{"rendered":"<\/p>\n<p>Il n\u2019y a pas grand-chose de plus d\u00e9sagr\u00e9able \u00e0 faire que de magasiner une police d\u2019assurance pour sa voiture. Les prix varient selon plein de crit\u00e8res et de sous-crit\u00e8res, et ce n\u2019est pas toujours \u00e9vident pourquoi certaines clauses co\u00fbtent plus cher que d\u2019autres.<\/p>\n<p>Et le casse-t\u00eate se complique un peu quand on veut assurer une voiture \u00e9lectrique. Pourtant, on devrait avoir \u00e0 payer moins cher pour assurer un tel v\u00e9hicule, pour une raison simple\u00a0: il y a moins de pi\u00e8ces \u00e0 remplacer en cas d\u2019accident, ce qui en principe devrait signifier que les r\u00e9parations co\u00fbtent elles aussi moins cher.<\/p>\n<p>Ajoutons \u00e0 \u00e7a le fait que les v\u00e9hicules \u00e9lectriques sont \u00e0 peu pr\u00e8s tous \u00e9quip\u00e9s de syst\u00e8mes de s\u00e9curit\u00e9 tr\u00e8s avanc\u00e9s qui r\u00e9duisent \u00e0 leur minimum les chances de provoquer ou d\u2019\u00eatre impliqu\u00e9 dans un accident de la route. On parle de d\u00e9tecteurs de collision frontale, lat\u00e9rale, avec une auto, avec un pi\u00e9ton, et quoi encore, des caract\u00e9ristiques qui sont r\u00e9serv\u00e9es du c\u00f4t\u00e9 des v\u00e9hicules \u00e0 essence \u00e0 des mod\u00e8les plus haut de gamme.<\/p>\n<p>Et pourtant, assurer une voiture \u00e9lectrique co\u00fbte cher. Et \u00e7a continuera de co\u00fbter plus cher qu\u2019un v\u00e9hicule \u00e0 essence comparable, dit-on du c\u00f4t\u00e9 de la firme de consultation sp\u00e9cialis\u00e9e Wards Auto. La firme am\u00e9ricaine explique pourquoi tr\u00e8s simplement\u00a0: il manque de m\u00e9caniciens et de pi\u00e8ces de rechange.<\/p>\n<p>Car tous les garages n\u2019acceptent pas de r\u00e9parer un v\u00e9hicule \u00e9lectrique. Il faut faire attention avec la batterie, les moteurs, les freins \u00e0 r\u00e9cup\u00e9ration d\u2019\u00e9nergie, et d\u2019autres syst\u00e8mes avec lesquels on n\u2019a pas \u00e0 composer sur un v\u00e9hicule \u00e0 essence.<\/p>\n<p>L\u2019autre probl\u00e8me est un manque de pi\u00e8ces de rechange. Comme le march\u00e9 des v\u00e9hicules \u00e9lectriques est encore un tr\u00e8s petit march\u00e9, les fabricants de pi\u00e8ces ne produisent pas beaucoup de pi\u00e8ces de remplacement. Elles ont donc tendance \u00e0 co\u00fbter plus cher et sont aussi plus difficiles \u00e0 trouver.<\/p>\n<p>Pas de pi\u00e8ces r\u00e9usin\u00e9es qui co\u00fbtent seulement le tiers du prix d\u2019une pi\u00e8ce originale ici\u2026<\/p>\n<p>Et tout \u00e7a, eh bien \u00e7a fait monter le co\u00fbt de la police d\u2019assurance des v\u00e9hicules \u00e9lectriques. Et vous l\u2019aurez compris, \u00e7a fait aussi monter le co\u00fbt des r\u00e9parations.<\/p>\n<p>\u00a0<\/p>\n<p>Le texte <a rel=\"nofollow\" href=\"https:\/\/annuelauto.ca\/assurer-une-voiture-electrique-continue-de-couter-plus-cher\/\">Assurer une voiture \u00e9lectrique continue de co\u00fbter plus cher\u2026<\/a> provient de <a rel=\"nofollow\" href=\"https:\/\/annuelauto.ca\">L&#8217;annuel de l&#8217;automobile &#8211; Actualit\u00e9 automobile<\/a><\/p>\n<p><\/p>\n","protected":false},"excerpt":{"rendered":"<p>Il n\u2019y a pas grand-chose de plus d\u00e9sagr\u00e9able \u00e0 faire que de magasiner une police d\u2019assurance pour sa voiture. Les prix varient selon plein de crit\u00e8res et de sous-crit\u00e8res, et ce n\u2019est pas toujours \u00e9vident pourquoi certaines clauses co\u00fbtent plus cher que d\u2019autres. Et le casse-t\u00eate se complique un peu quand on veut assurer une [&hellip;]<\/p>\n","protected":false},"author":8,"featured_media":141230,"comment_status":"close","ping_status":"closed","sticky":false,"template":"","format":"standard","meta":{"_monsterinsights_skip_tracking":false,"_monsterinsights_sitenote_active":false,"_monsterinsights_sitenote_note":"","_monsterinsights_sitenote_category":0,"footnotes":""},"categories":[101],"tags":[],"yoast_head":"<!-- This site is optimized with the Yoast SEO plugin v23.2 - https:\/\/yoast.com\/wordpress\/plugins\/seo\/ -->\n<title>Assurer une voiture \u00e9lectrique continue de co\u00fbter plus cher\u2026 - CanadaMotorJobs.com<\/title>\n<meta name=\"description\" content=\"Assurer une voiture \u00e9lectrique continue de co\u00fbter plus cher\u2026 - Benoit Charette - Annuel automobile - CanadaMotorJobs.com.\" \/>\n<meta name=\"robots\" content=\"index, follow, max-snippet:-1, max-image-preview:large, max-video-preview:-1\" \/>\n<meta property=\"og:locale\" content=\"fr_CA\" \/>\n<meta property=\"og:type\" content=\"article\" \/>\n<meta property=\"og:title\" content=\"Assurer une voiture \u00e9lectrique continue de co\u00fbter plus cher\u2026 - CanadaMotorJobs.com\" \/>\n<meta property=\"og:description\" content=\"Assurer une voiture \u00e9lectrique continue de co\u00fbter plus cher\u2026 - Benoit Charette - Annuel automobile - CanadaMotorJobs.com.\" \/>\n<meta property=\"og:url\" content=\"https:\/\/news.canadamotorjobs.com\/fr\/assurer-une-voiture-electrique-continue-de-couter-plus-cher\/\" \/>\n<meta property=\"og:site_name\" content=\"CanadaMotorJobs.com\" \/>\n<meta property=\"article:publisher\" content=\"https:\/\/www.facebook.com\/canadamotorjobs\/\" \/>\n<meta property=\"article:published_time\" content=\"2023-03-08T11:39:11+00:00\" \/>\n<meta property=\"article:modified_time\" content=\"2023-03-08T11:44:18+00:00\" \/>\n<meta property=\"og:image\" content=\"https:\/\/news.canadamotorjobs.com\/wp-content\/uploads\/2023\/03\/Auto-Insurance.jpg\" \/>\n\t<meta property=\"og:image:width\" content=\"2389\" \/>\n\t<meta property=\"og:image:height\" content=\"1755\" \/>\n\t<meta property=\"og:image:type\" content=\"image\/jpeg\" \/>\n<meta name=\"author\" content=\"Benoit Charette\" \/>\n<meta name=\"twitter:card\" content=\"summary_large_image\" \/>\n<meta name=\"twitter:creator\" content=\"@canadamotorjobs\" \/>\n<meta name=\"twitter:site\" content=\"@canadamotorjobs\" \/>\n<meta name=\"twitter:label1\" content=\"\u00c9crit par\" \/>\n\t<meta name=\"twitter:data1\" content=\"Benoit Charette\" \/>\n\t<meta name=\"twitter:label2\" content=\"Estimation du temps de lecture\" \/>\n\t<meta name=\"twitter:data2\" content=\"2 minutes\" \/>\n<!-- \/ Yoast SEO plugin. -->","yoast_head_json":{"title":"Assurer une voiture \u00e9lectrique continue de co\u00fbter plus cher\u2026 - CanadaMotorJobs.com","description":"Assurer une voiture \u00e9lectrique continue de co\u00fbter plus cher\u2026 - Benoit Charette - Annuel automobile - CanadaMotorJobs.com.","robots":{"index":"index","follow":"follow","max-snippet":"max-snippet:-1","max-image-preview":"max-image-preview:large","max-video-preview":"max-video-preview:-1"},"og_locale":"fr_CA","og_type":"article","og_title":"Assurer une voiture \u00e9lectrique continue de co\u00fbter plus cher\u2026 - CanadaMotorJobs.com","og_description":"Assurer une voiture \u00e9lectrique continue de co\u00fbter plus cher\u2026 - Benoit Charette - Annuel automobile - CanadaMotorJobs.com.","og_url":"https:\/\/news.canadamotorjobs.com\/fr\/assurer-une-voiture-electrique-continue-de-couter-plus-cher\/","og_site_name":"CanadaMotorJobs.com","article_publisher":"https:\/\/www.facebook.com\/canadamotorjobs\/","article_published_time":"2023-03-08T11:39:11+00:00","article_modified_time":"2023-03-08T11:44:18+00:00","og_image":[{"width":2389,"height":1755,"url":"https:\/\/news.canadamotorjobs.com\/wp-content\/uploads\/2023\/03\/Auto-Insurance.jpg","type":"image\/jpeg"}],"author":"Benoit Charette","twitter_card":"summary_large_image","twitter_creator":"@canadamotorjobs","twitter_site":"@canadamotorjobs","twitter_misc":{"\u00c9crit par":"Benoit Charette","Estimation du temps de lecture":"2 minutes"},"schema":{"@context":"https:\/\/schema.org","@graph":[{"@type":"Article","@id":"https:\/\/news.canadamotorjobs.com\/fr\/assurer-une-voiture-electrique-continue-de-couter-plus-cher\/#article","isPartOf":{"@id":"https:\/\/news.canadamotorjobs.com\/fr\/assurer-une-voiture-electrique-continue-de-couter-plus-cher\/"},"author":{"name":"Benoit Charette","@id":"https:\/\/news.canadamotorjobs.com\/#\/schema\/person\/51793d1f87d44011d7bcc2ed99269a90"},"headline":"Assurer une voiture \u00e9lectrique continue de co\u00fbter plus cher\u2026","datePublished":"2023-03-08T11:39:11+00:00","dateModified":"2023-03-08T11:44:18+00:00","mainEntityOfPage":{"@id":"https:\/\/news.canadamotorjobs.com\/fr\/assurer-une-voiture-electrique-continue-de-couter-plus-cher\/"},"wordCount":444,"publisher":{"@id":"https:\/\/news.canadamotorjobs.com\/#organization"},"image":{"@id":"https:\/\/news.canadamotorjobs.com\/fr\/assurer-une-voiture-electrique-continue-de-couter-plus-cher\/#primaryimage"},"thumbnailUrl":"https:\/\/news.canadamotorjobs.com\/wp-content\/uploads\/2023\/03\/Auto-Insurance.jpg","articleSection":["Annuel automobile"],"inLanguage":"fr-CA"},{"@type":"WebPage","@id":"https:\/\/news.canadamotorjobs.com\/fr\/assurer-une-voiture-electrique-continue-de-couter-plus-cher\/","url":"https:\/\/news.canadamotorjobs.com\/fr\/assurer-une-voiture-electrique-continue-de-couter-plus-cher\/","name":"Assurer une voiture \u00e9lectrique continue de co\u00fbter plus cher\u2026 - CanadaMotorJobs.com","isPartOf":{"@id":"https:\/\/news.canadamotorjobs.com\/#website"},"primaryImageOfPage":{"@id":"https:\/\/news.canadamotorjobs.com\/fr\/assurer-une-voiture-electrique-continue-de-couter-plus-cher\/#primaryimage"},"image":{"@id":"https:\/\/news.canadamotorjobs.com\/fr\/assurer-une-voiture-electrique-continue-de-couter-plus-cher\/#primaryimage"},"thumbnailUrl":"https:\/\/news.canadamotorjobs.com\/wp-content\/uploads\/2023\/03\/Auto-Insurance.jpg","datePublished":"2023-03-08T11:39:11+00:00","dateModified":"2023-03-08T11:44:18+00:00","description":"Assurer une voiture \u00e9lectrique continue de co\u00fbter plus cher\u2026 - Benoit Charette - Annuel automobile - CanadaMotorJobs.com.","breadcrumb":{"@id":"https:\/\/news.canadamotorjobs.com\/fr\/assurer-une-voiture-electrique-continue-de-couter-plus-cher\/#breadcrumb"},"inLanguage":"fr-CA","potentialAction":[{"@type":"ReadAction","target":["https:\/\/news.canadamotorjobs.com\/fr\/assurer-une-voiture-electrique-continue-de-couter-plus-cher\/"]}]},{"@type":"ImageObject","inLanguage":"fr-CA","@id":"https:\/\/news.canadamotorjobs.com\/fr\/assurer-une-voiture-electrique-continue-de-couter-plus-cher\/#primaryimage","url":"https:\/\/news.canadamotorjobs.com\/wp-content\/uploads\/2023\/03\/Auto-Insurance.jpg","contentUrl":"https:\/\/news.canadamotorjobs.com\/wp-content\/uploads\/2023\/03\/Auto-Insurance.jpg","width":2389,"height":1755},{"@type":"BreadcrumbList","@id":"https:\/\/news.canadamotorjobs.com\/fr\/assurer-une-voiture-electrique-continue-de-couter-plus-cher\/#breadcrumb","itemListElement":[{"@type":"ListItem","position":1,"name":"Home","item":"https:\/\/news.canadamotorjobs.com\/fr\/blog\/"},{"@type":"ListItem","position":2,"name":"Assurer une voiture \u00e9lectrique continue de co\u00fbter plus cher\u2026"}]},{"@type":"WebSite","@id":"https:\/\/news.canadamotorjobs.com\/#website","url":"https:\/\/news.canadamotorjobs.com\/","name":"CanadaMotorJobs.com","description":"Automotive Jobs","publisher":{"@id":"https:\/\/news.canadamotorjobs.com\/#organization"},"potentialAction":[{"@type":"SearchAction","target":{"@type":"EntryPoint","urlTemplate":"https:\/\/news.canadamotorjobs.com\/?s={search_term_string}"},"query-input":"required name=search_term_string"}],"inLanguage":"fr-CA"},{"@type":"Organization","@id":"https:\/\/news.canadamotorjobs.com\/#organization","name":"Canada Motor Jobs","url":"https:\/\/news.canadamotorjobs.com\/","logo":{"@type":"ImageObject","inLanguage":"fr-CA","@id":"https:\/\/news.canadamotorjobs.com\/#\/schema\/logo\/image\/","url":"https:\/\/news.canadamotorjobs.com\/wp-content\/uploads\/2022\/10\/logo-canada-motor-jobs-1.png","contentUrl":"https:\/\/news.canadamotorjobs.com\/wp-content\/uploads\/2022\/10\/logo-canada-motor-jobs-1.png","width":800,"height":400,"caption":"Canada Motor Jobs"},"image":{"@id":"https:\/\/news.canadamotorjobs.com\/#\/schema\/logo\/image\/"},"sameAs":["https:\/\/www.facebook.com\/canadamotorjobs\/","https:\/\/x.com\/canadamotorjobs","https:\/\/www.instagram.com\/canadamotorjobs\/","https:\/\/www.linkedin.com\/company\/canadamotorjobs"]},{"@type":"Person","@id":"https:\/\/news.canadamotorjobs.com\/#\/schema\/person\/51793d1f87d44011d7bcc2ed99269a90","name":"Benoit Charette","image":{"@type":"ImageObject","inLanguage":"fr-CA","@id":"https:\/\/news.canadamotorjobs.com\/#\/schema\/person\/image\/","url":"https:\/\/secure.gravatar.com\/avatar\/45f3d2eebcccd909668d7ce7ea7267b6?s=96&d=mm&r=g","contentUrl":"https:\/\/secure.gravatar.com\/avatar\/45f3d2eebcccd909668d7ce7ea7267b6?s=96&d=mm&r=g","caption":"Benoit Charette"},"description":"Benoit Charette \/ Propri\u00e9taire et r\u00e9dacteur en chef Benoit Charette pratique le journalisme automobile depuis bient\u00f4t 30 ans. Il a fait ses classes au c\u00f4t\u00e9 de Daniel H\u00e9raud et au Carnet de route de 1992 \u00e0 2001. Il est fondateur, copropri\u00e9taire et r\u00e9dacteur en chef de L\u2019Annuel de l\u2019automobile, qu\u2019il publie depuis 2001. Il a anim\u00e9 les \u00e9missions RPM et RPM+ sur V et les L\u00e9gendes de la route sur Historia. \u00c0 la radio depuis 1986, il reprend l\u2019antenne cette ann\u00e9e sur les ondes de Cogeco et participe pour la deuxi\u00e8me ann\u00e9e \u00e0 l\u2019\u00e9mission Passion Auto sur RDS en plus de mettre en ligne le site Web officiel de L\u2019Annuel de l\u2019automobile sur annuelauto.ca.","sameAs":["https:\/\/annuelauto.ca\/"],"url":"https:\/\/news.canadamotorjobs.com\/fr\/author\/benoit-charette\/"}]}},"_links":{"self":[{"href":"https:\/\/news.canadamotorjobs.com\/fr\/wp-json\/wp\/v2\/posts\/141228"}],"collection":[{"href":"https:\/\/news.canadamotorjobs.com\/fr\/wp-json\/wp\/v2\/posts"}],"about":[{"href":"https:\/\/news.canadamotorjobs.com\/fr\/wp-json\/wp\/v2\/types\/post"}],"author":[{"embeddable":true,"href":"https:\/\/news.canadamotorjobs.com\/fr\/wp-json\/wp\/v2\/users\/8"}],"replies":[{"embeddable":true,"href":"https:\/\/news.canadamotorjobs.com\/fr\/wp-json\/wp\/v2\/comments?post=141228"}],"version-history":[{"count":2,"href":"https:\/\/news.canadamotorjobs.com\/fr\/wp-json\/wp\/v2\/posts\/141228\/revisions"}],"predecessor-version":[{"id":141232,"href":"https:\/\/news.canadamotorjobs.com\/fr\/wp-json\/wp\/v2\/posts\/141228\/revisions\/141232"}],"wp:featuredmedia":[{"embeddable":true,"href":"https:\/\/news.canadamotorjobs.com\/fr\/wp-json\/wp\/v2\/media\/141230"}],"wp:attachment":[{"href":"https:\/\/news.canadamotorjobs.com\/fr\/wp-json\/wp\/v2\/media?parent=141228"}],"wp:term":[{"taxonomy":"category","embeddable":true,"href":"https:\/\/news.canadamotorjobs.com\/fr\/wp-json\/wp\/v2\/categories?post=141228"},{"taxonomy":"post_tag","embeddable":true,"href":"https:\/\/news.canadamotorjobs.com\/fr\/wp-json\/wp\/v2\/tags?post=141228"}],"curies":[{"name":"wp","href":"https:\/\/api.w.org\/{rel}","templated":true}]}}