{"id":141205,"date":"2023-03-07T15:48:17","date_gmt":"2023-03-07T20:48:17","guid":{"rendered":"https:\/\/news.canadamotorjobs.com\/?p=141205"},"modified":"2023-03-07T16:07:42","modified_gmt":"2023-03-07T21:07:42","slug":"alors-que-tout-augmente-le-prix-des-tesla-lui-baisse","status":"publish","type":"post","link":"https:\/\/news.canadamotorjobs.com\/fr\/alors-que-tout-augmente-le-prix-des-tesla-lui-baisse\/","title":{"rendered":"Alors que tout augmente, le prix des Tesla lui, baisse"},"content":{"rendered":"<\/p>\n<p>Le constructeur am\u00e9ricain Tesla Motors a r\u00e9duit le prix des Model S et Model X au cours des derniers jours. C\u2019est la deuxi\u00e8me baisse de prix en deux mois, ce qui n\u2019est pas rien dans un contexte o\u00f9 tout co\u00fbte sans cesse plus cher.<\/p>\n<p>Cela \u00e9tant dit, les Model S et Model X vendus en ce moment co\u00fbtent plus cher que les m\u00eames mod\u00e8les vendus il y a deux ans. Tesla a r\u00e9guli\u00e8rement augment\u00e9 ses prix durant la pand\u00e9mie, pour plein de raisons.<\/p>\n<p>Mais bon, une baisse de prix est un ph\u00e9nom\u00e8ne assez rare dans l\u2019industrie automobile en ce moment alors prenons les bonnes nouvelles quand elles passent. La baisse de prix a \u00e9t\u00e9 confirm\u00e9e aux \u00c9tats-Unis et il faudra voir comment \u00e7a se traduit pour nous consommateurs canadiens, puisque la conversion n\u2019est pas exactement fid\u00e8le \u00e0 la valeur des devises.<\/p>\n<p>Bref, la berline Model S a un prix de base qui se situe en ce moment \u00e0 91\u00a0380 $US, une r\u00e9duction de 5000$ du prix de vente, ou 4 pour cent. Le Model X a vu son prix de base \u00eatre fix\u00e9 \u00e0 101\u00a0380 $US, soit 10\u00a0000 $US de moins qu\u2019avant, une baisse de prix de 9 pour cent.<\/p>\n<p>Notez pour ceux qui en ont les moyens que la Model S Plaid, la plus co\u00fbteuse des Model S, a aussi vu son prix \u00eatre abaiss\u00e9 \u00e0 111\u00a0380 $US. Deux versions de la Plaid sont vendues aux \u00c9tats-Unis \u00e0 un prix qui auparavant \u00e9tait respectivement de 116\u00a0630 $ et 122\u00a0630 $US.<\/p>\n<p>Tout \u00e7a pour dire que les Tesla ne sont pas tellement plus abordables aujourd\u2019hui qu\u2019elles l\u2019\u00e9taient il y a dix jours, mais notez quand m\u00eame que le constructeur californien a tendance \u00e0 influencer la direction prise par des marques concurrentes. Par exemple, Ford a aussi baiss\u00e9 le prix de la Mustang Mach E \u00e0 peu pr\u00e8s au m\u00eame moment o\u00f9 Tesla annon\u00e7ait une premi\u00e8re baisse du prix de ses v\u00e9hicules au d\u00e9but de 2023.<\/p>\n<p>Chevrolet aussi a revu \u00e0 la baisse le prix de la Bolt l\u2019ann\u00e9e derni\u00e8re.<\/p>\n<p>Le texte <a rel=\"nofollow\" href=\"https:\/\/annuelauto.ca\/alors-que-tout-augmente-le-prix-des-tesla-lui-baisse\/\">Alors que tout augmente, le prix des Tesla lui, baisse<\/a> provient de <a rel=\"nofollow\" href=\"https:\/\/annuelauto.ca\">L&#8217;annuel de l&#8217;automobile &#8211; Actualit\u00e9 automobile<\/a><\/p>\n<p><\/p>\n","protected":false},"excerpt":{"rendered":"<p>Le constructeur am\u00e9ricain Tesla Motors a r\u00e9duit le prix des Model S et Model X au cours des derniers jours. C\u2019est la deuxi\u00e8me baisse de prix en deux mois, ce qui n\u2019est pas rien dans un contexte o\u00f9 tout co\u00fbte sans cesse plus cher. Cela \u00e9tant dit, les Model S et Model X vendus en [&hellip;]<\/p>\n","protected":false},"author":8,"featured_media":141207,"comment_status":"close","ping_status":"closed","sticky":false,"template":"","format":"standard","meta":{"_monsterinsights_skip_tracking":false,"_monsterinsights_sitenote_active":false,"_monsterinsights_sitenote_note":"","_monsterinsights_sitenote_category":0,"footnotes":""},"categories":[101],"tags":[],"yoast_head":"<!-- This site is optimized with the Yoast SEO plugin v23.2 - https:\/\/yoast.com\/wordpress\/plugins\/seo\/ -->\n<title>Alors que tout augmente, le prix des Tesla lui, baisse - CanadaMotorJobs.com<\/title>\n<meta name=\"description\" content=\"Alors que tout augmente, le prix des Tesla lui, baisse - Benoit Charette - Annuel automobile - CanadaMotorJobs.com.\" \/>\n<meta name=\"robots\" content=\"index, follow, max-snippet:-1, max-image-preview:large, max-video-preview:-1\" \/>\n<meta property=\"og:locale\" content=\"fr_CA\" \/>\n<meta property=\"og:type\" content=\"article\" \/>\n<meta property=\"og:title\" content=\"Alors que tout augmente, le prix des Tesla lui, baisse - CanadaMotorJobs.com\" \/>\n<meta property=\"og:description\" content=\"Alors que tout augmente, le prix des Tesla lui, baisse - Benoit Charette - Annuel automobile - CanadaMotorJobs.com.\" \/>\n<meta property=\"og:url\" content=\"https:\/\/news.canadamotorjobs.com\/fr\/alors-que-tout-augmente-le-prix-des-tesla-lui-baisse\/\" \/>\n<meta property=\"og:site_name\" content=\"CanadaMotorJobs.com\" \/>\n<meta property=\"article:publisher\" content=\"https:\/\/www.facebook.com\/canadamotorjobs\/\" \/>\n<meta property=\"article:published_time\" content=\"2023-03-07T20:48:17+00:00\" \/>\n<meta property=\"article:modified_time\" content=\"2023-03-07T21:07:42+00:00\" \/>\n<meta property=\"og:image\" content=\"https:\/\/news.canadamotorjobs.com\/wp-content\/uploads\/2023\/03\/screen-shot-2021-06-10-at-1-54-10-pm-1623347749.png\" \/>\n\t<meta property=\"og:image:width\" content=\"1200\" \/>\n\t<meta property=\"og:image:height\" content=\"799\" \/>\n\t<meta property=\"og:image:type\" content=\"image\/png\" \/>\n<meta name=\"author\" content=\"Benoit Charette\" \/>\n<meta name=\"twitter:card\" content=\"summary_large_image\" \/>\n<meta name=\"twitter:creator\" content=\"@canadamotorjobs\" \/>\n<meta name=\"twitter:site\" content=\"@canadamotorjobs\" \/>\n<meta name=\"twitter:label1\" content=\"\u00c9crit par\" \/>\n\t<meta name=\"twitter:data1\" content=\"Benoit Charette\" \/>\n\t<meta name=\"twitter:label2\" content=\"Estimation du temps de lecture\" \/>\n\t<meta name=\"twitter:data2\" content=\"2 minutes\" \/>\n<!-- \/ Yoast SEO plugin. -->","yoast_head_json":{"title":"Alors que tout augmente, le prix des Tesla lui, baisse - CanadaMotorJobs.com","description":"Alors que tout augmente, le prix des Tesla lui, baisse - Benoit Charette - Annuel automobile - CanadaMotorJobs.com.","robots":{"index":"index","follow":"follow","max-snippet":"max-snippet:-1","max-image-preview":"max-image-preview:large","max-video-preview":"max-video-preview:-1"},"og_locale":"fr_CA","og_type":"article","og_title":"Alors que tout augmente, le prix des Tesla lui, baisse - CanadaMotorJobs.com","og_description":"Alors que tout augmente, le prix des Tesla lui, baisse - Benoit Charette - Annuel automobile - CanadaMotorJobs.com.","og_url":"https:\/\/news.canadamotorjobs.com\/fr\/alors-que-tout-augmente-le-prix-des-tesla-lui-baisse\/","og_site_name":"CanadaMotorJobs.com","article_publisher":"https:\/\/www.facebook.com\/canadamotorjobs\/","article_published_time":"2023-03-07T20:48:17+00:00","article_modified_time":"2023-03-07T21:07:42+00:00","og_image":[{"width":1200,"height":799,"url":"https:\/\/news.canadamotorjobs.com\/wp-content\/uploads\/2023\/03\/screen-shot-2021-06-10-at-1-54-10-pm-1623347749.png","type":"image\/png"}],"author":"Benoit Charette","twitter_card":"summary_large_image","twitter_creator":"@canadamotorjobs","twitter_site":"@canadamotorjobs","twitter_misc":{"\u00c9crit par":"Benoit Charette","Estimation du temps de lecture":"2 minutes"},"schema":{"@context":"https:\/\/schema.org","@graph":[{"@type":"Article","@id":"https:\/\/news.canadamotorjobs.com\/fr\/alors-que-tout-augmente-le-prix-des-tesla-lui-baisse\/#article","isPartOf":{"@id":"https:\/\/news.canadamotorjobs.com\/fr\/alors-que-tout-augmente-le-prix-des-tesla-lui-baisse\/"},"author":{"name":"Benoit Charette","@id":"https:\/\/news.canadamotorjobs.com\/#\/schema\/person\/51793d1f87d44011d7bcc2ed99269a90"},"headline":"Alors que tout augmente, le prix des Tesla lui, baisse","datePublished":"2023-03-07T20:48:17+00:00","dateModified":"2023-03-07T21:07:42+00:00","mainEntityOfPage":{"@id":"https:\/\/news.canadamotorjobs.com\/fr\/alors-que-tout-augmente-le-prix-des-tesla-lui-baisse\/"},"wordCount":386,"publisher":{"@id":"https:\/\/news.canadamotorjobs.com\/#organization"},"image":{"@id":"https:\/\/news.canadamotorjobs.com\/fr\/alors-que-tout-augmente-le-prix-des-tesla-lui-baisse\/#primaryimage"},"thumbnailUrl":"https:\/\/news.canadamotorjobs.com\/wp-content\/uploads\/2023\/03\/screen-shot-2021-06-10-at-1-54-10-pm-1623347749.png","articleSection":["Annuel automobile"],"inLanguage":"fr-CA"},{"@type":"WebPage","@id":"https:\/\/news.canadamotorjobs.com\/fr\/alors-que-tout-augmente-le-prix-des-tesla-lui-baisse\/","url":"https:\/\/news.canadamotorjobs.com\/fr\/alors-que-tout-augmente-le-prix-des-tesla-lui-baisse\/","name":"Alors que tout augmente, le prix des Tesla lui, baisse - CanadaMotorJobs.com","isPartOf":{"@id":"https:\/\/news.canadamotorjobs.com\/#website"},"primaryImageOfPage":{"@id":"https:\/\/news.canadamotorjobs.com\/fr\/alors-que-tout-augmente-le-prix-des-tesla-lui-baisse\/#primaryimage"},"image":{"@id":"https:\/\/news.canadamotorjobs.com\/fr\/alors-que-tout-augmente-le-prix-des-tesla-lui-baisse\/#primaryimage"},"thumbnailUrl":"https:\/\/news.canadamotorjobs.com\/wp-content\/uploads\/2023\/03\/screen-shot-2021-06-10-at-1-54-10-pm-1623347749.png","datePublished":"2023-03-07T20:48:17+00:00","dateModified":"2023-03-07T21:07:42+00:00","description":"Alors que tout augmente, le prix des Tesla lui, baisse - Benoit Charette - Annuel automobile - CanadaMotorJobs.com.","breadcrumb":{"@id":"https:\/\/news.canadamotorjobs.com\/fr\/alors-que-tout-augmente-le-prix-des-tesla-lui-baisse\/#breadcrumb"},"inLanguage":"fr-CA","potentialAction":[{"@type":"ReadAction","target":["https:\/\/news.canadamotorjobs.com\/fr\/alors-que-tout-augmente-le-prix-des-tesla-lui-baisse\/"]}]},{"@type":"ImageObject","inLanguage":"fr-CA","@id":"https:\/\/news.canadamotorjobs.com\/fr\/alors-que-tout-augmente-le-prix-des-tesla-lui-baisse\/#primaryimage","url":"https:\/\/news.canadamotorjobs.com\/wp-content\/uploads\/2023\/03\/screen-shot-2021-06-10-at-1-54-10-pm-1623347749.png","contentUrl":"https:\/\/news.canadamotorjobs.com\/wp-content\/uploads\/2023\/03\/screen-shot-2021-06-10-at-1-54-10-pm-1623347749.png","width":1200,"height":799},{"@type":"BreadcrumbList","@id":"https:\/\/news.canadamotorjobs.com\/fr\/alors-que-tout-augmente-le-prix-des-tesla-lui-baisse\/#breadcrumb","itemListElement":[{"@type":"ListItem","position":1,"name":"Home","item":"https:\/\/news.canadamotorjobs.com\/fr\/blog\/"},{"@type":"ListItem","position":2,"name":"Alors que tout augmente, le prix des Tesla lui, baisse"}]},{"@type":"WebSite","@id":"https:\/\/news.canadamotorjobs.com\/#website","url":"https:\/\/news.canadamotorjobs.com\/","name":"CanadaMotorJobs.com","description":"Automotive Jobs","publisher":{"@id":"https:\/\/news.canadamotorjobs.com\/#organization"},"potentialAction":[{"@type":"SearchAction","target":{"@type":"EntryPoint","urlTemplate":"https:\/\/news.canadamotorjobs.com\/?s={search_term_string}"},"query-input":"required name=search_term_string"}],"inLanguage":"fr-CA"},{"@type":"Organization","@id":"https:\/\/news.canadamotorjobs.com\/#organization","name":"Canada Motor Jobs","url":"https:\/\/news.canadamotorjobs.com\/","logo":{"@type":"ImageObject","inLanguage":"fr-CA","@id":"https:\/\/news.canadamotorjobs.com\/#\/schema\/logo\/image\/","url":"https:\/\/news.canadamotorjobs.com\/wp-content\/uploads\/2022\/10\/logo-canada-motor-jobs-1.png","contentUrl":"https:\/\/news.canadamotorjobs.com\/wp-content\/uploads\/2022\/10\/logo-canada-motor-jobs-1.png","width":800,"height":400,"caption":"Canada Motor Jobs"},"image":{"@id":"https:\/\/news.canadamotorjobs.com\/#\/schema\/logo\/image\/"},"sameAs":["https:\/\/www.facebook.com\/canadamotorjobs\/","https:\/\/x.com\/canadamotorjobs","https:\/\/www.instagram.com\/canadamotorjobs\/","https:\/\/www.linkedin.com\/company\/canadamotorjobs"]},{"@type":"Person","@id":"https:\/\/news.canadamotorjobs.com\/#\/schema\/person\/51793d1f87d44011d7bcc2ed99269a90","name":"Benoit Charette","image":{"@type":"ImageObject","inLanguage":"fr-CA","@id":"https:\/\/news.canadamotorjobs.com\/#\/schema\/person\/image\/","url":"https:\/\/secure.gravatar.com\/avatar\/45f3d2eebcccd909668d7ce7ea7267b6?s=96&d=mm&r=g","contentUrl":"https:\/\/secure.gravatar.com\/avatar\/45f3d2eebcccd909668d7ce7ea7267b6?s=96&d=mm&r=g","caption":"Benoit Charette"},"description":"Benoit Charette \/ Propri\u00e9taire et r\u00e9dacteur en chef Benoit Charette pratique le journalisme automobile depuis bient\u00f4t 30 ans. Il a fait ses classes au c\u00f4t\u00e9 de Daniel H\u00e9raud et au Carnet de route de 1992 \u00e0 2001. Il est fondateur, copropri\u00e9taire et r\u00e9dacteur en chef de L\u2019Annuel de l\u2019automobile, qu\u2019il publie depuis 2001. Il a anim\u00e9 les \u00e9missions RPM et RPM+ sur V et les L\u00e9gendes de la route sur Historia. \u00c0 la radio depuis 1986, il reprend l\u2019antenne cette ann\u00e9e sur les ondes de Cogeco et participe pour la deuxi\u00e8me ann\u00e9e \u00e0 l\u2019\u00e9mission Passion Auto sur RDS en plus de mettre en ligne le site Web officiel de L\u2019Annuel de l\u2019automobile sur annuelauto.ca.","sameAs":["https:\/\/annuelauto.ca\/"],"url":"https:\/\/news.canadamotorjobs.com\/fr\/author\/benoit-charette\/"}]}},"_links":{"self":[{"href":"https:\/\/news.canadamotorjobs.com\/fr\/wp-json\/wp\/v2\/posts\/141205"}],"collection":[{"href":"https:\/\/news.canadamotorjobs.com\/fr\/wp-json\/wp\/v2\/posts"}],"about":[{"href":"https:\/\/news.canadamotorjobs.com\/fr\/wp-json\/wp\/v2\/types\/post"}],"author":[{"embeddable":true,"href":"https:\/\/news.canadamotorjobs.com\/fr\/wp-json\/wp\/v2\/users\/8"}],"replies":[{"embeddable":true,"href":"https:\/\/news.canadamotorjobs.com\/fr\/wp-json\/wp\/v2\/comments?post=141205"}],"version-history":[{"count":2,"href":"https:\/\/news.canadamotorjobs.com\/fr\/wp-json\/wp\/v2\/posts\/141205\/revisions"}],"predecessor-version":[{"id":141209,"href":"https:\/\/news.canadamotorjobs.com\/fr\/wp-json\/wp\/v2\/posts\/141205\/revisions\/141209"}],"wp:featuredmedia":[{"embeddable":true,"href":"https:\/\/news.canadamotorjobs.com\/fr\/wp-json\/wp\/v2\/media\/141207"}],"wp:attachment":[{"href":"https:\/\/news.canadamotorjobs.com\/fr\/wp-json\/wp\/v2\/media?parent=141205"}],"wp:term":[{"taxonomy":"category","embeddable":true,"href":"https:\/\/news.canadamotorjobs.com\/fr\/wp-json\/wp\/v2\/categories?post=141205"},{"taxonomy":"post_tag","embeddable":true,"href":"https:\/\/news.canadamotorjobs.com\/fr\/wp-json\/wp\/v2\/tags?post=141205"}],"curies":[{"name":"wp","href":"https:\/\/api.w.org\/{rel}","templated":true}]}}