{"id":141184,"date":"2023-03-07T12:57:57","date_gmt":"2023-03-07T17:57:57","guid":{"rendered":"https:\/\/news.canadamotorjobs.com\/?p=141184"},"modified":"2023-03-07T13:00:22","modified_gmt":"2023-03-07T18:00:22","slug":"lallemagne-et-litalie-retardent-le-projet-de-loi-sur-linterdiction-de-la-vente-des-vehicules-neufs-a-combustion-interne-en-2035","status":"publish","type":"post","link":"https:\/\/news.canadamotorjobs.com\/fr\/lallemagne-et-litalie-retardent-le-projet-de-loi-sur-linterdiction-de-la-vente-des-vehicules-neufs-a-combustion-interne-en-2035\/","title":{"rendered":"L\u2019Allemagne et l\u2019Italie retardent le projet de loi sur l\u2019interdiction de la vente des v\u00e9hicules neufs \u00e0 combustion interne en 2035"},"content":{"rendered":"<\/p>\n<p>C\u2019est aujourd\u2019hui que l\u2019Europe devait voter sur le projet de loi interdisant la vente de v\u00e9hicules neufs \u00e0 essence en 2035. Mais voil\u00e0, l&#8217;Allemagne et l&#8217;Italie ne sont pas impressionn\u00e9es par la l\u00e9gislation actuelle. Le mois dernier, le Parlement europ\u00e9en a approuv\u00e9 une nouvelle l\u00e9gislation interdisant les \u00e9missions de carbone \u00e0 l&#8217;\u00e9chappement \u00e0 partir de 2035, tout en pr\u00e9voyant une \u00e9chappatoire pour les carburants synth\u00e9tiques, que des entreprises comme Porsche ont mis au point et test\u00e9s.<\/p>\n<h3>Il y a aussi des exemptions<\/h3>\n<p>\nDans son \u00e9tat actuel, la loi exempte les constructeurs automobiles \u00e0 faible volume qui produisent moins de 1 000 v\u00e9hicules par an. La nouvelle interdiction n&#8217;a pas encore \u00e9t\u00e9 ent\u00e9rin\u00e9e parce que le ministre allemand des Transports, Volker Wissing, a r\u00e9affirm\u00e9 la semaine derni\u00e8re que l&#8217;utilisation de carburants synth\u00e9tiques devrait encore \u00eatre possible apr\u00e8s l&#8217;\u00e9ch\u00e9ance de 2035 et que la Commission europ\u00e9enne n&#8217;avait toujours pas tenu sa promesse de pr\u00e9senter une proposition sur la mani\u00e8re d&#8217;y parvenir, rapporte Reuters. \u00ab\u00a0Nous voulons une mobilit\u00e9 neutre sur le plan climatique\u00a0\u00bb, a d\u00e9clar\u00e9 M.\u00a0Wissing, ce qui implique un examen approfondi de toutes les technologies potentielles. Qu&#8217;en est-il maintenant\u2009?<\/p>\n<h3>Tout le monde attend<\/h3>\n<p>\nEn gros, cela veut dire que l\u2019Allemagne attend une proposition de la Commission sur la mani\u00e8re de l\u00e9gif\u00e9rer sur les v\u00e9hicules fonctionnant avec des carburants neutres en carbone, tandis que l&#8217;Italie a d\u00e9clar\u00e9 qu&#8217;elle voterait contre une telle loi.<\/p>\n<p>Avec des renseignements de Carbuzz<\/p>\n<p>Le texte <a rel=\"nofollow\" href=\"https:\/\/annuelauto.ca\/lallemagne-et-litalie-retardent-le-projet-de-loi-sur-linterdiction-de-la-vente-des-vehicules-neufs-a-combustion-interne-en-2035\/\">L\u2019Allemagne et l\u2019Italie retardent le projet de loi sur l\u2019interdiction de la vente des v\u00e9hicules neufs \u00e0 combustion interne en 2035<\/a> provient de <a rel=\"nofollow\" href=\"https:\/\/annuelauto.ca\">L&#8217;annuel de l&#8217;automobile &#8211; Actualit\u00e9 automobile<\/a><\/p>\n<p><\/p>\n","protected":false},"excerpt":{"rendered":"<p>C\u2019est aujourd\u2019hui que l\u2019Europe devait voter sur le projet de loi interdisant la vente de v\u00e9hicules neufs \u00e0 essence en 2035. Mais voil\u00e0, l&#8217;Allemagne et l&#8217;Italie ne sont pas impressionn\u00e9es par la l\u00e9gislation actuelle. Le mois dernier, le Parlement europ\u00e9en a approuv\u00e9 une nouvelle l\u00e9gislation interdisant les \u00e9missions de carbone \u00e0 l&#8217;\u00e9chappement \u00e0 partir de [&hellip;]<\/p>\n","protected":false},"author":8,"featured_media":141186,"comment_status":"close","ping_status":"closed","sticky":false,"template":"","format":"standard","meta":{"_monsterinsights_skip_tracking":false,"_monsterinsights_sitenote_active":false,"_monsterinsights_sitenote_note":"","_monsterinsights_sitenote_category":0,"footnotes":""},"categories":[101],"tags":[],"yoast_head":"<!-- This site is optimized with the Yoast SEO plugin v23.2 - https:\/\/yoast.com\/wordpress\/plugins\/seo\/ -->\n<title>L\u2019Allemagne et l\u2019Italie retardent le projet de loi sur l\u2019interdiction de la vente des v\u00e9hicules neufs \u00e0 combustion interne en 2035 - CanadaMotorJobs.com<\/title>\n<meta name=\"description\" content=\"L\u2019Allemagne et l\u2019Italie retardent le projet de loi sur l\u2019interdiction de la vente des v\u00e9hicules neufs \u00e0 combustion interne en 2035 - Benoit Charette - Annuel automobile - CanadaMotorJobs.com.\" \/>\n<meta name=\"robots\" content=\"index, follow, max-snippet:-1, max-image-preview:large, max-video-preview:-1\" \/>\n<meta property=\"og:locale\" content=\"fr_CA\" \/>\n<meta property=\"og:type\" content=\"article\" \/>\n<meta property=\"og:title\" content=\"L\u2019Allemagne et l\u2019Italie retardent le projet de loi sur l\u2019interdiction de la vente des v\u00e9hicules neufs \u00e0 combustion interne en 2035 - CanadaMotorJobs.com\" \/>\n<meta property=\"og:description\" content=\"L\u2019Allemagne et l\u2019Italie retardent le projet de loi sur l\u2019interdiction de la vente des v\u00e9hicules neufs \u00e0 combustion interne en 2035 - Benoit Charette - Annuel automobile - CanadaMotorJobs.com.\" \/>\n<meta property=\"og:url\" content=\"https:\/\/news.canadamotorjobs.com\/fr\/lallemagne-et-litalie-retardent-le-projet-de-loi-sur-linterdiction-de-la-vente-des-vehicules-neufs-a-combustion-interne-en-2035\/\" \/>\n<meta property=\"og:site_name\" content=\"CanadaMotorJobs.com\" \/>\n<meta property=\"article:publisher\" content=\"https:\/\/www.facebook.com\/canadamotorjobs\/\" \/>\n<meta property=\"article:published_time\" content=\"2023-03-07T17:57:57+00:00\" \/>\n<meta property=\"article:modified_time\" content=\"2023-03-07T18:00:22+00:00\" \/>\n<meta property=\"og:image\" content=\"https:\/\/news.canadamotorjobs.com\/wp-content\/uploads\/2023\/03\/Fraunhofer-UMSICHT-1024x768-1.jpg\" \/>\n\t<meta property=\"og:image:width\" content=\"1024\" \/>\n\t<meta property=\"og:image:height\" content=\"768\" \/>\n\t<meta property=\"og:image:type\" content=\"image\/jpeg\" \/>\n<meta name=\"author\" content=\"Benoit Charette\" \/>\n<meta name=\"twitter:card\" content=\"summary_large_image\" \/>\n<meta name=\"twitter:creator\" content=\"@canadamotorjobs\" \/>\n<meta name=\"twitter:site\" content=\"@canadamotorjobs\" \/>\n<meta name=\"twitter:label1\" content=\"\u00c9crit par\" \/>\n\t<meta name=\"twitter:data1\" content=\"Benoit Charette\" \/>\n\t<meta name=\"twitter:label2\" content=\"Estimation du temps de lecture\" \/>\n\t<meta name=\"twitter:data2\" content=\"1 minute\" \/>\n<!-- \/ Yoast SEO plugin. -->","yoast_head_json":{"title":"L\u2019Allemagne et l\u2019Italie retardent le projet de loi sur l\u2019interdiction de la vente des v\u00e9hicules neufs \u00e0 combustion interne en 2035 - CanadaMotorJobs.com","description":"L\u2019Allemagne et l\u2019Italie retardent le projet de loi sur l\u2019interdiction de la vente des v\u00e9hicules neufs \u00e0 combustion interne en 2035 - Benoit Charette - Annuel automobile - CanadaMotorJobs.com.","robots":{"index":"index","follow":"follow","max-snippet":"max-snippet:-1","max-image-preview":"max-image-preview:large","max-video-preview":"max-video-preview:-1"},"og_locale":"fr_CA","og_type":"article","og_title":"L\u2019Allemagne et l\u2019Italie retardent le projet de loi sur l\u2019interdiction de la vente des v\u00e9hicules neufs \u00e0 combustion interne en 2035 - CanadaMotorJobs.com","og_description":"L\u2019Allemagne et l\u2019Italie retardent le projet de loi sur l\u2019interdiction de la vente des v\u00e9hicules neufs \u00e0 combustion interne en 2035 - Benoit Charette - Annuel automobile - CanadaMotorJobs.com.","og_url":"https:\/\/news.canadamotorjobs.com\/fr\/lallemagne-et-litalie-retardent-le-projet-de-loi-sur-linterdiction-de-la-vente-des-vehicules-neufs-a-combustion-interne-en-2035\/","og_site_name":"CanadaMotorJobs.com","article_publisher":"https:\/\/www.facebook.com\/canadamotorjobs\/","article_published_time":"2023-03-07T17:57:57+00:00","article_modified_time":"2023-03-07T18:00:22+00:00","og_image":[{"width":1024,"height":768,"url":"https:\/\/news.canadamotorjobs.com\/wp-content\/uploads\/2023\/03\/Fraunhofer-UMSICHT-1024x768-1.jpg","type":"image\/jpeg"}],"author":"Benoit Charette","twitter_card":"summary_large_image","twitter_creator":"@canadamotorjobs","twitter_site":"@canadamotorjobs","twitter_misc":{"\u00c9crit par":"Benoit Charette","Estimation du temps de lecture":"1 minute"},"schema":{"@context":"https:\/\/schema.org","@graph":[{"@type":"Article","@id":"https:\/\/news.canadamotorjobs.com\/fr\/lallemagne-et-litalie-retardent-le-projet-de-loi-sur-linterdiction-de-la-vente-des-vehicules-neufs-a-combustion-interne-en-2035\/#article","isPartOf":{"@id":"https:\/\/news.canadamotorjobs.com\/fr\/lallemagne-et-litalie-retardent-le-projet-de-loi-sur-linterdiction-de-la-vente-des-vehicules-neufs-a-combustion-interne-en-2035\/"},"author":{"name":"Benoit Charette","@id":"https:\/\/news.canadamotorjobs.com\/#\/schema\/person\/51793d1f87d44011d7bcc2ed99269a90"},"headline":"L\u2019Allemagne et l\u2019Italie retardent le projet de loi sur l\u2019interdiction de la vente des v\u00e9hicules neufs \u00e0 combustion interne en 2035","datePublished":"2023-03-07T17:57:57+00:00","dateModified":"2023-03-07T18:00:22+00:00","mainEntityOfPage":{"@id":"https:\/\/news.canadamotorjobs.com\/fr\/lallemagne-et-litalie-retardent-le-projet-de-loi-sur-linterdiction-de-la-vente-des-vehicules-neufs-a-combustion-interne-en-2035\/"},"wordCount":324,"publisher":{"@id":"https:\/\/news.canadamotorjobs.com\/#organization"},"image":{"@id":"https:\/\/news.canadamotorjobs.com\/fr\/lallemagne-et-litalie-retardent-le-projet-de-loi-sur-linterdiction-de-la-vente-des-vehicules-neufs-a-combustion-interne-en-2035\/#primaryimage"},"thumbnailUrl":"https:\/\/news.canadamotorjobs.com\/wp-content\/uploads\/2023\/03\/Fraunhofer-UMSICHT-1024x768-1.jpg","articleSection":["Annuel automobile"],"inLanguage":"fr-CA"},{"@type":"WebPage","@id":"https:\/\/news.canadamotorjobs.com\/fr\/lallemagne-et-litalie-retardent-le-projet-de-loi-sur-linterdiction-de-la-vente-des-vehicules-neufs-a-combustion-interne-en-2035\/","url":"https:\/\/news.canadamotorjobs.com\/fr\/lallemagne-et-litalie-retardent-le-projet-de-loi-sur-linterdiction-de-la-vente-des-vehicules-neufs-a-combustion-interne-en-2035\/","name":"L\u2019Allemagne et l\u2019Italie retardent le projet de loi sur l\u2019interdiction de la vente des v\u00e9hicules neufs \u00e0 combustion interne en 2035 - CanadaMotorJobs.com","isPartOf":{"@id":"https:\/\/news.canadamotorjobs.com\/#website"},"primaryImageOfPage":{"@id":"https:\/\/news.canadamotorjobs.com\/fr\/lallemagne-et-litalie-retardent-le-projet-de-loi-sur-linterdiction-de-la-vente-des-vehicules-neufs-a-combustion-interne-en-2035\/#primaryimage"},"image":{"@id":"https:\/\/news.canadamotorjobs.com\/fr\/lallemagne-et-litalie-retardent-le-projet-de-loi-sur-linterdiction-de-la-vente-des-vehicules-neufs-a-combustion-interne-en-2035\/#primaryimage"},"thumbnailUrl":"https:\/\/news.canadamotorjobs.com\/wp-content\/uploads\/2023\/03\/Fraunhofer-UMSICHT-1024x768-1.jpg","datePublished":"2023-03-07T17:57:57+00:00","dateModified":"2023-03-07T18:00:22+00:00","description":"L\u2019Allemagne et l\u2019Italie retardent le projet de loi sur l\u2019interdiction de la vente des v\u00e9hicules neufs \u00e0 combustion interne en 2035 - Benoit Charette - Annuel automobile - CanadaMotorJobs.com.","breadcrumb":{"@id":"https:\/\/news.canadamotorjobs.com\/fr\/lallemagne-et-litalie-retardent-le-projet-de-loi-sur-linterdiction-de-la-vente-des-vehicules-neufs-a-combustion-interne-en-2035\/#breadcrumb"},"inLanguage":"fr-CA","potentialAction":[{"@type":"ReadAction","target":["https:\/\/news.canadamotorjobs.com\/fr\/lallemagne-et-litalie-retardent-le-projet-de-loi-sur-linterdiction-de-la-vente-des-vehicules-neufs-a-combustion-interne-en-2035\/"]}]},{"@type":"ImageObject","inLanguage":"fr-CA","@id":"https:\/\/news.canadamotorjobs.com\/fr\/lallemagne-et-litalie-retardent-le-projet-de-loi-sur-linterdiction-de-la-vente-des-vehicules-neufs-a-combustion-interne-en-2035\/#primaryimage","url":"https:\/\/news.canadamotorjobs.com\/wp-content\/uploads\/2023\/03\/Fraunhofer-UMSICHT-1024x768-1.jpg","contentUrl":"https:\/\/news.canadamotorjobs.com\/wp-content\/uploads\/2023\/03\/Fraunhofer-UMSICHT-1024x768-1.jpg","width":1024,"height":768},{"@type":"BreadcrumbList","@id":"https:\/\/news.canadamotorjobs.com\/fr\/lallemagne-et-litalie-retardent-le-projet-de-loi-sur-linterdiction-de-la-vente-des-vehicules-neufs-a-combustion-interne-en-2035\/#breadcrumb","itemListElement":[{"@type":"ListItem","position":1,"name":"Home","item":"https:\/\/news.canadamotorjobs.com\/fr\/blog\/"},{"@type":"ListItem","position":2,"name":"L\u2019Allemagne et l\u2019Italie retardent le projet de loi sur l\u2019interdiction de la vente des v\u00e9hicules neufs \u00e0 combustion interne en 2035"}]},{"@type":"WebSite","@id":"https:\/\/news.canadamotorjobs.com\/#website","url":"https:\/\/news.canadamotorjobs.com\/","name":"CanadaMotorJobs.com","description":"Automotive Jobs","publisher":{"@id":"https:\/\/news.canadamotorjobs.com\/#organization"},"potentialAction":[{"@type":"SearchAction","target":{"@type":"EntryPoint","urlTemplate":"https:\/\/news.canadamotorjobs.com\/?s={search_term_string}"},"query-input":"required name=search_term_string"}],"inLanguage":"fr-CA"},{"@type":"Organization","@id":"https:\/\/news.canadamotorjobs.com\/#organization","name":"Canada Motor Jobs","url":"https:\/\/news.canadamotorjobs.com\/","logo":{"@type":"ImageObject","inLanguage":"fr-CA","@id":"https:\/\/news.canadamotorjobs.com\/#\/schema\/logo\/image\/","url":"https:\/\/news.canadamotorjobs.com\/wp-content\/uploads\/2022\/10\/logo-canada-motor-jobs-1.png","contentUrl":"https:\/\/news.canadamotorjobs.com\/wp-content\/uploads\/2022\/10\/logo-canada-motor-jobs-1.png","width":800,"height":400,"caption":"Canada Motor Jobs"},"image":{"@id":"https:\/\/news.canadamotorjobs.com\/#\/schema\/logo\/image\/"},"sameAs":["https:\/\/www.facebook.com\/canadamotorjobs\/","https:\/\/x.com\/canadamotorjobs","https:\/\/www.instagram.com\/canadamotorjobs\/","https:\/\/www.linkedin.com\/company\/canadamotorjobs"]},{"@type":"Person","@id":"https:\/\/news.canadamotorjobs.com\/#\/schema\/person\/51793d1f87d44011d7bcc2ed99269a90","name":"Benoit Charette","image":{"@type":"ImageObject","inLanguage":"fr-CA","@id":"https:\/\/news.canadamotorjobs.com\/#\/schema\/person\/image\/","url":"https:\/\/secure.gravatar.com\/avatar\/45f3d2eebcccd909668d7ce7ea7267b6?s=96&d=mm&r=g","contentUrl":"https:\/\/secure.gravatar.com\/avatar\/45f3d2eebcccd909668d7ce7ea7267b6?s=96&d=mm&r=g","caption":"Benoit Charette"},"description":"Benoit Charette \/ Propri\u00e9taire et r\u00e9dacteur en chef Benoit Charette pratique le journalisme automobile depuis bient\u00f4t 30 ans. Il a fait ses classes au c\u00f4t\u00e9 de Daniel H\u00e9raud et au Carnet de route de 1992 \u00e0 2001. Il est fondateur, copropri\u00e9taire et r\u00e9dacteur en chef de L\u2019Annuel de l\u2019automobile, qu\u2019il publie depuis 2001. Il a anim\u00e9 les \u00e9missions RPM et RPM+ sur V et les L\u00e9gendes de la route sur Historia. \u00c0 la radio depuis 1986, il reprend l\u2019antenne cette ann\u00e9e sur les ondes de Cogeco et participe pour la deuxi\u00e8me ann\u00e9e \u00e0 l\u2019\u00e9mission Passion Auto sur RDS en plus de mettre en ligne le site Web officiel de L\u2019Annuel de l\u2019automobile sur annuelauto.ca.","sameAs":["https:\/\/annuelauto.ca\/"],"url":"https:\/\/news.canadamotorjobs.com\/fr\/author\/benoit-charette\/"}]}},"_links":{"self":[{"href":"https:\/\/news.canadamotorjobs.com\/fr\/wp-json\/wp\/v2\/posts\/141184"}],"collection":[{"href":"https:\/\/news.canadamotorjobs.com\/fr\/wp-json\/wp\/v2\/posts"}],"about":[{"href":"https:\/\/news.canadamotorjobs.com\/fr\/wp-json\/wp\/v2\/types\/post"}],"author":[{"embeddable":true,"href":"https:\/\/news.canadamotorjobs.com\/fr\/wp-json\/wp\/v2\/users\/8"}],"replies":[{"embeddable":true,"href":"https:\/\/news.canadamotorjobs.com\/fr\/wp-json\/wp\/v2\/comments?post=141184"}],"version-history":[{"count":2,"href":"https:\/\/news.canadamotorjobs.com\/fr\/wp-json\/wp\/v2\/posts\/141184\/revisions"}],"predecessor-version":[{"id":141188,"href":"https:\/\/news.canadamotorjobs.com\/fr\/wp-json\/wp\/v2\/posts\/141184\/revisions\/141188"}],"wp:featuredmedia":[{"embeddable":true,"href":"https:\/\/news.canadamotorjobs.com\/fr\/wp-json\/wp\/v2\/media\/141186"}],"wp:attachment":[{"href":"https:\/\/news.canadamotorjobs.com\/fr\/wp-json\/wp\/v2\/media?parent=141184"}],"wp:term":[{"taxonomy":"category","embeddable":true,"href":"https:\/\/news.canadamotorjobs.com\/fr\/wp-json\/wp\/v2\/categories?post=141184"},{"taxonomy":"post_tag","embeddable":true,"href":"https:\/\/news.canadamotorjobs.com\/fr\/wp-json\/wp\/v2\/tags?post=141184"}],"curies":[{"name":"wp","href":"https:\/\/api.w.org\/{rel}","templated":true}]}}