{"id":141138,"date":"2023-03-06T17:42:02","date_gmt":"2023-03-06T22:42:02","guid":{"rendered":"https:\/\/news.canadamotorjobs.com\/?p=141138"},"modified":"2023-03-06T17:45:47","modified_gmt":"2023-03-06T22:45:47","slug":"le-mini-clubman-prend-sa-retraite","status":"publish","type":"post","link":"https:\/\/news.canadamotorjobs.com\/fr\/le-mini-clubman-prend-sa-retraite\/","title":{"rendered":"Le MINI Clubman prend sa retraite"},"content":{"rendered":"<\/p>\n<p>Apr\u00e8s 15 ans sur nos routes, le mod\u00e8le Clubman n\u2019est plus disponible sur le march\u00e9 canadien. Introduite en 2008, une deuxi\u00e8me g\u00e9n\u00e9ration avait pris la route en 2016. Son style unique de familiale avec des portes \u00e0 battants \u00e0 l\u2019arri\u00e8re en faisait un mod\u00e8le sans v\u00e9ritable concurrence. Elle \u00e9tait disponible en version Cooper de base et en version Cooper S plus puissante, avec un prix de base de 26\u00a0400\u00a0$ avant frais de transport et de livraison. La Cooper de base \u00e9tait \u00e9quip\u00e9e d&#8217;un quatre cylindres en ligne de 1,6 litre \u00e0 aspiration naturelle d\u00e9veloppant 118 chevaux et 114 livres-pieds de couple, tandis que le quatre cylindres turbo de 1,6 litre de la Cooper S d\u00e9veloppait 172 chevaux et 192 livres-pieds.<\/p>\n<h3>Plus de vari\u00e9t\u00e9 avec la seconde g\u00e9n\u00e9ration<\/h3>\n<p>\nLa deuxi\u00e8me g\u00e9n\u00e9ration du Clubman \u00e9tait offerte en version Cooper de base, Cooper S et John Cooper Works apportant la transmission int\u00e9grale ALL4 en \u00e9quipement de s\u00e9rie. La Cooper \u00e9tait \u00e9quip\u00e9e d&#8217;un moteur turbo de 1,5 litre \u00e0 trois cylindres en ligne d\u00e9veloppant 134 chevaux et 162 livres-pieds de couple, tandis que la Cooper S \u00e9tait \u00e9quip\u00e9e d&#8217;un moteur turbo de 2,0 litres d\u00e9veloppant 189 chevaux et 206 livres-pieds. Alors que la JCW de 2016 \u00e0 2019 recevait un quatre cylindres turbo de 2,0 L d\u00e9veloppant 228\u00a0ch et 258\u00a0lb-pi de couple, elle \u00e9tait dot\u00e9e de 301\u00a0ch et 332\u00a0lb-pi de 2020 \u00e0 2022.<\/p>\n<h3>Toujours en vente aux \u00c9tats-Unis<\/h3>\n<p>\nPour le moment, le Clubman continuera d\u2019\u00eatre vendu chez nos voisins du sud sous sa forme actuelle. Elle partage son architecture avec le multisegment MINI Countryman et, avec la BMW S\u00e9rie 2 Gran Coup\u00e9 qui n&#8217;est \u00e9galement plus au Canada apr\u00e8s l&#8217;ann\u00e9e-mod\u00e8le 2022. Pour l&#8217;ann\u00e9e mod\u00e8le finale, 2022, la Cooper S Clubman ALL4 \u00e9tait list\u00e9e \u00e0 36\u00a0245\u00a0$, y compris les frais de transport et de livraison, tandis que la John Cooper Works Clubman ALL4 \u00e9tait vendue au d\u00e9tail \u00e0 43\u00a0835\u00a0$.<\/p>\n<p>Avec des renseignements de Motor Illustrated<\/p>\n<p>Le texte <a rel=\"nofollow\" href=\"https:\/\/annuelauto.ca\/le-mini-clubman-prend-sa-retraite\/\">Le MINI Clubman prend sa retraite<\/a> provient de <a rel=\"nofollow\" href=\"https:\/\/annuelauto.ca\">L&#8217;annuel de l&#8217;automobile &#8211; Actualit\u00e9 automobile<\/a><\/p>\n<p><\/p>\n","protected":false},"excerpt":{"rendered":"<p>Apr\u00e8s 15 ans sur nos routes, le mod\u00e8le Clubman n\u2019est plus disponible sur le march\u00e9 canadien. Introduite en 2008, une deuxi\u00e8me g\u00e9n\u00e9ration avait pris la route en 2016. Son style unique de familiale avec des portes \u00e0 battants \u00e0 l\u2019arri\u00e8re en faisait un mod\u00e8le sans v\u00e9ritable concurrence. Elle \u00e9tait disponible en version Cooper de base [&hellip;]<\/p>\n","protected":false},"author":8,"featured_media":141140,"comment_status":"close","ping_status":"closed","sticky":false,"template":"","format":"standard","meta":{"_monsterinsights_skip_tracking":false,"_monsterinsights_sitenote_active":false,"_monsterinsights_sitenote_note":"","_monsterinsights_sitenote_category":0,"footnotes":""},"categories":[101],"tags":[],"yoast_head":"<!-- This site is optimized with the Yoast SEO plugin v23.2 - https:\/\/yoast.com\/wordpress\/plugins\/seo\/ -->\n<title>Le MINI Clubman prend sa retraite - CanadaMotorJobs.com<\/title>\n<meta name=\"description\" content=\"Le MINI Clubman prend sa retraite - Benoit Charette - Annuel automobile - CanadaMotorJobs.com.\" \/>\n<meta name=\"robots\" content=\"index, follow, max-snippet:-1, max-image-preview:large, max-video-preview:-1\" \/>\n<meta property=\"og:locale\" content=\"fr_CA\" \/>\n<meta property=\"og:type\" content=\"article\" \/>\n<meta property=\"og:title\" content=\"Le MINI Clubman prend sa retraite - CanadaMotorJobs.com\" \/>\n<meta property=\"og:description\" content=\"Le MINI Clubman prend sa retraite - Benoit Charette - Annuel automobile - CanadaMotorJobs.com.\" \/>\n<meta property=\"og:url\" content=\"https:\/\/news.canadamotorjobs.com\/fr\/le-mini-clubman-prend-sa-retraite\/\" \/>\n<meta property=\"og:site_name\" content=\"CanadaMotorJobs.com\" \/>\n<meta property=\"article:publisher\" content=\"https:\/\/www.facebook.com\/canadamotorjobs\/\" \/>\n<meta property=\"article:published_time\" content=\"2023-03-06T22:42:02+00:00\" \/>\n<meta property=\"article:modified_time\" content=\"2023-03-06T22:45:47+00:00\" \/>\n<meta property=\"og:image\" content=\"https:\/\/news.canadamotorjobs.com\/wp-content\/uploads\/2023\/03\/2020-mini-cooper-clubman-103-1555344513.jpg\" \/>\n\t<meta property=\"og:image:width\" content=\"1200\" \/>\n\t<meta property=\"og:image:height\" content=\"599\" \/>\n\t<meta property=\"og:image:type\" content=\"image\/jpeg\" \/>\n<meta name=\"author\" content=\"Benoit Charette\" \/>\n<meta name=\"twitter:card\" content=\"summary_large_image\" \/>\n<meta name=\"twitter:creator\" content=\"@canadamotorjobs\" \/>\n<meta name=\"twitter:site\" content=\"@canadamotorjobs\" \/>\n<meta name=\"twitter:label1\" content=\"\u00c9crit par\" \/>\n\t<meta name=\"twitter:data1\" content=\"Benoit Charette\" \/>\n\t<meta name=\"twitter:label2\" content=\"Estimation du temps de lecture\" \/>\n\t<meta name=\"twitter:data2\" content=\"2 minutes\" \/>\n<!-- \/ Yoast SEO plugin. -->","yoast_head_json":{"title":"Le MINI Clubman prend sa retraite - CanadaMotorJobs.com","description":"Le MINI Clubman prend sa retraite - Benoit Charette - Annuel automobile - CanadaMotorJobs.com.","robots":{"index":"index","follow":"follow","max-snippet":"max-snippet:-1","max-image-preview":"max-image-preview:large","max-video-preview":"max-video-preview:-1"},"og_locale":"fr_CA","og_type":"article","og_title":"Le MINI Clubman prend sa retraite - CanadaMotorJobs.com","og_description":"Le MINI Clubman prend sa retraite - Benoit Charette - Annuel automobile - CanadaMotorJobs.com.","og_url":"https:\/\/news.canadamotorjobs.com\/fr\/le-mini-clubman-prend-sa-retraite\/","og_site_name":"CanadaMotorJobs.com","article_publisher":"https:\/\/www.facebook.com\/canadamotorjobs\/","article_published_time":"2023-03-06T22:42:02+00:00","article_modified_time":"2023-03-06T22:45:47+00:00","og_image":[{"width":1200,"height":599,"url":"https:\/\/news.canadamotorjobs.com\/wp-content\/uploads\/2023\/03\/2020-mini-cooper-clubman-103-1555344513.jpg","type":"image\/jpeg"}],"author":"Benoit Charette","twitter_card":"summary_large_image","twitter_creator":"@canadamotorjobs","twitter_site":"@canadamotorjobs","twitter_misc":{"\u00c9crit par":"Benoit Charette","Estimation du temps de lecture":"2 minutes"},"schema":{"@context":"https:\/\/schema.org","@graph":[{"@type":"Article","@id":"https:\/\/news.canadamotorjobs.com\/fr\/le-mini-clubman-prend-sa-retraite\/#article","isPartOf":{"@id":"https:\/\/news.canadamotorjobs.com\/fr\/le-mini-clubman-prend-sa-retraite\/"},"author":{"name":"Benoit Charette","@id":"https:\/\/news.canadamotorjobs.com\/#\/schema\/person\/51793d1f87d44011d7bcc2ed99269a90"},"headline":"Le MINI Clubman prend sa retraite","datePublished":"2023-03-06T22:42:02+00:00","dateModified":"2023-03-06T22:45:47+00:00","mainEntityOfPage":{"@id":"https:\/\/news.canadamotorjobs.com\/fr\/le-mini-clubman-prend-sa-retraite\/"},"wordCount":351,"publisher":{"@id":"https:\/\/news.canadamotorjobs.com\/#organization"},"image":{"@id":"https:\/\/news.canadamotorjobs.com\/fr\/le-mini-clubman-prend-sa-retraite\/#primaryimage"},"thumbnailUrl":"https:\/\/news.canadamotorjobs.com\/wp-content\/uploads\/2023\/03\/2020-mini-cooper-clubman-103-1555344513.jpg","articleSection":["Annuel automobile"],"inLanguage":"fr-CA"},{"@type":"WebPage","@id":"https:\/\/news.canadamotorjobs.com\/fr\/le-mini-clubman-prend-sa-retraite\/","url":"https:\/\/news.canadamotorjobs.com\/fr\/le-mini-clubman-prend-sa-retraite\/","name":"Le MINI Clubman prend sa retraite - CanadaMotorJobs.com","isPartOf":{"@id":"https:\/\/news.canadamotorjobs.com\/#website"},"primaryImageOfPage":{"@id":"https:\/\/news.canadamotorjobs.com\/fr\/le-mini-clubman-prend-sa-retraite\/#primaryimage"},"image":{"@id":"https:\/\/news.canadamotorjobs.com\/fr\/le-mini-clubman-prend-sa-retraite\/#primaryimage"},"thumbnailUrl":"https:\/\/news.canadamotorjobs.com\/wp-content\/uploads\/2023\/03\/2020-mini-cooper-clubman-103-1555344513.jpg","datePublished":"2023-03-06T22:42:02+00:00","dateModified":"2023-03-06T22:45:47+00:00","description":"Le MINI Clubman prend sa retraite - Benoit Charette - Annuel automobile - CanadaMotorJobs.com.","breadcrumb":{"@id":"https:\/\/news.canadamotorjobs.com\/fr\/le-mini-clubman-prend-sa-retraite\/#breadcrumb"},"inLanguage":"fr-CA","potentialAction":[{"@type":"ReadAction","target":["https:\/\/news.canadamotorjobs.com\/fr\/le-mini-clubman-prend-sa-retraite\/"]}]},{"@type":"ImageObject","inLanguage":"fr-CA","@id":"https:\/\/news.canadamotorjobs.com\/fr\/le-mini-clubman-prend-sa-retraite\/#primaryimage","url":"https:\/\/news.canadamotorjobs.com\/wp-content\/uploads\/2023\/03\/2020-mini-cooper-clubman-103-1555344513.jpg","contentUrl":"https:\/\/news.canadamotorjobs.com\/wp-content\/uploads\/2023\/03\/2020-mini-cooper-clubman-103-1555344513.jpg","width":1200,"height":599},{"@type":"BreadcrumbList","@id":"https:\/\/news.canadamotorjobs.com\/fr\/le-mini-clubman-prend-sa-retraite\/#breadcrumb","itemListElement":[{"@type":"ListItem","position":1,"name":"Home","item":"https:\/\/news.canadamotorjobs.com\/fr\/blog\/"},{"@type":"ListItem","position":2,"name":"Le MINI Clubman prend sa retraite"}]},{"@type":"WebSite","@id":"https:\/\/news.canadamotorjobs.com\/#website","url":"https:\/\/news.canadamotorjobs.com\/","name":"CanadaMotorJobs.com","description":"Automotive Jobs","publisher":{"@id":"https:\/\/news.canadamotorjobs.com\/#organization"},"potentialAction":[{"@type":"SearchAction","target":{"@type":"EntryPoint","urlTemplate":"https:\/\/news.canadamotorjobs.com\/?s={search_term_string}"},"query-input":"required name=search_term_string"}],"inLanguage":"fr-CA"},{"@type":"Organization","@id":"https:\/\/news.canadamotorjobs.com\/#organization","name":"Canada Motor Jobs","url":"https:\/\/news.canadamotorjobs.com\/","logo":{"@type":"ImageObject","inLanguage":"fr-CA","@id":"https:\/\/news.canadamotorjobs.com\/#\/schema\/logo\/image\/","url":"https:\/\/news.canadamotorjobs.com\/wp-content\/uploads\/2022\/10\/logo-canada-motor-jobs-1.png","contentUrl":"https:\/\/news.canadamotorjobs.com\/wp-content\/uploads\/2022\/10\/logo-canada-motor-jobs-1.png","width":800,"height":400,"caption":"Canada Motor Jobs"},"image":{"@id":"https:\/\/news.canadamotorjobs.com\/#\/schema\/logo\/image\/"},"sameAs":["https:\/\/www.facebook.com\/canadamotorjobs\/","https:\/\/x.com\/canadamotorjobs","https:\/\/www.instagram.com\/canadamotorjobs\/","https:\/\/www.linkedin.com\/company\/canadamotorjobs"]},{"@type":"Person","@id":"https:\/\/news.canadamotorjobs.com\/#\/schema\/person\/51793d1f87d44011d7bcc2ed99269a90","name":"Benoit Charette","image":{"@type":"ImageObject","inLanguage":"fr-CA","@id":"https:\/\/news.canadamotorjobs.com\/#\/schema\/person\/image\/","url":"https:\/\/secure.gravatar.com\/avatar\/45f3d2eebcccd909668d7ce7ea7267b6?s=96&d=mm&r=g","contentUrl":"https:\/\/secure.gravatar.com\/avatar\/45f3d2eebcccd909668d7ce7ea7267b6?s=96&d=mm&r=g","caption":"Benoit Charette"},"description":"Benoit Charette \/ Propri\u00e9taire et r\u00e9dacteur en chef Benoit Charette pratique le journalisme automobile depuis bient\u00f4t 30 ans. Il a fait ses classes au c\u00f4t\u00e9 de Daniel H\u00e9raud et au Carnet de route de 1992 \u00e0 2001. Il est fondateur, copropri\u00e9taire et r\u00e9dacteur en chef de L\u2019Annuel de l\u2019automobile, qu\u2019il publie depuis 2001. Il a anim\u00e9 les \u00e9missions RPM et RPM+ sur V et les L\u00e9gendes de la route sur Historia. \u00c0 la radio depuis 1986, il reprend l\u2019antenne cette ann\u00e9e sur les ondes de Cogeco et participe pour la deuxi\u00e8me ann\u00e9e \u00e0 l\u2019\u00e9mission Passion Auto sur RDS en plus de mettre en ligne le site Web officiel de L\u2019Annuel de l\u2019automobile sur annuelauto.ca.","sameAs":["https:\/\/annuelauto.ca\/"],"url":"https:\/\/news.canadamotorjobs.com\/fr\/author\/benoit-charette\/"}]}},"_links":{"self":[{"href":"https:\/\/news.canadamotorjobs.com\/fr\/wp-json\/wp\/v2\/posts\/141138"}],"collection":[{"href":"https:\/\/news.canadamotorjobs.com\/fr\/wp-json\/wp\/v2\/posts"}],"about":[{"href":"https:\/\/news.canadamotorjobs.com\/fr\/wp-json\/wp\/v2\/types\/post"}],"author":[{"embeddable":true,"href":"https:\/\/news.canadamotorjobs.com\/fr\/wp-json\/wp\/v2\/users\/8"}],"replies":[{"embeddable":true,"href":"https:\/\/news.canadamotorjobs.com\/fr\/wp-json\/wp\/v2\/comments?post=141138"}],"version-history":[{"count":2,"href":"https:\/\/news.canadamotorjobs.com\/fr\/wp-json\/wp\/v2\/posts\/141138\/revisions"}],"predecessor-version":[{"id":141142,"href":"https:\/\/news.canadamotorjobs.com\/fr\/wp-json\/wp\/v2\/posts\/141138\/revisions\/141142"}],"wp:featuredmedia":[{"embeddable":true,"href":"https:\/\/news.canadamotorjobs.com\/fr\/wp-json\/wp\/v2\/media\/141140"}],"wp:attachment":[{"href":"https:\/\/news.canadamotorjobs.com\/fr\/wp-json\/wp\/v2\/media?parent=141138"}],"wp:term":[{"taxonomy":"category","embeddable":true,"href":"https:\/\/news.canadamotorjobs.com\/fr\/wp-json\/wp\/v2\/categories?post=141138"},{"taxonomy":"post_tag","embeddable":true,"href":"https:\/\/news.canadamotorjobs.com\/fr\/wp-json\/wp\/v2\/tags?post=141138"}],"curies":[{"name":"wp","href":"https:\/\/api.w.org\/{rel}","templated":true}]}}