{"id":141111,"date":"2023-03-06T09:21:49","date_gmt":"2023-03-06T14:21:49","guid":{"rendered":"https:\/\/news.canadamotorjobs.com\/?p=141111"},"modified":"2023-03-06T09:28:51","modified_gmt":"2023-03-06T14:28:51","slug":"bmw-retire-la-serie-2-gran-coupe-du-marche-canadien","status":"publish","type":"post","link":"https:\/\/news.canadamotorjobs.com\/fr\/bmw-retire-la-serie-2-gran-coupe-du-marche-canadien\/","title":{"rendered":"BMW\u00a0 retire la S\u00e9rie 2 Gran Coupe du march\u00e9 canadien"},"content":{"rendered":"<\/p>\n<p>Il s\u2019agissait du mod\u00e8le BMW le plus abordable au pays. La version de base se vendait sous la barre des 40 000\u00a0$. La Gran Coupe va continuer de se vendre aux \u00c9tats-Unis, mais pas chez nous. Le mod\u00e8le le plus abordable de BMW est dor\u00e9navant le X1. La folie des VUS se poursuit.<\/p>\n<h3>Aucune information sur la raison de son d\u00e9part<\/h3>\n<p>\nBMW Canada a refus\u00e9 de commenter les raisons pour lesquelles la BMW S\u00e9rie 2 Gran Coup\u00e9 a \u00e9t\u00e9 retir\u00e9e de la gamme. BMW ne segmente pas non plus les ventes de chaque mod\u00e8le par version. Il est donc impossible de savoir r\u00e9ellement combien de S\u00e9rie 2 Gran Coupe ont trouv\u00e9 preneurs durant les derni\u00e8res ann\u00e9es. Nous savons que BMW a vendu 721 unit\u00e9s de la S\u00e9rie 2 au Canada au cours de l&#8217;ann\u00e9e civile 2022, une baisse soit une baisse de 65 % par rapport \u00e0 2021. Cela dit, Mercedes-Benz abandonne \u00e9galement sa gamme de voitures de tourisme d&#8217;entr\u00e9e de gamme, la Classe A, apr\u00e8s l&#8217;ann\u00e9e mod\u00e8le 2022.<\/p>\n<h3>Une gamme qui \u00e9tait bien \u00e9toff\u00e9e<\/h3>\n<p>\nLa gamme actuelle de la S\u00e9rie\u00a02 comprend le coup\u00e9 230i xDrive \u00e0 51\u00a0540\u00a0$, le coup\u00e9 M240i xDrive \u00e0 62\u00a0540\u00a0$ et la BMW M2 \u00e0 80\u00a0090\u00a0$. Par ailleurs, le mod\u00e8le le plus abordable de la marque au pays est le BMW X1 2023, qui d\u00e9bute \u00e0 49\u00a0390\u00a0$. La Gran coup\u00e9 a \u00e9t\u00e9 lanc\u00e9 au Canada pour l&#8217;ann\u00e9e mod\u00e8le 2020 et \u00e9tait une voiture tr\u00e8s diff\u00e9rente par rapport au coup\u00e9 et au cabriolet de la S\u00e9rie 2. La Gran Coupe quatre portes \u00e9tait construite sur une architecture \u00e0 traction qu&#8217;elle partageait avec les MINI Clubman et MINI Countryman, bien qu&#8217;elle soit offerte avec une traction int\u00e9grale.<\/p>\n<h3>Un autre mod\u00e8le abordable qui s\u2019en va<\/h3>\n<p>\nLa BMW S\u00e9rie 2 Gran Coupe \u00e9tait propos\u00e9e dans les variantes 228i xDrive et M235i xDrive. La 228i xDrive \u00e9tait \u00e9quip\u00e9e d&#8217;un moteur turbocompress\u00e9 \u00e0 quatre cylindres de 2,0 litres qui 228 chevaux et 258 livres-pieds de couple, reli\u00e9 \u00e0 une bo\u00eete automatique \u00e0 huit vitesses automatique . La course de 0 \u00e0 100 km\/h \u00e9tait accomplie en 6,2 secondes, selon le constructeur. La M235i xDrive \u00e9tait \u00e9galement \u00e9quip\u00e9e d&#8217;un moteur turbo \u00e0 quatre cylindres de 2,0 litres turbo de 2,0 litres, mais ce moteur \u00e0 haut rendement d\u00e9veloppait 301 chevaux et 332 livres-pieds. La 228i xDrive avait un prix de base de 38\u00a0995\u00a0$ avant les frais de transport et de livraison, tandis que la M235i xDrive \u00e9tait propos\u00e9e \u00e0 partir de 52\u00a0700\u00a0$.<\/p>\n<p>\u00a0<\/p>\n<p>Avec des renseignements de Motor Illustrated<\/p>\n<p>\u00a0<\/p>\n<p>\u00a0<\/p>\n<p>\u00a0<\/p>\n<p>\u00a0<\/p>\n<p>\u00a0<\/p>\n<p>\u00a0<\/p>\n<p>\u00a0<\/p>\n<p>\u00a0<\/p>\n<p>Le texte <a rel=\"nofollow\" href=\"https:\/\/annuelauto.ca\/bmw-retire-la-serie-2-gran-coupe-du-marche-canadien\/\">BMW\u00a0 retire la S\u00e9rie 2 Gran Coupe du march\u00e9 canadien<\/a> provient de <a rel=\"nofollow\" href=\"https:\/\/annuelauto.ca\">L&#8217;annuel de l&#8217;automobile &#8211; Actualit\u00e9 automobile<\/a><\/p>\n<p><\/p>\n","protected":false},"excerpt":{"rendered":"<p>Il s\u2019agissait du mod\u00e8le BMW le plus abordable au pays. La version de base se vendait sous la barre des 40 000\u00a0$. La Gran Coupe va continuer de se vendre aux \u00c9tats-Unis, mais pas chez nous. Le mod\u00e8le le plus abordable de BMW est dor\u00e9navant le X1. La folie des VUS se poursuit. Aucune information [&hellip;]<\/p>\n","protected":false},"author":8,"featured_media":141113,"comment_status":"close","ping_status":"closed","sticky":false,"template":"","format":"standard","meta":{"_monsterinsights_skip_tracking":false,"_monsterinsights_sitenote_active":false,"_monsterinsights_sitenote_note":"","_monsterinsights_sitenote_category":0,"footnotes":""},"categories":[101],"tags":[],"yoast_head":"<!-- This site is optimized with the Yoast SEO plugin v23.2 - https:\/\/yoast.com\/wordpress\/plugins\/seo\/ -->\n<title>BMW\u00a0 retire la S\u00e9rie 2 Gran Coupe du march\u00e9 canadien - CanadaMotorJobs.com<\/title>\n<meta name=\"description\" content=\"BMW\u00a0 retire la S\u00e9rie 2 Gran Coupe du march\u00e9 canadien - Benoit Charette - Annuel automobile - CanadaMotorJobs.com.\" \/>\n<meta name=\"robots\" content=\"index, follow, max-snippet:-1, max-image-preview:large, max-video-preview:-1\" \/>\n<meta property=\"og:locale\" content=\"fr_CA\" \/>\n<meta property=\"og:type\" content=\"article\" \/>\n<meta property=\"og:title\" content=\"BMW\u00a0 retire la S\u00e9rie 2 Gran Coupe du march\u00e9 canadien - CanadaMotorJobs.com\" \/>\n<meta property=\"og:description\" content=\"BMW\u00a0 retire la S\u00e9rie 2 Gran Coupe du march\u00e9 canadien - Benoit Charette - Annuel automobile - CanadaMotorJobs.com.\" \/>\n<meta property=\"og:url\" content=\"https:\/\/news.canadamotorjobs.com\/fr\/bmw-retire-la-serie-2-gran-coupe-du-marche-canadien\/\" \/>\n<meta property=\"og:site_name\" content=\"CanadaMotorJobs.com\" \/>\n<meta property=\"article:publisher\" content=\"https:\/\/www.facebook.com\/canadamotorjobs\/\" \/>\n<meta property=\"article:published_time\" content=\"2023-03-06T14:21:49+00:00\" \/>\n<meta property=\"article:modified_time\" content=\"2023-03-06T14:28:51+00:00\" \/>\n<meta property=\"og:image\" content=\"https:\/\/news.canadamotorjobs.com\/wp-content\/uploads\/2023\/03\/2020_bmw_2-series-gran-coupe_sedan_228i-xdrive_fq_oem_1_1600.jpg\" \/>\n\t<meta property=\"og:image:width\" content=\"1600\" \/>\n\t<meta property=\"og:image:height\" content=\"1067\" \/>\n\t<meta property=\"og:image:type\" content=\"image\/jpeg\" \/>\n<meta name=\"author\" content=\"Benoit Charette\" \/>\n<meta name=\"twitter:card\" content=\"summary_large_image\" \/>\n<meta name=\"twitter:creator\" content=\"@canadamotorjobs\" \/>\n<meta name=\"twitter:site\" content=\"@canadamotorjobs\" \/>\n<meta name=\"twitter:label1\" content=\"\u00c9crit par\" \/>\n\t<meta name=\"twitter:data1\" content=\"Benoit Charette\" \/>\n\t<meta name=\"twitter:label2\" content=\"Estimation du temps de lecture\" \/>\n\t<meta name=\"twitter:data2\" content=\"2 minutes\" \/>\n<!-- \/ Yoast SEO plugin. -->","yoast_head_json":{"title":"BMW\u00a0 retire la S\u00e9rie 2 Gran Coupe du march\u00e9 canadien - CanadaMotorJobs.com","description":"BMW\u00a0 retire la S\u00e9rie 2 Gran Coupe du march\u00e9 canadien - Benoit Charette - Annuel automobile - CanadaMotorJobs.com.","robots":{"index":"index","follow":"follow","max-snippet":"max-snippet:-1","max-image-preview":"max-image-preview:large","max-video-preview":"max-video-preview:-1"},"og_locale":"fr_CA","og_type":"article","og_title":"BMW\u00a0 retire la S\u00e9rie 2 Gran Coupe du march\u00e9 canadien - CanadaMotorJobs.com","og_description":"BMW\u00a0 retire la S\u00e9rie 2 Gran Coupe du march\u00e9 canadien - Benoit Charette - Annuel automobile - CanadaMotorJobs.com.","og_url":"https:\/\/news.canadamotorjobs.com\/fr\/bmw-retire-la-serie-2-gran-coupe-du-marche-canadien\/","og_site_name":"CanadaMotorJobs.com","article_publisher":"https:\/\/www.facebook.com\/canadamotorjobs\/","article_published_time":"2023-03-06T14:21:49+00:00","article_modified_time":"2023-03-06T14:28:51+00:00","og_image":[{"width":1600,"height":1067,"url":"https:\/\/news.canadamotorjobs.com\/wp-content\/uploads\/2023\/03\/2020_bmw_2-series-gran-coupe_sedan_228i-xdrive_fq_oem_1_1600.jpg","type":"image\/jpeg"}],"author":"Benoit Charette","twitter_card":"summary_large_image","twitter_creator":"@canadamotorjobs","twitter_site":"@canadamotorjobs","twitter_misc":{"\u00c9crit par":"Benoit Charette","Estimation du temps de lecture":"2 minutes"},"schema":{"@context":"https:\/\/schema.org","@graph":[{"@type":"Article","@id":"https:\/\/news.canadamotorjobs.com\/fr\/bmw-retire-la-serie-2-gran-coupe-du-marche-canadien\/#article","isPartOf":{"@id":"https:\/\/news.canadamotorjobs.com\/fr\/bmw-retire-la-serie-2-gran-coupe-du-marche-canadien\/"},"author":{"name":"Benoit Charette","@id":"https:\/\/news.canadamotorjobs.com\/#\/schema\/person\/51793d1f87d44011d7bcc2ed99269a90"},"headline":"BMW\u00a0 retire la S\u00e9rie 2 Gran Coupe du march\u00e9 canadien","datePublished":"2023-03-06T14:21:49+00:00","dateModified":"2023-03-06T14:28:51+00:00","mainEntityOfPage":{"@id":"https:\/\/news.canadamotorjobs.com\/fr\/bmw-retire-la-serie-2-gran-coupe-du-marche-canadien\/"},"wordCount":453,"publisher":{"@id":"https:\/\/news.canadamotorjobs.com\/#organization"},"image":{"@id":"https:\/\/news.canadamotorjobs.com\/fr\/bmw-retire-la-serie-2-gran-coupe-du-marche-canadien\/#primaryimage"},"thumbnailUrl":"https:\/\/news.canadamotorjobs.com\/wp-content\/uploads\/2023\/03\/2020_bmw_2-series-gran-coupe_sedan_228i-xdrive_fq_oem_1_1600.jpg","articleSection":["Annuel automobile"],"inLanguage":"fr-CA"},{"@type":"WebPage","@id":"https:\/\/news.canadamotorjobs.com\/fr\/bmw-retire-la-serie-2-gran-coupe-du-marche-canadien\/","url":"https:\/\/news.canadamotorjobs.com\/fr\/bmw-retire-la-serie-2-gran-coupe-du-marche-canadien\/","name":"BMW\u00a0 retire la S\u00e9rie 2 Gran Coupe du march\u00e9 canadien - CanadaMotorJobs.com","isPartOf":{"@id":"https:\/\/news.canadamotorjobs.com\/#website"},"primaryImageOfPage":{"@id":"https:\/\/news.canadamotorjobs.com\/fr\/bmw-retire-la-serie-2-gran-coupe-du-marche-canadien\/#primaryimage"},"image":{"@id":"https:\/\/news.canadamotorjobs.com\/fr\/bmw-retire-la-serie-2-gran-coupe-du-marche-canadien\/#primaryimage"},"thumbnailUrl":"https:\/\/news.canadamotorjobs.com\/wp-content\/uploads\/2023\/03\/2020_bmw_2-series-gran-coupe_sedan_228i-xdrive_fq_oem_1_1600.jpg","datePublished":"2023-03-06T14:21:49+00:00","dateModified":"2023-03-06T14:28:51+00:00","description":"BMW\u00a0 retire la S\u00e9rie 2 Gran Coupe du march\u00e9 canadien - Benoit Charette - Annuel automobile - CanadaMotorJobs.com.","breadcrumb":{"@id":"https:\/\/news.canadamotorjobs.com\/fr\/bmw-retire-la-serie-2-gran-coupe-du-marche-canadien\/#breadcrumb"},"inLanguage":"fr-CA","potentialAction":[{"@type":"ReadAction","target":["https:\/\/news.canadamotorjobs.com\/fr\/bmw-retire-la-serie-2-gran-coupe-du-marche-canadien\/"]}]},{"@type":"ImageObject","inLanguage":"fr-CA","@id":"https:\/\/news.canadamotorjobs.com\/fr\/bmw-retire-la-serie-2-gran-coupe-du-marche-canadien\/#primaryimage","url":"https:\/\/news.canadamotorjobs.com\/wp-content\/uploads\/2023\/03\/2020_bmw_2-series-gran-coupe_sedan_228i-xdrive_fq_oem_1_1600.jpg","contentUrl":"https:\/\/news.canadamotorjobs.com\/wp-content\/uploads\/2023\/03\/2020_bmw_2-series-gran-coupe_sedan_228i-xdrive_fq_oem_1_1600.jpg","width":1600,"height":1067},{"@type":"BreadcrumbList","@id":"https:\/\/news.canadamotorjobs.com\/fr\/bmw-retire-la-serie-2-gran-coupe-du-marche-canadien\/#breadcrumb","itemListElement":[{"@type":"ListItem","position":1,"name":"Home","item":"https:\/\/news.canadamotorjobs.com\/fr\/blog\/"},{"@type":"ListItem","position":2,"name":"BMW\u00a0 retire la S\u00e9rie 2 Gran Coupe du march\u00e9 canadien"}]},{"@type":"WebSite","@id":"https:\/\/news.canadamotorjobs.com\/#website","url":"https:\/\/news.canadamotorjobs.com\/","name":"CanadaMotorJobs.com","description":"Automotive Jobs","publisher":{"@id":"https:\/\/news.canadamotorjobs.com\/#organization"},"potentialAction":[{"@type":"SearchAction","target":{"@type":"EntryPoint","urlTemplate":"https:\/\/news.canadamotorjobs.com\/?s={search_term_string}"},"query-input":"required name=search_term_string"}],"inLanguage":"fr-CA"},{"@type":"Organization","@id":"https:\/\/news.canadamotorjobs.com\/#organization","name":"Canada Motor Jobs","url":"https:\/\/news.canadamotorjobs.com\/","logo":{"@type":"ImageObject","inLanguage":"fr-CA","@id":"https:\/\/news.canadamotorjobs.com\/#\/schema\/logo\/image\/","url":"https:\/\/news.canadamotorjobs.com\/wp-content\/uploads\/2022\/10\/logo-canada-motor-jobs-1.png","contentUrl":"https:\/\/news.canadamotorjobs.com\/wp-content\/uploads\/2022\/10\/logo-canada-motor-jobs-1.png","width":800,"height":400,"caption":"Canada Motor Jobs"},"image":{"@id":"https:\/\/news.canadamotorjobs.com\/#\/schema\/logo\/image\/"},"sameAs":["https:\/\/www.facebook.com\/canadamotorjobs\/","https:\/\/x.com\/canadamotorjobs","https:\/\/www.instagram.com\/canadamotorjobs\/","https:\/\/www.linkedin.com\/company\/canadamotorjobs"]},{"@type":"Person","@id":"https:\/\/news.canadamotorjobs.com\/#\/schema\/person\/51793d1f87d44011d7bcc2ed99269a90","name":"Benoit Charette","image":{"@type":"ImageObject","inLanguage":"fr-CA","@id":"https:\/\/news.canadamotorjobs.com\/#\/schema\/person\/image\/","url":"https:\/\/secure.gravatar.com\/avatar\/45f3d2eebcccd909668d7ce7ea7267b6?s=96&d=mm&r=g","contentUrl":"https:\/\/secure.gravatar.com\/avatar\/45f3d2eebcccd909668d7ce7ea7267b6?s=96&d=mm&r=g","caption":"Benoit Charette"},"description":"Benoit Charette \/ Propri\u00e9taire et r\u00e9dacteur en chef Benoit Charette pratique le journalisme automobile depuis bient\u00f4t 30 ans. Il a fait ses classes au c\u00f4t\u00e9 de Daniel H\u00e9raud et au Carnet de route de 1992 \u00e0 2001. Il est fondateur, copropri\u00e9taire et r\u00e9dacteur en chef de L\u2019Annuel de l\u2019automobile, qu\u2019il publie depuis 2001. Il a anim\u00e9 les \u00e9missions RPM et RPM+ sur V et les L\u00e9gendes de la route sur Historia. \u00c0 la radio depuis 1986, il reprend l\u2019antenne cette ann\u00e9e sur les ondes de Cogeco et participe pour la deuxi\u00e8me ann\u00e9e \u00e0 l\u2019\u00e9mission Passion Auto sur RDS en plus de mettre en ligne le site Web officiel de L\u2019Annuel de l\u2019automobile sur annuelauto.ca.","sameAs":["https:\/\/annuelauto.ca\/"],"url":"https:\/\/news.canadamotorjobs.com\/fr\/author\/benoit-charette\/"}]}},"_links":{"self":[{"href":"https:\/\/news.canadamotorjobs.com\/fr\/wp-json\/wp\/v2\/posts\/141111"}],"collection":[{"href":"https:\/\/news.canadamotorjobs.com\/fr\/wp-json\/wp\/v2\/posts"}],"about":[{"href":"https:\/\/news.canadamotorjobs.com\/fr\/wp-json\/wp\/v2\/types\/post"}],"author":[{"embeddable":true,"href":"https:\/\/news.canadamotorjobs.com\/fr\/wp-json\/wp\/v2\/users\/8"}],"replies":[{"embeddable":true,"href":"https:\/\/news.canadamotorjobs.com\/fr\/wp-json\/wp\/v2\/comments?post=141111"}],"version-history":[{"count":2,"href":"https:\/\/news.canadamotorjobs.com\/fr\/wp-json\/wp\/v2\/posts\/141111\/revisions"}],"predecessor-version":[{"id":141115,"href":"https:\/\/news.canadamotorjobs.com\/fr\/wp-json\/wp\/v2\/posts\/141111\/revisions\/141115"}],"wp:featuredmedia":[{"embeddable":true,"href":"https:\/\/news.canadamotorjobs.com\/fr\/wp-json\/wp\/v2\/media\/141113"}],"wp:attachment":[{"href":"https:\/\/news.canadamotorjobs.com\/fr\/wp-json\/wp\/v2\/media?parent=141111"}],"wp:term":[{"taxonomy":"category","embeddable":true,"href":"https:\/\/news.canadamotorjobs.com\/fr\/wp-json\/wp\/v2\/categories?post=141111"},{"taxonomy":"post_tag","embeddable":true,"href":"https:\/\/news.canadamotorjobs.com\/fr\/wp-json\/wp\/v2\/tags?post=141111"}],"curies":[{"name":"wp","href":"https:\/\/api.w.org\/{rel}","templated":true}]}}