{"id":141082,"date":"2023-03-04T07:11:32","date_gmt":"2023-03-04T12:11:32","guid":{"rendered":"https:\/\/news.canadamotorjobs.com\/?p=141082"},"modified":"2023-03-04T07:15:49","modified_gmt":"2023-03-04T12:15:49","slug":"ford-veut-tripler-sa-production-de-f-150-lightning","status":"publish","type":"post","link":"https:\/\/news.canadamotorjobs.com\/fr\/ford-veut-tripler-sa-production-de-f-150-lightning\/","title":{"rendered":"Ford veut tripler sa production de F-150 Lightning"},"content":{"rendered":"<\/p>\n<p>Malgr\u00e9 un arr\u00eat forc\u00e9 dans sa production pour des probl\u00e8mes de possible incendie dans les batteries, Ford a laiss\u00e9 entendre hier qu\u2019elle a l\u2019intention de tripler la production de son F-150 Lightning. Elle veut aussi doubler la production du Mustang Mach-E<\/p>\n<h3>Plus de 60\u00a0000 v\u00e9hicules \u00e9lectriques l\u2019an dernier<\/h3>\n<p>\nApr\u00e8s avoir vendu 61\u00a0575 V\u00c9S l&#8217;ann\u00e9e derni\u00e8re, Ford est devenu le deuxi\u00e8me plus grand constructeur de v\u00e9hicules \u00e9lectriques aux \u00c9tats-Unis, derri\u00e8re Tesla. Le constructeur automobile a rencontr\u00e9 quelques probl\u00e8mes cette ann\u00e9e apr\u00e8s avoir interrompu la production de son populaire F-150 Lightning au d\u00e9but du mois de f\u00e9vrier. Au cours des inspections de qualit\u00e9 avant livraison, l&#8217;un des v\u00e9hicules pr\u00e9sentait un probl\u00e8me de batterie, ce qui a incit\u00e9 Ford \u00e0 interrompre les livraisons dans tout le pays le temps de mener une enqu\u00eate. Ford a depuis corrig\u00e9 le probl\u00e8me et a d\u00e9clar\u00e9 qu&#8217;elle reprendrait la production le 13 mars au Rouge Electric Vehicle Center.<\/p>\n<h3>Les projets pour 2023<\/h3>\n<p>\nFord a d\u00e9clar\u00e9 vendredi dans un communiqu\u00e9 de presse qu&#8217;il allait &#8220;stimuler la production de ses V\u00c9S populaires&#8221; apr\u00e8s un &#8220;fort d\u00e9marrage des ventes en 2023.&#8221; Ford donc l\u2019intention de construire 150 00- F-150 Lightning en 2023, plus de 210 000 Mach-E. Il y a deux ans, Ford a d\u00e9clar\u00e9 qu&#8217;elle pr\u00e9voyait de doubler sa production pour atteindre 55 000 v\u00e9hicules \u00e9lectriques (trois fois plus que ses pr\u00e9visions initiales) en 2023. Aujourd&#8217;hui, l&#8217;entreprise vise \u00e0 fabriquer plus de 360 000 V\u00c9S cette ann\u00e9e. Bien que cela puisse sembler une augmentation significative, ce n&#8217;est toujours pas suffisant. La demande est l\u00e0. Le probl\u00e8me est de suivre le rythme de la production.<\/p>\n<p>Avec des renseignements d\u2019Elektrek<\/p>\n<p>Le texte <a rel=\"nofollow\" href=\"https:\/\/annuelauto.ca\/ford-veut-tripler-sa-production-de-f-150-lightning\/\">Ford veut tripler sa production de F-150 Lightning<\/a> provient de <a rel=\"nofollow\" href=\"https:\/\/annuelauto.ca\">L&#8217;annuel de l&#8217;automobile &#8211; Actualit\u00e9 automobile<\/a><\/p>\n<p><\/p>\n","protected":false},"excerpt":{"rendered":"<p>Malgr\u00e9 un arr\u00eat forc\u00e9 dans sa production pour des probl\u00e8mes de possible incendie dans les batteries, Ford a laiss\u00e9 entendre hier qu\u2019elle a l\u2019intention de tripler la production de son F-150 Lightning. Elle veut aussi doubler la production du Mustang Mach-E Plus de 60\u00a0000 v\u00e9hicules \u00e9lectriques l\u2019an dernier Apr\u00e8s avoir vendu 61\u00a0575 V\u00c9S l&#8217;ann\u00e9e derni\u00e8re, [&hellip;]<\/p>\n","protected":false},"author":8,"featured_media":141084,"comment_status":"close","ping_status":"closed","sticky":false,"template":"","format":"standard","meta":{"_monsterinsights_skip_tracking":false,"_monsterinsights_sitenote_active":false,"_monsterinsights_sitenote_note":"","_monsterinsights_sitenote_category":0,"footnotes":""},"categories":[101],"tags":[],"yoast_head":"<!-- This site is optimized with the Yoast SEO plugin v23.2 - https:\/\/yoast.com\/wordpress\/plugins\/seo\/ -->\n<title>Ford veut tripler sa production de F-150 Lightning - CanadaMotorJobs.com<\/title>\n<meta name=\"description\" content=\"Ford veut tripler sa production de F-150 Lightning - Benoit Charette - Annuel automobile - CanadaMotorJobs.com.\" \/>\n<meta name=\"robots\" content=\"index, follow, max-snippet:-1, max-image-preview:large, max-video-preview:-1\" \/>\n<meta property=\"og:locale\" content=\"fr_CA\" \/>\n<meta property=\"og:type\" content=\"article\" \/>\n<meta property=\"og:title\" content=\"Ford veut tripler sa production de F-150 Lightning - CanadaMotorJobs.com\" \/>\n<meta property=\"og:description\" content=\"Ford veut tripler sa production de F-150 Lightning - Benoit Charette - Annuel automobile - CanadaMotorJobs.com.\" \/>\n<meta property=\"og:url\" content=\"https:\/\/news.canadamotorjobs.com\/fr\/ford-veut-tripler-sa-production-de-f-150-lightning\/\" \/>\n<meta property=\"og:site_name\" content=\"CanadaMotorJobs.com\" \/>\n<meta property=\"article:publisher\" content=\"https:\/\/www.facebook.com\/canadamotorjobs\/\" \/>\n<meta property=\"article:published_time\" content=\"2023-03-04T12:11:32+00:00\" \/>\n<meta property=\"article:modified_time\" content=\"2023-03-04T12:15:49+00:00\" \/>\n<meta property=\"og:image\" content=\"https:\/\/news.canadamotorjobs.com\/wp-content\/uploads\/2023\/03\/2022-Ford-F-150-Lightning-Hands-On-Preview-01.jpg\" \/>\n\t<meta property=\"og:image:width\" content=\"1800\" \/>\n\t<meta property=\"og:image:height\" content=\"1200\" \/>\n\t<meta property=\"og:image:type\" content=\"image\/jpeg\" \/>\n<meta name=\"author\" content=\"Benoit Charette\" \/>\n<meta name=\"twitter:card\" content=\"summary_large_image\" \/>\n<meta name=\"twitter:creator\" content=\"@canadamotorjobs\" \/>\n<meta name=\"twitter:site\" content=\"@canadamotorjobs\" \/>\n<meta name=\"twitter:label1\" content=\"\u00c9crit par\" \/>\n\t<meta name=\"twitter:data1\" content=\"Benoit Charette\" \/>\n\t<meta name=\"twitter:label2\" content=\"Estimation du temps de lecture\" \/>\n\t<meta name=\"twitter:data2\" content=\"2 minutes\" \/>\n<!-- \/ Yoast SEO plugin. -->","yoast_head_json":{"title":"Ford veut tripler sa production de F-150 Lightning - CanadaMotorJobs.com","description":"Ford veut tripler sa production de F-150 Lightning - Benoit Charette - Annuel automobile - CanadaMotorJobs.com.","robots":{"index":"index","follow":"follow","max-snippet":"max-snippet:-1","max-image-preview":"max-image-preview:large","max-video-preview":"max-video-preview:-1"},"og_locale":"fr_CA","og_type":"article","og_title":"Ford veut tripler sa production de F-150 Lightning - CanadaMotorJobs.com","og_description":"Ford veut tripler sa production de F-150 Lightning - Benoit Charette - Annuel automobile - CanadaMotorJobs.com.","og_url":"https:\/\/news.canadamotorjobs.com\/fr\/ford-veut-tripler-sa-production-de-f-150-lightning\/","og_site_name":"CanadaMotorJobs.com","article_publisher":"https:\/\/www.facebook.com\/canadamotorjobs\/","article_published_time":"2023-03-04T12:11:32+00:00","article_modified_time":"2023-03-04T12:15:49+00:00","og_image":[{"width":1800,"height":1200,"url":"https:\/\/news.canadamotorjobs.com\/wp-content\/uploads\/2023\/03\/2022-Ford-F-150-Lightning-Hands-On-Preview-01.jpg","type":"image\/jpeg"}],"author":"Benoit Charette","twitter_card":"summary_large_image","twitter_creator":"@canadamotorjobs","twitter_site":"@canadamotorjobs","twitter_misc":{"\u00c9crit par":"Benoit Charette","Estimation du temps de lecture":"2 minutes"},"schema":{"@context":"https:\/\/schema.org","@graph":[{"@type":"Article","@id":"https:\/\/news.canadamotorjobs.com\/fr\/ford-veut-tripler-sa-production-de-f-150-lightning\/#article","isPartOf":{"@id":"https:\/\/news.canadamotorjobs.com\/fr\/ford-veut-tripler-sa-production-de-f-150-lightning\/"},"author":{"name":"Benoit Charette","@id":"https:\/\/news.canadamotorjobs.com\/#\/schema\/person\/51793d1f87d44011d7bcc2ed99269a90"},"headline":"Ford veut tripler sa production de F-150 Lightning","datePublished":"2023-03-04T12:11:32+00:00","dateModified":"2023-03-04T12:15:49+00:00","mainEntityOfPage":{"@id":"https:\/\/news.canadamotorjobs.com\/fr\/ford-veut-tripler-sa-production-de-f-150-lightning\/"},"wordCount":325,"publisher":{"@id":"https:\/\/news.canadamotorjobs.com\/#organization"},"image":{"@id":"https:\/\/news.canadamotorjobs.com\/fr\/ford-veut-tripler-sa-production-de-f-150-lightning\/#primaryimage"},"thumbnailUrl":"https:\/\/news.canadamotorjobs.com\/wp-content\/uploads\/2023\/03\/2022-Ford-F-150-Lightning-Hands-On-Preview-01.jpg","articleSection":["Annuel automobile"],"inLanguage":"fr-CA"},{"@type":"WebPage","@id":"https:\/\/news.canadamotorjobs.com\/fr\/ford-veut-tripler-sa-production-de-f-150-lightning\/","url":"https:\/\/news.canadamotorjobs.com\/fr\/ford-veut-tripler-sa-production-de-f-150-lightning\/","name":"Ford veut tripler sa production de F-150 Lightning - CanadaMotorJobs.com","isPartOf":{"@id":"https:\/\/news.canadamotorjobs.com\/#website"},"primaryImageOfPage":{"@id":"https:\/\/news.canadamotorjobs.com\/fr\/ford-veut-tripler-sa-production-de-f-150-lightning\/#primaryimage"},"image":{"@id":"https:\/\/news.canadamotorjobs.com\/fr\/ford-veut-tripler-sa-production-de-f-150-lightning\/#primaryimage"},"thumbnailUrl":"https:\/\/news.canadamotorjobs.com\/wp-content\/uploads\/2023\/03\/2022-Ford-F-150-Lightning-Hands-On-Preview-01.jpg","datePublished":"2023-03-04T12:11:32+00:00","dateModified":"2023-03-04T12:15:49+00:00","description":"Ford veut tripler sa production de F-150 Lightning - Benoit Charette - Annuel automobile - CanadaMotorJobs.com.","breadcrumb":{"@id":"https:\/\/news.canadamotorjobs.com\/fr\/ford-veut-tripler-sa-production-de-f-150-lightning\/#breadcrumb"},"inLanguage":"fr-CA","potentialAction":[{"@type":"ReadAction","target":["https:\/\/news.canadamotorjobs.com\/fr\/ford-veut-tripler-sa-production-de-f-150-lightning\/"]}]},{"@type":"ImageObject","inLanguage":"fr-CA","@id":"https:\/\/news.canadamotorjobs.com\/fr\/ford-veut-tripler-sa-production-de-f-150-lightning\/#primaryimage","url":"https:\/\/news.canadamotorjobs.com\/wp-content\/uploads\/2023\/03\/2022-Ford-F-150-Lightning-Hands-On-Preview-01.jpg","contentUrl":"https:\/\/news.canadamotorjobs.com\/wp-content\/uploads\/2023\/03\/2022-Ford-F-150-Lightning-Hands-On-Preview-01.jpg","width":1800,"height":1200},{"@type":"BreadcrumbList","@id":"https:\/\/news.canadamotorjobs.com\/fr\/ford-veut-tripler-sa-production-de-f-150-lightning\/#breadcrumb","itemListElement":[{"@type":"ListItem","position":1,"name":"Home","item":"https:\/\/news.canadamotorjobs.com\/fr\/blog\/"},{"@type":"ListItem","position":2,"name":"Ford veut tripler sa production de F-150 Lightning"}]},{"@type":"WebSite","@id":"https:\/\/news.canadamotorjobs.com\/#website","url":"https:\/\/news.canadamotorjobs.com\/","name":"CanadaMotorJobs.com","description":"Automotive Jobs","publisher":{"@id":"https:\/\/news.canadamotorjobs.com\/#organization"},"potentialAction":[{"@type":"SearchAction","target":{"@type":"EntryPoint","urlTemplate":"https:\/\/news.canadamotorjobs.com\/?s={search_term_string}"},"query-input":"required name=search_term_string"}],"inLanguage":"fr-CA"},{"@type":"Organization","@id":"https:\/\/news.canadamotorjobs.com\/#organization","name":"Canada Motor Jobs","url":"https:\/\/news.canadamotorjobs.com\/","logo":{"@type":"ImageObject","inLanguage":"fr-CA","@id":"https:\/\/news.canadamotorjobs.com\/#\/schema\/logo\/image\/","url":"https:\/\/news.canadamotorjobs.com\/wp-content\/uploads\/2022\/10\/logo-canada-motor-jobs-1.png","contentUrl":"https:\/\/news.canadamotorjobs.com\/wp-content\/uploads\/2022\/10\/logo-canada-motor-jobs-1.png","width":800,"height":400,"caption":"Canada Motor Jobs"},"image":{"@id":"https:\/\/news.canadamotorjobs.com\/#\/schema\/logo\/image\/"},"sameAs":["https:\/\/www.facebook.com\/canadamotorjobs\/","https:\/\/x.com\/canadamotorjobs","https:\/\/www.instagram.com\/canadamotorjobs\/","https:\/\/www.linkedin.com\/company\/canadamotorjobs"]},{"@type":"Person","@id":"https:\/\/news.canadamotorjobs.com\/#\/schema\/person\/51793d1f87d44011d7bcc2ed99269a90","name":"Benoit Charette","image":{"@type":"ImageObject","inLanguage":"fr-CA","@id":"https:\/\/news.canadamotorjobs.com\/#\/schema\/person\/image\/","url":"https:\/\/secure.gravatar.com\/avatar\/45f3d2eebcccd909668d7ce7ea7267b6?s=96&d=mm&r=g","contentUrl":"https:\/\/secure.gravatar.com\/avatar\/45f3d2eebcccd909668d7ce7ea7267b6?s=96&d=mm&r=g","caption":"Benoit Charette"},"description":"Benoit Charette \/ Propri\u00e9taire et r\u00e9dacteur en chef Benoit Charette pratique le journalisme automobile depuis bient\u00f4t 30 ans. Il a fait ses classes au c\u00f4t\u00e9 de Daniel H\u00e9raud et au Carnet de route de 1992 \u00e0 2001. Il est fondateur, copropri\u00e9taire et r\u00e9dacteur en chef de L\u2019Annuel de l\u2019automobile, qu\u2019il publie depuis 2001. Il a anim\u00e9 les \u00e9missions RPM et RPM+ sur V et les L\u00e9gendes de la route sur Historia. \u00c0 la radio depuis 1986, il reprend l\u2019antenne cette ann\u00e9e sur les ondes de Cogeco et participe pour la deuxi\u00e8me ann\u00e9e \u00e0 l\u2019\u00e9mission Passion Auto sur RDS en plus de mettre en ligne le site Web officiel de L\u2019Annuel de l\u2019automobile sur annuelauto.ca.","sameAs":["https:\/\/annuelauto.ca\/"],"url":"https:\/\/news.canadamotorjobs.com\/fr\/author\/benoit-charette\/"}]}},"_links":{"self":[{"href":"https:\/\/news.canadamotorjobs.com\/fr\/wp-json\/wp\/v2\/posts\/141082"}],"collection":[{"href":"https:\/\/news.canadamotorjobs.com\/fr\/wp-json\/wp\/v2\/posts"}],"about":[{"href":"https:\/\/news.canadamotorjobs.com\/fr\/wp-json\/wp\/v2\/types\/post"}],"author":[{"embeddable":true,"href":"https:\/\/news.canadamotorjobs.com\/fr\/wp-json\/wp\/v2\/users\/8"}],"replies":[{"embeddable":true,"href":"https:\/\/news.canadamotorjobs.com\/fr\/wp-json\/wp\/v2\/comments?post=141082"}],"version-history":[{"count":2,"href":"https:\/\/news.canadamotorjobs.com\/fr\/wp-json\/wp\/v2\/posts\/141082\/revisions"}],"predecessor-version":[{"id":141086,"href":"https:\/\/news.canadamotorjobs.com\/fr\/wp-json\/wp\/v2\/posts\/141082\/revisions\/141086"}],"wp:featuredmedia":[{"embeddable":true,"href":"https:\/\/news.canadamotorjobs.com\/fr\/wp-json\/wp\/v2\/media\/141084"}],"wp:attachment":[{"href":"https:\/\/news.canadamotorjobs.com\/fr\/wp-json\/wp\/v2\/media?parent=141082"}],"wp:term":[{"taxonomy":"category","embeddable":true,"href":"https:\/\/news.canadamotorjobs.com\/fr\/wp-json\/wp\/v2\/categories?post=141082"},{"taxonomy":"post_tag","embeddable":true,"href":"https:\/\/news.canadamotorjobs.com\/fr\/wp-json\/wp\/v2\/tags?post=141082"}],"curies":[{"name":"wp","href":"https:\/\/api.w.org\/{rel}","templated":true}]}}