{"id":141063,"date":"2023-03-03T18:47:51","date_gmt":"2023-03-03T23:47:51","guid":{"rendered":"https:\/\/news.canadamotorjobs.com\/?p=141063"},"modified":"2023-03-03T18:58:44","modified_gmt":"2023-03-03T23:58:44","slug":"68-des-americains-sont-contre-les-voitures-autonomes","status":"publish","type":"post","link":"https:\/\/news.canadamotorjobs.com\/fr\/68-des-americains-sont-contre-les-voitures-autonomes\/","title":{"rendered":"68\u00a0% des Am\u00e9ricains sont contre les voitures autonomes"},"content":{"rendered":"<\/p>\n<p>C\u2019est ce que r\u00e9v\u00e8le une nouvelle enqu\u00eate publi\u00e9e par AAA qui montre que davantage d&#8217;Am\u00e9ricains ne font confiance \u00e0 la technologie des v\u00e9hicules autonomes. Dans ce sondage 68\u00a0% des personnes interrog\u00e9es ont indiqu\u00e9 qu&#8217;elles avaient peur de conduire dans un v\u00e9hicule \u00e0 conduite autonome, soit une augmentation par rapport aux 55\u00a0% de l&#8217;\u00e9tude de l&#8217;ann\u00e9e derni\u00e8re. Cette diff\u00e9rence de 13% est la plus forte augmentation depuis 2020. L&#8217;AAA a interrog\u00e9 environ 1 000 personnes.<\/p>\n<h3>Il y a aussi un manque d\u2019informations<\/h3>\n<p>\nL&#8217;enqu\u00eate a r\u00e9v\u00e9l\u00e9 un autre \u00e9l\u00e9ment d&#8217;information essentiel : de graves id\u00e9es fausses sur les v\u00e9hicules autonomes. Un adulte am\u00e9ricain interrog\u00e9 sur dix pense pouvoir acheter une nouvelle voiture qui se conduit toute seule pendant son sommeil. De toute \u00e9vidence, ce n&#8217;est pas vrai, et cela r\u00e9v\u00e8le clairement un probl\u00e8me de marketing que les constructeurs automobiles doivent r\u00e9soudre rapidement.<\/p>\n<h3>Des noms \u00e9vocateurs<\/h3>\n<p>\nLes personnes interrog\u00e9es ont \u00e9galement indiqu\u00e9 que le nom que les constructeurs automobiles donnent \u00e0 leurs syst\u00e8mes de conduite autonome est probl\u00e9matique. Un syst\u00e8me qui se nomme Autopilot et Full Self-Driving de Tesla s\u00e8me la confusion, car il ne se conduit pas tout seul. Tout comme Pro-Pilot ou Pilot assist qui ne livre pas la marchandise annonc\u00e9e. \u00c0 ce jour, seule Mercedes-Benz a officiellement atteint le niveau 3 \u00e0 ce jour, et son utilisation est limit\u00e9e \u00e0 l\u2019Allemagne et uniquement sur les mod\u00e8les de Classe S et EQS .<\/p>\n<p>\u00a0<\/p>\n<p>Avec des renseignements de CarBuzz<\/p>\n<p>Le texte <a rel=\"nofollow\" href=\"https:\/\/annuelauto.ca\/68-des-americains-sont-contre-les-voitures-autonomes\/\">68\u00a0% des Am\u00e9ricains sont contre les voitures autonomes<\/a> provient de <a rel=\"nofollow\" href=\"https:\/\/annuelauto.ca\">L&#8217;annuel de l&#8217;automobile &#8211; Actualit\u00e9 automobile<\/a><\/p>\n<p><\/p>\n","protected":false},"excerpt":{"rendered":"<p>C\u2019est ce que r\u00e9v\u00e8le une nouvelle enqu\u00eate publi\u00e9e par AAA qui montre que davantage d&#8217;Am\u00e9ricains ne font confiance \u00e0 la technologie des v\u00e9hicules autonomes. Dans ce sondage 68\u00a0% des personnes interrog\u00e9es ont indiqu\u00e9 qu&#8217;elles avaient peur de conduire dans un v\u00e9hicule \u00e0 conduite autonome, soit une augmentation par rapport aux 55\u00a0% de l&#8217;\u00e9tude de l&#8217;ann\u00e9e [&hellip;]<\/p>\n","protected":false},"author":8,"featured_media":141065,"comment_status":"close","ping_status":"closed","sticky":false,"template":"","format":"standard","meta":{"_monsterinsights_skip_tracking":false,"_monsterinsights_sitenote_active":false,"_monsterinsights_sitenote_note":"","_monsterinsights_sitenote_category":0,"footnotes":""},"categories":[101],"tags":[],"yoast_head":"<!-- This site is optimized with the Yoast SEO plugin v23.2 - https:\/\/yoast.com\/wordpress\/plugins\/seo\/ -->\n<title>68\u00a0% des Am\u00e9ricains sont contre les voitures autonomes - CanadaMotorJobs.com<\/title>\n<meta name=\"description\" content=\"68\u00a0% des Am\u00e9ricains sont contre les voitures autonomes - Benoit Charette - Annuel automobile - CanadaMotorJobs.com.\" \/>\n<meta name=\"robots\" content=\"index, follow, max-snippet:-1, max-image-preview:large, max-video-preview:-1\" \/>\n<meta property=\"og:locale\" content=\"fr_CA\" \/>\n<meta property=\"og:type\" content=\"article\" \/>\n<meta property=\"og:title\" content=\"68\u00a0% des Am\u00e9ricains sont contre les voitures autonomes - CanadaMotorJobs.com\" \/>\n<meta property=\"og:description\" content=\"68\u00a0% des Am\u00e9ricains sont contre les voitures autonomes - Benoit Charette - Annuel automobile - CanadaMotorJobs.com.\" \/>\n<meta property=\"og:url\" content=\"https:\/\/news.canadamotorjobs.com\/fr\/68-des-americains-sont-contre-les-voitures-autonomes\/\" \/>\n<meta property=\"og:site_name\" content=\"CanadaMotorJobs.com\" \/>\n<meta property=\"article:publisher\" content=\"https:\/\/www.facebook.com\/canadamotorjobs\/\" \/>\n<meta property=\"article:published_time\" content=\"2023-03-03T23:47:51+00:00\" \/>\n<meta property=\"article:modified_time\" content=\"2023-03-03T23:58:44+00:00\" \/>\n<meta property=\"og:image\" content=\"https:\/\/news.canadamotorjobs.com\/wp-content\/uploads\/2023\/03\/Autonomous-Vehicle-800-Presans-1.jpg\" \/>\n\t<meta property=\"og:image:width\" content=\"800\" \/>\n\t<meta property=\"og:image:height\" content=\"445\" \/>\n\t<meta property=\"og:image:type\" content=\"image\/jpeg\" \/>\n<meta name=\"author\" content=\"Benoit Charette\" \/>\n<meta name=\"twitter:card\" content=\"summary_large_image\" \/>\n<meta name=\"twitter:creator\" content=\"@canadamotorjobs\" \/>\n<meta name=\"twitter:site\" content=\"@canadamotorjobs\" \/>\n<meta name=\"twitter:label1\" content=\"\u00c9crit par\" \/>\n\t<meta name=\"twitter:data1\" content=\"Benoit Charette\" \/>\n\t<meta name=\"twitter:label2\" content=\"Estimation du temps de lecture\" \/>\n\t<meta name=\"twitter:data2\" content=\"1 minute\" \/>\n<!-- \/ Yoast SEO plugin. -->","yoast_head_json":{"title":"68\u00a0% des Am\u00e9ricains sont contre les voitures autonomes - CanadaMotorJobs.com","description":"68\u00a0% des Am\u00e9ricains sont contre les voitures autonomes - Benoit Charette - Annuel automobile - CanadaMotorJobs.com.","robots":{"index":"index","follow":"follow","max-snippet":"max-snippet:-1","max-image-preview":"max-image-preview:large","max-video-preview":"max-video-preview:-1"},"og_locale":"fr_CA","og_type":"article","og_title":"68\u00a0% des Am\u00e9ricains sont contre les voitures autonomes - CanadaMotorJobs.com","og_description":"68\u00a0% des Am\u00e9ricains sont contre les voitures autonomes - Benoit Charette - Annuel automobile - CanadaMotorJobs.com.","og_url":"https:\/\/news.canadamotorjobs.com\/fr\/68-des-americains-sont-contre-les-voitures-autonomes\/","og_site_name":"CanadaMotorJobs.com","article_publisher":"https:\/\/www.facebook.com\/canadamotorjobs\/","article_published_time":"2023-03-03T23:47:51+00:00","article_modified_time":"2023-03-03T23:58:44+00:00","og_image":[{"width":800,"height":445,"url":"https:\/\/news.canadamotorjobs.com\/wp-content\/uploads\/2023\/03\/Autonomous-Vehicle-800-Presans-1.jpg","type":"image\/jpeg"}],"author":"Benoit Charette","twitter_card":"summary_large_image","twitter_creator":"@canadamotorjobs","twitter_site":"@canadamotorjobs","twitter_misc":{"\u00c9crit par":"Benoit Charette","Estimation du temps de lecture":"1 minute"},"schema":{"@context":"https:\/\/schema.org","@graph":[{"@type":"Article","@id":"https:\/\/news.canadamotorjobs.com\/fr\/68-des-americains-sont-contre-les-voitures-autonomes\/#article","isPartOf":{"@id":"https:\/\/news.canadamotorjobs.com\/fr\/68-des-americains-sont-contre-les-voitures-autonomes\/"},"author":{"name":"Benoit Charette","@id":"https:\/\/news.canadamotorjobs.com\/#\/schema\/person\/51793d1f87d44011d7bcc2ed99269a90"},"headline":"68\u00a0% des Am\u00e9ricains sont contre les voitures autonomes","datePublished":"2023-03-03T23:47:51+00:00","dateModified":"2023-03-03T23:58:44+00:00","mainEntityOfPage":{"@id":"https:\/\/news.canadamotorjobs.com\/fr\/68-des-americains-sont-contre-les-voitures-autonomes\/"},"wordCount":290,"publisher":{"@id":"https:\/\/news.canadamotorjobs.com\/#organization"},"image":{"@id":"https:\/\/news.canadamotorjobs.com\/fr\/68-des-americains-sont-contre-les-voitures-autonomes\/#primaryimage"},"thumbnailUrl":"https:\/\/news.canadamotorjobs.com\/wp-content\/uploads\/2023\/03\/Autonomous-Vehicle-800-Presans-1.jpg","articleSection":["Annuel automobile"],"inLanguage":"fr-CA"},{"@type":"WebPage","@id":"https:\/\/news.canadamotorjobs.com\/fr\/68-des-americains-sont-contre-les-voitures-autonomes\/","url":"https:\/\/news.canadamotorjobs.com\/fr\/68-des-americains-sont-contre-les-voitures-autonomes\/","name":"68\u00a0% des Am\u00e9ricains sont contre les voitures autonomes - CanadaMotorJobs.com","isPartOf":{"@id":"https:\/\/news.canadamotorjobs.com\/#website"},"primaryImageOfPage":{"@id":"https:\/\/news.canadamotorjobs.com\/fr\/68-des-americains-sont-contre-les-voitures-autonomes\/#primaryimage"},"image":{"@id":"https:\/\/news.canadamotorjobs.com\/fr\/68-des-americains-sont-contre-les-voitures-autonomes\/#primaryimage"},"thumbnailUrl":"https:\/\/news.canadamotorjobs.com\/wp-content\/uploads\/2023\/03\/Autonomous-Vehicle-800-Presans-1.jpg","datePublished":"2023-03-03T23:47:51+00:00","dateModified":"2023-03-03T23:58:44+00:00","description":"68\u00a0% des Am\u00e9ricains sont contre les voitures autonomes - Benoit Charette - Annuel automobile - CanadaMotorJobs.com.","breadcrumb":{"@id":"https:\/\/news.canadamotorjobs.com\/fr\/68-des-americains-sont-contre-les-voitures-autonomes\/#breadcrumb"},"inLanguage":"fr-CA","potentialAction":[{"@type":"ReadAction","target":["https:\/\/news.canadamotorjobs.com\/fr\/68-des-americains-sont-contre-les-voitures-autonomes\/"]}]},{"@type":"ImageObject","inLanguage":"fr-CA","@id":"https:\/\/news.canadamotorjobs.com\/fr\/68-des-americains-sont-contre-les-voitures-autonomes\/#primaryimage","url":"https:\/\/news.canadamotorjobs.com\/wp-content\/uploads\/2023\/03\/Autonomous-Vehicle-800-Presans-1.jpg","contentUrl":"https:\/\/news.canadamotorjobs.com\/wp-content\/uploads\/2023\/03\/Autonomous-Vehicle-800-Presans-1.jpg","width":800,"height":445},{"@type":"BreadcrumbList","@id":"https:\/\/news.canadamotorjobs.com\/fr\/68-des-americains-sont-contre-les-voitures-autonomes\/#breadcrumb","itemListElement":[{"@type":"ListItem","position":1,"name":"Home","item":"https:\/\/news.canadamotorjobs.com\/fr\/blog\/"},{"@type":"ListItem","position":2,"name":"68\u00a0% des Am\u00e9ricains sont contre les voitures autonomes"}]},{"@type":"WebSite","@id":"https:\/\/news.canadamotorjobs.com\/#website","url":"https:\/\/news.canadamotorjobs.com\/","name":"CanadaMotorJobs.com","description":"Automotive Jobs","publisher":{"@id":"https:\/\/news.canadamotorjobs.com\/#organization"},"potentialAction":[{"@type":"SearchAction","target":{"@type":"EntryPoint","urlTemplate":"https:\/\/news.canadamotorjobs.com\/?s={search_term_string}"},"query-input":"required name=search_term_string"}],"inLanguage":"fr-CA"},{"@type":"Organization","@id":"https:\/\/news.canadamotorjobs.com\/#organization","name":"Canada Motor Jobs","url":"https:\/\/news.canadamotorjobs.com\/","logo":{"@type":"ImageObject","inLanguage":"fr-CA","@id":"https:\/\/news.canadamotorjobs.com\/#\/schema\/logo\/image\/","url":"https:\/\/news.canadamotorjobs.com\/wp-content\/uploads\/2022\/10\/logo-canada-motor-jobs-1.png","contentUrl":"https:\/\/news.canadamotorjobs.com\/wp-content\/uploads\/2022\/10\/logo-canada-motor-jobs-1.png","width":800,"height":400,"caption":"Canada Motor Jobs"},"image":{"@id":"https:\/\/news.canadamotorjobs.com\/#\/schema\/logo\/image\/"},"sameAs":["https:\/\/www.facebook.com\/canadamotorjobs\/","https:\/\/x.com\/canadamotorjobs","https:\/\/www.instagram.com\/canadamotorjobs\/","https:\/\/www.linkedin.com\/company\/canadamotorjobs"]},{"@type":"Person","@id":"https:\/\/news.canadamotorjobs.com\/#\/schema\/person\/51793d1f87d44011d7bcc2ed99269a90","name":"Benoit Charette","image":{"@type":"ImageObject","inLanguage":"fr-CA","@id":"https:\/\/news.canadamotorjobs.com\/#\/schema\/person\/image\/","url":"https:\/\/secure.gravatar.com\/avatar\/45f3d2eebcccd909668d7ce7ea7267b6?s=96&d=mm&r=g","contentUrl":"https:\/\/secure.gravatar.com\/avatar\/45f3d2eebcccd909668d7ce7ea7267b6?s=96&d=mm&r=g","caption":"Benoit Charette"},"description":"Benoit Charette \/ Propri\u00e9taire et r\u00e9dacteur en chef Benoit Charette pratique le journalisme automobile depuis bient\u00f4t 30 ans. Il a fait ses classes au c\u00f4t\u00e9 de Daniel H\u00e9raud et au Carnet de route de 1992 \u00e0 2001. Il est fondateur, copropri\u00e9taire et r\u00e9dacteur en chef de L\u2019Annuel de l\u2019automobile, qu\u2019il publie depuis 2001. Il a anim\u00e9 les \u00e9missions RPM et RPM+ sur V et les L\u00e9gendes de la route sur Historia. \u00c0 la radio depuis 1986, il reprend l\u2019antenne cette ann\u00e9e sur les ondes de Cogeco et participe pour la deuxi\u00e8me ann\u00e9e \u00e0 l\u2019\u00e9mission Passion Auto sur RDS en plus de mettre en ligne le site Web officiel de L\u2019Annuel de l\u2019automobile sur annuelauto.ca.","sameAs":["https:\/\/annuelauto.ca\/"],"url":"https:\/\/news.canadamotorjobs.com\/fr\/author\/benoit-charette\/"}]}},"_links":{"self":[{"href":"https:\/\/news.canadamotorjobs.com\/fr\/wp-json\/wp\/v2\/posts\/141063"}],"collection":[{"href":"https:\/\/news.canadamotorjobs.com\/fr\/wp-json\/wp\/v2\/posts"}],"about":[{"href":"https:\/\/news.canadamotorjobs.com\/fr\/wp-json\/wp\/v2\/types\/post"}],"author":[{"embeddable":true,"href":"https:\/\/news.canadamotorjobs.com\/fr\/wp-json\/wp\/v2\/users\/8"}],"replies":[{"embeddable":true,"href":"https:\/\/news.canadamotorjobs.com\/fr\/wp-json\/wp\/v2\/comments?post=141063"}],"version-history":[{"count":2,"href":"https:\/\/news.canadamotorjobs.com\/fr\/wp-json\/wp\/v2\/posts\/141063\/revisions"}],"predecessor-version":[{"id":141067,"href":"https:\/\/news.canadamotorjobs.com\/fr\/wp-json\/wp\/v2\/posts\/141063\/revisions\/141067"}],"wp:featuredmedia":[{"embeddable":true,"href":"https:\/\/news.canadamotorjobs.com\/fr\/wp-json\/wp\/v2\/media\/141065"}],"wp:attachment":[{"href":"https:\/\/news.canadamotorjobs.com\/fr\/wp-json\/wp\/v2\/media?parent=141063"}],"wp:term":[{"taxonomy":"category","embeddable":true,"href":"https:\/\/news.canadamotorjobs.com\/fr\/wp-json\/wp\/v2\/categories?post=141063"},{"taxonomy":"post_tag","embeddable":true,"href":"https:\/\/news.canadamotorjobs.com\/fr\/wp-json\/wp\/v2\/tags?post=141063"}],"curies":[{"name":"wp","href":"https:\/\/api.w.org\/{rel}","templated":true}]}}