{"id":141036,"date":"2023-03-03T18:15:20","date_gmt":"2023-03-03T23:15:20","guid":{"rendered":"https:\/\/news.canadamotorjobs.com\/?p=141036"},"modified":"2023-03-03T18:28:49","modified_gmt":"2023-03-03T23:28:49","slug":"ac-cars-nous-presente-les-premieres-images-de-la-prochaine-cobra","status":"publish","type":"post","link":"https:\/\/news.canadamotorjobs.com\/fr\/ac-cars-nous-presente-les-premieres-images-de-la-prochaine-cobra\/","title":{"rendered":"AC cars nous pr\u00e9sente les premi\u00e8res images de la prochaine Cobra"},"content":{"rendered":"<\/p>\n<p>Fond\u00e9e en 1901, AC Cars est l&#8217;une des plus anciennes soci\u00e9t\u00e9s automobiles du Royaume-Uni, et c&#8217;est la soci\u00e9t\u00e9 dont la voiture de sport Ace originale a \u00e9t\u00e9 dot\u00e9e d&#8217;un V-8 par Carroll Shelby pour cr\u00e9er la l\u00e9gendaire Shelby Cobra en 1962.<\/p>\n<h3>Un retour pour bient\u00f4t avec une relecture moderne de son l\u00e9gendaire mod\u00e8le<\/h3>\n<p>\nAC Cars va faire un retour dans la production automobile avec une nouvelle Cobra au style \u00e9pur\u00e9 qui sera r\u00e9v\u00e9l\u00e9 en avril. Avant le lancement, la soci\u00e9t\u00e9 a fourni des images g\u00e9n\u00e9r\u00e9es par ordinateur qui donnent aux amateurs un aper\u00e7u de ce qui les attend. La Shelby a \u00e9t\u00e9 commercialis\u00e9e sous le nom d&#8217;AC Cobra sur certains march\u00e9s, et AC a r\u00e9cemment commenc\u00e9 \u00e0 construire des r\u00e9pliques, dont certaines sont aliment\u00e9es versions sont \u00e9lectriques.<\/p>\n<h3>On garde le nom<\/h3>\n<p>\nLa nouvelle voiture portera le nom d&#8217;AC Cobra GT Roadster et, bien qu&#8217;elle ressemble \u00e0 l&#8217;original, elle a \u00e9t\u00e9 d\u00e9velopp\u00e9e \u00e0 partir d\u2019une ardoise vierge en utilisant des technologies et des processus d&#8217;ing\u00e9nierie modernes. Par exemple, elle est dot\u00e9e d&#8217;un ch\u00e2ssis en aluminium extrud\u00e9 et d&#8217;une carrosserie en mat\u00e9riaux composites de carbone, et la suspension a \u00e9t\u00e9 d\u00e9velopp\u00e9e en partenariat avec une \u00e9quipe de course.<\/p>\n<h3>Ford fournit le moteur<\/h3>\n<p>\nLa puissance est fournie par un V8 Ford de 5,0 litres, qui peut \u00eatre associ\u00e9 \u00e0 une bo\u00eete manuelle \u00e0 6 vitesses ou \u00e0 une bo\u00eete automatique \u00e0 10 vitesses. La puissance maximale est de 654\u00a0ch et le couple de 575\u00a0lb-pi. Avec un poids \u00e0 vide qui devrait se situer autour de 1\u00a0360 kilos, cette puissance devrait permettre de passer de 0 \u00e0 100\u00a0km\/h en 3,4 secondes environ, selon AC. La vitesse de pointe sera d&#8217;environ 275\u00a0km\/h.AC n&#8217;a pas encore finalis\u00e9 le prix, mais il devrait \u00eatre d&#8217;environ 285 000 livres sterling (environ 465 000 dollars). Le carnet de commande sont d\u00e9j\u00e0 ouverts, et les premi\u00e8res livraisons sont pr\u00e9vues pour 2024. La production sera limit\u00e9e, selon AC.<\/p>\n<h3>Plus grande que l\u2019originale<\/h3>\n<p>\nLa Cobra GT Roadster est plus grande que la Cobra originale. L&#8217;empattement est de 101 pouces, soit environ 11 pouces de plus que l&#8217;original, mais la longueur totale n&#8217;a augment\u00e9 que de 4,3 pouces, pour atteindre un total de 166 pouces. La voie est \u00e9galement plus large, ce qui contribue \u00e0 am\u00e9liorer la tenue de route tout en offrant une position plus ferme. La voiture est \u00e9galement \u00e9quip\u00e9e de tout le confort moderne, comme des vitres \u00e9lectriques, la climatisation automatique et un syst\u00e8me d&#8217;infodivertissement avec navigation. AC proposera \u00e9galement une longue liste d&#8217;options, notamment des si\u00e8ges en fibre de carbone, des garnitures en cuir et un toit rigide amovible.<\/p>\n<p>\u00a0<\/p>\n<p>Avec des renseignements de Motor Authority<\/p>\n<p>\u00a0<\/p>\n<p>Le texte <a rel=\"nofollow\" href=\"https:\/\/annuelauto.ca\/ac-cars-nous-presente-les-premieres-images-de-la-prochaine-cobra\/\">AC cars nous pr\u00e9sente les premi\u00e8res images de la prochaine Cobra<\/a> provient de <a rel=\"nofollow\" href=\"https:\/\/annuelauto.ca\">L&#8217;annuel de l&#8217;automobile &#8211; Actualit\u00e9 automobile<\/a><\/p>\n<p><\/p>\n","protected":false},"excerpt":{"rendered":"<p>Fond\u00e9e en 1901, AC Cars est l&#8217;une des plus anciennes soci\u00e9t\u00e9s automobiles du Royaume-Uni, et c&#8217;est la soci\u00e9t\u00e9 dont la voiture de sport Ace originale a \u00e9t\u00e9 dot\u00e9e d&#8217;un V-8 par Carroll Shelby pour cr\u00e9er la l\u00e9gendaire Shelby Cobra en 1962. Un retour pour bient\u00f4t avec une relecture moderne de son l\u00e9gendaire mod\u00e8le AC Cars [&hellip;]<\/p>\n","protected":false},"author":8,"featured_media":141038,"comment_status":"close","ping_status":"closed","sticky":false,"template":"","format":"standard","meta":{"_monsterinsights_skip_tracking":false,"_monsterinsights_sitenote_active":false,"_monsterinsights_sitenote_note":"","_monsterinsights_sitenote_category":0,"footnotes":""},"categories":[101],"tags":[],"yoast_head":"<!-- This site is optimized with the Yoast SEO plugin v23.2 - https:\/\/yoast.com\/wordpress\/plugins\/seo\/ -->\n<title>AC cars nous pr\u00e9sente les premi\u00e8res images de la prochaine Cobra - CanadaMotorJobs.com<\/title>\n<meta name=\"description\" content=\"AC cars nous pr\u00e9sente les premi\u00e8res images de la prochaine Cobra - Benoit Charette - Annuel automobile - CanadaMotorJobs.com.\" \/>\n<meta name=\"robots\" content=\"index, follow, max-snippet:-1, max-image-preview:large, max-video-preview:-1\" \/>\n<meta property=\"og:locale\" content=\"fr_CA\" \/>\n<meta property=\"og:type\" content=\"article\" \/>\n<meta property=\"og:title\" content=\"AC cars nous pr\u00e9sente les premi\u00e8res images de la prochaine Cobra - CanadaMotorJobs.com\" \/>\n<meta property=\"og:description\" content=\"AC cars nous pr\u00e9sente les premi\u00e8res images de la prochaine Cobra - Benoit Charette - Annuel automobile - CanadaMotorJobs.com.\" \/>\n<meta property=\"og:url\" content=\"https:\/\/news.canadamotorjobs.com\/fr\/ac-cars-nous-presente-les-premieres-images-de-la-prochaine-cobra\/\" \/>\n<meta property=\"og:site_name\" content=\"CanadaMotorJobs.com\" \/>\n<meta property=\"article:publisher\" content=\"https:\/\/www.facebook.com\/canadamotorjobs\/\" \/>\n<meta property=\"article:published_time\" content=\"2023-03-03T23:15:20+00:00\" \/>\n<meta property=\"article:modified_time\" content=\"2023-03-03T23:28:49+00:00\" \/>\n<meta property=\"og:image\" content=\"https:\/\/news.canadamotorjobs.com\/wp-content\/uploads\/2023\/03\/099-ac-cobra-gt-roadster.jpg\" \/>\n\t<meta property=\"og:image:width\" content=\"2000\" \/>\n\t<meta property=\"og:image:height\" content=\"1125\" \/>\n\t<meta property=\"og:image:type\" content=\"image\/jpeg\" \/>\n<meta name=\"author\" content=\"Benoit Charette\" \/>\n<meta name=\"twitter:card\" content=\"summary_large_image\" \/>\n<meta name=\"twitter:creator\" content=\"@canadamotorjobs\" \/>\n<meta name=\"twitter:site\" content=\"@canadamotorjobs\" \/>\n<meta name=\"twitter:label1\" content=\"\u00c9crit par\" \/>\n\t<meta name=\"twitter:data1\" content=\"Benoit Charette\" \/>\n\t<meta name=\"twitter:label2\" content=\"Estimation du temps de lecture\" \/>\n\t<meta name=\"twitter:data2\" content=\"2 minutes\" \/>\n<!-- \/ Yoast SEO plugin. -->","yoast_head_json":{"title":"AC cars nous pr\u00e9sente les premi\u00e8res images de la prochaine Cobra - CanadaMotorJobs.com","description":"AC cars nous pr\u00e9sente les premi\u00e8res images de la prochaine Cobra - Benoit Charette - Annuel automobile - CanadaMotorJobs.com.","robots":{"index":"index","follow":"follow","max-snippet":"max-snippet:-1","max-image-preview":"max-image-preview:large","max-video-preview":"max-video-preview:-1"},"og_locale":"fr_CA","og_type":"article","og_title":"AC cars nous pr\u00e9sente les premi\u00e8res images de la prochaine Cobra - CanadaMotorJobs.com","og_description":"AC cars nous pr\u00e9sente les premi\u00e8res images de la prochaine Cobra - Benoit Charette - Annuel automobile - CanadaMotorJobs.com.","og_url":"https:\/\/news.canadamotorjobs.com\/fr\/ac-cars-nous-presente-les-premieres-images-de-la-prochaine-cobra\/","og_site_name":"CanadaMotorJobs.com","article_publisher":"https:\/\/www.facebook.com\/canadamotorjobs\/","article_published_time":"2023-03-03T23:15:20+00:00","article_modified_time":"2023-03-03T23:28:49+00:00","og_image":[{"width":2000,"height":1125,"url":"https:\/\/news.canadamotorjobs.com\/wp-content\/uploads\/2023\/03\/099-ac-cobra-gt-roadster.jpg","type":"image\/jpeg"}],"author":"Benoit Charette","twitter_card":"summary_large_image","twitter_creator":"@canadamotorjobs","twitter_site":"@canadamotorjobs","twitter_misc":{"\u00c9crit par":"Benoit Charette","Estimation du temps de lecture":"2 minutes"},"schema":{"@context":"https:\/\/schema.org","@graph":[{"@type":"Article","@id":"https:\/\/news.canadamotorjobs.com\/fr\/ac-cars-nous-presente-les-premieres-images-de-la-prochaine-cobra\/#article","isPartOf":{"@id":"https:\/\/news.canadamotorjobs.com\/fr\/ac-cars-nous-presente-les-premieres-images-de-la-prochaine-cobra\/"},"author":{"name":"Benoit Charette","@id":"https:\/\/news.canadamotorjobs.com\/#\/schema\/person\/51793d1f87d44011d7bcc2ed99269a90"},"headline":"AC cars nous pr\u00e9sente les premi\u00e8res images de la prochaine Cobra","datePublished":"2023-03-03T23:15:20+00:00","dateModified":"2023-03-03T23:28:49+00:00","mainEntityOfPage":{"@id":"https:\/\/news.canadamotorjobs.com\/fr\/ac-cars-nous-presente-les-premieres-images-de-la-prochaine-cobra\/"},"wordCount":510,"publisher":{"@id":"https:\/\/news.canadamotorjobs.com\/#organization"},"image":{"@id":"https:\/\/news.canadamotorjobs.com\/fr\/ac-cars-nous-presente-les-premieres-images-de-la-prochaine-cobra\/#primaryimage"},"thumbnailUrl":"https:\/\/news.canadamotorjobs.com\/wp-content\/uploads\/2023\/03\/099-ac-cobra-gt-roadster.jpg","articleSection":["Annuel automobile"],"inLanguage":"fr-CA"},{"@type":"WebPage","@id":"https:\/\/news.canadamotorjobs.com\/fr\/ac-cars-nous-presente-les-premieres-images-de-la-prochaine-cobra\/","url":"https:\/\/news.canadamotorjobs.com\/fr\/ac-cars-nous-presente-les-premieres-images-de-la-prochaine-cobra\/","name":"AC cars nous pr\u00e9sente les premi\u00e8res images de la prochaine Cobra - CanadaMotorJobs.com","isPartOf":{"@id":"https:\/\/news.canadamotorjobs.com\/#website"},"primaryImageOfPage":{"@id":"https:\/\/news.canadamotorjobs.com\/fr\/ac-cars-nous-presente-les-premieres-images-de-la-prochaine-cobra\/#primaryimage"},"image":{"@id":"https:\/\/news.canadamotorjobs.com\/fr\/ac-cars-nous-presente-les-premieres-images-de-la-prochaine-cobra\/#primaryimage"},"thumbnailUrl":"https:\/\/news.canadamotorjobs.com\/wp-content\/uploads\/2023\/03\/099-ac-cobra-gt-roadster.jpg","datePublished":"2023-03-03T23:15:20+00:00","dateModified":"2023-03-03T23:28:49+00:00","description":"AC cars nous pr\u00e9sente les premi\u00e8res images de la prochaine Cobra - Benoit Charette - Annuel automobile - CanadaMotorJobs.com.","breadcrumb":{"@id":"https:\/\/news.canadamotorjobs.com\/fr\/ac-cars-nous-presente-les-premieres-images-de-la-prochaine-cobra\/#breadcrumb"},"inLanguage":"fr-CA","potentialAction":[{"@type":"ReadAction","target":["https:\/\/news.canadamotorjobs.com\/fr\/ac-cars-nous-presente-les-premieres-images-de-la-prochaine-cobra\/"]}]},{"@type":"ImageObject","inLanguage":"fr-CA","@id":"https:\/\/news.canadamotorjobs.com\/fr\/ac-cars-nous-presente-les-premieres-images-de-la-prochaine-cobra\/#primaryimage","url":"https:\/\/news.canadamotorjobs.com\/wp-content\/uploads\/2023\/03\/099-ac-cobra-gt-roadster.jpg","contentUrl":"https:\/\/news.canadamotorjobs.com\/wp-content\/uploads\/2023\/03\/099-ac-cobra-gt-roadster.jpg","width":2000,"height":1125},{"@type":"BreadcrumbList","@id":"https:\/\/news.canadamotorjobs.com\/fr\/ac-cars-nous-presente-les-premieres-images-de-la-prochaine-cobra\/#breadcrumb","itemListElement":[{"@type":"ListItem","position":1,"name":"Home","item":"https:\/\/news.canadamotorjobs.com\/fr\/blog\/"},{"@type":"ListItem","position":2,"name":"AC cars nous pr\u00e9sente les premi\u00e8res images de la prochaine Cobra"}]},{"@type":"WebSite","@id":"https:\/\/news.canadamotorjobs.com\/#website","url":"https:\/\/news.canadamotorjobs.com\/","name":"CanadaMotorJobs.com","description":"Automotive Jobs","publisher":{"@id":"https:\/\/news.canadamotorjobs.com\/#organization"},"potentialAction":[{"@type":"SearchAction","target":{"@type":"EntryPoint","urlTemplate":"https:\/\/news.canadamotorjobs.com\/?s={search_term_string}"},"query-input":"required name=search_term_string"}],"inLanguage":"fr-CA"},{"@type":"Organization","@id":"https:\/\/news.canadamotorjobs.com\/#organization","name":"Canada Motor Jobs","url":"https:\/\/news.canadamotorjobs.com\/","logo":{"@type":"ImageObject","inLanguage":"fr-CA","@id":"https:\/\/news.canadamotorjobs.com\/#\/schema\/logo\/image\/","url":"https:\/\/news.canadamotorjobs.com\/wp-content\/uploads\/2022\/10\/logo-canada-motor-jobs-1.png","contentUrl":"https:\/\/news.canadamotorjobs.com\/wp-content\/uploads\/2022\/10\/logo-canada-motor-jobs-1.png","width":800,"height":400,"caption":"Canada Motor Jobs"},"image":{"@id":"https:\/\/news.canadamotorjobs.com\/#\/schema\/logo\/image\/"},"sameAs":["https:\/\/www.facebook.com\/canadamotorjobs\/","https:\/\/x.com\/canadamotorjobs","https:\/\/www.instagram.com\/canadamotorjobs\/","https:\/\/www.linkedin.com\/company\/canadamotorjobs"]},{"@type":"Person","@id":"https:\/\/news.canadamotorjobs.com\/#\/schema\/person\/51793d1f87d44011d7bcc2ed99269a90","name":"Benoit Charette","image":{"@type":"ImageObject","inLanguage":"fr-CA","@id":"https:\/\/news.canadamotorjobs.com\/#\/schema\/person\/image\/","url":"https:\/\/secure.gravatar.com\/avatar\/45f3d2eebcccd909668d7ce7ea7267b6?s=96&d=mm&r=g","contentUrl":"https:\/\/secure.gravatar.com\/avatar\/45f3d2eebcccd909668d7ce7ea7267b6?s=96&d=mm&r=g","caption":"Benoit Charette"},"description":"Benoit Charette \/ Propri\u00e9taire et r\u00e9dacteur en chef Benoit Charette pratique le journalisme automobile depuis bient\u00f4t 30 ans. Il a fait ses classes au c\u00f4t\u00e9 de Daniel H\u00e9raud et au Carnet de route de 1992 \u00e0 2001. Il est fondateur, copropri\u00e9taire et r\u00e9dacteur en chef de L\u2019Annuel de l\u2019automobile, qu\u2019il publie depuis 2001. Il a anim\u00e9 les \u00e9missions RPM et RPM+ sur V et les L\u00e9gendes de la route sur Historia. \u00c0 la radio depuis 1986, il reprend l\u2019antenne cette ann\u00e9e sur les ondes de Cogeco et participe pour la deuxi\u00e8me ann\u00e9e \u00e0 l\u2019\u00e9mission Passion Auto sur RDS en plus de mettre en ligne le site Web officiel de L\u2019Annuel de l\u2019automobile sur annuelauto.ca.","sameAs":["https:\/\/annuelauto.ca\/"],"url":"https:\/\/news.canadamotorjobs.com\/fr\/author\/benoit-charette\/"}]}},"_links":{"self":[{"href":"https:\/\/news.canadamotorjobs.com\/fr\/wp-json\/wp\/v2\/posts\/141036"}],"collection":[{"href":"https:\/\/news.canadamotorjobs.com\/fr\/wp-json\/wp\/v2\/posts"}],"about":[{"href":"https:\/\/news.canadamotorjobs.com\/fr\/wp-json\/wp\/v2\/types\/post"}],"author":[{"embeddable":true,"href":"https:\/\/news.canadamotorjobs.com\/fr\/wp-json\/wp\/v2\/users\/8"}],"replies":[{"embeddable":true,"href":"https:\/\/news.canadamotorjobs.com\/fr\/wp-json\/wp\/v2\/comments?post=141036"}],"version-history":[{"count":2,"href":"https:\/\/news.canadamotorjobs.com\/fr\/wp-json\/wp\/v2\/posts\/141036\/revisions"}],"predecessor-version":[{"id":141040,"href":"https:\/\/news.canadamotorjobs.com\/fr\/wp-json\/wp\/v2\/posts\/141036\/revisions\/141040"}],"wp:featuredmedia":[{"embeddable":true,"href":"https:\/\/news.canadamotorjobs.com\/fr\/wp-json\/wp\/v2\/media\/141038"}],"wp:attachment":[{"href":"https:\/\/news.canadamotorjobs.com\/fr\/wp-json\/wp\/v2\/media?parent=141036"}],"wp:term":[{"taxonomy":"category","embeddable":true,"href":"https:\/\/news.canadamotorjobs.com\/fr\/wp-json\/wp\/v2\/categories?post=141036"},{"taxonomy":"post_tag","embeddable":true,"href":"https:\/\/news.canadamotorjobs.com\/fr\/wp-json\/wp\/v2\/tags?post=141036"}],"curies":[{"name":"wp","href":"https:\/\/api.w.org\/{rel}","templated":true}]}}