{"id":141009,"date":"2023-03-03T17:26:34","date_gmt":"2023-03-03T22:26:34","guid":{"rendered":"https:\/\/news.canadamotorjobs.com\/?p=141009"},"modified":"2023-03-03T17:28:50","modified_gmt":"2023-03-03T22:28:50","slug":"vw-va-construire-une-usine-dassemblage-scout-de-2-milliards-de-dollars-en-caroline-du-sud","status":"publish","type":"post","link":"https:\/\/news.canadamotorjobs.com\/fr\/vw-va-construire-une-usine-dassemblage-scout-de-2-milliards-de-dollars-en-caroline-du-sud\/","title":{"rendered":"VW va construire une usine d\u2019assemblage Scout de 2 milliards de dollars en Caroline du Sud."},"content":{"rendered":"<\/p>\n<h3>On va vendre un pick-up et un VUS sur le march\u00e9 canadien et am\u00e9ricain<\/h3>\n<p>\nC\u2019est la ville de\u00a0 Blythewood, en Caroline du Sud, qui va fabriquer un VUS et des pick-up \u00e9lectriques \u00e0 partir de 2026, ce qui entra\u00eenerait la cr\u00e9ation d&#8217;environ 4 000 emplois. L&#8217;usine Scout, d&#8217;une capacit\u00e9 annuelle de plus de 200 000 v\u00e9hicules, fabriquera des v\u00e9hicules exclusivement pour cette marque et non pour d&#8217;autres marques du groupe comme Volkswagen ou Audi, a d\u00e9clar\u00e9 un porte-parole du groupe VW d&#8217;Am\u00e9rique .<\/p>\n<h3>Les\u00a0 batteries viendront du Canada<\/h3>\n<p>\nLes v\u00e9hicules Scout reposeront sur une nouvelle plateforme \u00e9lectrique con\u00e7ue en Allemagne, a d\u00e9clar\u00e9 VW lors de l&#8217;annonce de la marque. Volkswagen a pr\u00e9cis\u00e9 que les batteries qui8 alimenteront les v\u00e9hicules fabriqu\u00e9s en Caroline du Sud seront fabriqu\u00e9s \u00e0 sa future usine canadienne, mais Volkswagen n\u2019a pas encore pris de d\u00e9cision sur l\u2019emplacement. Le 23 ao\u00fbt dernier, VW a sign\u00e9 un accord avec des repr\u00e9sentants du gouvernement canadien afin de collaborer sur les opportunit\u00e9s de la cha\u00eene de valeur des v\u00e9hicules \u00e9lectriques et d&#8217;\u00e9tablir un bureau au Canada pour son unit\u00e9 de batterie interne, PowerCo. \u00c0 l&#8217;\u00e9poque, les dirigeants de l&#8217;entreprise ont d\u00e9clar\u00e9 que les plans canadiens visaient \u00e0 couvrir les premiers maillons de la cha\u00eene d&#8217;approvisionnement en batteries pour v\u00e9hicules \u00e9lectriques, \u00e0 savoir l&#8217;exploitation mini\u00e8re, le traitement, la production de mat\u00e9riaux actifs cathodiques et la fabrication de cellules de batterie.<\/p>\n<h3>Une deuxi\u00e8me usine aux \u00c9tats-Unis<\/h3>\n<p>\nVW assemble actuellement son mod\u00e8le ID4 \u00e0 Chattanooga, et re\u00e7oit ses batteries d&#8217;une usine SK Innovation situ\u00e9e dans la G\u00e9orgie voisine. Toutefois, l&#8217;entreprise pr\u00e9voit \u00e0 long terme d&#8217;int\u00e9grer verticalement la quasi-totalit\u00e9 de la fabrication de ses batteries au niveau mondial par l&#8217;interm\u00e9diaire de PowerCo, une bonne nouvelle pour le Canada.D&#8217;autres v\u00e9hicules \u00e9lectriques devraient \u00eatre construits \u00e0 Chattanooga, notamment un VUS de la taille de l&#8217;Atlas, pr\u00e9vu dans quelques ann\u00e9es. VW exploite \u00e9galement une grande usine d&#8217;assemblage \u00e0 Puebla, au Mexique, ainsi qu&#8217;une usine Audi \u00e0 San Jose Chiapa, au Mexique, mais ces usines ne fabriquent actuellement que des v\u00e9hicules \u00e0 combustion interne. Des cadres d&#8217;Audi ont d\u00e9clar\u00e9 s\u00e9par\u00e9ment \u00e0 Automotive News que la marque haut de gamme avait \u00e9galement besoin d&#8217;une usine d&#8217;assemblage de VE en Am\u00e9rique du Nord.<\/p>\n<p>\u00a0<\/p>\n<p>Avec des renseignements d\u2019Automotive News<\/p>\n<p>\u00a0<\/p>\n<p>Le texte <a rel=\"nofollow\" href=\"https:\/\/annuelauto.ca\/vw-va-construire-une-usine-dassemblage-scout-de-2-milliards-de-dollars-en-caroline-du-sud\/\">VW va construire une usine d\u2019assemblage Scout de 2 milliards de dollars en Caroline du Sud.<\/a> provient de <a rel=\"nofollow\" href=\"https:\/\/annuelauto.ca\">L&#8217;annuel de l&#8217;automobile &#8211; Actualit\u00e9 automobile<\/a><\/p>\n<p><\/p>\n","protected":false},"excerpt":{"rendered":"<p>On va vendre un pick-up et un VUS sur le march\u00e9 canadien et am\u00e9ricain C\u2019est la ville de\u00a0 Blythewood, en Caroline du Sud, qui va fabriquer un VUS et des pick-up \u00e9lectriques \u00e0 partir de 2026, ce qui entra\u00eenerait la cr\u00e9ation d&#8217;environ 4 000 emplois. L&#8217;usine Scout, d&#8217;une capacit\u00e9 annuelle de plus de 200 000 [&hellip;]<\/p>\n","protected":false},"author":8,"featured_media":141011,"comment_status":"close","ping_status":"closed","sticky":false,"template":"","format":"standard","meta":{"_monsterinsights_skip_tracking":false,"_monsterinsights_sitenote_active":false,"_monsterinsights_sitenote_note":"","_monsterinsights_sitenote_category":0,"footnotes":""},"categories":[101],"tags":[],"yoast_head":"<!-- This site is optimized with the Yoast SEO plugin v23.2 - https:\/\/yoast.com\/wordpress\/plugins\/seo\/ -->\n<title>VW va construire une usine d\u2019assemblage Scout de 2 milliards de dollars en Caroline du Sud. - CanadaMotorJobs.com<\/title>\n<meta name=\"description\" content=\"VW va construire une usine d\u2019assemblage Scout de 2 milliards de dollars en Caroline du Sud. - Benoit Charette - Annuel automobile - CanadaMotorJobs.com.\" \/>\n<meta name=\"robots\" content=\"index, follow, max-snippet:-1, max-image-preview:large, max-video-preview:-1\" \/>\n<meta property=\"og:locale\" content=\"fr_CA\" \/>\n<meta property=\"og:type\" content=\"article\" \/>\n<meta property=\"og:title\" content=\"VW va construire une usine d\u2019assemblage Scout de 2 milliards de dollars en Caroline du Sud. - CanadaMotorJobs.com\" \/>\n<meta property=\"og:description\" content=\"VW va construire une usine d\u2019assemblage Scout de 2 milliards de dollars en Caroline du Sud. - Benoit Charette - Annuel automobile - CanadaMotorJobs.com.\" \/>\n<meta property=\"og:url\" content=\"https:\/\/news.canadamotorjobs.com\/fr\/vw-va-construire-une-usine-dassemblage-scout-de-2-milliards-de-dollars-en-caroline-du-sud\/\" \/>\n<meta property=\"og:site_name\" content=\"CanadaMotorJobs.com\" \/>\n<meta property=\"article:publisher\" content=\"https:\/\/www.facebook.com\/canadamotorjobs\/\" \/>\n<meta property=\"article:published_time\" content=\"2023-03-03T22:26:34+00:00\" \/>\n<meta property=\"article:modified_time\" content=\"2023-03-03T22:28:50+00:00\" \/>\n<meta property=\"og:image\" content=\"https:\/\/news.canadamotorjobs.com\/wp-content\/uploads\/2023\/03\/ScoutPickUPred-LSN.jpg\" \/>\n\t<meta property=\"og:image:width\" content=\"1920\" \/>\n\t<meta property=\"og:image:height\" content=\"1080\" \/>\n\t<meta property=\"og:image:type\" content=\"image\/jpeg\" \/>\n<meta name=\"author\" content=\"Benoit Charette\" \/>\n<meta name=\"twitter:card\" content=\"summary_large_image\" \/>\n<meta name=\"twitter:creator\" content=\"@canadamotorjobs\" \/>\n<meta name=\"twitter:site\" content=\"@canadamotorjobs\" \/>\n<meta name=\"twitter:label1\" content=\"\u00c9crit par\" \/>\n\t<meta name=\"twitter:data1\" content=\"Benoit Charette\" \/>\n\t<meta name=\"twitter:label2\" content=\"Estimation du temps de lecture\" \/>\n\t<meta name=\"twitter:data2\" content=\"2 minutes\" \/>\n<!-- \/ Yoast SEO plugin. -->","yoast_head_json":{"title":"VW va construire une usine d\u2019assemblage Scout de 2 milliards de dollars en Caroline du Sud. - CanadaMotorJobs.com","description":"VW va construire une usine d\u2019assemblage Scout de 2 milliards de dollars en Caroline du Sud. - Benoit Charette - Annuel automobile - CanadaMotorJobs.com.","robots":{"index":"index","follow":"follow","max-snippet":"max-snippet:-1","max-image-preview":"max-image-preview:large","max-video-preview":"max-video-preview:-1"},"og_locale":"fr_CA","og_type":"article","og_title":"VW va construire une usine d\u2019assemblage Scout de 2 milliards de dollars en Caroline du Sud. - CanadaMotorJobs.com","og_description":"VW va construire une usine d\u2019assemblage Scout de 2 milliards de dollars en Caroline du Sud. - Benoit Charette - Annuel automobile - CanadaMotorJobs.com.","og_url":"https:\/\/news.canadamotorjobs.com\/fr\/vw-va-construire-une-usine-dassemblage-scout-de-2-milliards-de-dollars-en-caroline-du-sud\/","og_site_name":"CanadaMotorJobs.com","article_publisher":"https:\/\/www.facebook.com\/canadamotorjobs\/","article_published_time":"2023-03-03T22:26:34+00:00","article_modified_time":"2023-03-03T22:28:50+00:00","og_image":[{"width":1920,"height":1080,"url":"https:\/\/news.canadamotorjobs.com\/wp-content\/uploads\/2023\/03\/ScoutPickUPred-LSN.jpg","type":"image\/jpeg"}],"author":"Benoit Charette","twitter_card":"summary_large_image","twitter_creator":"@canadamotorjobs","twitter_site":"@canadamotorjobs","twitter_misc":{"\u00c9crit par":"Benoit Charette","Estimation du temps de lecture":"2 minutes"},"schema":{"@context":"https:\/\/schema.org","@graph":[{"@type":"Article","@id":"https:\/\/news.canadamotorjobs.com\/fr\/vw-va-construire-une-usine-dassemblage-scout-de-2-milliards-de-dollars-en-caroline-du-sud\/#article","isPartOf":{"@id":"https:\/\/news.canadamotorjobs.com\/fr\/vw-va-construire-une-usine-dassemblage-scout-de-2-milliards-de-dollars-en-caroline-du-sud\/"},"author":{"name":"Benoit Charette","@id":"https:\/\/news.canadamotorjobs.com\/#\/schema\/person\/51793d1f87d44011d7bcc2ed99269a90"},"headline":"VW va construire une usine d\u2019assemblage Scout de 2 milliards de dollars en Caroline du Sud.","datePublished":"2023-03-03T22:26:34+00:00","dateModified":"2023-03-03T22:28:50+00:00","mainEntityOfPage":{"@id":"https:\/\/news.canadamotorjobs.com\/fr\/vw-va-construire-une-usine-dassemblage-scout-de-2-milliards-de-dollars-en-caroline-du-sud\/"},"wordCount":461,"publisher":{"@id":"https:\/\/news.canadamotorjobs.com\/#organization"},"image":{"@id":"https:\/\/news.canadamotorjobs.com\/fr\/vw-va-construire-une-usine-dassemblage-scout-de-2-milliards-de-dollars-en-caroline-du-sud\/#primaryimage"},"thumbnailUrl":"https:\/\/news.canadamotorjobs.com\/wp-content\/uploads\/2023\/03\/ScoutPickUPred-LSN.jpg","articleSection":["Annuel automobile"],"inLanguage":"fr-CA"},{"@type":"WebPage","@id":"https:\/\/news.canadamotorjobs.com\/fr\/vw-va-construire-une-usine-dassemblage-scout-de-2-milliards-de-dollars-en-caroline-du-sud\/","url":"https:\/\/news.canadamotorjobs.com\/fr\/vw-va-construire-une-usine-dassemblage-scout-de-2-milliards-de-dollars-en-caroline-du-sud\/","name":"VW va construire une usine d\u2019assemblage Scout de 2 milliards de dollars en Caroline du Sud. - CanadaMotorJobs.com","isPartOf":{"@id":"https:\/\/news.canadamotorjobs.com\/#website"},"primaryImageOfPage":{"@id":"https:\/\/news.canadamotorjobs.com\/fr\/vw-va-construire-une-usine-dassemblage-scout-de-2-milliards-de-dollars-en-caroline-du-sud\/#primaryimage"},"image":{"@id":"https:\/\/news.canadamotorjobs.com\/fr\/vw-va-construire-une-usine-dassemblage-scout-de-2-milliards-de-dollars-en-caroline-du-sud\/#primaryimage"},"thumbnailUrl":"https:\/\/news.canadamotorjobs.com\/wp-content\/uploads\/2023\/03\/ScoutPickUPred-LSN.jpg","datePublished":"2023-03-03T22:26:34+00:00","dateModified":"2023-03-03T22:28:50+00:00","description":"VW va construire une usine d\u2019assemblage Scout de 2 milliards de dollars en Caroline du Sud. - Benoit Charette - Annuel automobile - CanadaMotorJobs.com.","breadcrumb":{"@id":"https:\/\/news.canadamotorjobs.com\/fr\/vw-va-construire-une-usine-dassemblage-scout-de-2-milliards-de-dollars-en-caroline-du-sud\/#breadcrumb"},"inLanguage":"fr-CA","potentialAction":[{"@type":"ReadAction","target":["https:\/\/news.canadamotorjobs.com\/fr\/vw-va-construire-une-usine-dassemblage-scout-de-2-milliards-de-dollars-en-caroline-du-sud\/"]}]},{"@type":"ImageObject","inLanguage":"fr-CA","@id":"https:\/\/news.canadamotorjobs.com\/fr\/vw-va-construire-une-usine-dassemblage-scout-de-2-milliards-de-dollars-en-caroline-du-sud\/#primaryimage","url":"https:\/\/news.canadamotorjobs.com\/wp-content\/uploads\/2023\/03\/ScoutPickUPred-LSN.jpg","contentUrl":"https:\/\/news.canadamotorjobs.com\/wp-content\/uploads\/2023\/03\/ScoutPickUPred-LSN.jpg","width":1920,"height":1080},{"@type":"BreadcrumbList","@id":"https:\/\/news.canadamotorjobs.com\/fr\/vw-va-construire-une-usine-dassemblage-scout-de-2-milliards-de-dollars-en-caroline-du-sud\/#breadcrumb","itemListElement":[{"@type":"ListItem","position":1,"name":"Home","item":"https:\/\/news.canadamotorjobs.com\/fr\/blog\/"},{"@type":"ListItem","position":2,"name":"VW va construire une usine d\u2019assemblage Scout de 2 milliards de dollars en Caroline du Sud."}]},{"@type":"WebSite","@id":"https:\/\/news.canadamotorjobs.com\/#website","url":"https:\/\/news.canadamotorjobs.com\/","name":"CanadaMotorJobs.com","description":"Automotive Jobs","publisher":{"@id":"https:\/\/news.canadamotorjobs.com\/#organization"},"potentialAction":[{"@type":"SearchAction","target":{"@type":"EntryPoint","urlTemplate":"https:\/\/news.canadamotorjobs.com\/?s={search_term_string}"},"query-input":"required name=search_term_string"}],"inLanguage":"fr-CA"},{"@type":"Organization","@id":"https:\/\/news.canadamotorjobs.com\/#organization","name":"Canada Motor Jobs","url":"https:\/\/news.canadamotorjobs.com\/","logo":{"@type":"ImageObject","inLanguage":"fr-CA","@id":"https:\/\/news.canadamotorjobs.com\/#\/schema\/logo\/image\/","url":"https:\/\/news.canadamotorjobs.com\/wp-content\/uploads\/2022\/10\/logo-canada-motor-jobs-1.png","contentUrl":"https:\/\/news.canadamotorjobs.com\/wp-content\/uploads\/2022\/10\/logo-canada-motor-jobs-1.png","width":800,"height":400,"caption":"Canada Motor Jobs"},"image":{"@id":"https:\/\/news.canadamotorjobs.com\/#\/schema\/logo\/image\/"},"sameAs":["https:\/\/www.facebook.com\/canadamotorjobs\/","https:\/\/x.com\/canadamotorjobs","https:\/\/www.instagram.com\/canadamotorjobs\/","https:\/\/www.linkedin.com\/company\/canadamotorjobs"]},{"@type":"Person","@id":"https:\/\/news.canadamotorjobs.com\/#\/schema\/person\/51793d1f87d44011d7bcc2ed99269a90","name":"Benoit Charette","image":{"@type":"ImageObject","inLanguage":"fr-CA","@id":"https:\/\/news.canadamotorjobs.com\/#\/schema\/person\/image\/","url":"https:\/\/secure.gravatar.com\/avatar\/45f3d2eebcccd909668d7ce7ea7267b6?s=96&d=mm&r=g","contentUrl":"https:\/\/secure.gravatar.com\/avatar\/45f3d2eebcccd909668d7ce7ea7267b6?s=96&d=mm&r=g","caption":"Benoit Charette"},"description":"Benoit Charette \/ Propri\u00e9taire et r\u00e9dacteur en chef Benoit Charette pratique le journalisme automobile depuis bient\u00f4t 30 ans. Il a fait ses classes au c\u00f4t\u00e9 de Daniel H\u00e9raud et au Carnet de route de 1992 \u00e0 2001. Il est fondateur, copropri\u00e9taire et r\u00e9dacteur en chef de L\u2019Annuel de l\u2019automobile, qu\u2019il publie depuis 2001. Il a anim\u00e9 les \u00e9missions RPM et RPM+ sur V et les L\u00e9gendes de la route sur Historia. \u00c0 la radio depuis 1986, il reprend l\u2019antenne cette ann\u00e9e sur les ondes de Cogeco et participe pour la deuxi\u00e8me ann\u00e9e \u00e0 l\u2019\u00e9mission Passion Auto sur RDS en plus de mettre en ligne le site Web officiel de L\u2019Annuel de l\u2019automobile sur annuelauto.ca.","sameAs":["https:\/\/annuelauto.ca\/"],"url":"https:\/\/news.canadamotorjobs.com\/fr\/author\/benoit-charette\/"}]}},"_links":{"self":[{"href":"https:\/\/news.canadamotorjobs.com\/fr\/wp-json\/wp\/v2\/posts\/141009"}],"collection":[{"href":"https:\/\/news.canadamotorjobs.com\/fr\/wp-json\/wp\/v2\/posts"}],"about":[{"href":"https:\/\/news.canadamotorjobs.com\/fr\/wp-json\/wp\/v2\/types\/post"}],"author":[{"embeddable":true,"href":"https:\/\/news.canadamotorjobs.com\/fr\/wp-json\/wp\/v2\/users\/8"}],"replies":[{"embeddable":true,"href":"https:\/\/news.canadamotorjobs.com\/fr\/wp-json\/wp\/v2\/comments?post=141009"}],"version-history":[{"count":2,"href":"https:\/\/news.canadamotorjobs.com\/fr\/wp-json\/wp\/v2\/posts\/141009\/revisions"}],"predecessor-version":[{"id":141013,"href":"https:\/\/news.canadamotorjobs.com\/fr\/wp-json\/wp\/v2\/posts\/141009\/revisions\/141013"}],"wp:featuredmedia":[{"embeddable":true,"href":"https:\/\/news.canadamotorjobs.com\/fr\/wp-json\/wp\/v2\/media\/141011"}],"wp:attachment":[{"href":"https:\/\/news.canadamotorjobs.com\/fr\/wp-json\/wp\/v2\/media?parent=141009"}],"wp:term":[{"taxonomy":"category","embeddable":true,"href":"https:\/\/news.canadamotorjobs.com\/fr\/wp-json\/wp\/v2\/categories?post=141009"},{"taxonomy":"post_tag","embeddable":true,"href":"https:\/\/news.canadamotorjobs.com\/fr\/wp-json\/wp\/v2\/tags?post=141009"}],"curies":[{"name":"wp","href":"https:\/\/api.w.org\/{rel}","templated":true}]}}