{"id":140990,"date":"2023-03-02T09:41:07","date_gmt":"2023-03-02T14:41:07","guid":{"rendered":"https:\/\/news.canadamotorjobs.com\/?p=140990"},"modified":"2023-03-02T09:47:12","modified_gmt":"2023-03-02T14:47:12","slug":"kia-ev9-on-saura-tout-le-15-mars-prochain","status":"publish","type":"post","link":"https:\/\/news.canadamotorjobs.com\/fr\/kia-ev9-on-saura-tout-le-15-mars-prochain\/","title":{"rendered":"Kia EV9\u00a0: on saura tout le 15 mars prochain"},"content":{"rendered":"<\/p>\n<p>Kia a publi\u00e9 sur Internet deux vid\u00e9os qui l\u00e8vent tr\u00e8s l\u00e9g\u00e8rement le voile sur son prochain v\u00e9hicule \u00e9lectrique. Il s\u2019agit du EV9, un gros VUS dont on a pu voir une version concept au Salon de l\u2019auto de Los Angeles de 2021. D\u2019ailleurs, le concept s\u2019appelait lui-m\u00eame EV9.<\/p>\n<p>En termes de dimensions, le EV9 sera un VUS pleine grandeur, avec trois rang\u00e9es de si\u00e8ges, qui devrait pr\u00e9senter sensiblement le m\u00eame genre de format que le Telluride, le gros VUS que Kia vend depuis quelques ann\u00e9es d\u00e9j\u00e0. Sauf que comme il y a moins de pi\u00e8ces m\u00e9caniques, l\u2019habitacle du EV9 devrait \u00eatre plus spacieux que celui du Telluride, dit-on.<\/p>\n<p>Ce v\u00e9hicule-l\u00e0 ne manquera pas de muscle. Il sera assembl\u00e9 \u00e0 partir de la plateforme E-GMP du groupe Hyundai, qui a droit \u00e0 un syst\u00e8me \u00e9lectrique de 800 volts tr\u00e8s moderne et qui devrait afficher une puissance d\u2019au moins 576 chevaux, comme c\u2019est le cas du c\u00f4t\u00e9 de la EV6 GT. Le couple sera lui aussi assez \u00e9lev\u00e9 \u00e0 546 livres-pied. C\u2019est beaucoup. En fait, on aurait probablement \u00e9t\u00e9 heureux avec moiti\u00e9 moins.<\/p>\n<p>Tout \u00e7a ne devrait pas emp\u00eacher le EV d\u2019\u00eatre offert en au moins une version dont l\u2019autonomie d\u00e9passerait les 480 kilom\u00e8tres par charge. Un gros VUS familial qui ferait moins que \u00e7a serait un peu d\u00e9cevant, \u00e9tant donn\u00e9 qu\u2019on voudra parcourir pas mal de route avec un tel utilitaire.<\/p>\n<p>Le prix de d\u00e9tail de son c\u00f4t\u00e9 devrait se situer quelque part autour des 50 000\u00a0$US, ce qui \u00e9quivaut \u00e0 68 000\u00a0$CA, mais c\u2019est difficile d\u2019estimer le prix canadien car Kia et Hyundai ne suivent pas n\u00e9cessairement le taux de change de la devise canadienne.<\/p>\n<p>Mais un EV9 plein format \u00e0 60 000\u00a0$, disons, serait un grand coup pour Kia. Ce n\u2019est pas tr\u00e8s loin du prix que co\u00fbte actuellement une Toyota Sienna ou un Chrysler Pacifica hybride, deux fourgonnettes hybrides qui vont certainement avoir l\u2019air compl\u00e8tement d\u00e9suetes \u00e0 c\u00f4t\u00e9 de l\u2019EV9.<\/p>\n<p>Ceux que \u00e7a int\u00e9resse, le d\u00e9voilement officiel de l\u2019EV9 aura lieu le 15 mars prochain donc, et le v\u00e9hicule entrera rapidement en production pour une mise en march\u00e9 d\u2019ici 2024.<\/p>\n<p>Le texte <a rel=\"nofollow\" href=\"https:\/\/annuelauto.ca\/kia-ev9-on-saura-tout-le-15-mars-prochain\/\">Kia EV9\u00a0: on saura tout le 15 mars prochain<\/a> provient de <a rel=\"nofollow\" href=\"https:\/\/annuelauto.ca\">L&#8217;annuel de l&#8217;automobile &#8211; Actualit\u00e9 automobile<\/a><\/p>\n<p><\/p>\n","protected":false},"excerpt":{"rendered":"<p>Kia a publi\u00e9 sur Internet deux vid\u00e9os qui l\u00e8vent tr\u00e8s l\u00e9g\u00e8rement le voile sur son prochain v\u00e9hicule \u00e9lectrique. Il s\u2019agit du EV9, un gros VUS dont on a pu voir une version concept au Salon de l\u2019auto de Los Angeles de 2021. D\u2019ailleurs, le concept s\u2019appelait lui-m\u00eame EV9. En termes de dimensions, le EV9 sera [&hellip;]<\/p>\n","protected":false},"author":8,"featured_media":140992,"comment_status":"close","ping_status":"closed","sticky":false,"template":"","format":"standard","meta":{"_monsterinsights_skip_tracking":false,"_monsterinsights_sitenote_active":false,"_monsterinsights_sitenote_note":"","_monsterinsights_sitenote_category":0,"footnotes":""},"categories":[101],"tags":[],"yoast_head":"<!-- This site is optimized with the Yoast SEO plugin v23.2 - https:\/\/yoast.com\/wordpress\/plugins\/seo\/ -->\n<title>Kia EV9\u00a0: on saura tout le 15 mars prochain - CanadaMotorJobs.com<\/title>\n<meta name=\"description\" content=\"Kia EV9\u00a0: on saura tout le 15 mars prochain - Benoit Charette - Annuel automobile - CanadaMotorJobs.com.\" \/>\n<meta name=\"robots\" content=\"index, follow, max-snippet:-1, max-image-preview:large, max-video-preview:-1\" \/>\n<meta property=\"og:locale\" content=\"fr_CA\" \/>\n<meta property=\"og:type\" content=\"article\" \/>\n<meta property=\"og:title\" content=\"Kia EV9\u00a0: on saura tout le 15 mars prochain - CanadaMotorJobs.com\" \/>\n<meta property=\"og:description\" content=\"Kia EV9\u00a0: on saura tout le 15 mars prochain - Benoit Charette - Annuel automobile - CanadaMotorJobs.com.\" \/>\n<meta property=\"og:url\" content=\"https:\/\/news.canadamotorjobs.com\/fr\/kia-ev9-on-saura-tout-le-15-mars-prochain\/\" \/>\n<meta property=\"og:site_name\" content=\"CanadaMotorJobs.com\" \/>\n<meta property=\"article:publisher\" content=\"https:\/\/www.facebook.com\/canadamotorjobs\/\" \/>\n<meta property=\"article:published_time\" content=\"2023-03-02T14:41:07+00:00\" \/>\n<meta property=\"article:modified_time\" content=\"2023-03-02T14:47:12+00:00\" \/>\n<meta property=\"og:image\" content=\"https:\/\/news.canadamotorjobs.com\/wp-content\/uploads\/2023\/03\/2024-kia-ev9-concept-03-1637178422.jpg\" \/>\n\t<meta property=\"og:image:width\" content=\"980\" \/>\n\t<meta property=\"og:image:height\" content=\"553\" \/>\n\t<meta property=\"og:image:type\" content=\"image\/jpeg\" \/>\n<meta name=\"author\" content=\"Benoit Charette\" \/>\n<meta name=\"twitter:card\" content=\"summary_large_image\" \/>\n<meta name=\"twitter:creator\" content=\"@canadamotorjobs\" \/>\n<meta name=\"twitter:site\" content=\"@canadamotorjobs\" \/>\n<meta name=\"twitter:label1\" content=\"\u00c9crit par\" \/>\n\t<meta name=\"twitter:data1\" content=\"Benoit Charette\" \/>\n\t<meta name=\"twitter:label2\" content=\"Estimation du temps de lecture\" \/>\n\t<meta name=\"twitter:data2\" content=\"2 minutes\" \/>\n<!-- \/ Yoast SEO plugin. -->","yoast_head_json":{"title":"Kia EV9\u00a0: on saura tout le 15 mars prochain - CanadaMotorJobs.com","description":"Kia EV9\u00a0: on saura tout le 15 mars prochain - Benoit Charette - Annuel automobile - CanadaMotorJobs.com.","robots":{"index":"index","follow":"follow","max-snippet":"max-snippet:-1","max-image-preview":"max-image-preview:large","max-video-preview":"max-video-preview:-1"},"og_locale":"fr_CA","og_type":"article","og_title":"Kia EV9\u00a0: on saura tout le 15 mars prochain - CanadaMotorJobs.com","og_description":"Kia EV9\u00a0: on saura tout le 15 mars prochain - Benoit Charette - Annuel automobile - CanadaMotorJobs.com.","og_url":"https:\/\/news.canadamotorjobs.com\/fr\/kia-ev9-on-saura-tout-le-15-mars-prochain\/","og_site_name":"CanadaMotorJobs.com","article_publisher":"https:\/\/www.facebook.com\/canadamotorjobs\/","article_published_time":"2023-03-02T14:41:07+00:00","article_modified_time":"2023-03-02T14:47:12+00:00","og_image":[{"width":980,"height":553,"url":"https:\/\/news.canadamotorjobs.com\/wp-content\/uploads\/2023\/03\/2024-kia-ev9-concept-03-1637178422.jpg","type":"image\/jpeg"}],"author":"Benoit Charette","twitter_card":"summary_large_image","twitter_creator":"@canadamotorjobs","twitter_site":"@canadamotorjobs","twitter_misc":{"\u00c9crit par":"Benoit Charette","Estimation du temps de lecture":"2 minutes"},"schema":{"@context":"https:\/\/schema.org","@graph":[{"@type":"Article","@id":"https:\/\/news.canadamotorjobs.com\/fr\/kia-ev9-on-saura-tout-le-15-mars-prochain\/#article","isPartOf":{"@id":"https:\/\/news.canadamotorjobs.com\/fr\/kia-ev9-on-saura-tout-le-15-mars-prochain\/"},"author":{"name":"Benoit Charette","@id":"https:\/\/news.canadamotorjobs.com\/#\/schema\/person\/51793d1f87d44011d7bcc2ed99269a90"},"headline":"Kia EV9\u00a0: on saura tout le 15 mars prochain","datePublished":"2023-03-02T14:41:07+00:00","dateModified":"2023-03-02T14:47:12+00:00","mainEntityOfPage":{"@id":"https:\/\/news.canadamotorjobs.com\/fr\/kia-ev9-on-saura-tout-le-15-mars-prochain\/"},"wordCount":415,"publisher":{"@id":"https:\/\/news.canadamotorjobs.com\/#organization"},"image":{"@id":"https:\/\/news.canadamotorjobs.com\/fr\/kia-ev9-on-saura-tout-le-15-mars-prochain\/#primaryimage"},"thumbnailUrl":"https:\/\/news.canadamotorjobs.com\/wp-content\/uploads\/2023\/03\/2024-kia-ev9-concept-03-1637178422.jpg","articleSection":["Annuel automobile"],"inLanguage":"fr-CA"},{"@type":"WebPage","@id":"https:\/\/news.canadamotorjobs.com\/fr\/kia-ev9-on-saura-tout-le-15-mars-prochain\/","url":"https:\/\/news.canadamotorjobs.com\/fr\/kia-ev9-on-saura-tout-le-15-mars-prochain\/","name":"Kia EV9\u00a0: on saura tout le 15 mars prochain - CanadaMotorJobs.com","isPartOf":{"@id":"https:\/\/news.canadamotorjobs.com\/#website"},"primaryImageOfPage":{"@id":"https:\/\/news.canadamotorjobs.com\/fr\/kia-ev9-on-saura-tout-le-15-mars-prochain\/#primaryimage"},"image":{"@id":"https:\/\/news.canadamotorjobs.com\/fr\/kia-ev9-on-saura-tout-le-15-mars-prochain\/#primaryimage"},"thumbnailUrl":"https:\/\/news.canadamotorjobs.com\/wp-content\/uploads\/2023\/03\/2024-kia-ev9-concept-03-1637178422.jpg","datePublished":"2023-03-02T14:41:07+00:00","dateModified":"2023-03-02T14:47:12+00:00","description":"Kia EV9\u00a0: on saura tout le 15 mars prochain - Benoit Charette - Annuel automobile - CanadaMotorJobs.com.","breadcrumb":{"@id":"https:\/\/news.canadamotorjobs.com\/fr\/kia-ev9-on-saura-tout-le-15-mars-prochain\/#breadcrumb"},"inLanguage":"fr-CA","potentialAction":[{"@type":"ReadAction","target":["https:\/\/news.canadamotorjobs.com\/fr\/kia-ev9-on-saura-tout-le-15-mars-prochain\/"]}]},{"@type":"ImageObject","inLanguage":"fr-CA","@id":"https:\/\/news.canadamotorjobs.com\/fr\/kia-ev9-on-saura-tout-le-15-mars-prochain\/#primaryimage","url":"https:\/\/news.canadamotorjobs.com\/wp-content\/uploads\/2023\/03\/2024-kia-ev9-concept-03-1637178422.jpg","contentUrl":"https:\/\/news.canadamotorjobs.com\/wp-content\/uploads\/2023\/03\/2024-kia-ev9-concept-03-1637178422.jpg","width":980,"height":553},{"@type":"BreadcrumbList","@id":"https:\/\/news.canadamotorjobs.com\/fr\/kia-ev9-on-saura-tout-le-15-mars-prochain\/#breadcrumb","itemListElement":[{"@type":"ListItem","position":1,"name":"Home","item":"https:\/\/news.canadamotorjobs.com\/fr\/blog\/"},{"@type":"ListItem","position":2,"name":"Kia EV9\u00a0: on saura tout le 15 mars prochain"}]},{"@type":"WebSite","@id":"https:\/\/news.canadamotorjobs.com\/#website","url":"https:\/\/news.canadamotorjobs.com\/","name":"CanadaMotorJobs.com","description":"Automotive Jobs","publisher":{"@id":"https:\/\/news.canadamotorjobs.com\/#organization"},"potentialAction":[{"@type":"SearchAction","target":{"@type":"EntryPoint","urlTemplate":"https:\/\/news.canadamotorjobs.com\/?s={search_term_string}"},"query-input":"required name=search_term_string"}],"inLanguage":"fr-CA"},{"@type":"Organization","@id":"https:\/\/news.canadamotorjobs.com\/#organization","name":"Canada Motor Jobs","url":"https:\/\/news.canadamotorjobs.com\/","logo":{"@type":"ImageObject","inLanguage":"fr-CA","@id":"https:\/\/news.canadamotorjobs.com\/#\/schema\/logo\/image\/","url":"https:\/\/news.canadamotorjobs.com\/wp-content\/uploads\/2022\/10\/logo-canada-motor-jobs-1.png","contentUrl":"https:\/\/news.canadamotorjobs.com\/wp-content\/uploads\/2022\/10\/logo-canada-motor-jobs-1.png","width":800,"height":400,"caption":"Canada Motor Jobs"},"image":{"@id":"https:\/\/news.canadamotorjobs.com\/#\/schema\/logo\/image\/"},"sameAs":["https:\/\/www.facebook.com\/canadamotorjobs\/","https:\/\/x.com\/canadamotorjobs","https:\/\/www.instagram.com\/canadamotorjobs\/","https:\/\/www.linkedin.com\/company\/canadamotorjobs"]},{"@type":"Person","@id":"https:\/\/news.canadamotorjobs.com\/#\/schema\/person\/51793d1f87d44011d7bcc2ed99269a90","name":"Benoit Charette","image":{"@type":"ImageObject","inLanguage":"fr-CA","@id":"https:\/\/news.canadamotorjobs.com\/#\/schema\/person\/image\/","url":"https:\/\/secure.gravatar.com\/avatar\/45f3d2eebcccd909668d7ce7ea7267b6?s=96&d=mm&r=g","contentUrl":"https:\/\/secure.gravatar.com\/avatar\/45f3d2eebcccd909668d7ce7ea7267b6?s=96&d=mm&r=g","caption":"Benoit Charette"},"description":"Benoit Charette \/ Propri\u00e9taire et r\u00e9dacteur en chef Benoit Charette pratique le journalisme automobile depuis bient\u00f4t 30 ans. Il a fait ses classes au c\u00f4t\u00e9 de Daniel H\u00e9raud et au Carnet de route de 1992 \u00e0 2001. Il est fondateur, copropri\u00e9taire et r\u00e9dacteur en chef de L\u2019Annuel de l\u2019automobile, qu\u2019il publie depuis 2001. Il a anim\u00e9 les \u00e9missions RPM et RPM+ sur V et les L\u00e9gendes de la route sur Historia. \u00c0 la radio depuis 1986, il reprend l\u2019antenne cette ann\u00e9e sur les ondes de Cogeco et participe pour la deuxi\u00e8me ann\u00e9e \u00e0 l\u2019\u00e9mission Passion Auto sur RDS en plus de mettre en ligne le site Web officiel de L\u2019Annuel de l\u2019automobile sur annuelauto.ca.","sameAs":["https:\/\/annuelauto.ca\/"],"url":"https:\/\/news.canadamotorjobs.com\/fr\/author\/benoit-charette\/"}]}},"_links":{"self":[{"href":"https:\/\/news.canadamotorjobs.com\/fr\/wp-json\/wp\/v2\/posts\/140990"}],"collection":[{"href":"https:\/\/news.canadamotorjobs.com\/fr\/wp-json\/wp\/v2\/posts"}],"about":[{"href":"https:\/\/news.canadamotorjobs.com\/fr\/wp-json\/wp\/v2\/types\/post"}],"author":[{"embeddable":true,"href":"https:\/\/news.canadamotorjobs.com\/fr\/wp-json\/wp\/v2\/users\/8"}],"replies":[{"embeddable":true,"href":"https:\/\/news.canadamotorjobs.com\/fr\/wp-json\/wp\/v2\/comments?post=140990"}],"version-history":[{"count":2,"href":"https:\/\/news.canadamotorjobs.com\/fr\/wp-json\/wp\/v2\/posts\/140990\/revisions"}],"predecessor-version":[{"id":140994,"href":"https:\/\/news.canadamotorjobs.com\/fr\/wp-json\/wp\/v2\/posts\/140990\/revisions\/140994"}],"wp:featuredmedia":[{"embeddable":true,"href":"https:\/\/news.canadamotorjobs.com\/fr\/wp-json\/wp\/v2\/media\/140992"}],"wp:attachment":[{"href":"https:\/\/news.canadamotorjobs.com\/fr\/wp-json\/wp\/v2\/media?parent=140990"}],"wp:term":[{"taxonomy":"category","embeddable":true,"href":"https:\/\/news.canadamotorjobs.com\/fr\/wp-json\/wp\/v2\/categories?post=140990"},{"taxonomy":"post_tag","embeddable":true,"href":"https:\/\/news.canadamotorjobs.com\/fr\/wp-json\/wp\/v2\/tags?post=140990"}],"curies":[{"name":"wp","href":"https:\/\/api.w.org\/{rel}","templated":true}]}}