{"id":140971,"date":"2023-03-02T09:27:19","date_gmt":"2023-03-02T14:27:19","guid":{"rendered":"https:\/\/news.canadamotorjobs.com\/?p=140971"},"modified":"2023-03-02T09:30:49","modified_gmt":"2023-03-02T14:30:49","slug":"une-journee-des-investisseurs-rassurante-chez-tesla","status":"publish","type":"post","link":"https:\/\/news.canadamotorjobs.com\/fr\/une-journee-des-investisseurs-rassurante-chez-tesla\/","title":{"rendered":"Une journ\u00e9e des investisseurs rassurante chez Tesla"},"content":{"rendered":"<\/p>\n<p>Mercredi le 1<sup>er<\/sup> mars avait lieu au Texas la journ\u00e9e des investisseurs chez Tesla, un \u00e9v\u00e9nement annuel qui permet de faire le point sur comment le constructeur envisage l\u2019avenir et comment surtout il pr\u00e9voit continuer de d\u00e9velopper sa technologie. Comme chaque fois, son PDG, le tr\u00e8s color\u00e9 Elon Musk, est sur sc\u00e8ne pour pr\u00e9senter la chose.<\/p>\n<p>Cette ann\u00e9e, on esp\u00e9rait avoir des nouvelles sur de nouveaux futurs produits, plus exactement des analystes pensaient que Musk parlerait d\u2019une voiture \u00e9lectrique meilleur march\u00e9 que la Model 3, et dont le prix de d\u00e9tail pourrait avoisiner les 25 000\u00a0$ US.<\/p>\n<h3>Ce n\u2019est pas ce que leur a servi Musk.<\/h3>\n<p>\nEn fait, les gens qui ont assist\u00e9 \u00e0 l\u2019\u00e9v\u00e9nement ont pu voir une tr\u00e8s subtile mention visuelle de deux v\u00e9hicules plus myst\u00e9rieux qu\u2019autre chose, dont une voiture plus petite que la 3 et une camionnette. C\u2019est tout. Aucun plan pour \u00e9largir la gamme n\u2019a \u00e9t\u00e9 mentionn\u00e9.<\/p>\n<p>En fait, Tesla a surtout voulu rassurer \u00e0 peu pr\u00e8s tout le monde sur l\u2019\u00e9volution du march\u00e9 des v\u00e9hicules \u00e9lectriques. En gros, le constructeur am\u00e9ricain pense qu\u2019une \u00e9conomie mondiale durable et propre est \u00e0 port\u00e9e de main. Il suffirait d\u2019un investissement de 10\u00a0000 milliard $ US (10 billions $ US) pour finir la transition vers des \u00e9nergies propres et des v\u00e9hicules \u00e9lectriques.<\/p>\n<p>Elon Musk croit que cette transition va avoir lieu et qu\u2019elle va se faire \u00ab\u00a0pendant que nous sommes encore en vie\u00a0\u00bb, donc clairement d\u2019ici une quarantaine d\u2019ann\u00e9es.<\/p>\n<p>Musk a aussi r\u00e9pondu aux critiques faites il y a quelques semaines par un dirigeant de Toyota en affirmant qu\u2019il y avait plus que suffisamment de ressources sur Terre pour \u00e9lectrifier tout le transport. Il a rappel\u00e9 qu\u2019une voiture \u00e9lectrique n\u2019a besoin que de 20% de l\u2019\u00e9nergie d\u2019une voiture \u00e0 moteur thermique \u2013 y compris dans sa production \u2013 pour accomplir les m\u00eames t\u00e2ches.<\/p>\n<p>Selon lui, 30% du nickel mondial pas plus permettra de tout \u00e9lectrifier \u2013 y compris les avions et les bateaux. Tout le reste sera \u00e9ventuellement remplac\u00e9 par du fer, une ressource dont on ne manque vraiment pas.<\/p>\n<p>Selon le grand patron de Tesla, il faudra aussi 240 t\u00e9rawatts-heure de stockage et 30 t\u00e9rawatts-heure de production \u00e9lectrique renouvelable, solaire, \u00e9olienne et autre, pour r\u00e9gler la question.<\/p>\n<p>On a h\u00e2te de voir \u00e7a. Plus concr\u00e8tement, Tesla a aussi indiqu\u00e9 que sa capacit\u00e9 de production \u00e9tait d\u00e9sormais de 2 millions de v\u00e9hicules par an. Une usine au Mexique est maintenant dans les plans pour produire des v\u00e9hicules plus abordables, et que son objectif est de voir 20 millions de v\u00e9hicules \u00e9lectriques \u00eatre vendus chaque ann\u00e9e.<\/p>\n<p>\u00a0<\/p>\n<p>\u00a0<\/p>\n<p>\u00a0<\/p>\n<p>Le texte <a rel=\"nofollow\" href=\"https:\/\/annuelauto.ca\/une-journee-des-investisseurs-rassurante-chez-tesla\/\">Une journ\u00e9e des investisseurs rassurante chez Tesla<\/a> provient de <a rel=\"nofollow\" href=\"https:\/\/annuelauto.ca\">L&#8217;annuel de l&#8217;automobile &#8211; Actualit\u00e9 automobile<\/a><\/p>\n<p><\/p>\n","protected":false},"excerpt":{"rendered":"<p>Mercredi le 1er mars avait lieu au Texas la journ\u00e9e des investisseurs chez Tesla, un \u00e9v\u00e9nement annuel qui permet de faire le point sur comment le constructeur envisage l\u2019avenir et comment surtout il pr\u00e9voit continuer de d\u00e9velopper sa technologie. Comme chaque fois, son PDG, le tr\u00e8s color\u00e9 Elon Musk, est sur sc\u00e8ne pour pr\u00e9senter la [&hellip;]<\/p>\n","protected":false},"author":8,"featured_media":140973,"comment_status":"close","ping_status":"closed","sticky":false,"template":"","format":"standard","meta":{"_monsterinsights_skip_tracking":false,"_monsterinsights_sitenote_active":false,"_monsterinsights_sitenote_note":"","_monsterinsights_sitenote_category":0,"footnotes":""},"categories":[101],"tags":[],"yoast_head":"<!-- This site is optimized with the Yoast SEO plugin v23.2 - https:\/\/yoast.com\/wordpress\/plugins\/seo\/ -->\n<title>Une journ\u00e9e des investisseurs rassurante chez Tesla - CanadaMotorJobs.com<\/title>\n<meta name=\"description\" content=\"Une journ\u00e9e des investisseurs rassurante chez Tesla - Benoit Charette - Annuel automobile - CanadaMotorJobs.com.\" \/>\n<meta name=\"robots\" content=\"index, follow, max-snippet:-1, max-image-preview:large, max-video-preview:-1\" \/>\n<meta property=\"og:locale\" content=\"fr_CA\" \/>\n<meta property=\"og:type\" content=\"article\" \/>\n<meta property=\"og:title\" content=\"Une journ\u00e9e des investisseurs rassurante chez Tesla - CanadaMotorJobs.com\" \/>\n<meta property=\"og:description\" content=\"Une journ\u00e9e des investisseurs rassurante chez Tesla - Benoit Charette - Annuel automobile - CanadaMotorJobs.com.\" \/>\n<meta property=\"og:url\" content=\"https:\/\/news.canadamotorjobs.com\/fr\/une-journee-des-investisseurs-rassurante-chez-tesla\/\" \/>\n<meta property=\"og:site_name\" content=\"CanadaMotorJobs.com\" \/>\n<meta property=\"article:publisher\" content=\"https:\/\/www.facebook.com\/canadamotorjobs\/\" \/>\n<meta property=\"article:published_time\" content=\"2023-03-02T14:27:19+00:00\" \/>\n<meta property=\"article:modified_time\" content=\"2023-03-02T14:30:49+00:00\" \/>\n<meta property=\"og:image\" content=\"https:\/\/news.canadamotorjobs.com\/wp-content\/uploads\/2023\/03\/im-734529.jpg\" \/>\n\t<meta property=\"og:image:width\" content=\"860\" \/>\n\t<meta property=\"og:image:height\" content=\"573\" \/>\n\t<meta property=\"og:image:type\" content=\"image\/jpeg\" \/>\n<meta name=\"author\" content=\"Benoit Charette\" \/>\n<meta name=\"twitter:card\" content=\"summary_large_image\" \/>\n<meta name=\"twitter:creator\" content=\"@canadamotorjobs\" \/>\n<meta name=\"twitter:site\" content=\"@canadamotorjobs\" \/>\n<meta name=\"twitter:label1\" content=\"\u00c9crit par\" \/>\n\t<meta name=\"twitter:data1\" content=\"Benoit Charette\" \/>\n\t<meta name=\"twitter:label2\" content=\"Estimation du temps de lecture\" \/>\n\t<meta name=\"twitter:data2\" content=\"2 minutes\" \/>\n<!-- \/ Yoast SEO plugin. -->","yoast_head_json":{"title":"Une journ\u00e9e des investisseurs rassurante chez Tesla - CanadaMotorJobs.com","description":"Une journ\u00e9e des investisseurs rassurante chez Tesla - Benoit Charette - Annuel automobile - CanadaMotorJobs.com.","robots":{"index":"index","follow":"follow","max-snippet":"max-snippet:-1","max-image-preview":"max-image-preview:large","max-video-preview":"max-video-preview:-1"},"og_locale":"fr_CA","og_type":"article","og_title":"Une journ\u00e9e des investisseurs rassurante chez Tesla - CanadaMotorJobs.com","og_description":"Une journ\u00e9e des investisseurs rassurante chez Tesla - Benoit Charette - Annuel automobile - CanadaMotorJobs.com.","og_url":"https:\/\/news.canadamotorjobs.com\/fr\/une-journee-des-investisseurs-rassurante-chez-tesla\/","og_site_name":"CanadaMotorJobs.com","article_publisher":"https:\/\/www.facebook.com\/canadamotorjobs\/","article_published_time":"2023-03-02T14:27:19+00:00","article_modified_time":"2023-03-02T14:30:49+00:00","og_image":[{"width":860,"height":573,"url":"https:\/\/news.canadamotorjobs.com\/wp-content\/uploads\/2023\/03\/im-734529.jpg","type":"image\/jpeg"}],"author":"Benoit Charette","twitter_card":"summary_large_image","twitter_creator":"@canadamotorjobs","twitter_site":"@canadamotorjobs","twitter_misc":{"\u00c9crit par":"Benoit Charette","Estimation du temps de lecture":"2 minutes"},"schema":{"@context":"https:\/\/schema.org","@graph":[{"@type":"Article","@id":"https:\/\/news.canadamotorjobs.com\/fr\/une-journee-des-investisseurs-rassurante-chez-tesla\/#article","isPartOf":{"@id":"https:\/\/news.canadamotorjobs.com\/fr\/une-journee-des-investisseurs-rassurante-chez-tesla\/"},"author":{"name":"Benoit Charette","@id":"https:\/\/news.canadamotorjobs.com\/#\/schema\/person\/51793d1f87d44011d7bcc2ed99269a90"},"headline":"Une journ\u00e9e des investisseurs rassurante chez Tesla","datePublished":"2023-03-02T14:27:19+00:00","dateModified":"2023-03-02T14:30:49+00:00","mainEntityOfPage":{"@id":"https:\/\/news.canadamotorjobs.com\/fr\/une-journee-des-investisseurs-rassurante-chez-tesla\/"},"wordCount":485,"publisher":{"@id":"https:\/\/news.canadamotorjobs.com\/#organization"},"image":{"@id":"https:\/\/news.canadamotorjobs.com\/fr\/une-journee-des-investisseurs-rassurante-chez-tesla\/#primaryimage"},"thumbnailUrl":"https:\/\/news.canadamotorjobs.com\/wp-content\/uploads\/2023\/03\/im-734529.jpg","articleSection":["Annuel automobile"],"inLanguage":"fr-CA"},{"@type":"WebPage","@id":"https:\/\/news.canadamotorjobs.com\/fr\/une-journee-des-investisseurs-rassurante-chez-tesla\/","url":"https:\/\/news.canadamotorjobs.com\/fr\/une-journee-des-investisseurs-rassurante-chez-tesla\/","name":"Une journ\u00e9e des investisseurs rassurante chez Tesla - CanadaMotorJobs.com","isPartOf":{"@id":"https:\/\/news.canadamotorjobs.com\/#website"},"primaryImageOfPage":{"@id":"https:\/\/news.canadamotorjobs.com\/fr\/une-journee-des-investisseurs-rassurante-chez-tesla\/#primaryimage"},"image":{"@id":"https:\/\/news.canadamotorjobs.com\/fr\/une-journee-des-investisseurs-rassurante-chez-tesla\/#primaryimage"},"thumbnailUrl":"https:\/\/news.canadamotorjobs.com\/wp-content\/uploads\/2023\/03\/im-734529.jpg","datePublished":"2023-03-02T14:27:19+00:00","dateModified":"2023-03-02T14:30:49+00:00","description":"Une journ\u00e9e des investisseurs rassurante chez Tesla - Benoit Charette - Annuel automobile - CanadaMotorJobs.com.","breadcrumb":{"@id":"https:\/\/news.canadamotorjobs.com\/fr\/une-journee-des-investisseurs-rassurante-chez-tesla\/#breadcrumb"},"inLanguage":"fr-CA","potentialAction":[{"@type":"ReadAction","target":["https:\/\/news.canadamotorjobs.com\/fr\/une-journee-des-investisseurs-rassurante-chez-tesla\/"]}]},{"@type":"ImageObject","inLanguage":"fr-CA","@id":"https:\/\/news.canadamotorjobs.com\/fr\/une-journee-des-investisseurs-rassurante-chez-tesla\/#primaryimage","url":"https:\/\/news.canadamotorjobs.com\/wp-content\/uploads\/2023\/03\/im-734529.jpg","contentUrl":"https:\/\/news.canadamotorjobs.com\/wp-content\/uploads\/2023\/03\/im-734529.jpg","width":860,"height":573},{"@type":"BreadcrumbList","@id":"https:\/\/news.canadamotorjobs.com\/fr\/une-journee-des-investisseurs-rassurante-chez-tesla\/#breadcrumb","itemListElement":[{"@type":"ListItem","position":1,"name":"Home","item":"https:\/\/news.canadamotorjobs.com\/fr\/blog\/"},{"@type":"ListItem","position":2,"name":"Une journ\u00e9e des investisseurs rassurante chez Tesla"}]},{"@type":"WebSite","@id":"https:\/\/news.canadamotorjobs.com\/#website","url":"https:\/\/news.canadamotorjobs.com\/","name":"CanadaMotorJobs.com","description":"Automotive Jobs","publisher":{"@id":"https:\/\/news.canadamotorjobs.com\/#organization"},"potentialAction":[{"@type":"SearchAction","target":{"@type":"EntryPoint","urlTemplate":"https:\/\/news.canadamotorjobs.com\/?s={search_term_string}"},"query-input":"required name=search_term_string"}],"inLanguage":"fr-CA"},{"@type":"Organization","@id":"https:\/\/news.canadamotorjobs.com\/#organization","name":"Canada Motor Jobs","url":"https:\/\/news.canadamotorjobs.com\/","logo":{"@type":"ImageObject","inLanguage":"fr-CA","@id":"https:\/\/news.canadamotorjobs.com\/#\/schema\/logo\/image\/","url":"https:\/\/news.canadamotorjobs.com\/wp-content\/uploads\/2022\/10\/logo-canada-motor-jobs-1.png","contentUrl":"https:\/\/news.canadamotorjobs.com\/wp-content\/uploads\/2022\/10\/logo-canada-motor-jobs-1.png","width":800,"height":400,"caption":"Canada Motor Jobs"},"image":{"@id":"https:\/\/news.canadamotorjobs.com\/#\/schema\/logo\/image\/"},"sameAs":["https:\/\/www.facebook.com\/canadamotorjobs\/","https:\/\/x.com\/canadamotorjobs","https:\/\/www.instagram.com\/canadamotorjobs\/","https:\/\/www.linkedin.com\/company\/canadamotorjobs"]},{"@type":"Person","@id":"https:\/\/news.canadamotorjobs.com\/#\/schema\/person\/51793d1f87d44011d7bcc2ed99269a90","name":"Benoit Charette","image":{"@type":"ImageObject","inLanguage":"fr-CA","@id":"https:\/\/news.canadamotorjobs.com\/#\/schema\/person\/image\/","url":"https:\/\/secure.gravatar.com\/avatar\/45f3d2eebcccd909668d7ce7ea7267b6?s=96&d=mm&r=g","contentUrl":"https:\/\/secure.gravatar.com\/avatar\/45f3d2eebcccd909668d7ce7ea7267b6?s=96&d=mm&r=g","caption":"Benoit Charette"},"description":"Benoit Charette \/ Propri\u00e9taire et r\u00e9dacteur en chef Benoit Charette pratique le journalisme automobile depuis bient\u00f4t 30 ans. Il a fait ses classes au c\u00f4t\u00e9 de Daniel H\u00e9raud et au Carnet de route de 1992 \u00e0 2001. Il est fondateur, copropri\u00e9taire et r\u00e9dacteur en chef de L\u2019Annuel de l\u2019automobile, qu\u2019il publie depuis 2001. Il a anim\u00e9 les \u00e9missions RPM et RPM+ sur V et les L\u00e9gendes de la route sur Historia. \u00c0 la radio depuis 1986, il reprend l\u2019antenne cette ann\u00e9e sur les ondes de Cogeco et participe pour la deuxi\u00e8me ann\u00e9e \u00e0 l\u2019\u00e9mission Passion Auto sur RDS en plus de mettre en ligne le site Web officiel de L\u2019Annuel de l\u2019automobile sur annuelauto.ca.","sameAs":["https:\/\/annuelauto.ca\/"],"url":"https:\/\/news.canadamotorjobs.com\/fr\/author\/benoit-charette\/"}]}},"_links":{"self":[{"href":"https:\/\/news.canadamotorjobs.com\/fr\/wp-json\/wp\/v2\/posts\/140971"}],"collection":[{"href":"https:\/\/news.canadamotorjobs.com\/fr\/wp-json\/wp\/v2\/posts"}],"about":[{"href":"https:\/\/news.canadamotorjobs.com\/fr\/wp-json\/wp\/v2\/types\/post"}],"author":[{"embeddable":true,"href":"https:\/\/news.canadamotorjobs.com\/fr\/wp-json\/wp\/v2\/users\/8"}],"replies":[{"embeddable":true,"href":"https:\/\/news.canadamotorjobs.com\/fr\/wp-json\/wp\/v2\/comments?post=140971"}],"version-history":[{"count":2,"href":"https:\/\/news.canadamotorjobs.com\/fr\/wp-json\/wp\/v2\/posts\/140971\/revisions"}],"predecessor-version":[{"id":140975,"href":"https:\/\/news.canadamotorjobs.com\/fr\/wp-json\/wp\/v2\/posts\/140971\/revisions\/140975"}],"wp:featuredmedia":[{"embeddable":true,"href":"https:\/\/news.canadamotorjobs.com\/fr\/wp-json\/wp\/v2\/media\/140973"}],"wp:attachment":[{"href":"https:\/\/news.canadamotorjobs.com\/fr\/wp-json\/wp\/v2\/media?parent=140971"}],"wp:term":[{"taxonomy":"category","embeddable":true,"href":"https:\/\/news.canadamotorjobs.com\/fr\/wp-json\/wp\/v2\/categories?post=140971"},{"taxonomy":"post_tag","embeddable":true,"href":"https:\/\/news.canadamotorjobs.com\/fr\/wp-json\/wp\/v2\/tags?post=140971"}],"curies":[{"name":"wp","href":"https:\/\/api.w.org\/{rel}","templated":true}]}}